{"id":79865,"date":"2020-03-25T11:14:29","date_gmt":"2020-03-25T10:14:29","guid":{"rendered":"https:\/\/www.freiburg-schwarzwald.de\/blog\/?p=79865"},"modified":"2020-03-25T11:18:56","modified_gmt":"2020-03-25T10:18:56","slug":"don-giuseppe-berardelli-morto","status":"publish","type":"post","link":"https:\/\/www.freiburg-schwarzwald.de\/blog\/don-giuseppe-berardelli-morto\/","title":{"rendered":"Don Giuseppe Berardelli morto"},"content":{"rendered":"<p>&#8222;Don Giuseppe Berardelli morto sul campo, da prete, ha rinunciato al respiratore per donarlo a uno pi\u00f9 giovane&#8220; &#8211; <em>Pater Giuseppe Berardelli, gestorben im Dienst als Seelsorger, hat auf das Beatmungsger\u00e4t verzichtet zugunsten eines J\u00fcngeren.<\/em> In Casigno bei <a title=\"Italien\" href=\"https:\/\/www.freiburg-schwarzwald.de\/blog\/global\/italien\/\">Bergamo<\/a> hat sich der 72-j\u00e4hrige katholische Ortspfarrer Giuseppe im Seelsorgedienst mit dem <a title=\"Corona-Virus\" href=\"https:\/\/www.freiburg-schwarzwald.de\/blog\/business\/gesund\/corona-virus\/\">Coronavirus<\/a> infiziert. <!--more-->Die Gemeinde kaufte ihm ein Beatmungsger\u00e4t, das er ablehnte zugunsten eines j\u00fcngeren Patienten. Italien Italien. Lesen Sie den Bericht im Regioportal Araberara.it:<br \/>\n.<br \/>\n<strong>Don Giuseppe Berardelli morto sul campo, da prete, ha rinunciato al respiratore per donarlo a uno pi\u00f9 giovane<\/strong><br \/>\nSembra una frase fatta, \u201cmorto sul campo\u201d. Don Giuseppe era arciprete di Casnigo ormai da quasi quattordici anni e avrebbe concluso la sua missione a Casnigo. L\u2019ha conclusa prima, in un ospedale, a Lovere, colpito dal coronavirus. &#8230;<br \/>\nL\u2019Arciprete di Casnigo don Giuseppe Berardelli aveva 72 anni.<br \/>\n&#8230; Alles vom 23.3.2020 bite lesen auf<br \/>\n<a href=\"https:\/\/www.araberara.it\/don-giuseppe-berardelli-morto-sul-campo-da-prete-ha-rinunciato-al-respiratore-per-donarlo-a-uno-piu-giovane\/26523\/\">https:\/\/www.araberara.it\/don-giuseppe-berardelli-morto-sul-campo-da-prete-ha-rinunciato-al-respiratore-per-donarlo-a-uno-piu-giovane\/26523\/<\/a><br \/>\n.<br \/>\n<em>\u00dcbersetzung: Pater Giuseppe Berardelli, gestorben im Dienst als Seelsorger, hat auf das Beatmungsger\u00e4t verzichtet zugunsten eines j\u00fcngeren Patienten. <\/em><br \/>\n<em>Eine h\u00e4ufig gemachte Redensart, &#8222;gestorben im Dienst&#8220;. Pater Giuseppe war Ortspfarrer von Casnigo fast 40 Jahre und stand kurz vor dem Ende seiner Dienstzeit in Casnigo. Er hat sie vorzeitig beendet, in einem Hospital in Lovere, erschlagen vom Coronavirus &#8230;<\/em><br \/>\n.<br \/>\nDer bekannte katholische Geistliche James Martin l\u00f6ste mit dem folgenden Post in den USA einen Sturm der Begeisterung f\u00fcr den katholischen Priester aus:<br \/>\nJames Martin, SJ<br \/>\n@JamesMartinSJ<br \/>\nFr. Giuseppe Berardelli, a 72-year-old priest who gave a respirator<br \/>\n(that his parishioners had purchased for him),<br \/>\nto a younger patient (whom he did not know),<br \/>\nhas died from #coronavirus.<br \/>\n&#8222;Greater love has no person&#8230;&#8220; (Jn 15:13)<br \/>\n01:37 &#8211; 24. M\u00e4rz 2020<br \/>\n\u201eNiemand hat eine gr\u00f6\u00dfere Liebe denn der, der sein Leben gibt f\u00fcr seine Freunde\u201c zitiert der Jesuitenpater Martin das Johannesevangelium.<br \/>\n.<br \/>\nEs gab kein \u00f6ffentliches Begr\u00e4bnis, aber als der Sarg von Pater Giuseppe zum Friedhof des St\u00e4dchens gefahren wurde, applaudierten die Bewohner von Casnigo von ihren Fenstern und Balkonen aus.<br \/>\n25.3.2020<\/p>\n","protected":false},"excerpt":{"rendered":"<p>&#8222;Don Giuseppe Berardelli morto sul campo, da prete, ha rinunciato al respiratore per donarlo a uno pi\u00f9 giovane&#8220; &#8211; Pater Giuseppe Berardelli, gestorben im Dienst als Seelsorger, hat auf das Beatmungsger\u00e4t verzichtet zugunsten eines J\u00fcngeren. In Casigno bei Bergamo hat &hellip; <a href=\"https:\/\/www.freiburg-schwarzwald.de\/blog\/don-giuseppe-berardelli-morto\/\">Weiterlesen <span class=\"meta-nav\">&rarr;<\/span><\/a><\/p>\n","protected":false},"author":2,"featured_media":0,"comment_status":"open","ping_status":"closed","sticky":false,"template":"","format":"standard","meta":{"footnotes":""},"categories":[195,400,238,158,104,211,261,13,19],"tags":[730,700,489,577,47],"class_list":["post-79865","post","type-post","status-publish","format-standard","hentry","category-eu","category-freiwillig","category-friedhoefe","category-gesund","category-hilfe","category-italien","category-katholisch","category-kultur","category-religion","tag-caritas","tag-corona","tag-european-union","tag-hilfe-2","tag-klinik"],"_links":{"self":[{"href":"https:\/\/www.freiburg-schwarzwald.de\/blog\/wp-json\/wp\/v2\/posts\/79865","targetHints":{"allow":["GET"]}}],"collection":[{"href":"https:\/\/www.freiburg-schwarzwald.de\/blog\/wp-json\/wp\/v2\/posts"}],"about":[{"href":"https:\/\/www.freiburg-schwarzwald.de\/blog\/wp-json\/wp\/v2\/types\/post"}],"author":[{"embeddable":true,"href":"https:\/\/www.freiburg-schwarzwald.de\/blog\/wp-json\/wp\/v2\/users\/2"}],"replies":[{"embeddable":true,"href":"https:\/\/www.freiburg-schwarzwald.de\/blog\/wp-json\/wp\/v2\/comments?post=79865"}],"version-history":[{"count":0,"href":"https:\/\/www.freiburg-schwarzwald.de\/blog\/wp-json\/wp\/v2\/posts\/79865\/revisions"}],"wp:attachment":[{"href":"https:\/\/www.freiburg-schwarzwald.de\/blog\/wp-json\/wp\/v2\/media?parent=79865"}],"wp:term":[{"taxonomy":"category","embeddable":true,"href":"https:\/\/www.freiburg-schwarzwald.de\/blog\/wp-json\/wp\/v2\/categories?post=79865"},{"taxonomy":"post_tag","embeddable":true,"href":"https:\/\/www.freiburg-schwarzwald.de\/blog\/wp-json\/wp\/v2\/tags?post=79865"}],"curies":[{"name":"wp","href":"https:\/\/api.w.org\/{rel}","templated":true}]}}