{"id":79783,"date":"2020-03-21T19:00:28","date_gmt":"2020-03-21T18:00:28","guid":{"rendered":"https:\/\/www.freiburg-schwarzwald.de\/blog\/?p=79783"},"modified":"2020-03-21T19:01:28","modified_gmt":"2020-03-21T18:01:28","slug":"nach-corona-links-freiheit","status":"publish","type":"post","link":"https:\/\/www.freiburg-schwarzwald.de\/blog\/nach-corona-links-freiheit\/","title":{"rendered":"Nach Corona: Links? Freiheit?"},"content":{"rendered":"<p>Die strengen seuchenpolitischen Ma\u00dfnahmen der <a title=\"GroKo\" href=\"https:\/\/www.freiburg-schwarzwald.de\/blog\/engagement\/zukunft\/demokratie\/groko\/\">Bundesregierung<\/a> sind von jedem zu unterst\u00fctzen, um die Corona-Neuinfizierungen zu strecken bzw. die Kliniken zu entlasten. Aber wie jede Epidemie geht auch diese zu Ende. Und dann werden <a title=\"Wirtschaft\" href=\"https:\/\/www.freiburg-schwarzwald.de\/blog\/business\/wirtschaft\/\">Wirtschaft<\/a> wie <a title=\"Sozialstaat\" href=\"https:\/\/www.freiburg-schwarzwald.de\/blog\/selbsthilfe\/soziales\/sozialstaat\/\">Sozialstaat<\/a> am <a title=\"Rezession\" href=\"https:\/\/www.freiburg-schwarzwald.de\/blog\/business\/rezession\/\">Boden liegen<\/a>. Die Sorge, da\u00df die <a title=\"Freiheit\" href=\"https:\/\/www.freiburg-schwarzwald.de\/blog\/engagement\/zukunft\/demokratie\/freiheit\/\">Freiheiten<\/a>, die uns jetzt genommen werden, nach Beendigung der <a title=\"Corona-Virus\" href=\"https:\/\/www.freiburg-schwarzwald.de\/blog\/business\/gesund\/corona-virus\/\">Coronakrise<\/a> nicht wieder zur\u00fcckgegeben werden, ist berechtigt.<br \/>\n.<br \/>\n<!--more-->Zudem wird der Crash der M\u00e4rkte, den <a title=\"Rezession\" href=\"https:\/\/www.freiburg-schwarzwald.de\/blog\/business\/rezession\/\">Markus Krall<\/a> f\u00fcr 2021\/22 prognostiziert hat, durch Corona viel fr\u00fcher erfolgen. Ein Crash, an dem nicht die Coronakrise schuld ist, sondern die desastr\u00f6se Politik zu Energie, EU, Banken-Haftung, Umwelt, Migration, Forschung usw. unter Kanzlerin <a title=\"Merkel-Deutschland\" href=\"https:\/\/www.freiburg-schwarzwald.de\/blog\/global\/deutschland\/merkel-deutschland\/\">Angela Merkel<\/a>.<br \/>\nMarkus Krall warnt:<br \/>\n<em>&#8222;Man wird uns erz\u00e4hlen, Corona sei schuld an der Wirtschaftskrise, in die wir nun eintreten. Lassen Sie sich das nicht einreden! Wie gro\u00df der Anteil ist, dar\u00fcber wird von nun an zwar viel gestritten werden und zweifellos ist er veritabel. Aber Corona ist nur der erste Dominostein, der Ausl\u00f6ser, nicht Ursache der kommenden Depression. Die liegt, wie wir in unserem letzten Interview ausf\u00fchrlich analysiert haben und wie es in meinen fr\u00fcheren B\u00fcchern beschrieben ist, darin, da\u00df EZB, EU und Bundesregierung nichts getan haben, um \u00d6konomie und Finanzen nach den letzten Krisen auf gesunde marktwirtschaftliche F\u00fc\u00dfe zu stellen. Sondern durch eine ideologische Politik \u2013 skrupellos gegen\u00fcber den B\u00fcrgern, die am Ende bluten m\u00fcssen \u2013 deren Substanz sogar weiter ausgeh\u00f6hlt haben.&#8220;<\/em><br \/>\n.<br \/>\n<em><strong>Nach Beendigung der Coronakrise wird es in Deutschland zur der wohl grundlegendsten Weichenstellung seit 1949 kommen:<\/strong><\/em><br \/>\nEntweder weiter so alternativlos mit dem Merkel&#8217;schen &#8222;<a title=\"Wir-schaffen-das\" href=\"https:\/\/www.freiburg-schwarzwald.de\/blog\/global\/migration\/wir-schaffen-das\/\">Wir schaffen das<\/a>&#8220; in Richtung <a title=\"Sozialismus\" href=\"https:\/\/www.freiburg-schwarzwald.de\/blog\/engagement\/zukunft\/demokratie\/sozialismus\/\">Sozialismus<\/a>, also im Sinne von <a title=\"Gruen-Links\" href=\"https:\/\/www.freiburg-schwarzwald.de\/blog\/engagement\/zukunft\/demokratie\/gruen-links\/\">Rot-Gr\u00fcn<\/a> unter Duldung der nach links geschwenkten CDU.<br \/>\nOder aber, die dann vielleicht nicht mehr so wohlstands-bequemen Deutschen raffen sich auf zu einer <a title=\"Rezession\" href=\"https:\/\/www.freiburg-schwarzwald.de\/blog\/business\/rezession\/\">&#8222;B\u00fcrgerlichen Revolution&#8220;<\/a> auf &#8211; friedlich wie 1989, liberal zur Wiederbelebung unserer freiheitlich-demokratischen Grundordnung und in R\u00fcckbesinnung auf Familie, Eigentum, Individualit\u00e4t, Religion und Kultur.<br \/>\n.<br \/>\nDie Sorgen der B\u00fcrger unter dem Einfluss der Corona-Krise zeigen sich aktuell in einem fast sehns\u00fcchtigen Ruf nach einer Ausgangssperre &#8211; der Blick auf die Eintr\u00e4ge unter dem Hashtag #AusgangsSperreJetzt unterstreicht dies.<br \/>\nErstaunlich dabei die Sorge um den Erhalt von Liberalit\u00e4t und Freiheit &#8211; einem <a title=\"GEZ-Medien\" href=\"https:\/\/www.freiburg-schwarzwald.de\/blog\/kultur\/medien\/gez-medien\/\">Georg Restle<\/a> h\u00e4tte man dieses Posting kaum zugetraut:<br \/>\n<strong>@georgrestle<\/strong><br \/>\n<em>Geeignet? Erforderlich? Verh\u00e4ltnism\u00e4\u00dfig? Bei allem Verst\u00e4ndnis f\u00fcr staatliches Durchgreifen in der Krise: Es geht um unsere Grundrechte. Deshalb ist jeder (!) Eingriff rechtfertigungsbed\u00fcrftig. Das d\u00fcrfen wir nicht aus den Augen verlieren. #Corona #ausgangsperre<\/em><br \/>\nDer Bild-Zeitung auch nicht, wie der unten dokumentierte Kommentar &#8222;Debatte mu\u00df erlaubt sein&#8220; von Simon Sch\u00fctz zeigt. Mehr zur B\u00fcrgerlichen Revolution&#8220; <a title=\"Rezession\" href=\"https:\/\/www.freiburg-schwarzwald.de\/blog\/business\/rezession\/\">hier<\/a>.<br \/>\n21.3.2020<br \/>\n.<br \/>\n.<br \/>\n<strong>Debatte muss erlaubt sein!<\/strong><br \/>\nDie Welt steht Kopf. Corona hat auf dem gesamten Globus das Kommando \u00fcbernommen. Erst langsam, dann mit rasender Geschwindigkeit. W\u00e4hrend wir anfangs mit Schrecken und teilweise mit Verachtung auf die restriktiven Ma\u00dfnahmen in China geschaut haben, werden Forderungen nach einer Ausgangssperre in Deutschland lauter. W\u00e4hrend wir anfangs gesagt haben, dass diese Ma\u00dfnahmen in unseren Demokratien undenkbar seien, wird ihre Durchsetzung in Deutschland mittlerweile kaum hinterfragt.<br \/>\n.<br \/>\nEs ist beunruhigend, wie wir derzeit Rechte, die \u00fcber Jahrhunderte erk\u00e4mpft wurden, aussetzen, ohne dar\u00fcber zu debattieren.<br \/>\nNoch beunruhigender ist: Wer diese Diskussion anst\u00f6\u00dft, gilt schnell als unsolidarisch, teilweise gar als asozial.<br \/>\nFrankreichs Pr\u00e4sident Emmanuel Macron spricht in seiner Rede an die Nation innerhalb von zwanzig Minuten f\u00fcnf Mal von \u201eKrieg\u201c, um dann eine Ausgangssperre zu verh\u00e4ngen. Damit wollte Macron nicht nur ausdr\u00fccken, wie ernst die Lage ist, sondern auch, dass Kritik an seinen Ma\u00dfnahmen nicht geduldet wird. Kriegsrhetorik ist nicht zu \u00fcbertreffen. Ein Krieg setzt nahezu alle Regeln au\u00dfer Kraft. Im Krieg gelten Kritiker schnell als Deserteure. In Berlin werden Menschen inzwischen auf ihrem Heimweg abends von Polizisten angehalten, sie werden gefragt, wo sie herkommen und mit wie vielen Menschen sie sich getroffen haben. Ja, Corona-Partys sind unverantwortlich \u2013 aber legitimiert der Verdacht auf unverantwortliches Verhalten eine derartige Kontrolle? Nein! Dennoch bleibt die Welle der Kritik derzeit aus.<br \/>\nSelbst, dass unsere Telefondaten nun anonymisiert an das RKI \u00fcbermittelt werden, f\u00fchrte zu keinem Aufschrei. Und das in dem Land, in dem Datensicherheit gr\u00f6\u00dfer geschrieben wird als in jedem anderen.<br \/>\n.<br \/>\nUnsere Grundrechte werden in einem derartigen Tempo und so frei von kritischer Debatte ausgesetzt, dass man sich fragen muss, ob uns die Tragweite der Ma\u00dfnahmen \u00fcberhaupt bewusst ist. Aber nein, es geht bei der Infragestellung von Ausgangssperren nicht um schlichten Egoismus, sondern ebenfalls um die Sorge um unsere Gesellschaft.<br \/>\nAuch dann wird es von bestimmten Gruppen Rufe und Forderungen nach harten Ma\u00dfnahmen geben. M\u00f6gen die Ma\u00dfnahmen gegen das Corona-Virus gar v\u00f6llig richtig und angemessen sein, so muss uns klar werden, dass sie einen Pr\u00e4zedenzfall geschaffen haben. Wenn Grenzschlie\u00dfungen jetzt m\u00f6glich sind, warum f\u00fchrt man sie nicht auch bei der n\u00e4chsten Fl\u00fcchtlingskrise ein? Wenn die Wirtschaft angehalten werden kann, warum h\u00e4lt man sie nicht auch zur Bek\u00e4mpfung des Klimas an?<br \/>\n.<br \/>\nEs wird nach der Corona-Krise schwieriger, solchen Forderungen zu widersprechen.<br \/>\nJene, die gerade nicht m\u00fcde werden, noch restriktivere Ma\u00dfnahmen zu fordern, sollten auch daran denken, ob ihre Situation sich vielleicht von derer vieler anderer unterscheidet. Eine Ausgangssperre f\u00fchlt sich f\u00fcr einen Menschen, der in einer Mehrzimmerwohnung wohnt, anders an, als f\u00fcr eine Familie, die mit Kindern eingeengt in einer kleinen Wohnung ausharren muss.<br \/>\nBilder eines Arnold Schwarzeneggers, der im Jacuzzi seiner Villa sitzend erkl\u00e4rt, warum #stayinghome keine Schwierigkeit sei, grenzen an ignoranter Arroganz.<br \/>\n.<br \/>\nFest steht auch: Menschen, die bereits unter Angstst\u00f6rungen oder anderen psychischen Erkrankungen leiden, werden ohne Alltag und soziale Kontakte an ihre Grenzen gebracht. Und wie sich die Zahlen der h\u00e4uslichen Gewalt entwickeln, werden die n\u00e4chsten Tage zeigen. Auch das hinterl\u00e4sst langfristige Folgen.<br \/>\nUnd die vielen, die aktuell munter Fotos des Homeoffice posten und betonen, dass das alles nicht so schlimm sei, k\u00f6nnen sich gl\u00fccklich sch\u00e4tzen, dass ihr Job von zu Hause machbar ist. Der Bar-Besitzer, die Freiberuflichen, die Flugbegleiter oder die Kaufhaus-Mitarbeiter sind vielmehr damit besch\u00e4ftigt, nun Wege zu finden, \u00fcber die Runden zu kommen und die n\u00e4chsten Mieten zu bezahlen.<br \/>\nWir d\u00fcrfen nicht vergessen, dass die jetzigen Ma\u00dfnahmen viele Menschen an den Rand ihrer wirtschaftlichen Existenz f\u00fchren.<br \/>\nIn meinem Stammcaf\u00e9 gab es gestern \u00fcber den ganzen Tag 14 G\u00e4ste. Die Betreiberin sagte mir, sie habe keine R\u00fccklagen und k\u00f6nne einen wochen- oder gar monatelange Einnahme-Einbruch nicht \u00fcberstehen. Bei meinem Fris\u00f6r war ich neulich Nachmittag um 17 Uhr der vierte Kunde. Seit gestern hat er geschlossen \u2013 ohne zu wissen, wie er nun Steuern, Miete und Angestellte bezahlen soll.<br \/>\nEs steht au\u00dfer Frage, dass diese Bedrohung au\u00dfergew\u00f6hnliche, drastische Ma\u00dfnahmen erfordert. Es ist unsere gesellschaftliche Pflicht, jedes m\u00f6gliche Leben zu retten. Aber ebenso ist es unsere Verantwortung, unsere politische Skepsis nicht zu verlieren.<br \/>\nUnd an die Zeit NACH Corona zu denken.<br \/>\n&#8230; Alles vom 20.3.2020 von Simon Sch\u00fctz bitte lesen auf<br \/>\n<a href=\"https:\/\/www.bild.de\/politik\/inland\/politik-inland\/kommentar-zur-corona-krise-debatte-muss-erlaubt-sein-69510220.bild.html\">https:\/\/www.bild.de\/politik\/inland\/politik-inland\/kommentar-zur-corona-krise-debatte-muss-erlaubt-sein-69510220.bild.html<\/a><br \/>\n.<br \/>\nEinige Kommentare:<br \/>\n<strong>&#8230; uns dem\u00fctigen, w\u00e4hrend die Moslems Party machen d\u00fcrfen<\/strong><br \/>\nIch mache mir gro\u00dfe Sorgen um die Denkf\u00e4higkeit der Menschen, die gerade nach Ausgangssperren schreien. Nach wie vor kommen scharenweise Iraner ins Land, die ohne Fiebermessen und Quarant\u00e4ne die Flugh\u00e4fen verlassen d\u00fcrfen. Und warum kommen sie? Weil heute ein &#8222;hohes Kulturgut&#8220; der shiitischen Lehre gefeiert wird: das shiitische Neujahrsfest. Und das m\u00fcssen die Iraner &#8211; Iran ist eine der Corona-Hochburgen &#8211; unbedingt mit Verwandten in Deutschland feiern.<br \/>\nUnd auf der anderen Seite d\u00fcrfen die Bios in diesem Land nichts feiern, weder gl\u00fcckliche noch traurige Anl\u00e4sse.<br \/>\nWenn mir irgendjemand erkl\u00e4ren kann, was es bringt, uns zu dem\u00fctigen, w\u00e4hrend die Moslems nach wie vor big Party machen d\u00fcrfen &#8211; was selbst die konservativen Seiten wie pi oder jouwatch nicht zu st\u00f6ren scheint, w\u00e4hrend Studenten, die gemeinsam in der Sonne im Park sitzen zum Klassenfeind erkl\u00e4rt werden &#8211; wenn mir irgendjemand einen Sinn solcher Regelungen erkl\u00e4ren kann, dann w\u00fcrde ich vielleicht dahinterstehen.<br \/>\nAber so, wie die Sache von der Regierung gehandhabt wird, ist dieses ganze Getue um Gesundheitsschutz nur ein Vorwand f\u00fcr die endg\u00fcltige Entrechtung der Deutschen, sonst nichts.<br \/>\n20.2.2020, Das, PPO<br \/>\n.<br \/>\n<strong>Der Artikel ist Gold wert, hoffentlich wird er viel gelesen.<\/strong><br \/>\nWas gerade passiert, hat Alessandro Manzoni in seinem Roman &#8222;Die Verlobten&#8220; so ausgedr\u00fcckt: &#8222;Die Vernunft war vorhanden, aber sie hielt sich verborgen, aus Angst vor der \u00f6ffentlichen Meinung.&#8220; Manzoni beschreibt den Pestausbruch im Mailand des 17. Jahrhunderts. Gegen die Mortalit\u00e4tsraten der Pest ist Corona nur ein verklemmter Furz. Aber Menschen reagieren in Panik wohl immer gleich: sie schalten die Vernunft aus und suchen nach jemanden, der f\u00fcr sie denkt: &#8222;die \u00f6ffentliche Meinung&#8220;, damit haben auch wir heute zu k\u00e4mpfen. Die Politik ist l\u00e4ngst dabei, das Virus in Dienst f\u00fcr ihre Gesellschaftsklempnerei zu nehmen. Die Linke schl\u00e4ft nicht. Der Schei nach Verstaatlichungen ist l\u00e4ngst ert\u00f6nt. Wir m\u00fcssen wachsam sein.<br \/>\n20.2.2020, E.K.<br \/>\n.<br \/>\n<strong>Mir stellen sich zwei Fragen:<\/strong><br \/>\n1. Warum wurden nur wenige Tage bevor das Ausma\u00df der Epidemie \u00f6ffentlich gemacht wurde, ein gro\u00dfer Teil der Vorr\u00e4te an Schutzmasken, -kleidung und Desinfektionsmittel nach China gesandt. In Italien waren zu diesem Zeitpunkt bereits Ausgangssperren in Kraft. Niemand konnte ernsthaft davon ausgehen, dass das Virus einen Bogen um Deutschland macht.<br \/>\n2. Warum wurden zumindest bis Mittwoch, zu diesem Zeitpunkt waren bereits Restriktionen in Kraft bzw. angek\u00fcndigt, noch Einreisen aus Hochrisiko-Gebieten gestattet ohne Quarant\u00e4ne und Test?<br \/>\nDas war ganz offensichtlich keine Fehler sondern volle Absicht. Denn w\u00e4re es ein Fehler gewesen, w\u00fcrde gegen die daf\u00fcr Verantwortlichen strafrechtlich ermittelt und die politisch Verantwortlichen, d.h. Merkel, Maas und Co. w\u00e4ren zur\u00fcckgetreten.<br \/>\nSicher ist, dass die Bundesregierung und vermutlich die Abgeordneten der Altparteien ein evidentes Interesse an Corona haben. Die eigentliche Frage ist, ist Corona so gef\u00e4hrlich wie die Bundesregierung behauptet oder relativ harmlos, wie Dr. Wolfgang Wodarg meint. Die Art und Weise wie er diffamiert wird l\u00e4sst eher auf letzteres schlie\u00dfen.<br \/>\nWie immer es schlie\u00dft sich ein abschlie\u00dfende Frage an. Wenn Corona so gef\u00e4hrlich ist, wie die Bundesregierung behauptet, welches Interesse hat die Bundesregierung an einem m\u00f6glichst hohen Grad der Durchseuchung der Bev\u00f6lkerung? Wenn es aber relativ harmlos ist, wie Dr. Wodarg meint, welches Interesse hat die Bundesregierung daran ein Panik zu verursachen und die Wirtschaft zu ruinieren?<br \/>\n20.2.2020, OSH, PPO<br \/>\n.<br \/>\n<strong>Die Durchseuchung wird mit oder ohne der Ma\u00dfnahmen stattfinden,<\/strong><br \/>\nwenn das Virus so virulent ist wie immer erz\u00e4hlt wird. Heute 13957 Erkrankte (alle tats\u00e4chlich getestet?), das ist ein Plus zum Vortag von 2958. Todesf\u00e4lle 31. Das sind bisher 0,222111%. Einige Tage geht es nun schon und von einem hochvirulenten Erreger, welcher auf v\u00f6llig naive (keinerlei Immunit\u00e4t habende) Wirte trifft, h\u00e4tte ich mehr erwartet. Ich habe schon Infektionskrankheiten, zum Gl\u00fcck meist bakteriell bedingt, bei Nutztieren gesehen, die haben in einer naiven Herde innerhalb von ca. 2 Wochen 2,5 % der Herde dahingerafft. Vor einigen Wochen hat, vermutlich Rotlauf, in einer Herde 3% der Herde in 2 Tagen erledigt. Die Letalit\u00e4t (Tote von den Erkrankten) ist aber immer erheblich h\u00f6her als die Mortalit\u00e4t (Tote auf die Grundgesamtheit bezogen).<br \/>\nWenn Durchseuchungsgrad hoch ist ,haben wir auch viele immune Menschen. Somit wird sich die Seuche tot laufen. Sollte das Virus allerdings so virulent sein, wie uns erz\u00e4hlt wird, verhindern diese Ma\u00dfnahmen nur eine zu rasante Ausbreitung, die dann zum Kollaps des Gesundheitswesen f\u00fchren w\u00fcrde.<br \/>\nIst es so virulent, hat es eine hohe Kontagiosit\u00e4t und Infektiosit\u00e4t, m\u00fcssen wir mit einer hohen Letalit\u00e4t rechnen. Da aber auch immer wieder betont wird, dass in &gt; 80% die Erkrankung mild verl\u00e4uft und einige keine Symptome entwickeln, denke ich nicht, dass es so wahnsinnig schlimm wird.<br \/>\nDie Panikmache hat einen Sinn. Wie Sie schrieben: Wirtschaft kaputt machen. Der B\u00f6rsen-, Banken- und Wirtschafts-Crash ist schon lange vorausgesagt. So kann man auch noch einen Schuldigen vorweisen. Die jetzige &#8222;Coronakrise&#8220; ist nur ein zarter Windhauch, verglichen mit dem was noch auf uns zukommen wird!<br \/>\n20.3.2020, Rau, PPO<br \/>\n.<br \/>\n.<br \/>\n<strong>Markus Krall: Aufruf zu einer b\u00fcrgerlichen Revolution<\/strong><br \/>\nMarkus Krall z\u00e4hlt zu den erfahrensten Lotsen in den Untiefen der Verschuldungs- und Nullzins-Politik. Mit zahlreichen Publikationen, darunter etlichen Bestsellern wie \u201eWenn schwarze Schw\u00e4ne Junge kriegen\u201c oder \u201eDer Draghi-Crash\u201c hat er vor den existentiellen Risiken f\u00fcr Volkswirtschaften und B\u00fcrger gewarnt. Mit seinem neuen Buch <a title=\"Rezession\" href=\"https:\/\/www.freiburg-schwarzwald.de\/blog\/business\/rezession\/\">&#8222;Die B\u00fcrgerliche Revolution&#8220;<\/a> liefert er neben einer fundierten Analyse unserer politischen und wirtschaftlichen Situation konkrete Vorschl\u00e4ge, wie wir die unausweichliche Gro\u00dfkrise bew\u00e4ltigen k\u00f6nnen, die durch die Corona-Pandemie weiter an Fahrt aufgenommen hat.<br \/>\nEr spricht f\u00fcr jene 18 Mio. Bundesb\u00fcrger, die t\u00e4glich das Geld daf\u00fcr erwirtschaften, dass \u201eder Laden l\u00e4uft\u201c. Er fordert diese wahren Leistungstr\u00e4ger dazu auf, aufzuwachen und die aktuelle Krise als Chance f\u00fcr eine b\u00fcrgerliche Revolution zu nutzen.<br \/>\nAls Voraussetzung sind die besch\u00e4digten f\u00fcnf Werte-S\u00e4ulen einer freien Gesellschaft wieder in Stand zu setzen: Familie, Eigentum, Individualit\u00e4t, Religion und Kultur. Darauf sollte sich eine Verfassungsdebatte gr\u00fcnden \u2013 zur St\u00e4rkung unserer freiheitlich-demokratischen Grundordnung.<br \/>\n15.3.2020<br \/>\n.<br \/>\n<em>Markus Krall, Die B\u00fcrgerliche Revolution. <\/em><br \/>\n<em>Wie wir unsere Freiheit und unseren Wohlstand erhalten. <\/em><br \/>\n<em>LangenM\u00fcller, 300 Seiten, 22,00 \u20ac.<\/em><\/p>\n","protected":false},"excerpt":{"rendered":"<p>Die strengen seuchenpolitischen Ma\u00dfnahmen der Bundesregierung sind von jedem zu unterst\u00fctzen, um die Corona-Neuinfizierungen zu strecken bzw. die Kliniken zu entlasten. Aber wie jede Epidemie geht auch diese zu Ende. Und dann werden Wirtschaft wie Sozialstaat am Boden liegen. Die &hellip; <a href=\"https:\/\/www.freiburg-schwarzwald.de\/blog\/nach-corona-links-freiheit\/\">Weiterlesen <span class=\"meta-nav\">&rarr;<\/span><\/a><\/p>\n","protected":false},"author":2,"featured_media":0,"comment_status":"open","ping_status":"closed","sticky":false,"template":"","format":"standard","meta":{"footnotes":""},"categories":[18,355,4,24,80,171,172],"tags":[740,633,341,644,348,653,525],"class_list":["post-79783","post","type-post","status-publish","format-standard","hentry","category-bildung","category-buergerinitiativen","category-branchen","category-industrie","category-medien","category-verbraucher","category-zukunft","tag-arzt","tag-demokratie","tag-export","tag-krankheit","tag-medizin","tag-oeko","tag-politik"],"_links":{"self":[{"href":"https:\/\/www.freiburg-schwarzwald.de\/blog\/wp-json\/wp\/v2\/posts\/79783","targetHints":{"allow":["GET"]}}],"collection":[{"href":"https:\/\/www.freiburg-schwarzwald.de\/blog\/wp-json\/wp\/v2\/posts"}],"about":[{"href":"https:\/\/www.freiburg-schwarzwald.de\/blog\/wp-json\/wp\/v2\/types\/post"}],"author":[{"embeddable":true,"href":"https:\/\/www.freiburg-schwarzwald.de\/blog\/wp-json\/wp\/v2\/users\/2"}],"replies":[{"embeddable":true,"href":"https:\/\/www.freiburg-schwarzwald.de\/blog\/wp-json\/wp\/v2\/comments?post=79783"}],"version-history":[{"count":0,"href":"https:\/\/www.freiburg-schwarzwald.de\/blog\/wp-json\/wp\/v2\/posts\/79783\/revisions"}],"wp:attachment":[{"href":"https:\/\/www.freiburg-schwarzwald.de\/blog\/wp-json\/wp\/v2\/media?parent=79783"}],"wp:term":[{"taxonomy":"category","embeddable":true,"href":"https:\/\/www.freiburg-schwarzwald.de\/blog\/wp-json\/wp\/v2\/categories?post=79783"},{"taxonomy":"post_tag","embeddable":true,"href":"https:\/\/www.freiburg-schwarzwald.de\/blog\/wp-json\/wp\/v2\/tags?post=79783"}],"curies":[{"name":"wp","href":"https:\/\/api.w.org\/{rel}","templated":true}]}}