{"id":7974,"date":"2012-07-20T08:50:50","date_gmt":"2012-07-20T06:50:50","guid":{"rendered":"https:\/\/www.freiburg-schwarzwald.de\/blog\/?p=7974"},"modified":"2012-07-30T21:48:19","modified_gmt":"2012-07-30T19:48:19","slug":"high-heels-stoeckeln-lernen-an-der-volkshochschule-vhs","status":"publish","type":"post","link":"https:\/\/www.freiburg-schwarzwald.de\/blog\/high-heels-stoeckeln-lernen-an-der-volkshochschule-vhs\/","title":{"rendered":"High Heels &#8211; Stoeckeln lernen an der Volkshochschule VHS"},"content":{"rendered":"<p>Der Artikel &#8222;Laufen lernen in der <a title=\"VHS\" href=\"https:\/\/www.freiburg-schwarzwald.de\/blog\/bildung\/vhs\/\">Volkshochschule<\/a>&#8220; hat mich sehr erz\u00fcrnt! Dass Frauen diese absurde Mode mitmachen, ist l\u00e4cherlich genug. Dass &#8222;Trainerin&#8220; Cristelli eine High-Heels-Sammlung von zwei Schuhschr\u00e4nken besitzt, ist eine Ohrfeige f\u00fcr Frauen, die nur <a title=\"Armut\" href=\"https:\/\/www.freiburg-schwarzwald.de\/blog\/selbsthilfe\/soziales\/armut\/\">mit M\u00fche<\/a>\u00a0ihren Kindern die notwendigen Schuhe kaufen k\u00f6nnen. Doch wie kann sich eine Institution, die sich als kommunale Weiterbildungseinrichtung definiert und aus Zusch\u00fcssen des Landes, der Gemeinde(n), des Landkreises et cetera mitfinanziert wird, auf so ein &#8222;Weiterbildungs&#8220;-Angebot versteigen? <!--more-->Wie w\u00e4re es denn mit dem Kurs &#8222;Chinesische Tradition des F\u00fc\u00dfe-Wickelns bei M\u00e4dchen&#8220; als interkulturellem Beitrag? Die Konsequenz in der Verteilung \u00f6ffentlicher Mittel sind die im weiteren Leben der Teilnehmerinnen notwendigen Fu\u00dfoperationen, etwa die Hallux-Valgus-Operation bei den &#8222;Brust raus, Bauch rein, Po raus&#8220;-Mitb\u00fcrgerinnen.<br \/>\nProf. Dr. med. Carla Rosendahl, Freiburg, 20.7.2012<\/p>\n<p>&#8222;Laufen lernen bei der Volkshochschule&#8220;,\u00a09. Juli:<br \/>\n<a href=\"https:\/\/www.badische-zeitung.de\/suedwest-1\/highheels-laufen-lernen-in-der-volkshochschule--61407120.html\">https:\/\/www.badische-zeitung.de\/suedwest-1\/highheels-laufen-lernen-in-der-volkshochschule&#8211;61407120.html<\/a>\u00a0<\/p>\n<p><strong><span style=\"color: #000000;\"><div id='gallery-1' class='gallery galleryid-7974 gallery-columns-3 gallery-size-thumbnail'><dl class='gallery-item'>\n\t\t\t<dt class='gallery-icon portrait'>\n\t\t\t\t<a href='https:\/\/www.freiburg-schwarzwald.de\/blog\/high-heels-stoeckeln-lernen-an-der-volkshochschule-vhs\/high-heels1-120706\/'><img loading=\"lazy\" decoding=\"async\" width=\"87\" height=\"180\" src=\"https:\/\/www.freiburg-schwarzwald.de\/blog\/wp-content\/uploads\/2012\/07\/high-heels1-120706-87x180.jpg\" class=\"attachment-thumbnail size-thumbnail\" alt=\"\" aria-describedby=\"gallery-1-7979\" srcset=\"https:\/\/www.freiburg-schwarzwald.de\/blog\/wp-content\/uploads\/2012\/07\/high-heels1-120706-87x180.jpg 87w, https:\/\/www.freiburg-schwarzwald.de\/blog\/wp-content\/uploads\/2012\/07\/high-heels1-120706-309x640.jpg 309w, https:\/\/www.freiburg-schwarzwald.de\/blog\/wp-content\/uploads\/2012\/07\/high-heels1-120706.jpg 315w\" sizes=\"auto, (max-width: 87px) 100vw, 87px\" \/><\/a>\n\t\t\t<\/dt>\n\t\t\t\t<dd class='wp-caption-text gallery-caption' id='gallery-1-7979'>\n\t\t\t\tHighheels am Freiburger Muensterplatz 6.7.2012\n\t\t\t\t<\/dd><\/dl><dl class='gallery-item'>\n\t\t\t<dt class='gallery-icon portrait'>\n\t\t\t\t<a href='https:\/\/www.freiburg-schwarzwald.de\/blog\/high-heels-stoeckeln-lernen-an-der-volkshochschule-vhs\/high-heels2-120706\/'><img loading=\"lazy\" decoding=\"async\" width=\"135\" height=\"180\" src=\"https:\/\/www.freiburg-schwarzwald.de\/blog\/wp-content\/uploads\/2012\/07\/high-heels2-120706-135x180.jpg\" class=\"attachment-thumbnail size-thumbnail\" alt=\"\" aria-describedby=\"gallery-1-7980\" srcset=\"https:\/\/www.freiburg-schwarzwald.de\/blog\/wp-content\/uploads\/2012\/07\/high-heels2-120706-135x180.jpg 135w, https:\/\/www.freiburg-schwarzwald.de\/blog\/wp-content\/uploads\/2012\/07\/high-heels2-120706.jpg 480w\" sizes=\"auto, (max-width: 135px) 100vw, 135px\" \/><\/a>\n\t\t\t<\/dt>\n\t\t\t\t<dd class='wp-caption-text gallery-caption' id='gallery-1-7980'>\n\t\t\t\tHighheels am Freiburger Muensterplatz 6.7.2012 &#8211; auf dem Kopfsteinpflaster eine wahre Kunst\n\t\t\t\t<\/dd><\/dl><dl class='gallery-item'>\n\t\t\t<dt class='gallery-icon landscape'>\n\t\t\t\t<a href='https:\/\/www.freiburg-schwarzwald.de\/blog\/high-heels-stoeckeln-lernen-an-der-volkshochschule-vhs\/high-heels120717\/'><img loading=\"lazy\" decoding=\"async\" width=\"180\" height=\"135\" src=\"https:\/\/www.freiburg-schwarzwald.de\/blog\/wp-content\/uploads\/2012\/07\/high-heels120717-180x135.jpg\" class=\"attachment-thumbnail size-thumbnail\" alt=\"\" aria-describedby=\"gallery-1-8043\" srcset=\"https:\/\/www.freiburg-schwarzwald.de\/blog\/wp-content\/uploads\/2012\/07\/high-heels120717-180x135.jpg 180w, https:\/\/www.freiburg-schwarzwald.de\/blog\/wp-content\/uploads\/2012\/07\/high-heels120717.jpg 640w\" sizes=\"auto, (max-width: 180px) 100vw, 180px\" \/><\/a>\n\t\t\t<\/dt>\n\t\t\t\t<dd class='wp-caption-text gallery-caption' id='gallery-1-8043'>\n\t\t\t\tHigh Heels am Rathausplatz Freiburg 17.7.2012\n\t\t\t\t<\/dd><\/dl><br style=\"clear: both\" \/>\n\t\t<\/div>\n<\/p>\n<p><\/span><\/strong><\/p>\n<p>&nbsp;<\/p>\n<p>&nbsp;<\/p>\n<p>&nbsp;<\/p>\n<p><strong>St\u00f6ckeln lernen geh\u00f6rt nicht zu den Aufgaben der VHS<br \/>\n<\/strong>Wenn Volkshochschulen ein Kursangebot wie &#8222;Laufen lernen mit High Heels&#8220; anbieten, ger\u00e4t der Bildungsauftrag und die staatliche F\u00f6rderung der Weiterbildung zurecht in die Kritik. Die oft vorurteilsgepr\u00e4gte Beurteilung von VHS-Bildungsangeboten wird best\u00e4rkt, die Klischees werden bedient. Der eigentliche und f\u00fcr die VHS Freiburg im Fokus stehende Auftrag der Vermittlung von Bildung zur F\u00f6rderung gesellschaftlicher Teilhabe \u2013 Alphabetisierung, Nachholen von Schulabschl\u00fcssen, sprachliche und berufliche Integration \u2013 als bildungspolitisch zentrale Aufgabe ger\u00e4t ins Abseits. Auch Angebote im Gesundheitsbereich tragen zur gezielten und professionellen Gesundheitsf\u00f6rderung einer breiten Bev\u00f6lkerung bei. St\u00f6ckeln lernen geh\u00f6rt f\u00fcr die VHS Freiburg nicht dazu! Jede und jeder kann selbst bestimmen, welches Schuhwerk sie\/er tr\u00e4gt, und hat die Eigenverantwortung daf\u00fcr, wie sie\/er die Balance halten kann. Aber das ist weder der Pers\u00f6nlichkeitsentwicklung f\u00f6rderlich noch von gesellschaftspolitischem Belang \u2013 und somit auch nicht Sache einer \u00f6ffentlichen Bildungseinrichtung. Kurse zum Thema &#8222;Laufen lernen mit High Heels&#8220; bringen die Notwendigkeit der Debatte zwischen \u00f6ffentlicher und privater Verantwortung in der Weiterbildungsf\u00f6rderung auf den Punkt.\u00a0<br \/>\nEva von Rekowski, <a title=\"VHS\" href=\"https:\/\/www.freiburg-schwarzwald.de\/blog\/bildung\/vhs\/\">VHS Freiburg<\/a>, 28.7.2012<\/p>\n<p>&nbsp;<\/p>\n","protected":false},"excerpt":{"rendered":"<p>Der Artikel &#8222;Laufen lernen in der Volkshochschule&#8220; hat mich sehr erz\u00fcrnt! Dass Frauen diese absurde Mode mitmachen, ist l\u00e4cherlich genug. Dass &#8222;Trainerin&#8220; Cristelli eine High-Heels-Sammlung von zwei Schuhschr\u00e4nken besitzt, ist eine Ohrfeige f\u00fcr Frauen, die nur mit M\u00fche\u00a0ihren Kindern die &hellip; <a href=\"https:\/\/www.freiburg-schwarzwald.de\/blog\/high-heels-stoeckeln-lernen-an-der-volkshochschule-vhs\/\">Weiterlesen <span class=\"meta-nav\">&rarr;<\/span><\/a><\/p>\n","protected":false},"author":4,"featured_media":0,"comment_status":"closed","ping_status":"closed","sticky":false,"template":"","format":"standard","meta":{"footnotes":""},"categories":[18,59,158],"tags":[340],"class_list":["post-7974","post","type-post","status-publish","format-standard","hentry","category-bildung","category-frauen","category-gesund","tag-laufen"],"_links":{"self":[{"href":"https:\/\/www.freiburg-schwarzwald.de\/blog\/wp-json\/wp\/v2\/posts\/7974","targetHints":{"allow":["GET"]}}],"collection":[{"href":"https:\/\/www.freiburg-schwarzwald.de\/blog\/wp-json\/wp\/v2\/posts"}],"about":[{"href":"https:\/\/www.freiburg-schwarzwald.de\/blog\/wp-json\/wp\/v2\/types\/post"}],"author":[{"embeddable":true,"href":"https:\/\/www.freiburg-schwarzwald.de\/blog\/wp-json\/wp\/v2\/users\/4"}],"replies":[{"embeddable":true,"href":"https:\/\/www.freiburg-schwarzwald.de\/blog\/wp-json\/wp\/v2\/comments?post=7974"}],"version-history":[{"count":0,"href":"https:\/\/www.freiburg-schwarzwald.de\/blog\/wp-json\/wp\/v2\/posts\/7974\/revisions"}],"wp:attachment":[{"href":"https:\/\/www.freiburg-schwarzwald.de\/blog\/wp-json\/wp\/v2\/media?parent=7974"}],"wp:term":[{"taxonomy":"category","embeddable":true,"href":"https:\/\/www.freiburg-schwarzwald.de\/blog\/wp-json\/wp\/v2\/categories?post=7974"},{"taxonomy":"post_tag","embeddable":true,"href":"https:\/\/www.freiburg-schwarzwald.de\/blog\/wp-json\/wp\/v2\/tags?post=7974"}],"curies":[{"name":"wp","href":"https:\/\/api.w.org\/{rel}","templated":true}]}}