{"id":79666,"date":"2020-03-12T21:57:08","date_gmt":"2020-03-12T20:57:08","guid":{"rendered":"https:\/\/www.freiburg-schwarzwald.de\/blog\/?p=79666"},"modified":"2020-03-21T19:13:45","modified_gmt":"2020-03-21T18:13:45","slug":"xavier-naidoo-ihr-seid-verloren","status":"publish","type":"post","link":"https:\/\/www.freiburg-schwarzwald.de\/blog\/xavier-naidoo-ihr-seid-verloren\/","title":{"rendered":"Xavier Naidoo: Ihr seid verloren"},"content":{"rendered":"<p>Xavier Naidoo ist anscheinend der Kragen geplatzt. In einem Kurzvideo wendet er sich mit einen Text aus dem Jahr 2018 an die <a title=\"Deutschland2020\" href=\"https:\/\/www.freiburg-schwarzwald.de\/blog\/global\/deutschland\/deutschland2020\/\">Deutschen<\/a>: \u201eIhr seid verloren!\u201c. Darin beklagt er, dass G\u00e4ste durch ihre Gewaltt\u00e4tigkeiten das Gastrecht mi\u00dfbrauchen und die Gastgeber dies &#8211; der <a title=\"Political-Correctness\" href=\"https:\/\/www.freiburg-schwarzwald.de\/blog\/kultur\/medien\/political-correctness\/\">Political Correctness<\/a> gem\u00e4\u00df &#8211; geduldig hinnehmen. In den sozialen Medien erf\u00e4hrt Naidoo daf\u00fcr viel <a title=\"Kritik\" href=\"https:\/\/www.freiburg-schwarzwald.de\/blog\/kultur\/medien\/kritik\/\">Kritik<\/a>, aber auch viel Zustimmung &#8211; die <a title=\"Die Spaltung der Gesellschaft\" href=\"https:\/\/www.freiburg-schwarzwald.de\/blog\/die-spaltung-der-gesellschaft\/\">Gesellschaft<\/a> ist <a title=\"Spaltung\" href=\"https:\/\/www.freiburg-schwarzwald.de\/blog\/global\/deutschland\/spaltung\/\">gespalten<\/a>.<br \/>\n.<!--more--><\/p>\n<p><a href=\"https:\/\/twitter.com\/i\/status\/1237526994461405184\">https:\/\/twitter.com\/i\/status\/1237526994461405184<\/a><\/p>\n<p>Um mit Naidoo zu singen: &#8222;Dieser Weg wird kein leichter sein&#8220; <a href=\"https:\/\/youtu.be\/q0ziTE4VLT0\">https:\/\/youtu.be\/q0ziTE4VLT0<\/a><br \/>\nDieser Weg zum Erhalt\u00a0von\u00a0<a title=\"Diskussionskultur\" href=\"https:\/\/www.freiburg-schwarzwald.de\/blog\/kultur\/medien\/diskussionskultur\/\">Diskussionskultur<\/a>, <a title=\"Medienvielfalt\" href=\"https:\/\/www.freiburg-schwarzwald.de\/blog\/kultur\/medien\/medienvielfalt\/\">Medienvielfalt<\/a> und <a title=\"Meinungsfreiheit\" href=\"https:\/\/www.freiburg-schwarzwald.de\/blog\/kultur\/medien\/meinungsfreiheit\/\">Meinungsfreiheit<\/a> wird kein leichter sein. Aber man mu\u00df ihn gehen.<br \/>\nDie Integrationsbeauftragte Annette Widmann-Mauz (CDU) hat das Video von S\u00e4nger Xavier Naidoo als &#8222;brandgef\u00e4hrlich&#8220; kritisiert. Wohl zu Recht. Aber entsteht diese Gef\u00e4hrlichkeit nicht erst dadurch, da\u00df man auf die von Naidoo angesprochenen Probleme \u00fcberhaupt nicht eingeht?<br \/>\nF\u00fcr Naidoo hat ein &#8222;sehr kleiner Teil&#8220; junger Migranten diese Probleme\u00a0mit Gewalt &#8211; er verallgemeinert also nicht. Ist f\u00fcr diese das Abgleiten in die Kriminalit\u00e4t nicht ein Zeichen f\u00fcr gescheiterte Integration? Hier ist statt einem Ignorieren doch ein Nachfragen angezeigt: Sozialisation der jungen M\u00e4nner in muslimisch gepr\u00e4gtem kulturellem Umfeld? Bildung? Familie? Partnersuche? Geeignete Integrationsma\u00dfnahmen?<br \/>\nXavier Naidoo ist ein Musiker mit indischen, s\u00fcdafrikanischen, irischen und deutschen Wurzeln. Sind es nicht gerade <a title=\"Migrationshintergrund\" href=\"https:\/\/www.freiburg-schwarzwald.de\/blog\/global\/migration\/migrationshintergrund\/\">Deutsche mit Migrationshintergrund<\/a> wie er und z.B. <a title=\"Kelek\" href=\"https:\/\/www.freiburg-schwarzwald.de\/blog\/religion\/islam\/kelek\/\">Necla Kelec<\/a>, <a title=\"Mansour\" href=\"https:\/\/www.freiburg-schwarzwald.de\/blog\/religion\/islam\/mansour\/\">Ahmad Mansour<\/a>, <a title=\"Ates\" href=\"https:\/\/www.freiburg-schwarzwald.de\/blog\/religion\/islam\/ates\/\">Seyran Ates<\/a>, <a title=\"Tibi\" href=\"https:\/\/www.freiburg-schwarzwald.de\/blog\/global\/deutschland\/tibi\/\">Bassam Tibi<\/a> oder <a title=\"Abdel-Samad\" href=\"https:\/\/www.freiburg-schwarzwald.de\/blog\/religion\/islam\/abdel-samad\/\">Hamed Abdel-Samad<\/a>, die durch ihr mutiges Anmahnen von Migrationsproblemen und ihre aufrichtige Kritik dazu beitragen, da\u00df Integration hierzulande gelingen k\u00f6nnte? Sollten wir nicht diesen Migrationshintergrund&#8217;lern dankbar sein f\u00fcr ihre Offenheit und ihren Mut? Warum begreift man das Video von Naidoo nicht als Aufforderung zu ehrlicher <a title=\"Diskussionskultur\" href=\"https:\/\/www.freiburg-schwarzwald.de\/blog\/kultur\/medien\/diskussionskultur\/\">Diskussion<\/a>?<br \/>\n12.3.2020<\/p>\n<p><strong>Statement von Xavier Naidoo<\/strong><br \/>\nXavier Naidoo hat Vorw\u00fcrfe wegen eines in den Sozialen Medien zirkulierenden Kurz-Videos mit einem Text aus dem Jahre 2018 zur\u00fcckgewiesen. Rassenhass und Fremdenfeindlichkeit sind ihm v\u00f6llig fremd, auch wenn er sich zuweilen emotional k\u00fcnstlerisch \u00e4u\u00dfert. In einer pers\u00f6nlichen Erkl\u00e4rung wendet sich Naidoo gegen absolut falsche Interpretationen seiner Aussagen und bekr\u00e4ftigt, dass Menschen, die vor Kriegen fl\u00fcchten, unserer Hilfe und uneingeschr\u00e4nkter Solidarit\u00e4t bed\u00fcrfen. In einer pers\u00f6nlichen Erkl\u00e4rung wendet sich Naidoo gegen die von Links \u00fcblichen Vorw\u00fcrfe von Rassismus bis hin zu Nazi:<br \/>\n.<br \/>\n<em>\u201eStatement 11.3.2020:<\/em><br \/>\n<em> Ich setze mich seit Jahren aus tiefster \u00dcberzeugung gegen Ausgrenzung und Rassenhass ein. Liebe und Respekt sind der einzige Weg f\u00fcr ein gesellschaftliches Miteinander. Das bedeutet f\u00fcr mich aber auch, dass alle in der Verantwortung sind, wachsam gegen\u00fcber Angriffen auf ein friedliches Miteinander aller Menschen zu sein, egal aus welcher politischen Richtung und ungeachtet der Herkunft.<br \/>\nUnsere Demokratie muss wehrhaft sein, um auch weiterhin ein Leben in Frieden und Eintracht f\u00fchren zu k\u00f6nnen. Ich gehe nicht zuletzt als Christ fest davon aus, dass der weit \u00fcberwiegende Anteil der Menschheit dies auch will. Tragische Gewalttaten wie etwa in Chemnitz, Halle, Hanau und andernorts gilt es zu verhindern; es kann auch nicht sein, dass etwa j\u00fcdische Schulkinder verst\u00e4rkt Angst vor antisemitischen \u00dcbergriffen haben m\u00fcssen.<br \/>\nAuch meine Familie kam als Gast nach Deutschland und hat sich nat\u00fcrlich an Recht und Moralvorstellungen des Gastgebers gehalten.<br \/>\nDiese Selbstverst\u00e4ndlichkeit sollte f\u00fcr alle gelten &#8211; auch wenn nur ein sehr kleiner Teil dies missverstanden hat. Aber gerade dieser kleine Teil belastet alle anderen, die hierdurch in \u201cSippenhaft\u201c genommen und durch eine erschreckende Zunahme an Gewaltakten in Gefahr gebracht werden.\u201c<\/em><br \/>\n<em> 11.3.2020, <a href=\"https:\/\/www.xaveirnaidoo.de\">https:\/\/www.xaveirnaidoo.de<\/a><\/em><br \/>\n.<br \/>\n.<br \/>\n<strong>Nun wurde Xavier Naidoo von RTL bei DSDS gefeuert.<\/strong><br \/>\nDas fragliche Video ist nur 55 Sekunden lang. Xavier Naidoo, 48, besingt in dem Clip angebliche Gefahren, die von Migranten ausgehen. Das Video scheint der S\u00e4nger selbst aufgenommen zu haben. Unklar ist, ob es aktuell oder bereits einige Monate oder gar Jahre alt ist, ebenso unklar ist auch, wer es zuerst und warum hochgeladen hat.<br \/>\n.<br \/>\n<em>\u201eIhr seid verloren. <\/em><br \/>\n<em>Ihr macht nicht mal den Mund f\u00fcr euch auf. <\/em><br \/>\n<em>So nehmen Trag\u00f6dien ihren Lauf\u201c, beginnt Naidoo in dem Video zu singen. <\/em><br \/>\n<em>\u201eEure T\u00f6chter, eure Kinder sollen leiden. <\/em><br \/>\n<em>Sollen sich mit W\u00f6lfen in der Sporthalle umkleiden. <\/em><br \/>\n<em>Und ihr steht seelenruhig nebendran. <\/em><br \/>\n<em>Schaut euch das Schauspiel an, <\/em><br \/>\n<em>das euch alle beenden kann\u201c, geht es weiter. <\/em><br \/>\n<em>Weit und breit sei \u201ekein Mann, der dieses Land noch retten kann. <\/em><br \/>\n<em>Hauptsache, es ist politisch korrekt \u2013 <\/em><br \/>\n<em>auch wenn ihr daran verreckt. <\/em><br \/>\n<em>Und noch mal: Ich hab fast alle Menschen lieb, <\/em><br \/>\n<em>aber was, wenn fast jeden Tag ein Mord geschieht, <\/em><br \/>\n<em>bei dem der Gast dem Gastgeber ein Leben stiehlt.<\/em><br \/>\n<em>Da muss ich harte Worte w\u00e4hlen, <\/em><br \/>\n<em>denn keiner darf meine Leute qu\u00e4len. <\/em><br \/>\n<em>Wenn doch, der kriegt es mit mir zu tun! <\/em><br \/>\n<em>Lass uns das beenden \u2013 und zwar nun.\u201c<\/em><\/p>\n<p>Der TV-Sender RTL plant die komplette restliche Staffel von \u201eDeutschland sucht den Superstar\u201c (DSDS) ohne Pops\u00e4nger Xavier Naidoo in der Jury.<br \/>\n&#8230; Alles vom 12.3.2020 bitte lesen auf<br \/>\n<a href=\"https:\/\/www.welt.de\/vermischtes\/article206483335\/Xavier-Naidoo-wird-nicht-mehr-zu-DSDS-zurueckkehren.html\">https:\/\/www.welt.de\/vermischtes\/article206483335\/Xavier-Naidoo-wird-nicht-mehr-zu-DSDS-zurueckkehren.html<\/a><br \/>\n.<br \/>\nEinige Kommentare:<br \/>\n<strong>Kann mir jemand bitte mal von denen, die Herrn Naidoo Hass, Hetze und Rassismuss vorwerfen<\/strong>,<br \/>\ngenau erl\u00e4utern, welche W\u00f6rter, Aussagen anst\u00f6\u00dfig sein sollen?<br \/>\nIst es mittlerweile \u00fcblich, Meinungen, die nicht Liniengetreu sind, als rechts abzustempeln? Und das in der ARD beim Wort zum Sonntag offen aufgefordert wird, Parlamente zu st\u00fcrmen, linke 1% Reiche erschiessen oder ins Arbeitslager stecken wollen , dass ist ok und wird toleriert? Ganz ehrlich, ich verstehe dieses Land nicht mehr.<br \/>\n12.3.2020, Manuela S., WO<br \/>\n.<br \/>\n<strong>Einerseits &#8211; andererseits<\/strong><br \/>\nEin Sender (RTL), der in &#8222;Schwiegertochter gesucht&#8220; geistig Behinderte zur Schau stellt (Diskriminierung von Handicap) , wirft einem Farbigen (Naidoo) vor, er sei Antisemit.<br \/>\n&#8230;. genau mein Humor!<br \/>\n12.3.2020 Anja S.<br \/>\n.<br \/>\n<strong>Ich liebe Xavier Naidoo &#8211; jetzt erst recht! &#8230;<\/strong><br \/>\nDie Vertreter der Vielfaltsgesellschaft haben sich ge\u00e4u\u00dfert. Genau so vorhersehbar wie das Wort Vielfalt seinen Sinn verloren hat. Der obige Textauszug ist meiner Meinung nach frei von Rassismus. Vermute man mu\u00df Vielf\u00e4ltig sein um den zu erkennen&#8230;<br \/>\n12.3.2020, C.Z.,<br \/>\n.<br \/>\n<strong>Das BKA ist doch des Rassismus unverd\u00e4chtig?<\/strong><br \/>\nIn der Kriminalstatistik von 2016, die vom BKA ver\u00f6ffentlicht wurde, sind von den 2,3 Mio Tatverd\u00e4chtigen 953.000 Nichtdeutsche registriert, davon 506.641 Zuwanderer. Gemessen am Bev\u00f6lkerungsanteil ergibt sich somit ein erheblich h\u00f6herer Kriminalit\u00e4tsdurchschnitt im Vergleich zur deutschen Bev\u00f6lkerung. Ich komme auf den Faktor 7. Die Zahlen kann jeder beim BKA einsehen, sie sind \u00f6ffentlich zug\u00e4nglich. Das ist kein Rassismus, sondern Fakt. Ignorieren von Wahrheiten macht die Welt nicht besser. Und das BKA ist doch des Rassismus unverd\u00e4chtig, oder? Nat\u00fcrlich sind nicht alle Zuwanderer kriminell&#8230;..das ist logisch. Die Kriminalit\u00e4tsrate ist in dieser gesellschaftlichen Gruppe aber erheblich h\u00f6her&#8230;<br \/>\n12.3.2020, St.W.<br \/>\n.<br \/>\n<strong>Wieso ist jegliche Kritik an Zuwanderung immer gleich rassistisch?<\/strong><br \/>\nIch bin kein Fan von Naidoo und stehe vielen seiner Texte kritisch gegen\u00fcber. Hier verstehe ich allerdings die Kritik nicht. Man wird doch aber nicht leugnen k\u00f6nnen, dass es ein Kriminalit\u00e4tsproblem bei Zuwanderern gibt. Es gibt zwar auch unter Deutschen Straft\u00e4ter; bei Fl\u00fcchtlingen -also Hilfesuchenden- die hier auf Staatskosten hofiert werden, erwarte ich keine einzige Straftat. Wer sich daran nicht h\u00e4lt, geh\u00f6rt sofort abgeschoben; egal welchen Gefahren er in seinem Herkunftsland ausgesetzt ist. \u00dcber solche Themen muss man diskutieren k\u00f6nnen, ohne sofort mundtot gemacht zu werden. Andernfalls darf sich nicht wundern, wenn man die Menschen \u00fcber kurz oder lang in die Arme extremistischer Parteien treibt.<br \/>\n12.3.2020, L.I.<br \/>\n.<br \/>\n<strong>Wahrheiten vertragen Menschen immer seltener. &#8230;.<\/strong><br \/>\nNaja, mittlerweile d\u00fcrfte bekannt sein, dass in Deutschland die freie Meinungs\u00e4u\u00dferung dadurch eingeschr\u00e4nkt ist, dass man sofort von linken Minderheiten als Rassist beschimpft wird. Wahrheiten vertragen Menschen immer seltener. &#8230;.<br \/>\nIch hab das Video gesehen\/geh\u00f6rt und wei\u00df ehrlich gesagt nicht, wo das Problem liegt.<br \/>\nXavier Naidoo hat ein Problem aufgegriffen und k\u00fcnstlerisch verwertet, mit einem Wahrheitsgehalt von 100%<br \/>\n12.3.2020, K.A.<br \/>\n.<br \/>\n<strong>Verschw\u00f6rungstheorien waren in meiner Vorstellung bislang Vorg\u00e4nge,<\/strong><br \/>\ndie sich einer oder mehrere Leute zusammen phantasieren &#8211; die aber nicht real existieren. Das trifft bei den zitierten Passagen nicht zu &#8211; diese Vorf\u00e4lle hat es nun einmal gegeben und gibt es noch. Sonst w\u00fcsste ja auch nicht jeder sofort, was gemeint ist &#8211; nicht wahr? Ob man die Kritik an diesen Vorf\u00e4llen k\u00fcnstlerisch auf diese Weise verarbeiten muss, ist wohl eine Geschmacksfrage.<br \/>\nDie Reaktionen darauf empfinde ich als gef\u00e4hrlich. Man kann und darf jederzeit Kritik an solcher Art von Kritik \u00fcben selbstverst\u00e4ndlich &#8211; sollte man auch tun. Jemanden deswegen zu feuern und als Nazi zu diffamieren geht in meinen Augen zu weit. Damit befindet man sich auf dem besten Weg in die Meinungsdiktatur.<br \/>\n23.3.2020, F-G., WO<br \/>\n.<br \/>\n<strong>Soso, da \u00e4ussert sich jemand kritisch und ist gleich ein Rassist? Leute gehts noch?<\/strong><br \/>\nEs wird doch Zeit, die Dinge so an zu sprechen, wie sie von vielen empfunden werden! Wir sollten zur &#8222;normalen&#8220; Diskussion zur\u00fcck finden und aufh\u00f6ren, Leute in Schubladen zu stecken, in die sie allein schon auf Grund ihrer Vita nicht hinein geh\u00f6ren.<br \/>\nDie Hetze gegen Naidoo ist erschreckend, er ist doch bekannt daf\u00fcr, die Dinge klar an zusprechen und zu \u00e4ussern. Wo ist das Problem?<br \/>\n12.3.2020, L.W.<br \/>\n.<br \/>\n<strong>In der amtlichen Polizeistatistik<\/strong><br \/>\ngab es in Deutschland im Jahr 2018 insgesamt 2823 Tatverd\u00e4chtige bei den Straftaten Mord, Totschlag und T\u00f6tung auf Verlangen. 43.1 Prozent davon waren Ausl\u00e4nder, also 1216 Ausl\u00e4nder. Das ist deutlich mehr als nur einer pro Tag. Die Zahlen der Statistik l\u00fcgen nicht, kann jeder das PDF googeln (Seite 145 im Band 3 der Kriminalstatistik 2018). Das Problem ist, dass man in Deutschland nicht mehr die Wahrheit aussprechen darf.<br \/>\n12.3.2020, C-St.<br \/>\n.<br \/>\n.<br \/>\ninkl. der Gewalttaten der Migranten thematisiert wird als Hetzer und Rassist bezeichnet und fliegt aus einer Sendung. Dieses Land scheint tats\u00e4chlich verloren.<br \/>\n12.3.2020, Susanne S.<br \/>\n.<br \/>\n<strong>Oh Gott, er hat das Unsagbare gesagt.<\/strong><br \/>\nEr sagt, wir sch\u00fctzen unsere Kinder nicht! Ein F\u00fcnkchen Wahrheit ist schon dran: In Kandel wurden M\u00e4dchen mit &#8222;gleichaltrigen&#8220; Migranten unter kirchlicher Aufsicht zum Kennenlernen zusammengebracht. Die Gleichaltrigen waren halt in Wahrheit 5-8 Jahre \u00e4lter. Aber sagen, nein sagen darf man&#8217;s nicht&#8230;<br \/>\n12.3.2020, M.A.<br \/>\n.<br \/>\nIch kann das nicht verstehen was dieser Hick Hack um Xavier Naidoo soll . Viele die hier gegen ihn vorgehen sollten einfach Mal genauer hin h\u00f6ren. Er, der selber ein Migrationshintergrund hat, beschreibt nur die Missst\u00e4nde die unserem Land herrschen. Und in Deutschland ist immer noch Meinungsfreiheit.<br \/>\nDieser K\u00fcnstler hat mehr f\u00fcr Organisationen getan wie manche Politiker oder andere K\u00fcnstler. Und das man ihn bei RTL rausschmei\u00dft ist f\u00fcr mich der Gr\u00f6\u00dfte Hohn, ich sage da nur Spendenmarathon. Ich kann nur den Hut ziehen vor so einem Mann, der in Deutschland vieles ver\u00e4ndert hat. Xavier Naidoo hat so einen shitstorm nicht verdient.<br \/>\n12.3.2020, W.B.<br \/>\n.<br \/>\n<strong>Migrationshintergrundler als Rassist?<\/strong><br \/>\nEin Grund mehr sich diese Mainstream-Sendung nicht mehr anzuschauen&#8230;. So l\u00e4ufts ab jetzt &#8230; entweder du sagst was wir h\u00f6ren wollen sonst bist du weg vom Fenster&#8230; gleichzeitig ein Signal f\u00fcr alle Anderen denen vielleicht in den Sinn kommt was gegen den Strom zu sagen&#8230; seht was wir mit Xavier machen -und Xavier ist schon eine Hausnummer- also \u00fcberlegt euch gut was ihr sagt &#8230;<br \/>\nDas Einzigartige an der Sache ist, dass mittlerweile jemand mit afrikanischen Wurzeln als Rassist beschimpft wird &#8230; Ich habe auch einen Migrationshintergrund und bin auch inzwischen &#8222;Rassist&#8220; geworden<br \/>\n12.3.2020, Conny C.<br \/>\n.<br \/>\n<strong>Wahrheit?<\/strong><br \/>\nEr sagt doch nur die Wahrheit, das m\u00f6chte nur wieder keiner zu geben<br \/>\n12.3.2020, Steffie W.<br \/>\n.<br \/>\n.<br \/>\n<strong>Sch\u00f6n ausgedr\u00fcckt: Gegen Fremdenhass &#8211; f\u00fcr Schwache und Diversity<\/strong><br \/>\n<em>Liebe Linke,<\/em><br \/>\n<em>Ihr seid ja gegen Fremdenhass.<\/em><br \/>\n<em>Dann respektiert doch auch fremde Meinungen.<\/em><br \/>\n<em>\u00a0.<\/em><br \/>\n<em>Ihr seid doch f\u00fcr die Schwachen.<\/em><br \/>\n<em>Dann lacht doch nicht jene aus, die sich rhetorisch schw\u00e4cher ausdr\u00fccken.<\/em><br \/>\n<em>\u00a0.<\/em><br \/>\n<em>Ihr seid doch f\u00fcr Diversity.<\/em><br \/>\n<em>Dann freut euch doch \u00fcber Meinungsvielfalt.<\/em><br \/>\n12.3.2020, <a href=\"https:\/\/www.danisch.de\/blog\/2020\/03\/12\/linker-fremdenmeinungenhass\/\">https:\/\/www.danisch.de\/blog\/2020\/03\/12\/linker-fremdenmeinungenhass\/<\/a><\/p>\n<p>.<br \/>\n.<\/p>\n<p><strong>Naidoo in weiterem Video: &#8222;Wir sind mehr&#8220; ist &#8222;deutschlandfeindlich&#8220;<\/strong><br \/>\n&#8222;Wieder will die Klasse nur schweigen, Plakate zeigen, drauf steht &#8218;Wir sind mehr&#8216;. Doch in Wahrheit seid ihr einfach nur peinlich und deutschlandfeindlich, denn ihr seid leer&#8220;, reimt Naidoo in der 20 Sekunden langen Sequenz des zweiten Videos.<br \/>\nSelber Kapuzenpulli, selber Raum \u2013 optisch liegt nahe, dass die Aufnahme aus der selben Phase des Jahres 2018 stammt wie das seit Dienstag im Internet herumgereichte erste Video. Dieses f\u00fchrt am Mittwoch dazu, dass der Fernsehsender RTL die Zusammenarbeit mit dem Musiker beendete, der in der derzeit laufenden Staffel der Sendung &#8222;Deutschland sucht den Superstar&#8220; zur Jury geh\u00f6rte.<br \/>\nDie &#8222;Wir sind mehr&#8220;-Kampagne nahm 2018 Fahrt auf. Am 26. August wurde damals in Chemnitz ein Deutschkubaner von einem aus dem Irak stammenden Mann niedergestochen, das Opfer starb kurz darauf im Krankenhaus. Als Gegenreaktion auf die darauf folgenden Demonstrationsz\u00fcge, bei denen Teilnehmer den Hitlergru\u00df zeigten und es zu Ausschreitungen kam, fand am 3. September unter dem Motto &#8222;Wir sind mehr&#8220; ein Gratiskonzert mit Bands wie den Toten Hosen, Marteria &amp; Casper, Feine Sahne Fischfilet und anderen statt, an dem 65000 Menschen teilnahmen \u2013 der Slogan war als Antwort auf die bei den Demos skandierte Losung &#8222;Wir sind das Volk&#8220; gedacht.<br \/>\nInhaltlich kn\u00fcpft das zweite Video an das erste an, in dem Naidoo der Gesellschaft \u00fcbertriebene politische Korrektheit und daraus resultierendes Wegschauen vorwarf, was Straftaten von Fl\u00fcchtlingen angehe. Diese stellte er im ersten Video mit folgenden Zeilen unter Generalverdacht: &#8222;Ich habe fast alle Menschen lieb, aber was, wenn fast jeden Tag ein Mord geschieht, bei dem der Gast dem Gastgeber ein Leben stiehlt?&#8220;.<br \/>\nIn einer Reaktion auf die Vorw\u00fcrfe f\u00fchrte der 48-j\u00e4hrige Musiker ins Feld, dass er sich &#8222;seit Jahren aus tiefster \u00dcberzeugung gegen Ausgrenzung und Rassenhass&#8220; einsetze. Zu der Sentenz \u00fcber Fl\u00fcchtlinge schrieb Naidoo in der pers\u00f6nlichen Erkl\u00e4rung: &#8222;Auch meine Familie kam als Gast nach Deutschland und hat sich nat\u00fcrlich an Recht und Moralvorstellungen des Gastgebers gehalten. Diese Selbstverst\u00e4ndlichkeit sollte f\u00fcr alle gelten &#8211; auch wenn nur ein sehr kleiner Teil dies missverstanden hat. Aber gerade dieser kleine Teil belastet alle anderen, die hierdurch in &#8222;Sippenhaft&#8220; genommen und durch eine erschreckende Zunahme an Gewaltakten in Gefahr gebracht werden.&#8220;<br \/>\nAus welcher Quelle die beiden Videos stammen, ist noch unklar. Die optische Anmutung legt nahe, dass sie in Social-Media-Gruppen kursierten, bevor sie an die \u00d6ffentlichkeit gelangten.<br \/>\n&#8230; Alles vom 12.3.2020 bitte lesen auf<br \/>\n<a href=\"https:\/\/www.badische-zeitung.de\/naidoo-in-weiterem-video-wir-sind-mehr-ist-deutschlandfeindlich\">https:\/\/www.badische-zeitung.de\/naidoo-in-weiterem-video-wir-sind-mehr-ist-deutschlandfeindlich<br \/>\n<\/a>.<\/p>\n<p>Kommentare:<strong><br \/>\n&#8222;fast jeden Tag ein Mord geschieht, bei dem der Gast dem Gastgeber ein Leben stiehlt&#8220;<\/strong><br \/>\n&#8230; dann schauen Sie sich bitte die Statistik an:<br \/>\n<a href=\"https:\/\/de.statista.com\/statistik\/daten\/studie\/2229\/umfrage\/mordopfer-in-deutschland-entwicklung-seit-1987\/\">https:\/\/de.statista.com\/statistik\/daten\/studie\/2229\/umfrage\/mordopfer-in-deutschland-entwicklung-seit-1987\/<\/a><br \/>\n2019 wird es \u00e4hnlich gewesen sein. Und da er schreibt, &#8222;fast jeden Tag&#8220; und nicht z.B. &#8222;jeden Tag&#8220;, entspricht Xaviers Aussage und These leider weit mehr als der Realit\u00e4t! Daher verstehe ich jetzt auch die Hetzkampagne gegen Xavier Naidoo nicht Oder darf man in Deutschland keine Fakten mehr aussprechen?<br \/>\n12.3.2020, G.H.<br \/>\n.<br \/>\n<strong>Rassismus und Rechtspopulismus?<\/strong><br \/>\n&#8222;Ich habe fast alle Menschen lieb, aber was, wenn fast jeden Tag ein Mord geschieht, bei dem der Gast dem Gastgeber ein Leben stiehlt?&#8220; Das sind die durch die PKS (Polizeiliche Kriminalstatistik) eindeutig best\u00e4tigten Fakten und wenn man Xavier Naidoo deswegen Rassismus und Rechtspopulismus vorwerfen will, muss man dies konsequenterweise auch dem BKA vorwerfen!<br \/>\n12.3.2020, B.K.<\/p>\n<p>.<\/p>\n<p>.<\/p>\n<p><strong>Xavier Naudoo &#8211; Streitet!<\/strong><br \/>\n<em>Miteinander: Die deutschen Medien sanktionieren, anstatt das Gespr\u00e4ch zu f\u00f6rdern<\/em><br \/>\n<em>von Anabel Schunke<br \/>\n<\/em>\u00a0.<br \/>\nXavier Naidoos Musik begleitet mich fast mein ganzes Leben. Das erste Album kaufte ich mir mit elf. Mein erstes Konzertticket war von Naidoo. Als ich mich einmal um eine Musik-Klausur dr\u00fcckte, lie\u00df mir mein Lehrer die Wahl, entweder nachzuschreiben oder ein Referat zu halten: Ich sprach \u00fcber die S\u00f6hne Mannheims und bekam die Note 1. Auf der Beerdigung meines Opas lief Naidoo. Aber auch in vielen kleinen privaten Momenten, in allen Lebenslagen, zu allen Stimmungen, begleitete mich seine Musik.<br \/>\nEr geh\u00f6rt zu den gr\u00f6\u00dften S\u00e4ngern, die dieses Land hervorgebracht hat. Aber so wenig wie die Musik Naidoos immer leichte Kost war, ist es die Person Xavier Naidoo. Wer einfachere Gem\u00fcter sucht, mu\u00df vermutlich einfachere Musik h\u00f6ren. Ist er ein Verschw\u00f6rungstheoretiker? Ja. Die \u201eAkte Naidoo\u201c reicht von apokalyptischen Phantasien \u00fcber den Untergang der Welt in einem Interview von 1999 mit dem Musikexpress bis hin zu einem Auftritt vor Reichsb\u00fcrgern vor dem Brandenburger Tor in Berlin am Tag der Deutschen Einheit 2014. Im ARD-Morgenmagazin sprach er von Deutschland als einem besetzten Land. Seine Zweifel an der offiziellen Lesart zu 9\/11 bringt er immer wieder zum Ausdruck. Er pflegt Kontakte zu prominenten \u201eTruthern\u201c wie Oliver Janich und dem Schweizer Historiker Daniele Ganser.<br \/>\nIn \u201eRaus aus dem Reichstag\u201c von 2009 besingt er einen \u201eBaron Totschild\u201c. Eine Rhetorik, wie man sie von Anh\u00e4ngern der \u201eNew World Order\u201c-Theorie kennt. Eine Klage gegen ihn wegen des Vorwurfs des Antisemitismus danach scheiterte, weil die Vorw\u00fcrfe nicht hinreichend belegt seien. Der Song \u201eMarionetten\u201c aus dem Jahre 2017 von seiner Band S\u00f6hne Mannheims befa\u00dft sich mit \u201edunklen M\u00e4chten\u201c, die hinter den Kulissen die politischen Strippen ziehen. \u201eDie S\u00f6hne\u201c distanzieren sich inzwischen von ihrem Gr\u00fcndungsmitglied. Die Trennung erfolgte wohl aber erst nach dem neuerlichen Skandal um das Video, in dem er die Asylpolitik der Kanzlerin kritisiert. Ein wichtiger Punkt in der aktuellen Diskussion.<\/p>\n<p>Doch die aufgez\u00e4hlten Vorkommnisse, die durchaus Zweifel an der Person Xavier Naidoo erwecken und eine kritische Auseinandersetzung rechtfertigen, waren alle vor dem neuerlichen Skandal und vor allem lange vor seinem RTL-Engagement bekannt. Sie spielten jedoch f\u00fcr seine Besetzung als Teil der Jury der Castingsendung \u201eDeutschland sucht den Superstar\u201c keine Rolle, weshalb sie auch nicht zum Gegenstand der Beurteilung der aktuellen Kampagne gegen Naidoo werden sollten.<\/p>\n<p>Eine Verteidigung Naidoos im aktuellen Fall ist daher mitnichten eine Zustimmung zu seinen weiter oben vorgetragenen Ansichten. Stattdessen geht es um die prinzipielle Frage, wo die Grenzen der Meinungs- und Kunstfreiheit in Deutschland liegen und wer diese bestimmt. Darum, da\u00df dies wie bei vielen Themen der Vergangenheit \u2013 nicht mehr das geltende Gesetz zu sein scheint, sondern zunehmend eine in den sozialen Medien w\u00fctende, inquisitorisch agierende gesellschaftliche Gruppe von Medienschaffenden und K\u00fcnstlern, f\u00fcr die liberale Freiheitsrechte nicht l\u00e4nger Allgemeing\u00fcltigkeit genie\u00dfen, sondern nur noch jenen zugebilligt werden, die in das eigene Weltbild passen.<\/p>\n<p>Darum, da\u00df \u2013 schaut man sich den Verlauf der \u00f6ffentlichen Debatte in den sozialen Netzwerken an \u2013 eine Minderheit \u00fcber die Mehrheit bestimmt und sie vor sich hertreibt, bis selbst der zust\u00e4ndige Sender einknickt und seinen Juror ohne Anh\u00f6rung und Proze\u00df in vorauseilendem Gehorsam feuert. Naidoos Genick in dieser aktuellen Debatte wurde nicht durch seinen Hang zu Verschw\u00f6rungstheorien gebrochen, sondern durch seine Kritik an der Open-Border-Ideologie, deren Anh\u00e4nger sehr wohl darum wissen, da\u00df man heute jeden mit dem Rassismus-Vorwurf den gesellschaftlichen Tod sterben lassen kann, noch bevor dieser Vorwurf ernsthaft diskutiert und auf seine Stichhaltigkeit \u00fcberpr\u00fcft wurde. Naidoos Problem ist, da\u00df er dieses Land mehr sch\u00e4tzt als die diejenigen, die ihn kritisieren.<\/p>\n<p>Jene Deutschen mit Migrationshintergrund, die sich \u00fcber ihre Desintegration und die Abwertung der \u201eAlmans\u201c definieren, genauso wie die \u201ebiodeutschen\u201c B\u00f6hmermanns und Smudos, die ihr Hadern mit der eigenen Identit\u00e4t durch den Ha\u00df auf jene zum Ausdruck bringen, die damit weniger ein Problem haben. Patriotismus ist in Deutschland nur etwas f\u00fcr jene, die ihre Heimat woanders verorten. Xavier Naidoos Heimat ist jedoch Deutschland. In den Augen seiner Kritiker ist er damit \u00fcberintegriert und folgerichtig im Kreis der Rassisten angekommen.<\/p>\n<p>Sein endg\u00fcltiger Rauswurf bei DSDS wurde letztlich damit gerechtfertigt, da\u00df man vergeblich auf eine Stellungnahme Naidoos gewartet h\u00e4tte. Dabei kam diese schon wenige Stunden nach dem Erscheinen des Videos, das im \u00fcbrigen aus dem Jahr 2018 stammt. In dieser Stellungnahme distanziert sich Naidoo entschieden von rassistischem Gedankengut und spricht sich f\u00fcr Toleranz und Respekt aus.<br \/>\nAm Ende war das nicht genug. Genug w\u00e4re nur die vollst\u00e4ndige Abkehr gewesen, und die gab es nicht. Seine Beichte, das wu\u00dfte man auch bei RTL, w\u00fcrden ihm die Inquisitoren nicht abnehmen Die S\u00fcnde blieb bestehen. Der Zuschauer blieb ungefragt. Die Petition, die ich weniger f\u00fcr Naidoo als f\u00fcr den Erhalt liberaler Freiheitsrechte startete und die nach nicht einmal 24 Stunden schon knapp 55.000 Unterschriften verzeichnete, wurde ohne Angabe von Gr\u00fcnden vom Petitions-Portal Avaaz gel\u00f6scht. Auf eine Antwort-Mail von Avaaz zu den Gr\u00fcnden warte ich bis heute.<br \/>\n20.3.2020, Junge Freiheit 13\/20, Seite 2<br \/>\n.<br \/>\n<em><a title=\"Hinrichtung der Ehefrau\" href=\"https:\/\/www.freiburg-schwarzwald.de\/blog\/hinrichtung-der-ehefrau\/\">Anabel Schunke<\/a>, Jahrgang 1988, arbeitet als Model und freie Publizistin.<\/em><br \/>\n<em><a href=\"https:\/\/www.anabelschunke.com\">https:\/\/www.anabelschunke.com<\/a><\/em><\/p>\n","protected":false},"excerpt":{"rendered":"<p>Xavier Naidoo ist anscheinend der Kragen geplatzt. In einem Kurzvideo wendet er sich mit einen Text aus dem Jahr 2018 an die Deutschen: \u201eIhr seid verloren!\u201c. Darin beklagt er, dass G\u00e4ste durch ihre Gewaltt\u00e4tigkeiten das Gastrecht mi\u00dfbrauchen und die Gastgeber &hellip; <a href=\"https:\/\/www.freiburg-schwarzwald.de\/blog\/xavier-naidoo-ihr-seid-verloren\/\">Weiterlesen <span class=\"meta-nav\">&rarr;<\/span><\/a><\/p>\n","protected":false},"author":2,"featured_media":0,"comment_status":"open","ping_status":"closed","sticky":false,"template":"","format":"standard","meta":{"footnotes":""},"categories":[36,155,162,13,97,120],"tags":[682,301,477,720,622,518],"class_list":["post-79666","post","type-post","status-publish","format-standard","hentry","category-engagement","category-integration","category-internet","category-kultur","category-liedermacher","category-musik","tag-freiheit","tag-culture","tag-lied","tag-medien","tag-migration","tag-music"],"_links":{"self":[{"href":"https:\/\/www.freiburg-schwarzwald.de\/blog\/wp-json\/wp\/v2\/posts\/79666","targetHints":{"allow":["GET"]}}],"collection":[{"href":"https:\/\/www.freiburg-schwarzwald.de\/blog\/wp-json\/wp\/v2\/posts"}],"about":[{"href":"https:\/\/www.freiburg-schwarzwald.de\/blog\/wp-json\/wp\/v2\/types\/post"}],"author":[{"embeddable":true,"href":"https:\/\/www.freiburg-schwarzwald.de\/blog\/wp-json\/wp\/v2\/users\/2"}],"replies":[{"embeddable":true,"href":"https:\/\/www.freiburg-schwarzwald.de\/blog\/wp-json\/wp\/v2\/comments?post=79666"}],"version-history":[{"count":0,"href":"https:\/\/www.freiburg-schwarzwald.de\/blog\/wp-json\/wp\/v2\/posts\/79666\/revisions"}],"wp:attachment":[{"href":"https:\/\/www.freiburg-schwarzwald.de\/blog\/wp-json\/wp\/v2\/media?parent=79666"}],"wp:term":[{"taxonomy":"category","embeddable":true,"href":"https:\/\/www.freiburg-schwarzwald.de\/blog\/wp-json\/wp\/v2\/categories?post=79666"},{"taxonomy":"post_tag","embeddable":true,"href":"https:\/\/www.freiburg-schwarzwald.de\/blog\/wp-json\/wp\/v2\/tags?post=79666"}],"curies":[{"name":"wp","href":"https:\/\/api.w.org\/{rel}","templated":true}]}}