{"id":79647,"date":"2020-03-10T15:03:01","date_gmt":"2020-03-10T14:03:01","guid":{"rendered":"https:\/\/www.freiburg-schwarzwald.de\/blog\/?p=79647"},"modified":"2020-03-11T08:33:51","modified_gmt":"2020-03-11T07:33:51","slug":"corona-beendet-sorglosigkeit","status":"publish","type":"post","link":"https:\/\/www.freiburg-schwarzwald.de\/blog\/corona-beendet-sorglosigkeit\/","title":{"rendered":"Corona beendet Sorglosigkeit"},"content":{"rendered":"<p>Vielleicht hat ja alles sein <a title=\"Gutmenschen\" href=\"https:\/\/www.freiburg-schwarzwald.de\/blog\/engagement\/gutmenschen\/\">Gutes<\/a>? Das <a title=\"Corona-Virus\" href=\"https:\/\/www.freiburg-schwarzwald.de\/blog\/business\/gesund\/corona-virus\/\">Coronavirus<\/a> markiert das Ende der Sorglosigkeit in <a title=\"Globalisierung\" href=\"https:\/\/www.freiburg-schwarzwald.de\/blog\/global\/globalisierung\/\">global<\/a> vernetzten M\u00e4rkten. Pl\u00f6tzlich stellen wir eine organisierte Verantwortungslosigkeit fest. Vorratshaltung f\u00fcr 10 Tage. Katastrophenschutz. Die Herstellung lebensrettender <a title=\"Medizin\" href=\"https:\/\/www.freiburg-schwarzwald.de\/blog\/business\/gesund\/medizin\/\">Medikamente<\/a> wurde nach Indien und China ausgelagert. Nun fehlen sie &#8211; Indien hat den Export von 26 solcher Arzneien untersagt.<br \/>\n.<br \/>\n<!--more-->Sicherheit: es gibt anscheinend keine Firma in D, die Atemmasken produzieren kann. In der Not gilt &#8222;<a title=\"Nation\" href=\"https:\/\/www.freiburg-schwarzwald.de\/blog\/engagement\/zukunft\/demokratie\/nation\/\">Nation first<\/a>&#8220; &#8211; die <a title=\"Europa-Nationen\" href=\"https:\/\/www.freiburg-schwarzwald.de\/blog\/global\/eu\/europa-nationen\/\">Mitgliedsl\u00e4nder der EU<\/a> handeln eigenst\u00e4ndig f\u00fcr ihre begrenzten R\u00e4ume. Das <a title=\"Corona-Impfstoff \u2013 Israel BDS\" href=\"https:\/\/www.freiburg-schwarzwald.de\/blog\/corona-impfstoff-israel-bds\/\">Virus<\/a> schweist das Volk zusammen. Im besonders betroffenen <a title=\"Italien\" href=\"https:\/\/www.freiburg-schwarzwald.de\/blog\/global\/italien\/\">Italien<\/a> lobt der rechte Salvini den linken Conte und dieser bedankt sich daf\u00fcr (man stelle sich vor: Meuthen lobt Merkel und diese bedankt sich bei ihm). In Frankreich halten Mr Macron und Mme Le Pen pl\u00f6tzlich die fast\u00a0identischen Reden (man stelle sich vor: Steinmeier und Weidel halten die gleichen Reden).<br \/>\nAber <a title=\"Die Spaltung der Gesellschaft\" href=\"https:\/\/www.freiburg-schwarzwald.de\/blog\/die-spaltung-der-gesellschaft\/\">Deutschland<\/a> ist es anders, dort wird die <a title=\"Spaltung\" href=\"https:\/\/www.freiburg-schwarzwald.de\/blog\/global\/deutschland\/spaltung\/\">Spaltung<\/a> in Gute und Nazis auch in Zeiten von Virus und Quarant\u00e4ne weiter gepflegt. Wehe, wenn sich ein AfD&#8216;-Politiker erdreistet, der Gesundheitspolitik von Minister Spahn beizupflichten, dann gilt er als Heuchler, weil <a title=\"Nazi\" href=\"https:\/\/www.freiburg-schwarzwald.de\/blog\/religion\/juden\/nazi\/\">Nazi<\/a>.<br \/>\n.<br \/>\n<em>&#8222;In Zeiten einer Bedrohung von au\u00dfen steht die Nation zusammen&#8220;<\/em> &#8211; dies gilt f\u00fcr Italiener, Franzosen, Portugiesen, Spanier, ja sogar f\u00fcr Belgier. Nur nicht f\u00fcr <a title=\"Nationalstolz\" href=\"https:\/\/www.freiburg-schwarzwald.de\/blog\/engagement\/zukunft\/demokratie\/nationalstolz\/\">Deutsche<\/a>. Warum?<br \/>\nWeil das <a title=\"Corona: D = Apotheke der Welt\" href=\"https:\/\/www.freiburg-schwarzwald.de\/blog\/corona-d-apotheke-der-welt\/\">Coronavirus<\/a> in Deutschland noch nicht als Bedrohung wahrgenommen wird? Weil wir \u00fcber viel bessere gesundheitspolitische Abwehrma\u00dfnahmen gegen das Virus verf\u00fcgen als die anderen EU-L\u00e4nder? Weil wir uns als leidensf\u00e4higer bzw. virusresistenter f\u00fchlen als die anderen EU-B\u00fcrger? Oder weil wir uns gar nicht (mehr) als Angeh\u00f6rige einer <a title=\"Nation\" href=\"https:\/\/www.freiburg-schwarzwald.de\/blog\/engagement\/zukunft\/demokratie\/nation\/\">Nation<\/a> f\u00fchlen <a title=\"Nationalstolz oder Scham?\" href=\"https:\/\/www.freiburg-schwarzwald.de\/blog\/nationalstolz-oder-scham\/\">k\u00f6nnen<\/a> bzw. f\u00fchlen <a title=\"Selbsthass\" href=\"https:\/\/www.freiburg-schwarzwald.de\/blog\/engagement\/zukunft\/selbsthass\/\">d\u00fcrfen<\/a>?<br \/>\n.<br \/>\nUnsere in den USA lebende Verwandtschaft ist gespalten in Pro-Trump-Pro und Contra-, wobei sie dennoch miteinander diskutieren (keinerlei Stigmatisierung, Feindschaft, Ausgrenzung, Beschimpfung). Und Im Falle von Notfall und Bedrohung (zuletzt: Hurricans Ostk\u00fcste, \u00dcberschwemmung Mississippi, Br\u00e4nde California) stehen sie alle zusammen, sind sie <em><strong>eine<\/strong><\/em> einige <a title=\"Consent-of-the-Governed\" href=\"https:\/\/www.freiburg-schwarzwald.de\/blog\/global\/deutschland\/consent-of-the-governed\/\">Citizenship &#8211; Consent of the Governed<\/a>. Ganz anders als aktuell in Deutschland bei der Bedrohung durch <a title=\"Corona-Virus\" href=\"https:\/\/www.freiburg-schwarzwald.de\/blog\/business\/gesund\/corona-virus\/\">Corona<\/a>, wo z.B. Hilfsangebote bzw. -ideen\u00a0 auf kommunaler Ebene abgelehnt werden, nur weil sie von der AfD kommen. Wenn unsere Citizenship dieses Zusammenstehen jenseits der politischen \u00dcberzeugungen im Falle der Bedrohung nicht schaffen, dann ade Deutschland. Merkel w\u00fcrde sagen &#8222;&#8230; dann ist das nicht mein Land&#8220;.<br \/>\n10.3.2020<\/p>\n<p>.<br \/>\n<strong>Warum eine Epidemie auch etwas Gutes haben kann<\/strong><br \/>\nDie Verletzlichkeit der Weltwirtschaft. Begriffe wie Vorsorge, Abh\u00e4ngigkeit oder nationale Autarkie haben pl\u00f6tzlich wieder Konjunktur. Sie rufen in Erinnerung, wie verletzlich eine Gesellschaft ist, die auf funktionierende globale Lieferketten und Absatzm\u00e4rkte angewiesen ist. Wer Wirtschaftswachstum f\u00fcr obsolet h\u00e4lt, bekommt nun Anschauungsunterricht, was ein R\u00fcckgang um nur wenige Zehntelprozentpunkte bedeutet.<br \/>\n&#8230;.<br \/>\nDiese Lungenkrankheit wird tats\u00e4chlich zum \u201ePr\u00fcfstein f\u00fcr den Zusammenhalt einer Gesellschaft\u201c, wie Gesundheitsminister Spahn mahnt. Wobei die Wiederbelebung der Etikette (regelm\u00e4\u00dfiges H\u00e4ndewaschen, Niesen in die Armbeuge) ja bereits ein Erfolg ist. Mehr noch aber ist diese Epidemie ein Pr\u00fcfstein f\u00fcr die Entscheider in Politik und Wirtschaft: Lernen sie daraus, was wirklich wichtig ist und dass Krisen zum Gesch\u00e4ft geh\u00f6ren? Wenn die Corona-Seuche der verbreiteten Sorglosigkeit ein Ende setzt, ist immerhin das ein Gewinn. Sicherheit kostet: Wohlstand, Bequemlichkeit und vielleicht sogar Jobs. Doch der Verzicht auf derlei Restriktionen kommt die Gesellschaft weit teurer zu stehen.<br \/>\n&#8230; Alles vom 9.3.2020 bitte lesen auf<br \/>\n<a href=\"https:\/\/www.cicero.de\/innenpolitik\/coronavirus-krise-epidemie-chance\">https:\/\/www.cicero.de\/innenpolitik\/coronavirus-krise-epidemie-chance<\/a><\/p>\n<p>Kommentare:<br \/>\n<strong>Risiken der Globalisierung<\/strong><br \/>\nLagerhaltung verp\u00f6nt. Produktion versorgungswichtiger Produkte im eigenen Land zu teuer. Ausreichend qualifiziertes Personal? Abgebaut. Ersatzteillager f\u00fcr Bundeswehr und staatliche Stellen? Das wollten doch die Globalisten. Weltweit am billigsten produzieren und dann: &#8222;Just in time&#8220;.<br \/>\nDass nur China Mundschutz herstellen kann ist doch blamabel. Billigmedizin aus Asien und keine Lagerhaltung. Brauchen drei Patienten zeitgleich ein besonderes Medikament aus der Apotheke, m\u00fcssen zwei auf die Lieferung warten. Die Politik hilft doch bei der Panikmache kr\u00e4ftig mit. Die Medien pushen t\u00e4glich &#8222;Horrormeldungen&#8220;, wenige sachlich n\u00fcchterne Berichte. Viel Panik und Hysterie. Greta ist out, Corona ist in. Sorry, wir haben sie nicht mehr alle. Ein nur unter Mikrskop zu sehender Virus, nur f\u00fcr ganz wenige Lebensgef\u00e4hrlich, ansonsten harmlos wie die normale Grippe und so einen Aufri\u00df. Mich beschleicht ein ungutes Gef\u00fchl. Behalte es noch f\u00fcr mich, sonst gelte ich als Verschw\u00f6rungstheoretiker. Uffpasse<br \/>\n9.3.2020, E-G.K.<br \/>\n.<br \/>\n<strong>Es zeigt sehr sch\u00f6n, wozu organisierte Verantwortungslosigkeit f\u00fchrt.<\/strong><br \/>\nWenn wir jetzt bei jeder Epidemie so vorgehen, dann sinkt die Produktion nachhaltig, die Kinder haben viel mehr Ferien und die Studienzeit an den Hochschulen verdoppelt sich. Regale in den Gesch\u00e4ften gl\u00e4nzen mit DDR-typischer Leere. Und noch was, organisierte Verantwortungslosigkeit gab es in der DDR vor allem in der Wirtschaft. Bei einer solchen Epidemie h\u00e4tte ich in die DDR mehr Vertrauen als in das heutige Deutschland.<br \/>\n9.3.2020, M.B.<br \/>\nEnde Kommentare<br \/>\n.:<br \/>\n.<br \/>\n<strong>Max Moor, das Corona-Virus und die Leipziger Buchmesse<\/strong><br \/>\n\u201eMan muss nat\u00fcrlich sehr aufpassen\u201c, r\u00e4soniert die Philosophin (Svenja Fla\u00dfp\u00f6hler), \u201edass man sozusagen da nicht auch ins Regressive oder gar Reaktion\u00e4re abgleitet, weil nat\u00fcrlich, ein Virus, der von Au\u00dfen eindringt, das sind alles Konzepte, die, das wissen wir als Deutsche sehr genau, uns tats\u00e4chlich in den Abgrund gef\u00fchrt haben\u201c.<br \/>\nJa, haben denn die doofen Deutschen, von MDM (Max Dieter Moor) und der depperten Philosophin abgesehen, nichts aus ihrer Geschichte gelernt? Dass man nicht ins Regressive oder gar Reaktion\u00e4re abgleiten sollte, nur weil so ein winziges Virus von Au\u00dfen eindringt, uns sozusagen penetriert, bis wir tot umfallen? Ist das mit der Willkommenskultur vereinbar? Hat nicht auch ein Virus ein Recht auf Leben und Entfaltung? Her geht es zu der Ursuppe.<br \/>\n<a href=\"https:\/\/www.daserste.de\/information\/wissen-kultur\/ttt\/videos\/ttt-titel-thesen-temperamente-video-438.html\">https:\/\/www.daserste.de\/information\/wissen-kultur\/ttt\/videos\/ttt-titel-thesen-temperamente-video-438.html<\/a><br \/>\nViel Vergn\u00fcgen.<br \/>\n&#8230; Alles vom 10.3.2020 von Henryk M. Broder bitte lesen auf<br \/>\n<a href=\"https:\/\/www.achgut.com\/artikel\/max_moor_greift_das_corona_virus_an\">https:\/\/www.achgut.com\/artikel\/max_moor_greift_das_corona_virus_an<\/a><br \/>\n.<br \/>\nKommentare:<br \/>\n<strong>Irgendwo im Netz<\/strong><br \/>\nschnappte ich j\u00fcngst diesen markigen Slogan auf: \u201cOpen Borders &#8211; Kein Virus ist illegal!\u201d<br \/>\n10.3.2020, S.L.<br \/>\n.<br \/>\n<strong>Ich habe schon darauf gewartet,<\/strong><br \/>\nwann die \u00d6R Corona entweder den Amis oder Juden per Verschw\u00f6rungstheorie in die Schuhe schieben oder dem Virus eine konservative Gesinnung unterstellen. Erst der IS, dann Erdogan und jetzt auch noch Corona &#8211; wie soll man denn da anst\u00e4ndig Amis oder Ostdeutsche als Bedrohung verkaufen?<br \/>\n10.3.2020, M.K.<br \/>\n.<br \/>\n<strong>Die Konkurrenz unter SoziologInnen, PolitologInnen, Sozialpaedagoginnen<\/strong><br \/>\nund nun auch FuehlosophInnen nimmt allein aufgrund steigender Quantit\u00e4t umgekehrt proportional zur massiv fallenden (wissenschaftlichen) Qualit\u00e4t dramatisch zu. Nur noch sehr wenige alte wei\u00dfe M\u00e4nner, nicht ueber die Ma\u00dfen telegen, aber klug, auch deshalb nicht mehr TV-geeignet, repr\u00e4sentieren das, was man vor sehr langer Zeit darunter verstanden hat. Zu meinem pers\u00f6nlichen Bedauern hat es nun erwartungsgem\u00e4\u00df auch die Philosophie ereilt oder besser das, was man heute an intellektuellen Seichtgebieten darunter subsumiert. Optisch nicht uninteressant, man darf ja auch den Fernseh-Fuehlosophen Precht fuer die Damen nicht vergessen, geben sie mit entsprechender Attit\u00fcde Plattitueden, inhaltlichen Bullshit oder haltungsmotivierte \u201cRatschl\u00e4ge\u201d von sich, \u201cerfreulicherweise\u201d in einer linksgruenen, ideologischen Geschlossenheit, die allerdings mit den Essentialien der geisteswissenschaftlichen Disziplin Philosophie nichts zu tun hat. Um Erkenntnis geht es den modernen VertreterInnen der Zunft jedenfalls nicht, und Kategorien wie Wahrheit oder auch \u201cnur\u201d Logik sind bei historischen \u201cL\u00fccken\u201d erfolgreich der richtigen Haltung geopfert. Man kann sich nur vorstellen, wie die Herren Sokrates, Aristoteles, Kant, Schopenhauer und Nietzsche, um nur einige wenige zu nennen, in ihrer letzten Ruhestaette rotieren. Vielleicht sollte man bei Frau Flasspoehler und anderen den Ton wegnehmen, bei Herrn Mohr aber auch das Bild.<br \/>\n10.3.2020, R.N.<br \/>\n.<\/p>\n<p><strong>\u201cDas in den gesellschaftlichen K\u00f6rper eindringende Virus<\/strong><br \/>\nals Blaupause einer regressiven und reaktion\u00e4ren Konzeption.\u201d Lieber Herr Broder, bin nicht vom Fach, aber k\u00f6nnte so nicht ein zeitgem\u00e4\u00dfer Titel f\u00fcr eine soziologische Doktorarbeit hei\u00dfen? Bisschen dran gefeilt, dann l\u00e4uft das und dem Eintritt bei den \u00d6R oder der Fl\u00fcchtlingsindustrie usw. steht dem zuk\u00fcnftigen Master nichts mehr im Wege. Die Sache hat Potential. \u2018Die soziale Konstruktion des viralen Geschlechts\u2019 w\u00e4re auch h\u00fcbsch oder \u2018Virale Ansteckung als Folge jahrtausendlangen patriarchalen Wirkens\u2019.<br \/>\nLiegt in der zeitlichen \u00dcberschneidung von Corona und den Migranten an der griechischen Grenze nicht das einmalige Potential f\u00fcr eine interdisziplin\u00e4re Initiative zwischen Medizin und Soziologie im gemeinsamen universit\u00e4ren Kampf gegen Rechts? Und k\u00f6nnten da nicht auch linksbewegte Schriftsteller Stoff f\u00fcr die Dekonstruktion des schlechten bestehenden finden\u2026 ? F\u00fcr die weniger sch\u00f6ngeistige politische Praxis allerdings ergeben sich da gewisse Probleme. Denn wenn die aggressive Triebabfuhr nicht einmal mehr Viren zu ihrem Objekt nehmen darf, muss Ersatz geschaffen werden. Die \u2018Reichen &#8211; Erschie\u00dfen und Arbeitslager- Linke\u2019 hat da aber schon l\u00e4nger konstruktive Vorschl\u00e4ge in der Schublade.<br \/>\n10.3.2020, M.B.<\/p>\n<p><strong>Endlich sind alle gleich, zumindest vor dem Virus!<\/strong><br \/>\n10.3.2020, Heike R.<br \/>\n.<br \/>\n<strong>Kein Virus ist illegal<\/strong><br \/>\n\u201c\u201eMan muss nat\u00fcrlich sehr aufpassen\u201c, r\u00e4soniert Philosophin (Flachk\u00f6pper ?), \u201edass man sozusagen da nicht auch ins Regressive oder gar Reaktion\u00e4re abgleitet, weil nat\u00fcrlich, ein Virus, der von Au\u00dfen eindringt, das sind alles Konzepte, die, das wissen wir als Deutsche sehr genau, uns tats\u00e4chlich in den Abgrund gef\u00fchrt haben\u201c.\u201d (aus dem Text) Wie es Hadmut Danisch bereits am 2.3. kommen sah. Kein Virus ist illegal und Sterben auch nur ein Konzept, um einen Keil zwischen Lebende und Tote zu treiben.: \u201cKeine Sorge, die Bundesregierung schickt eine schnelle Eingreiftruppe Geisteswissenschaftler, die das alles poststrukturalistisch-postmodern wegdiskutieren. Der Diskurs macht die Realit\u00e4t, und sie m\u00fcssen eigentlich nur jedem verbieten, vom Virus zu sprechen und ihn damit als krankmachende gesellschaftliche Konstruktion laufend zu reproduzieren. &#8230;. Man wird 4392 Dissertationen dar\u00fcber schreiben, dass Viren nur durch Sprechakte von denselben b\u00f6sen Biologen und Medizinern erfunden wurden, die auch schon Geschlecht erfunden haben und herausfinden, dass Erdbeben, Hochwasser und Gummistiefel Infizierte besonders benachteiligen. Anschlie\u00dfend wird man im Bundeshaushalt Gelder freimachen, um den Kampf gegen Gesund aufzunehmen und es SPD-Sympathisanten geben, die die AntiMed gegr\u00fcndet haben und die Autos von Chef\u00e4rzten anz\u00fcnden. Es wird Gefangenenbefreiungen aus Quarant\u00e4nen geben. Die Tagesschau beklagt w\u00f6chentlich, dass Infizierte geringer bezahlt werden.\u201d<br \/>\n10.3.2020, V.K.<br \/>\n.<br \/>\n<strong>Neueste Meldung: \u201cG\u00f6ring-Eckardt fordert Asyl f\u00fcr das Corona-Virus\u201d.<\/strong><br \/>\n10.3.2020, B.M.<br \/>\n.<br \/>\n<strong>Corona versus Klima?<\/strong><br \/>\nNach den Informationen, die mir vorliegen, spricht viel daf\u00fcr, dass Corona noch einige Zeit das bestimmende Thema bleiben wird \u2013 und dabei etwa das Klima verdr\u00e4ngt (wobei ich es v\u00f6llig erschreckend finde, wenn etwa die linke Frankfurter Rundschau regelrecht \u00fcber das Virus jubelt https:\/\/www.fr.de\/meinung\/corona-hilft-klima-13583164.html<br \/>\nweil es dem Klima helfe \u2013 wie ideologieverblendet muss man sein, ums ich \u00fcber eine schwere Krankheit, die viele Menschenleben kostet, zu freuen?<br \/>\n&#8230; Alles vom 9.3.2020 von Boris Reitschuster-Briefing auf <a href=\"https:\/\/www.reitschuster.de\">https:\/\/www.reitschuster.de<\/a><\/p>\n","protected":false},"excerpt":{"rendered":"<p>Vielleicht hat ja alles sein Gutes? Das Coronavirus markiert das Ende der Sorglosigkeit in global vernetzten M\u00e4rkten. Pl\u00f6tzlich stellen wir eine organisierte Verantwortungslosigkeit fest. Vorratshaltung f\u00fcr 10 Tage. Katastrophenschutz. Die Herstellung lebensrettender Medikamente wurde nach Indien und China ausgelagert. Nun &hellip; <a href=\"https:\/\/www.freiburg-schwarzwald.de\/blog\/corona-beendet-sorglosigkeit\/\">Weiterlesen <span class=\"meta-nav\">&rarr;<\/span><\/a><\/p>\n","protected":false},"author":2,"featured_media":0,"comment_status":"open","ping_status":"closed","sticky":false,"template":"","format":"standard","meta":{"footnotes":""},"categories":[21,36,195,158,14,63,172],"tags":[190,740,26,489,689,47,87,699,525,388],"class_list":["post-79647","post","type-post","status-publish","format-standard","hentry","category-dienste","category-engagement","category-eu","category-gesund","category-global","category-krise","category-zukunft","tag-alter","tag-arzt","tag-deutsch","tag-european-union","tag-identitaet","tag-klinik","tag-lokal-handeln","tag-pharm","tag-politik","tag-social"],"_links":{"self":[{"href":"https:\/\/www.freiburg-schwarzwald.de\/blog\/wp-json\/wp\/v2\/posts\/79647","targetHints":{"allow":["GET"]}}],"collection":[{"href":"https:\/\/www.freiburg-schwarzwald.de\/blog\/wp-json\/wp\/v2\/posts"}],"about":[{"href":"https:\/\/www.freiburg-schwarzwald.de\/blog\/wp-json\/wp\/v2\/types\/post"}],"author":[{"embeddable":true,"href":"https:\/\/www.freiburg-schwarzwald.de\/blog\/wp-json\/wp\/v2\/users\/2"}],"replies":[{"embeddable":true,"href":"https:\/\/www.freiburg-schwarzwald.de\/blog\/wp-json\/wp\/v2\/comments?post=79647"}],"version-history":[{"count":0,"href":"https:\/\/www.freiburg-schwarzwald.de\/blog\/wp-json\/wp\/v2\/posts\/79647\/revisions"}],"wp:attachment":[{"href":"https:\/\/www.freiburg-schwarzwald.de\/blog\/wp-json\/wp\/v2\/media?parent=79647"}],"wp:term":[{"taxonomy":"category","embeddable":true,"href":"https:\/\/www.freiburg-schwarzwald.de\/blog\/wp-json\/wp\/v2\/categories?post=79647"},{"taxonomy":"post_tag","embeddable":true,"href":"https:\/\/www.freiburg-schwarzwald.de\/blog\/wp-json\/wp\/v2\/tags?post=79647"}],"curies":[{"name":"wp","href":"https:\/\/api.w.org\/{rel}","templated":true}]}}