{"id":79590,"date":"2020-03-07T10:27:58","date_gmt":"2020-03-07T09:27:58","guid":{"rendered":"https:\/\/www.freiburg-schwarzwald.de\/blog\/?p=79590"},"modified":"2020-03-07T10:38:23","modified_gmt":"2020-03-07T09:38:23","slug":"beten-gegen-rechts","status":"publish","type":"post","link":"https:\/\/www.freiburg-schwarzwald.de\/blog\/beten-gegen-rechts\/","title":{"rendered":"Beten gegen Rechts"},"content":{"rendered":"<p>&#8222;Nach den <a title=\"Erfurt: Der Blumenstrau\u00df-Wurf\" href=\"https:\/\/www.freiburg-schwarzwald.de\/blog\/erfurt-der-blumenstrauss-wurf\/\">Wirren<\/a> und Aufregungen der letzten Wochen k\u00f6nnen der Freistaat Th\u00fcringen und seine B\u00fcrgerinnen und B\u00fcrger aufatmen. Endlich k\u00f6nnen wieder im politischen Ringen Sachfragen im Mittelpunkt stehen. <a title=\"Unverzeihlich\" href=\"https:\/\/www.freiburg-schwarzwald.de\/blog\/engagement\/zukunft\/demokratie\/unverzeihlich\/\">Normalit\u00e4t<\/a> und Stabilit\u00e4t sollen fortan den politischen Alltag bestimmen.&#8220; Diese Worte der drei <a title=\"Katholisch\" href=\"https:\/\/www.freiburg-schwarzwald.de\/blog\/religion\/katholisch\/\">katholischen Bisch\u00f6fe<\/a> von Th\u00fcringen verraten, dass sie als Wessis geh\u00e4tschelt aufgewachsen sind, <!--more-->nicht aber <a title=\"DDR\" href=\"https:\/\/www.freiburg-schwarzwald.de\/blog\/global\/deutschland\/ddr\/\">im Osten<\/a> mit leidvoller Erfahrung des brutalen <a title=\"DDR-Stasi\" href=\"https:\/\/www.freiburg-schwarzwald.de\/blog\/global\/deutschland\/ddr-stasi\/\">DDR-Unrechtsstaates<\/a>.<br \/>\n.<br \/>\nMehr Anbiederung an Bodo Ramelow (Linke) geht nicht. Es fehlt nur noch, da\u00df die Bisch\u00f6fe zum &#8222;<a title=\"Links\" href=\"https:\/\/www.freiburg-schwarzwald.de\/blog\/engagement\/zukunft\/demokratie\/links\/\">Beten f\u00fcr Links<\/a>&#8220; bzw. andersrum &#8222;<a title=\"Kampf-gegen-Rechts\" href=\"https:\/\/www.freiburg-schwarzwald.de\/blog\/kultur\/medien\/kampf-gegen-rechts\/\">Beten gegen Rechts<\/a>&#8220; in den Kirchen des Freistaates aufrufen.<br \/>\nSind es &#8222;Wirren&#8220;, wenn das Parlament in Erfurt <a title=\"Demokratie\" href=\"https:\/\/www.freiburg-schwarzwald.de\/blog\/engagement\/zukunft\/demokratie\/\">demokratisch<\/a> korrekt einen FDP-B\u00fcrgerlichen zum Ministerpr\u00e4sidenten gew\u00e4hlt hatte? Ist es &#8222;Normalit\u00e4t&#8220;, wenn an seiner Stelle nun ein Linker der SED-Nachfolgepartei mit Duldung der CDU gew\u00e4hlt wird? \u00dcbrigens: Bodo Ramelow, der von der <a title=\"Katholisch\" href=\"https:\/\/www.freiburg-schwarzwald.de\/blog\/religion\/katholisch\/\">KNA<\/a> als &#8222;roter Christ&#8220; gelobt wird, hatte bei seiner <a title=\"Parlamentarismus\" href=\"https:\/\/www.freiburg-schwarzwald.de\/blog\/engagement\/zukunft\/demokratie\/parlament\/parlamentarismus\/\">Vereidigung<\/a> dennoch auf das &#8222;So wahr mir Gott helfe&#8220; verzichtet &#8211; wenigstens er ist ehrlich.<br \/>\nObwohl wird in Deutschland keine strenge <a title=\"Kirche-Staat\" href=\"https:\/\/www.freiburg-schwarzwald.de\/blog\/religion\/kirche-staat\/\">Trennung von Kirche und Staat<\/a> haben: Die <a title=\"Trennung von Kirche und Staat\" href=\"https:\/\/www.freiburg-schwarzwald.de\/blog\/trennung-von-kirche-und-staat\/\">Kirche<\/a> sollte sich um <a title=\"Seelsorge \u2013 Aufgabe der Kirche\" href=\"https:\/\/www.freiburg-schwarzwald.de\/blog\/seelsorge-aufgabe-der-kirche\/\">Seelsorge<\/a> und <a title=\"Seelsorge gegen Kirchenaustritt\" href=\"https:\/\/www.freiburg-schwarzwald.de\/blog\/seelsorge-gegen-kirchenaustritt\/\">Glauben<\/a> k\u00fcmmern (da gibt es gen\u00fcgend zu tun), nicht aber um die <a title=\"GroKo\" href=\"https:\/\/www.freiburg-schwarzwald.de\/blog\/engagement\/zukunft\/demokratie\/groko\/\">Politik<\/a>.<br \/>\n7.3.2020<br \/>\n.<\/p>\n<p><strong>Erkl\u00e4rung von Bisch\u00f6fen sorgt f\u00fcr Kopfsch\u00fctteln<\/strong><br \/>\nBei deutschen Katholiken gibt es Kopfsch\u00fctteln \u00fcber eine Erkl\u00e4rung von drei katholischen Bisch\u00f6fen zur Wiederwahl von Bodo Ramelow von der Linkspartei am gestrigen Mittwoch als Th\u00fcringer Ministerpr\u00e4sident. In einer Erkl\u00e4rung meine die Erfurter Bischof Ulrich Neymeyr, Bischof Heinrich Timmerevers von Dresden-Mei\u00dfen und Michael Gerber von Fulda: &#8222;Nach den Wirren und Aufregungen der letzten Wochen k\u00f6nnen der Freistaat Th\u00fcringen und seine B\u00fcrgerinnen und B\u00fcrger aufatmen. Endlich k\u00f6nnen wieder im politischen Ringen Sachfragen im Mittelpunkt stehen. Normalit\u00e4t und Stabilit\u00e4t sollen fortan den politischen Alltag bestimmen.&#8220;<br \/>\nDie Wahl von Ramelow wurde am Mittwoch durch die Enthaltungen von CDU und FDP im 3. Wahlgang erm\u00f6glicht. Alexander Mitsch von der <a title=\"WerteUnion\" href=\"https:\/\/www.freiburg-schwarzwald.de\/blog\/vereine\/partei\/cdu\/werteunion\/\">Werteunion<\/a> \u00fcbte hier klare Kritik auf Twitter: &#8222;Dass #CDU und #FDP in #Th\u00fcringen mit Enthaltungen statt Neinstimmen im dritten Wahlgang sehenden Auges dem Kandidaten der umbenannten SED den Weg geebnet haben, ist \u201e<a title=\"Unverzeihlich\" href=\"https:\/\/www.freiburg-schwarzwald.de\/blog\/engagement\/zukunft\/demokratie\/unverzeihlich\/\">unverzeihlich<\/a>\u201c und \u201emuss r\u00fcckg\u00e4ngig gemacht werden\u201c. CSU-Politiker Alex Dorow meinte auf Facebook zur Bischofserkl\u00e4rung: <em>&#8222;Offensichtlich haben die drei Oberhirten vergessen, wie es Millionen von Christen und Kirchenvertretern im Kommunismus weltweit ergangen ist und noch ergeht. Ich empfinde eine solche bisch\u00f6fliche Stellungnahme als Katholik, mit Verlaub, als unertr\u00e4glich.&#8220;<\/em><br \/>\nDie Linkspartei sorgte in Deutschland wenige Stunden zuvor f\u00fcr Emp\u00f6rung, nachdem eine Rednerin bei der Strategie-Konferenz meinte: \u201eAuch wenn wir das eine Prozent der <a title=\"Die Linke: Reiche erschiessen\" href=\"https:\/\/www.freiburg-schwarzwald.de\/blog\/die-linke-reiche-erschiessen\/\">Reichen erschossen haben<\/a>, ist es immer noch so, dass wir heizen wollen, wir wollen uns fortbewegen.\u201c<br \/>\n&#8230; Alles vom 5.3.2020 bitte lesen auf<br \/>\n<a href=\"https:\/\/www.kath.net\/news\/70888\">https:\/\/www.kath.net\/news\/70888<\/a><br \/>\n.<br \/>\nEinige Kommentare:<br \/>\n<strong>Ramelow w\u00e4hlt AfD. Und jetzt?<\/strong><br \/>\nBodo Ramelow hat erkl\u00e4rt, er habe dem AfD-Kandidaten f\u00fcr den Vizeparlamentspr\u00e4sidenten seine Stimme gegeben. Und jetzt? Muss Ramelow zur\u00fccktreten? Wird er gleich verhaftet und vor ein Tribunal gestellt? Denn einen angeblichen Nationalsozialisten (&#8222;Nazi&#8220;) zu w\u00e4hlen, ist ja noch viel schlimmer, als von ihm gew\u00e4hlt zu werden. Verlogen bis dorthinaus&#8230;<br \/>\n5.3.2020, Chr<br \/>\n.<br \/>\n<strong>&#8230; als \u00d6sterreicher<\/strong><br \/>\nIch kann die Mitforisten hier einfach nicht verstehen. Ich als \u00d6sterreicher bin unverd\u00e4chtig, AfD-Parteienwerbung machen zu wollen. Weil ich mich aber um die Zukunft auch der Millionen deutschen jungen Menschen sorge, habe ich intensiv die parlamentarischen Wortmeldungen der AfD &#8211; Vertreter verfolgt. Hier sind definitiv keine Nazis am Werk, sondern engagierte mutige und kluge Menschen! Sie setzen sich stark f\u00fcr die traditionelle Familie ein, daf\u00fcr gegen den Gender- Feninismus und Homowahn, gegen den Klimairrsinn der dem Land vergeudete Milliarden kostet &#8211; \u00fcbrigens meist unter h\u00e4mischen Gel\u00e4chter der Altparteien-Frauen (h\u00f6ren Sie mal bei dem engagierten Martin Reichardt rein). Ja, nat\u00fcrlich ist auch gegen die unkontrollierte Massenzuwanderung, die f\u00fcr ALLE Beteiligten eine Katastrophe ist, ein gewichtiges Thema. Mag sein, dass der eine oder andere (anscheinend Herr H\u00f6cke) sehr populistisch die Dinge an den Mann bringen will, das machen die anderen Parteien viel grausamer.<br \/>\n5.3.2020, gar<br \/>\n.<br \/>\n<strong>\u201eNazi\u201c-Tourette, ein neues Volksleiden?<\/strong><br \/>\nImmer mehr Menschen in Deutschland scheinen \u201enach Th\u00fcringen\u201c das Problem zu haben, kaum noch einen einzigen Satz \u00e4u\u00dfern zu k\u00f6nnen ohne mindestens zweimal \u201eNazi\u201c gesagt zu haben. Die fast schon pandemische Ausbreitung des \u201eFaschismus\u201c-, resp. \u201eNazi\u201c-Vorwurfes mutet seltsam an, denn in Deutschland gibt es Gesetze und ein Grundgesetz. Demnach k\u00f6nnen verfassungsfeindliche Parteien verboten werden (Art. 21 GG) und Nazis auf der Grundlage von Paragraph 130 in den Knast wandern. Wenn alle diejenigen, die im Brustton tiefster \u00dcberzeugung die AfD als \u201efaschistisch\u201c und dergl. verbellen, sagen k\u00f6nnten, wieso sie es dulden, dass angeblich \u201eNazis\u201c in deutschen Parlamenten sitzen und nicht im Knast (wie z.B. Horst Mahler), dann w\u00fcrden wir uns der Wahrheit n\u00e4hern:<br \/>\na) der Wahrheit \u00fcber die AfD, die in Teilen rechtspopulistisch sein mag, aber eben nicht faschistisch, und<br \/>\nb) der Wahrheit \u00fcber die \u201eNazi, Nazi\u201c-Schreih\u00e4lse, die genau wissen, dass der von Ihnen erhobene Vorwurf haltlos ist.<br \/>\n5.3.2020, Pun<br \/>\n.<br \/>\n<strong>Was steckt hinter dem Verhalten der drei Bisch\u00f6fe?<\/strong><br \/>\nME huldigen die Bisch\u00f6fe &#8211; ebenso wie der aktuelle Papst &#8211; einem in der \u201eLinken\u201c getarnten Marxismus (neben der Freimaurerei, ein Hauptfeind alles Katholischen), einem einsickernden Pseudoliberalismus sowie dem Bestreben der Errichtung einer einheitlichen Religion, in der alle Menschen \u00fcbereinstimmen. Schon Dietrich von Hildebrand erkannte &#8211; in prophetischer Weise \u2013 eine zuk\u00fcnftige Kirchenkrise, weil die neuen H\u00e4retiker nicht nur einzelne Wahrheiten ablehnen, sondern den Anspruch der Wahrheit \u00fcberhaupt verneinen. Die Prozesse schreiten nicht nur kontinuierlich, sondern auch systematisch voran, um die Eskalation der Konflikte, den keimenden Widerstand und das Veto der im Wahren Katholischen Glauben und daher standhaft bleiben wollenden Gl\u00e4ubigen zu vermeiden. Der Dialog wird zunehmend auf Kosten der Wahrheit und Richtigkeit als dia\u00aclektisches Spiel betrieben. Im Zuge dieser Dekantierung und Verw\u00e4sserung des \u00dcberlieferten wird nichts verurteilt, nichts ausgeschlossen. Alles wird umarmt.<br \/>\n5.3.2020, Phi<br \/>\n.<br \/>\n<strong>In Th\u00fcringen wurde die Demokratie mit F\u00fc\u00dfen getreten<br \/>\n<\/strong>indem eine demokratische Wahl mithilfe der C-Partei zunichte gemacht wurde. Anstatt diese Schandtat aufs Sch\u00e4rfste zu verurteilen, \u00fcben sich die hohen Herren im Anbiedern an marxistische Methoden und Strukturen. &#8211; Vielleicht weil sie es von der DBK bereits gewohnt sind?!. Auf solche Bisch\u00f6fe kann Deutschland jedenfalls gut und gerne verzichten: Man sollte sie allesamt nach China entsenden, um den Kommunismus einmal hautnah zu erleben! Ersch\u00fctternd, in welchem Ausma\u00df die Gehirnw\u00e4sche auch Teile des Episkopats erfa\u00dft hat!<br \/>\n5.3.2020, Lil<\/p>\n<p><strong>Dass Bisch\u00f6fe diese &#8222;Wahl&#8220; Ramelows f\u00fcr gut erachten, ist nicht zu fassen!<\/strong><br \/>\nSind denn alle nur noch auf dem linken Auge blind? Haben diese Bisch\u00f6fe denn schon vergessen, was der heilige Papst Johannes Paul II im kommunistischen System erlebt und erlitten hat und mit ihm -zig Millionen Menschen weltweit? Sowohl Kommunismus\/Sozialismus, als auch Nationalsozialismus, sind mit Demokratie unvereinbar. W\u00e4hrend aber gegen Rechts gnadenlos vorgegangen wird (bei Radikalen absolut angebracht), k\u00f6nnen die Antifa-Schl\u00e4ger wahllos Autos abfackeln, gegnerische Parteizentralen verw\u00fcsten (\u00fcberwiegend von der AfD) und &#8211; schlimmer noch &#8211; Menschen verletzen. Warum wird da nicht st\u00e4rker durchgegriffen? Diese Chaotenbanden werden ja von den Linksparteien noch finanziert. Und ich frage mich immer wieder: Wo ist bitte der gesunde Menschenverstand geblieben? Jeder, der normal denken kann, w\u00fcrde diese linken Parteien nicht w\u00e4hlen. Also? Hohle Birne bei vielen B\u00fcrgern?<br \/>\n5.3.2020, Dot<br \/>\n.<br \/>\n<strong>Ungeheuerlich und unverzeihlich, was diese Bisch\u00f6fe da von sich geben!<\/strong><br \/>\nHerr Ramelow wurde abgew\u00e4hlt &#8211; jetzt wurde er durch Stimmenthaltungen doch noch zum Ministerpr\u00e4sidenten &#8218;gemogelt&#8216;. Die LINKE ist die Nachfolgepartei der SED und somit immer noch kommunistisch! Ich fasse es nicht, dass Bisch\u00f6fe sich f\u00fcr ihn stark machen. Unter dem Kommunismus hatten und haben die Christen immer noch zu leiden, viele ehemalige DDR-B\u00fcrger haben das sicherlich noch nicht vergessen. In dem vorherrschenden Atheismus heutzutage haben wir Katholiken auch zu leiden, man denke nur an die schlechte Presse, die auf die katholische Kirche einpr\u00fcgelt.<br \/>\nIhr Bisch\u00f6fe, die ihr euch so f\u00fcr die Linke-links-gr\u00fcne Agenda stark macht, ihr schafft es, auch noch die letzten treuen Katholiken aus der Kirche zu verjagen.<br \/>\n5.3.2020, Christa M.<br \/>\n.<br \/>\n<strong>Fr\u00fcher waren Bisch\u00f6fe Garanten f\u00fcr Recht und Gerechtigkeit,<\/strong><br \/>\ndie sich f\u00fcr die Wahrheit, Erhaltung der Moral und des christlichen Glaubens einsetzten. &#8211; Das war fr\u00fcher. Heute sind fast alle von ihnen als Simonisten der Politik mit dem Zeitgeist verheiratet. Sehr traurig, dass auch die Herren Neymeyr, Timmerevers und Gerber auf dieser Mainstreamwelle reiten. Sie sollten bedenken, dass nur tote Fische mit dem Strom schwimmen.<br \/>\n5.3.2020, Lil<br \/>\n.<br \/>\n<strong>Diktatur<\/strong><br \/>\n&#8222;Normalit\u00e4t und Stabilit\u00e4t sollen fortan den politischen Alltag bestimmen.&#8220; Es gibt nichts stabileres als eine Diktatur. Keine Diskussion, kein Abweichen, keine \u00dcberraschungen, keine Freiheit. Die Normalit\u00e4t besteht im kuschen, sich ducken und A&#8230;kriechen. Danke Frau Merkel. Bisch\u00f6fe sollten sich der Parteipolitik enthalten. Geht und kritisiert mal die Abtreibung und die Zerst\u00f6rung der Kinder durch Genderpropaganda und &#8222;Sexualerziehung&#8220;.<br \/>\n5.3.2020, Topi<\/p>\n<p><strong>Ich bin Th\u00fcringer,war in der DDR als Katholik politisch engagiert,<\/strong><br \/>\nhabe die Wende mitorganisiert,Flugbl\u00e4tter heimlich gedruckt, war in der CDU,nun AfD. Mut bekamen wir immer von unserem Bischof Wanke in Erfurt, nicht dem Zeitgeist nachzugeben und unser Christsein zu verteidigen.Und da kommen jetzt diese Wessi-Bisch\u00f6fe daher, von nix in der DDR eine Ahnung und s\u00e4useln mit den Linken! Haben scheinbar nichts Besseres zu tun, als sich diesem Linken anzudienen!Peinlicher geht nicht mehr und absto\u00dfender auch nicht. Das ist ein Schlag in das Gesicht der vielen engagierten Katholiken, auch der Opfer dieser Diktatur in der DDR. Ich habe sowas von fertig mit diesen Zeitgeistbisch\u00f6fen: Mein Gott, was war ein Kardinal von Galen f\u00fcr ein Kaliber oder Kardinal Meissner in Erfurt! Wie standhaft im Glauben. Ich bin fassungslos&#8230;<br \/>\n5.3.2020, Hen<br \/>\n.<br \/>\n<strong>An die Drei Hochw\u00fcrdigen Herren oder vielmehr &#8222;Fragw\u00fcrdigen&#8220; Herren<\/strong><br \/>\nIhnen ist bestimmt bekannt das es sich bei der Linkspartei, der Herr Ramelow angeh\u00f6rt um eine umbenannte SED handelt die keinen Hehl daraus macht und sogar noch dazu steht. Diese Partei hat 40 Jahre die Leute in der ehemaligen &#8222;DDR&#8220; eingesperrt bestenfalls nur Reisen in &#8222;sozialistische Bruderstaaten&#8220; zugelassen, die Leute ausgespitzelt bzw. andersdenkende gleich in Richtung &#8222;Bautzen&#8220; abgeschoben. Die linkspartei hat sich bisher nicht davon distanziert oder entschuldigt. War die erste Wahl Ramelows ein Schlag f\u00fcr alle Opfer und Christen, ist die zweite Wahl dieses &#8222;Herren&#8220; ein weiterer Schlag noch dazu von &#8222;Merkels-Gnaden&#8220;. Ein Aufatmen also? Sch\u00f6n liebe Th\u00fcringer Bisch\u00f6fe das Sie Ihre Karten auf den Tisch gelegt haben, wissen die katholischen Christen in Th\u00fcringen wie jetzt sie dran sind. Das &#8222;Bundesrepubilkanische Staatskirchentum&#8220; aller PC ist l\u00e4ngst schon errichtet. Treten Sie bitte umgehend zur\u00fcck!!<br \/>\n5.3.2020, Edith<br \/>\n.<br \/>\n<strong>Wundern kann mich das kaum noch!<\/strong><br \/>\nGerade nach der erschreckenden Aussage \u00fcber &#8222;Erschie\u00dfungen der Reichen&#8220; ist es kaum nachvollziehbar, dass sich drei Bisch\u00f6fe positiv zum Wahlergebnis \u00e4ussern. Nat\u00fcrlich hat Bodo Ramelow diese Aussage nicht selbst gemacht, er kann nichts daf\u00fcr, wenn eine Partei-&#8222;Mitglied*in&#8220; so etwas von sich gibt.<br \/>\nAber wenn umgekehrt ein AfD-ler irgend etwas -inhaltlich sogar weniger- Anst\u00f6\u00dfiges sagt, wird dies stets und automatisch der ganzen Partei angekreidet.<\/p>\n<p><strong>Es ist halt wie immer: Es wird mit zweierlei Ma\u00df gemessen.<\/strong><br \/>\nAls FDP-Mann Kemmerich gew\u00e4hlt wurde, musste das auf Anweisung von ganz oben r\u00fcckg\u00e4ngig gemacht werden.<br \/>\nRamelow wird gew\u00e4hlt, ihm wird kein Blumenstrau\u00df vor die F\u00fc\u00dfe geschmissen.<br \/>\nStattdessen darf er sich \u00fcber die wohlwollenden \u00c4usserungen dreier Bisch\u00f6fe freuen.<br \/>\nDie fehlende Bekr\u00e4ftigung &#8222;So wahr mir Gott helfe&#8220; ist dabei kein Hindernis.<br \/>\n5.3.2020, Her<\/p>\n","protected":false},"excerpt":{"rendered":"<p>&#8222;Nach den Wirren und Aufregungen der letzten Wochen k\u00f6nnen der Freistaat Th\u00fcringen und seine B\u00fcrgerinnen und B\u00fcrger aufatmen. Endlich k\u00f6nnen wieder im politischen Ringen Sachfragen im Mittelpunkt stehen. Normalit\u00e4t und Stabilit\u00e4t sollen fortan den politischen Alltag bestimmen.&#8220; Diese Worte der &hellip; <a href=\"https:\/\/www.freiburg-schwarzwald.de\/blog\/beten-gegen-rechts\/\">Weiterlesen <span class=\"meta-nav\">&rarr;<\/span><\/a><\/p>\n","protected":false},"author":2,"featured_media":0,"comment_status":"open","ping_status":"closed","sticky":false,"template":"","format":"standard","meta":{"footnotes":""},"categories":[18,36,261,13,19,171],"tags":[697,633,503,631],"class_list":["post-79590","post","type-post","status-publish","format-standard","hentry","category-bildung","category-engagement","category-katholisch","category-kultur","category-religion","category-verbraucher","tag-ddr","tag-demokratie","tag-church","tag-staat"],"_links":{"self":[{"href":"https:\/\/www.freiburg-schwarzwald.de\/blog\/wp-json\/wp\/v2\/posts\/79590","targetHints":{"allow":["GET"]}}],"collection":[{"href":"https:\/\/www.freiburg-schwarzwald.de\/blog\/wp-json\/wp\/v2\/posts"}],"about":[{"href":"https:\/\/www.freiburg-schwarzwald.de\/blog\/wp-json\/wp\/v2\/types\/post"}],"author":[{"embeddable":true,"href":"https:\/\/www.freiburg-schwarzwald.de\/blog\/wp-json\/wp\/v2\/users\/2"}],"replies":[{"embeddable":true,"href":"https:\/\/www.freiburg-schwarzwald.de\/blog\/wp-json\/wp\/v2\/comments?post=79590"}],"version-history":[{"count":0,"href":"https:\/\/www.freiburg-schwarzwald.de\/blog\/wp-json\/wp\/v2\/posts\/79590\/revisions"}],"wp:attachment":[{"href":"https:\/\/www.freiburg-schwarzwald.de\/blog\/wp-json\/wp\/v2\/media?parent=79590"}],"wp:term":[{"taxonomy":"category","embeddable":true,"href":"https:\/\/www.freiburg-schwarzwald.de\/blog\/wp-json\/wp\/v2\/categories?post=79590"},{"taxonomy":"post_tag","embeddable":true,"href":"https:\/\/www.freiburg-schwarzwald.de\/blog\/wp-json\/wp\/v2\/tags?post=79590"}],"curies":[{"name":"wp","href":"https:\/\/api.w.org\/{rel}","templated":true}]}}