{"id":79017,"date":"2020-02-09T15:35:13","date_gmt":"2020-02-09T14:35:13","guid":{"rendered":"https:\/\/www.freiburg-schwarzwald.de\/blog\/?p=79017"},"modified":"2020-02-11T13:10:44","modified_gmt":"2020-02-11T12:10:44","slug":"rueckgaengig-weil-unverzeihlich","status":"publish","type":"post","link":"https:\/\/www.freiburg-schwarzwald.de\/blog\/rueckgaengig-weil-unverzeihlich\/","title":{"rendered":"R\u00fcckg\u00e4ngig, weil unverzeihlich"},"content":{"rendered":"<p>Hingegen hat niemand in den <a title=\"GEZ-Medien\" href=\"https:\/\/www.freiburg-schwarzwald.de\/blog\/kultur\/medien\/gez-medien\/\">\u00f6ffentlichen<\/a> oder in den <a title=\"Haltungsjournalismus\" href=\"https:\/\/www.freiburg-schwarzwald.de\/blog\/kultur\/medien\/journalismus\/haltungsjournalismus\/\">Leitmedien<\/a> darauf aufmerksam gemacht, was eine <a title=\"Merkelismus\" href=\"https:\/\/www.freiburg-schwarzwald.de\/blog\/engagement\/zukunft\/demokratie\/merkelismus\/\">Bundeskanzlerin<\/a> tut, wenn sie die v\u00f6llig <a title=\"Rechtsstaat\" href=\"https:\/\/www.freiburg-schwarzwald.de\/blog\/selbsthilfe\/soziales\/justiz\/rechtsstaat\/\">rechtskonform<\/a> erfolgte <a title=\"Wahlvolk\" href=\"https:\/\/www.freiburg-schwarzwald.de\/blog\/engagement\/zukunft\/demokratie\/wahlvolk\/\">Wahl<\/a> eines Ministerpr\u00e4sidenten als <a title=\"Unverzeihlich\" href=\"https:\/\/www.freiburg-schwarzwald.de\/blog\/engagement\/zukunft\/demokratie\/unverzeihlich\/\">\u201eunverzeihlich<\/a>\u201c bezeichnet, als <a title=\"Parteienstaat\" href=\"https:\/\/www.freiburg-schwarzwald.de\/blog\/engagement\/zukunft\/demokratie\/parteienstaat\/\">\u201eFehler, der r\u00fcckg\u00e4ngig gemacht werden muss\u201c<\/a>. Dagegen ist alles v\u00f6lkische Geschwafel eines Bj\u00f6rn H\u00f6cke geradezu <a title=\"Verfassung\" href=\"https:\/\/www.freiburg-schwarzwald.de\/blog\/engagement\/zukunft\/demokratie\/verfassung\/\">staatstragend<\/a>. <!--more-->Denn es steht der <a title=\"Unverzeihlich\" href=\"https:\/\/www.freiburg-schwarzwald.de\/blog\/engagement\/zukunft\/demokratie\/unverzeihlich\/\">Vorsteherin<\/a> der <a title=\"Warnung: Hans-Juergen Papier\" href=\"https:\/\/www.freiburg-schwarzwald.de\/blog\/warnung-hans-juergen-papier\/\">Exekutive<\/a> nicht zu, eine solche <a title=\"Post-Demokratie\" href=\"https:\/\/www.freiburg-schwarzwald.de\/blog\/engagement\/zukunft\/demokratie\/post-demokratie\/\">Forderung<\/a> aufzustellen. Au\u00dfer, es g\u00e4be ein neues <a title=\"Demokratie\" href=\"https:\/\/www.freiburg-schwarzwald.de\/blog\/engagement\/zukunft\/demokratie\/\">Erm\u00e4chtigungsgesetz<\/a>, das mir <a title=\"Unverzeihlich\" href=\"https:\/\/www.freiburg-schwarzwald.de\/blog\/engagement\/zukunft\/demokratie\/unverzeihlich\/\">nicht bekannt<\/a> ist.<br \/>\n.. Alles von Ren\u00e9 Zeyer vom 8.2.2020 bitte lesen auf<br \/>\n<a href=\"https:\/\/www.achgut.com\/artikel\/chronik_eines_angekuendigten_untergangs\">https:\/\/www.achgut.com\/artikel\/chronik_eines_angekuendigten_untergangs<\/a><br \/>\noder <a href=\"https:\/\/www.nzz.ch\">https:\/\/www.nzz.ch<\/a><br \/>\n..<br \/>\n<em>Ren\u00e9 Zeyer, geboren 1955 in Berlin, Hauptstadt der DDR, arbeitete f\u00fcr \u201eTransatlantik\u201c, \u201eWiener\u201c, \u201eSchweizer Illustrierte\u201c, \u201eSonntagsZeitung\u201c und \u201eBasler Zeitung\u201c, war viele Jahre Auslandkorrespondent der Neuen Z\u00fcrcher Zeitung mit Wohnsitz Havanna. Er hat diverse B\u00fccher ver\u00f6ffentlicht, darunter den \u201eSpiegel\u201c-Besteller \u201eBank, Banker, Bankrott\u201c. Mit seinem letzten Werk \u201eArmut ist Diebstahl\u201c provozierte er kr\u00e4ftigen Gegenwind des neuen Juste Milieus.<\/em><\/p>\n<p>.Kommentare:<br \/>\n<strong>.. Wahl wiederholen, weil das Ergebnis den Granden aus Linken, CDU und SPD nicht passt?<\/strong><br \/>\nHallo Herr Zeyer. Vielen Dank f\u00fcr Ihre treffende Deutlichkeit. Das muss man sich wirklich einmal auf der Zunge zergehen lassen.<br \/>\n<em><strong>Ein rechtm\u00e4ssig gew\u00e4hlter Ministerpr\u00e4sident der FDP\u00a0erkl\u00e4rt seinen R\u00fccktritt,<br \/>\nweil ein hierzu v\u00f6llig unberechtigter Koalitionsausschuss aus CDU und SPD es so beschlossen hat<br \/>\nund weil die Kanzlerin das so will?<\/strong><\/em><br \/>\nWas hat die da zu wollen?<br \/>\nIst dieser Irrsinn noch zu toppen?<br \/>\nRechtm\u00e4ssig erfolgte Wahlen eines Bundeslandes sollen wiederholt werden, weil das letzte Ergebnis den Granden aus Linken, CDU und SPD nicht passt?<br \/>\nDie Kanzlerin entl\u00e4sst den Ost-Beauftragten, Mitglied der eigenen Partei, weil Gr\u00fcne und SPD es so wollen?<br \/>\nErfurt hat wahrlich mehr Klarheit zutage gebracht als man hatte vermuten k\u00f6nnen. Und es wird noch viel mehr folgen. Die Leute von der Werteunion k\u00f6nnen sich mal schon die H\u00e4lse rasieren lassen.<br \/>\n8.2.2020, D.F.<\/p>\n<p><strong>Seit den vergangenen zwei Tagen habe ich Angst.<\/strong><br \/>\n&#8230; Und ich h\u00e4tte noch einiges hinzuzuf\u00fcgen, was aus meiner Hilflosigkeit heraus aber zu brachial klingen w\u00fcrde.<br \/>\nEs geht nicht mehr. Seit einiger Zeit und besonders seit den vergangenen zwei Tagen habe ich Angst.<br \/>\nDie Kanzlerin hat ein \u00f6ffentliches Hobby-IM Telefon abgesegnet \u2013 und die Schlapph\u00fcte tummel sich wohl auch hier.<br \/>\nUnd ich habe nichts. Garnichts.<br \/>\nUnd wer weis\u00b4 wo ich noch enden w\u00fcrde, wenn es so weitergeht\u2026mit dieser albtraumhaften Reise, mit dieser <a title=\"Transformation\" href=\"https:\/\/www.freiburg-schwarzwald.de\/blog\/natur\/klima\/transformation\/\">Grossen Transformation<\/a> in die neue Volksrepublik Deutschland.<br \/>\nMit einem Antifa-Pflasterstein in meinem Gesicht \u2013 oder in einem Correctional Camp in Th\u00fcringen?<br \/>\n8.2.2020, U.K.<br \/>\n.<\/p>\n<p><strong>Will die Politik nicht vom Volk gest\u00f6rt werden?<\/strong><br \/>\nEine Polit-Kaste (nicht nur in Deutschland) hat sich bequem eingerichtet und m\u00f6chte nicht gest\u00f6rt werden. Schon gar nicht vom Volk. Das Volk sp\u00fcrt, dass man es an der Nase herum f\u00fchrt (nicht nur in Frankreich) und wird missmutig. Ein Ausdruck f\u00fcr den Missmut ist etwa das Entstehen der AfD.<br \/>\nSchaffen es (echte) Vertreter des Volkes in hohe Positionen zu gelangen, versucht man sie auszutricksen (nicht nur in den USA). Die Polit-Kaste duldet nur ihnen genehme, neue Mitglieder. \u201eVertreter des Volkes\u201c kann es nicht gebrauchen. Nur wer ihr Spiel mitspielt, wird aufgenommen.<br \/>\nUntereinander versteht man sich und jeder akzeptiert die (unausgesprochenen) Spielregeln. Spielverderber werden gehasst. Denn niemand darf dem Volk verraten, worum es bei dem Spiel geht. Und niemand darf dem Volk verraten, dass sich niemand f\u00fcr es interessiert. Das Volk kommt an allerletzter Stelle. Nur wei\u00df es davon nichts. Es glaubt den Worten der Onkels und Tanten aus dem Fernseher und geht brav alle paar Jahre zur Wahl. Nur bitte nicht die Polit-Journalisten-Kaste st\u00f6ren. Denn die f\u00fchrt ein <a title=\"Parteienstaat\" href=\"https:\/\/www.freiburg-schwarzwald.de\/blog\/engagement\/zukunft\/demokratie\/parteienstaat\/\">partei\u00fcbergreifendes Eigenleben<\/a>.<br \/>\n8.2.2020, WA.<br \/>\n.<br \/>\n<strong>Wenn es eine Zeitenwende gibt, kommt sie aus dem Ausland.<\/strong><br \/>\nWenn GB jetzt wirtschaftliche Zeichen setzt, kann das die EU sehr unter Druck setzen. Gewinnt in Italien Salvini die n\u00e4chsten Wahlen, w\u00fcrde das vermutlich das Anfang des Ende des Euros einleiten. Und dann bleibt kein Stein mehr auf dem anderen. Und nat\u00fcrlich geht irgendwann dem System das Geld aus. Allerdings wird es wie beim Zusammenbruch des Ostblocks erstmal ein Jammertal geben, weil unsere bisherigen Regierung so auf Pump gelebt haben, dass nichts mehr da ist.<br \/>\n8.2.2020., M.L.<br \/>\n.<\/p>\n<p><a title=\"AfD\" href=\"https:\/\/www.freiburg-schwarzwald.de\/blog\/vereine\/partei\/afd\/\">Herr H\u00f6cke, wenn Sie\u00a0(nach Erfurt) etwas f\u00fcr unser Land tun wollen: Wandern Sie aus!<\/a>\u00a0(9.2.2020)<\/p>\n<p>.<a title=\"CDU \u2013 keine Partei der Mitte?\" href=\"https:\/\/www.freiburg-schwarzwald.de\/blog\/cdu-keine-partei-der-mitte\/\">CDU \u2013 keine Partei der Mitte mehr?<\/a>\u00a0(10.2.2020)<\/p>\n<p>&nbsp;<\/p>\n<p><strong>Ministerpr\u00e4sident Kemmerich: die Demokratie ist auf seiner Seite<\/strong><br \/>\n<em>Was k\u00f6nnten kritische B\u00fcrger tun?<\/em><br \/>\nNicht die CDU, nicht die FDP, nicht die Kanzlerin und auch nicht die Gr\u00fcnen oder Linken haben zu bestimmen, was jetzt geschieht. Es sind die demokratischen Institutionen und nur sie. Es darf nicht der Mob der Stra\u00dfe sein, der jetzt durch die Stra\u00dfen zieht, nun auch FDP und CDU angreift, weil ihm das Ergebnis einer Wahl nicht passt. Wo kommen wir hin, wenn ein paar wirre Rechthaber meinen, mit Plakaten, Schmierereien und Gegr\u00f6le einen rechtm\u00e4\u00dfig gew\u00e4hlten Repr\u00e4sentanten unter Druck zu setzen?<br \/>\nWarum besch\u00fctzt die Polizei die Familie, und die Kinder Kemmerichs nicht ausreichend?<br \/>\n<em><strong>Ist es schon so weit, dass nur derjenige gew\u00e4hlt werden darf, der den LINKEN gef\u00e4llt und jeder Andere wird aus dem Amt gejagt?<\/strong> <\/em><br \/>\nDann w\u00e4re die Demokratie am Ende. Sie hat heute schweren Schaden erlitten. Eigentlich sollte es Unterst\u00fctzung f\u00fcr den einsamen Mann in der Staatskanzlei Erfurt geben, gerade weil Merkel und die FDP ihn offen bek\u00e4mpfen, die LINKE und SPD sowieso. Die demokratischen Institutionen dieses Landes vor dem Mob, vor Merkel und ihren Helfershelfern zu sch\u00fctzen, ist ein Ziel, das derzeit niemand formuliert. Warum?<\/p>\n<p><em>Th\u00fcringen und der Brexit<\/em><br \/>\n<a title=\"Johnson: Rede nach dem Brexit\" href=\"https:\/\/www.freiburg-schwarzwald.de\/blog\/johnson-rede-nach-dem-brexit\/\">Gro\u00dfbritannien<\/a> scheint die Krise des Austritts-Referendum und die Spaltung der Gesellschaft zu \u00fcberwinden. Weil gestritten und gek\u00e4mpft und debattiert und obwohl getrickst wurde ohne Ende und das alles schmerzhaft. Aber Gro\u00dfbritannien hat seine Demokratie und seine Institutionen bewahrt.<br \/>\nDeutschland f\u00fchrt sich auf wie eine Bananenrepublik, in der ein Machthaber so regiert, wie er will und seine Helfershelfer willf\u00e4hrig mitmachen. Das ist besch\u00e4mend. Roger K\u00f6ppel schreibt in der Z\u00fcrcher Weltwoche, dass die Demokratie in Deutschland noch sehr jung sei.<br \/>\nNoch gilt das Grundgesetz. Diese Beobachtung ist so zutreffend wie besch\u00e4mend. Deutschland macht sich l\u00e4cherlich. <em><strong>Das Parteiensystem ist dabei, ganz zu versagen,<\/strong><\/em> weil es die rechtlichen Bedingungen und Ordnungen leichtfertig zu \u00fcbert\u00f6lpeln versucht. Es ist ihnen gelungen. &#8230; Alles vom 9.2.2020 von Roland Tichy bitte \u00e4esen auf<br \/>\n<a href=\"https:\/\/www.tichyseinblick.de\/tichys-einblick\/ministerpraesident-kemmerich-die-demokratie-ist-auf-seiner-seite\/\">https:\/\/www.tichyseinblick.de\/tichys-einblick\/ministerpraesident-kemmerich-die-demokratie-ist-auf-seiner-seite\/<\/a><br \/>\n.<br \/>\nEinige Kommentare:<br \/>\n<strong>Vorzug f\u00fcr Post-Demokratie?<\/strong><br \/>\nFazit: Die Grundlagen der freiheitlich b\u00fcrgerlichen Demokratie werden von von der politischen Klasse weder verstanden, noch vertreten. Der <a title=\"Post-Demokratie\" href=\"https:\/\/www.freiburg-schwarzwald.de\/blog\/engagement\/zukunft\/demokratie\/post-demokratie\/\">diktatorischen gelenkten Demokratie<\/a> wird der Vorzug gegeben. Rationalit\u00e4t und Vernunft fallen totalit\u00e4rem linken Machtanspruch zum Opfer.<br \/>\n9.2.2020, G.F.<br \/>\n.<br \/>\n<strong>Freie Wahlen wurden r\u00fcckg\u00e4ngig gemacht!<\/strong><br \/>\nDen Dammbruch von Erfurt, wo freie und geheime Wahlen auf Druck des politisch-medialen Komplexes R\u00dcCKG\u00c4NGIG (!) gemacht wurden, werden die Menschen so schnell nicht vergessen!<br \/>\nWem die Demokratie am Herzen liegt, der kann sich nur mit Grausen von diesem Schmierentheater abwenden, das Gr\u00fcnLinks bis hin zur Kanzlerin aufgef\u00fchrt haben! Ihre willigen Helfershelfer von ARD, ZDF, Spiegel, SZ, taz, Zeit, etc. standen schnell parat, um Seit\u2018 an Seit\u2018 den Marsch Richtung DDR 2.0 fortzusetzen.<br \/>\nInsbesondere der Spiegel \u2013 fr\u00fcher das selbsternannte \u201eSturmgesch\u00fctz der Demokratie\u201c \u2013 war schnell mit dabei die Reihen der Demokratiefeinde zu schlie\u00dfen. Und die \u00f6ffentlich-rechtlichen Medien sind auch l\u00e4ngst auf Linie gebracht und verbreiten nur noch stramm ihre \u00f6ko-sozialistischen, anti-demokratischen Phrasen.<br \/>\nMan muss sich mittlerweile ernste Sorgen machen um den Zustand unseres Landes, wenn freie Wahlen mit \u201enicht genehmen\u201c Ergebnissen R\u00dcCKG\u00c4NGIG gemacht werden k\u00f6nnen. Und eine Kanzlerin dies sogar w\u00f6rtlich fordert! \u00dcbrigens ist die Wahrnehmung im Volk, nach dem was ich so mitbekomme, eine ganz andere als die, wie sie uns die Wochenschau abends um 20 Uhr im Ersten vermitteln will. Ein paar Dutzend linksextremer Demonstranten werden da als personifizierter B\u00fcrgerwille verkauft \u2013 was f\u00fcr ein Hohn! Was hat das noch mit Journalismus zu tun?<br \/>\nMan ist fassungslos, aber wir d\u00fcrfen unser Land nicht den Demokratiefeinden \u00fcberlassen. Die n\u00e4chste Wahl kommt bestimmt. Obwohl, wenn ich\u2019s mir recht \u00fcberlege, wer wei\u00df das schon\u2026<br \/>\n9.2.2020, J.A.<br \/>\n.<br \/>\n<strong>\u2026wo bleiben Staatsschutz und Verfassungsschutz?<\/strong><br \/>\n\u2013 ein rechtm\u00e4\u00dfig gew\u00e4hlter Ministerpr\u00e4sident wurde inclusive Familie bedroht<br \/>\n\u2013 die rechtm\u00e4\u00dfig durchgef\u00fchrte Wahl wurde im Nachhinein \u00f6ffentlich angezweifelt und ihre R\u00fcckg\u00e4ngigmachung gefordert.<br \/>\n\u2013 Wahlgratulanten (nicht zum iranischen Nationalfeiertag) wurden diffamiert.<br \/>\n\u2013 Es wurde (vom Landtag aus gesehen) au\u00dferparlamentarischer Druck auf den amtierenden Ministerpr\u00e4sidenten ausge\u00fcbt, der aus unerfindlichen Gr\u00fcnden \u201ezur\u00fccktritt\u201c.<br \/>\nWas liegt hier vor? Der Druck der Stra\u00dfe? Einflu\u00dfnahme welcher Regierungen? Ausl\u00e4ndische Regierungen, nein? Inl\u00e4ndische Regierungen au\u00dferhalb ihrer Zust\u00e4ndigkeit? Wer ermittelt?<br \/>\n9.2.2020, Rol<br \/>\n.<br \/>\n<strong>Dasselbe: Th\u00fcringen wie EU-Wahl<\/strong><br \/>\nDas Procedere ist nicht neu, sondern erinnert an die Europawahl, wo ein gew\u00e4hlter Spitzenkandidat mirnichtsdirnichts durch die Flinten-Uschi ersetzt wurde. Warum? Weil es Macron und Merkel so gef\u00e4llt! Gelebte Demokratie halt! Schlichtweg zum Heulen\u2026\u2026<br \/>\n9.2.2020, K.W.<br \/>\n.<br \/>\n<strong>\u201eDas Parteiensystem ist dabei, ganz zu versagen,<\/strong><br \/>\nweil es die rechtlichen Bedingungen und Ordnungen leichtfertig zu \u00fcbert\u00f6lpeln versucht.\u201c<br \/>\n\u2026.und es ist ihnen schlicht egal den Parteien und den W\u00e4hlern. Denn der \u201eDeutsche\u201c ist schlicht obrigkeitsh\u00f6rig, schlimmer als in den 60ern, weil auch noch zus\u00e4tzlich satt und br\u00e4sig dazu.<br \/>\nOb Gr\u00fcn Schwarz oder RRG kommt, ist vollkommen egal. Es wird d\u00fcster werden.<br \/>\n9.2.2020, nha<br \/>\n.<br \/>\n<strong>Mir ist gestern etwas klar geworden: Die Stigmatisierung funktioniert!<\/strong><br \/>\nNur solange die Altparteien die AfD konsequent ausgrenzen und so zum unw\u00e4hlbaren Paria f\u00fcr die harmoniebed\u00fcrftige Masse machen, verhindern sie einen Dammbruch (das Wort war medial schon richtig gew\u00e4hlt)! Niemand von den Mainstream-Medien sowie Altparteien (bzw deren F\u00fchrungseliten) kommt da mehr ohne Gesichtsverlust heraus. Aber weil es immer weniger funktioniert \u2013 gerade in Th\u00fcringen \u2013 und ihnen nichts besseres einf\u00e4llt, wird es auch zuk\u00fcnftig immer schriller! Wir werden noch krasse Zeiten erleben, das Ende der Fahnenstange ist hier leider noch lange nicht erreicht (wie beim Euro)!<br \/>\n9.2.2020, Pg<br \/>\n.<br \/>\n<strong>Merkels Druck auf CDU-Abgeordnete?<\/strong><br \/>\nHabe gerade auf Focus online gelesen, dass Merkel angeblich die Th\u00fcringer Abgeordneten verpflichtet hat bei der anstehenden erneuten Wahl des MP Ramelow zu w\u00e4hlen.<br \/>\nWenn das den Tatsachen entspricht ist das f\u00fcr mich ein eklatanter Verfassungsbruch. Zum einen hat sich Merkel, auch nicht als BKin, in die Angelegenheiten des Th\u00fcringer Landtags einzumischen. Und au\u00dferdem sind die Abgeordneten nur ihrem Gewissen verpflichtet und nicht der ehemaligen Parteivorsitzenden. Die Frau geh\u00f6rt mit Schimpf und Schande aus dem Amt gejagt.<br \/>\n9.2.2020, Gwr<br \/>\n.<br \/>\n<strong>Wir haben Angst &#8211; Liebe Freunde im Ausland!<\/strong><br \/>\nHabt ihr die Th\u00fcringen-Wahl verfolgt und was nun hier abl\u00e4uft? Ihr m\u00f6gt vielleicht \u00fcber Deutschland lachen oder weinen, emp\u00f6rt sein oder auch einfach nur den Kopf sch\u00fctteln ob dieser Unglaublichkeiten, die nun in unserem Land ganz offen zutage treten. Vielleicht ist es euch entgangen, aber hier wurde dieser Tage ganz offiziell die Demokratie torpediert und zerst\u00f6rt. Und eins ist sicher: Es geht euch nur vermeintlich nichts an.<br \/>\nEin kommunistisch gepr\u00e4gtes, diktatorisches Deutschland ist auch f\u00fcr euch (wieder) eine Gefahr. Wir erleben gerade die Anf\u00e4nge einer modernen Diktatur und die inl\u00e4ndischen Kritiker werden vernichtet. Und die S\u00e4uberungen werden voranschreiten. Ersetzt man die heutigen deutschen \u201epolitischen Kritiker\u201c durch das Wort \u201eJuden\u201c sind Parallelen zum letzten Jahrhundert unverkennbar. Demn\u00e4chst werden B\u00fccher von Herrn Sarrazin \u00f6ffentlich verbrannt. Und da stehen sie dann wieder, die Roten, die Gr\u00fcnen und dieses Mal sogar auch die Schwarzen, und singen voller Inbrunst mit der Hand auf dem Herzen f\u00fcr die totale gr\u00fcn-sozialistisch-kommunistische Diktatur und ihre F\u00fchrerin.<br \/>\nUnd \u201edas Volk\u201c wird jubelnd danebensteben und skandieren: Vernichtet die Konservativen, vernichtet sie! Sind die inl\u00e4ndischen Kritiker alle mundtot gemacht, seid ihr auch dran (logische Folge). Es f\u00e4ngt immer schleichend an \u2013 erst wird euer Ruf ruiniert, dann folgt der linke p\u00f6belnde Mob inklusive gleichgeschalteter Staatsmedien, die Justiz gibt auf oder l\u00e4uft gleich mit, die EU-F\u00fchrung ist zu Teilen bereits auf Kurs. Wer sich nicht wehrt, hat schon verloren.<br \/>\nSehr geehrter Herr Trump, ich beantrage hiermit f\u00fcr mich und meine Familie politisches Asyl in Amerika. Wir haben Angst.<br \/>\n9.2.2020, Son<br \/>\n.<br \/>\n<strong>Putsch des politischen Establishments<\/strong><br \/>\nDas sog. <a title=\"Establishment\" href=\"https:\/\/www.freiburg-schwarzwald.de\/blog\/global\/deutschland\/gesellschaft\/establishment\/\">Establishment<\/a> hat in den letzten Tagen gewagt, gegen unser Verst\u00e4ndnis von Demokratie zu putschen und uns bleibt nichts weiter, als fassungslos zuzusehen. Und dies auch, weil die 5. Gewalt ihren Auftrag ins Gegenteil verkehrt und diese uns\u00e4glichen Vorg\u00e4nge und Reaktionen aus der Bundesregierung und ihrer willf\u00e4hrigen Gestalten nicht entsprechend an den Medienpranger stellt. Was ist der n\u00e4chste Schlag gegen den Rest unserer Demokratie? Wo sind eigentlich die \u201erechten Kohorten der Gewalt\u201c, die sich, wenn es sie denn g\u00e4be, nun dem Kampf gegen Antifa-Truppen stellen m\u00fcssten.<br \/>\nNirgendwo! Wahrscheinlich hat es die in unterstelltem Umfang nie gegeben. Ich lese und h\u00f6re nur von linken Autonomen und sonstigen linken Gewaltverbrechern, die ganze Stadtviertel verw\u00fcsten, unliebsame Politiker zusammenschlagen, deren Familien bedrohen, Saalbesitzer bedrohen und die Familie des gew\u00e4hlten MP bedrohen, wenn es um die Verfehlte politische linke Richtung geht. Gibt es eigentlich in Th\u00fcringen keine Polizei, die ein gew\u00e4hltes Verfassungsorgan und sein pers\u00f6nliches Umfeld so besch\u00fctzt, dass dieser seinem verfassungsm\u00e4\u00dfigen Auftrag erf\u00fcllen kann? Diese Vertreter der linken Str\u00f6mung und deren Gewaltausbr\u00fcche im Verein mit den Systemmedien der Herrschenden sind die scharfen Hunde, die das Volk unter der Knute halten sollen! Orwells \u201eFarm der Tiere\u201c l\u00e4sst gr\u00fc\u00dfen.<br \/>\n9.2.2020, EMS<br \/>\n.<br \/>\nLinke wurden von der SED geschult<br \/>\nWas willige Helfer betrifft, ist viel zu wenig bekannt, welchen Einfluss die SED aus\u00fcbte und was sie erreichte:<br \/>\n<a href=\"https:\/\/www.youtube.com\/watch?v=y0RXJzs0gII&amp;feature=youtu.be&amp;fbclid=IwAR1W4gtVKX7NbOHYgXPSTdwPfwlZEAJl9pw7wAMt6Prt4H1LSfuo__3XeyQ\">https:\/\/www.youtube.com\/watch?v=y0RXJzs0gII&amp;feature=youtu.be&amp;fbclid=IwAR1W4gtVKX7NbOHYgXPSTdwPfwlZEAJl9pw7wAMt6Prt4H1LSfuo__3XeyQ<\/a><br \/>\n9.2.2020, H.M.<br \/>\n.<br \/>\n<strong>\u201eKl\u00e4ger\u201c in der Demokratie ist das Wahlvolk<\/strong><br \/>\nHerr Tichy, es stimmt alles, was sie schreiben. Aber: Wo kein Kl\u00e4ger ist, da auch kein Richter. \u201eKl\u00e4ger\u201c in der Demokratie ist das Wahlvolk. Es hat (noch) alles in der Hand, aber es \u201eklagen\u201c zu wenige. Die Vertreter der W\u00e4hler sind die Abgeordneten. Sie k\u00f6nnen frei entscheiden, sind aber feige.<br \/>\nDiese \u201eFeigen\u201c wurden gew\u00e4hlt! An dieser Erkenntnis f\u00fchrt kein Weg vorbei. Kein Verfassungorgan hat hier widerrechtlich irgendwelche staatlichen Macht- oder gar Repressionsmittel eingesetzt, alle agieren rein politisch. Kemmerich ist nicht durch Polizeieinsatz zum R\u00fccktritt gezwungen worden. Er hat seinen eigenen Mut \u00fcber- und die politische Lage falsch eingesch\u00e4tzt.<br \/>\n<em><strong>Was sich in Th\u00fcringen abspielt, zeichnet ein getreues Abbild des Zustandes unseres Landes.<\/strong><\/em> Was wir sehen ist, dass auch beste formal-rechtliche Regelungen den Niedergang einer Demokratie nicht verhindern k\u00f6nnen, wenn keiner sie am Leben halten will. Es ist ja noch schlimmer: Die, die die Demokratie innerlich aush\u00f6len, bilden sich ein, sie zu verteidigen. Der Fluch der guten Tat \u2026<br \/>\n9.2.2020, Dr.M.K.<\/p>\n","protected":false},"excerpt":{"rendered":"<p>Hingegen hat niemand in den \u00f6ffentlichen oder in den Leitmedien darauf aufmerksam gemacht, was eine Bundeskanzlerin tut, wenn sie die v\u00f6llig rechtskonform erfolgte Wahl eines Ministerpr\u00e4sidenten als \u201eunverzeihlich\u201c bezeichnet, als \u201eFehler, der r\u00fcckg\u00e4ngig gemacht werden muss\u201c. Dagegen ist alles v\u00f6lkische &hellip; <a href=\"https:\/\/www.freiburg-schwarzwald.de\/blog\/rueckgaengig-weil-unverzeihlich\/\">Weiterlesen <span class=\"meta-nav\">&rarr;<\/span><\/a><\/p>\n","protected":false},"author":2,"featured_media":0,"comment_status":"open","ping_status":"closed","sticky":false,"template":"","format":"standard","meta":{"footnotes":""},"categories":[18,36,13],"tags":[633,525,500],"class_list":["post-79017","post","type-post","status-publish","format-standard","hentry","category-bildung","category-engagement","category-kultur","tag-demokratie","tag-politik","tag-wahl"],"_links":{"self":[{"href":"https:\/\/www.freiburg-schwarzwald.de\/blog\/wp-json\/wp\/v2\/posts\/79017","targetHints":{"allow":["GET"]}}],"collection":[{"href":"https:\/\/www.freiburg-schwarzwald.de\/blog\/wp-json\/wp\/v2\/posts"}],"about":[{"href":"https:\/\/www.freiburg-schwarzwald.de\/blog\/wp-json\/wp\/v2\/types\/post"}],"author":[{"embeddable":true,"href":"https:\/\/www.freiburg-schwarzwald.de\/blog\/wp-json\/wp\/v2\/users\/2"}],"replies":[{"embeddable":true,"href":"https:\/\/www.freiburg-schwarzwald.de\/blog\/wp-json\/wp\/v2\/comments?post=79017"}],"version-history":[{"count":0,"href":"https:\/\/www.freiburg-schwarzwald.de\/blog\/wp-json\/wp\/v2\/posts\/79017\/revisions"}],"wp:attachment":[{"href":"https:\/\/www.freiburg-schwarzwald.de\/blog\/wp-json\/wp\/v2\/media?parent=79017"}],"wp:term":[{"taxonomy":"category","embeddable":true,"href":"https:\/\/www.freiburg-schwarzwald.de\/blog\/wp-json\/wp\/v2\/categories?post=79017"},{"taxonomy":"post_tag","embeddable":true,"href":"https:\/\/www.freiburg-schwarzwald.de\/blog\/wp-json\/wp\/v2\/tags?post=79017"}],"curies":[{"name":"wp","href":"https:\/\/api.w.org\/{rel}","templated":true}]}}