{"id":78925,"date":"2020-02-06T11:57:29","date_gmt":"2020-02-06T10:57:29","guid":{"rendered":"https:\/\/www.freiburg-schwarzwald.de\/blog\/?p=78925"},"modified":"2020-02-08T21:38:59","modified_gmt":"2020-02-08T20:38:59","slug":"erfurt-der-blumenstrauss-wurf","status":"publish","type":"post","link":"https:\/\/www.freiburg-schwarzwald.de\/blog\/erfurt-der-blumenstrauss-wurf\/","title":{"rendered":"Erfurt: Der Blumenstrau\u00df-Wurf"},"content":{"rendered":"<p>Am 1.10.1982 ist Helmut Kohl (<a title=\"CDU\" href=\"https:\/\/www.freiburg-schwarzwald.de\/blog\/vereine\/partei\/cdu\/\">CDU<\/a>) mit 256 zu 235 Stimmen in Bonn zum neuen Bundeskanzler <a title=\"Neuwahlen\" href=\"https:\/\/www.freiburg-schwarzwald.de\/blog\/engagement\/zukunft\/demokratie\/neuwahlen\/\">gew\u00e4hlt<\/a> und <a title=\"Diskussionskultur \u2013 Bundestag\" href=\"https:\/\/www.freiburg-schwarzwald.de\/blog\/diskussionskultur-bundestag\/\">Helmut Schmidt<\/a> (<a title=\"SPD\" href=\"https:\/\/www.freiburg-schwarzwald.de\/blog\/vereine\/partei\/spd\/\">SPD<\/a>) damit gest\u00fcrzt worden. Obwohl sichtlich um Fassung bem\u00fcht, erhob sich <a title=\"Schmidt Fischer Genscher Bahr\" href=\"https:\/\/www.freiburg-schwarzwald.de\/blog\/schmidt-fischer-genscher-bahr\/\">Schmidt<\/a> von seinem Abgeordnetenstuhl, ging zu Kohl und gratulierte ihm mit Handschlag. Dazu passt ein altes Sprichwort: &#8222;In der Niederlage offenbart sich der Charakter&#8220;. So funktioniert <a title=\"Demokratie\" href=\"https:\/\/www.freiburg-schwarzwald.de\/blog\/engagement\/zukunft\/demokratie\/\">Demokratie<\/a>. <!--more-->.<\/p>\n<p>Am 5.2.2020 ist <a title=\"Berliner Parteienstaat befiehlt\" href=\"https:\/\/www.freiburg-schwarzwald.de\/blog\/berliner-parteienstaat-befiehlt\/\">Thomas Kemmerich (FDP)<\/a> mit 45 zu 44 Stimmen in Erfurt zum neuen Ministerpr\u00e4sidenten von <a title=\"Parteienstaat\" href=\"https:\/\/www.freiburg-schwarzwald.de\/blog\/engagement\/zukunft\/demokratie\/parteienstaat\/\">Th\u00fcringen<\/a> gew\u00e4hlt worden. Danach ging die Susanne Hennig-Wellsow (Linke-Landeschefin) auf ihn zu, aber nicht, um dem parlamentarischen, <a title=\"Parlament\" href=\"https:\/\/www.freiburg-schwarzwald.de\/blog\/engagement\/zukunft\/demokratie\/parlament\/\">politischen Gegner<\/a> (nicht Feind!) zu gratulieren, sondern <em><strong>um ihm ihren Blumenstrau\u00df vor die F\u00fc\u00dfe zu werfen<\/strong><\/em>. Auch Bodo Ramelow verweigerte die Gratulation. Welches Sprichwort passt hierzu? So funktioniert Demokratie nicht. Kein Video ist an diesem Tag so oft aufgerufen worden wie das mit dem Blumenstrau\u00df-Wurf. <a href=\"https:\/\/twitter.com\/i\/status\/1225046067076571136\">https:\/\/twitter.com\/i\/status\/1225046067076571136<\/a><\/p>\n<p>Es gibt Schl\u00fcssel-Momente, die sich einpr\u00e4gen &#8211; besonders dann, wenn iirgend etwas zu Boden geworfen wird. Erinnert sei an das Deutschland-F\u00e4hnchen, das <a title=\"Merkelismus\" href=\"https:\/\/www.freiburg-schwarzwald.de\/blog\/engagement\/zukunft\/demokratie\/merkelismus\/\">Angela Merkel<\/a> wegwarf. Und nun der <a title=\"Blumen\" href=\"https:\/\/www.freiburg-schwarzwald.de\/blog\/natur\/flora\/blumen\/\">Blumenstrau\u00df<\/a> am Boden.<\/p>\n<p><a href=\"https:\/\/www.freiburg-schwarzwald.de\/blog\/erfurt-der-blumenstrauss-wurf\/thueringen-blumen-linke-wahl020205\/\" rel=\"attachment wp-att-78941\"><img loading=\"lazy\" decoding=\"async\" class=\"alignnone size-thumbnail wp-image-78941\" src=\"https:\/\/www.freiburg-schwarzwald.de\/blog\/wp-content\/uploads\/2020\/02\/thueringen-blumen-linke-wahl020205-180x127.jpg\" alt=\"thueringen-blumen-linke-wahl020205\" width=\"180\" height=\"127\" srcset=\"https:\/\/www.freiburg-schwarzwald.de\/blog\/wp-content\/uploads\/2020\/02\/thueringen-blumen-linke-wahl020205-180x127.jpg 180w, https:\/\/www.freiburg-schwarzwald.de\/blog\/wp-content\/uploads\/2020\/02\/thueringen-blumen-linke-wahl020205.jpg 610w\" sizes=\"auto, (max-width: 180px) 100vw, 180px\" \/><\/a><br \/>\n.<br \/>\nIm\u00a0Th\u00fcringer Landtag am 5.2.2020: Frau\u00a0Susanne Hennig-Wellsow (Linke)\u00a0hat ihren Blumenstrau\u00df<br \/>\nThomas Kemmerich (FDP) vor die F\u00fc\u00dfe geworfen und geht dann weiter &#8230;<br \/>\n6.2.2020<\/p>\n<p><a title=\"Unverzeihlich\" href=\"https:\/\/www.freiburg-schwarzwald.de\/blog\/engagement\/zukunft\/demokratie\/unverzeihlich\/\">Chaim Noll: \u201eSie (Angela Merkel) schl\u00e4gt den Takt mit dem Hammer\u201c<\/a>\u00a0(8.2.2020)<br \/>\n.<\/p>\n<p><strong>Th\u00fcringen: 10 Gebote der Vernunft<\/strong><br \/>\n&#8230; 4. Was gar nicht geht: Dem gew\u00e4hlten Mann einen Blumenstrau\u00df vor die F\u00fc\u00dfe werfen. Es ist nicht nur kindisch; die linke Frau erinnert an <em><strong>ein Kind, das mit dem Fu\u00df aufstampft, wenn es seinen Riegel Kinderschokolade nicht kriegt<\/strong><\/em>. Respekt ist das Mindeste, was man in der Demokratie verlangen kann. Die LINKE zeigt blanken Hass und damit ihre Unf\u00e4higkeit, sich am parlamentarischen System zu beteiligen.<br \/>\n&#8230; Alles vom 5.2.2020 bitte lesen auf<br \/>\n<a href=\"https:\/\/www.tichyseinblick.de\/tichys-einblick\/thueringen-10-gebote-der-vernunft-an-diesem-aufgeregten-abend\/\">https:\/\/www.tichyseinblick.de\/tichys-einblick\/thueringen-10-gebote-der-vernunft-an-diesem-aufgeregten-abend\/<br \/>\n<\/a>.<br \/>\nKommentare:<br \/>\n<strong>Der Blumenstrau\u00dfwurf der linken Politikerin wurde in der FAZ als charakterstark gefeiert.<\/strong><br \/>\nTichy feiert diesen Wurf nicht, sondern ordnet ihn richtig ein als Hassausbruch und Unf\u00e4higkeit, demokratische und zivile Umgangsformen zu praktizieren. In meinen Augen ist die FAZ inzwischen nichts anderes als eine b\u00fcrgerlich drapierte taz. Wer hinter dieser Fassade noch b\u00fcrgerliche Politikvorstellungen vermutet, unterliegt einem eklatanten Irrtum.<br \/>\n5.2.2020, Bab<br \/>\n.<br \/>\n<strong>Es gibt Szenen, die man nie vergisst: Und eben jetzt den Blumenstrauss,<\/strong><br \/>\nden eine dumme SED-Frau voller Hass einem demokratischen Gewinner vor die F\u00fc\u00dfe warf, und damit alle deutschen Demokraten d\u00fcpierte und die nicht demokratische Linke selbst demaskierte. Sehr sch\u00f6n!<br \/>\n5.2.2020, He<br \/>\n.<br \/>\n<strong>Dieses \u201edie Blumen vor die F\u00fcsse werfen\u201c<\/strong><br \/>\nhat die gleiche uns\u00e4gliche Qualit\u00e4t wie M\u2019s \u201edie Fahne wegwerfen. Es decouvriert g n a d e n l o s die roten \u201eGesinnungs-Ethiker\u201c in gr\u00fcnem M\u00e4ntelchen die dieses Land \u00fcber einen \u201eSystemwechsel\u201c \u2013 wie es so verschleiernd wie verniedlichend genannt wird \u2013 in eine links-faschistische Gesinnungs-Diktatur nach sovietischem und DDR-Vorbild verwandeln m\u00f6chten. \u2013<br \/>\n(L E I D E R begreifen bisher nicht all zu Viele \u2013 nicht einmal hier in diesem blog \u2013 dieses tats\u00e4chliche(!) Ziel von Gr\u00fcn (assistiert von Rot aller Schattierungen) hinter all dem monstranzartig voran getragenen Umwelt-Unsinn et vetrera pp. der droht dieses Land ins Mittelalter zu katapultieren.)<br \/>\n5.2.2020, Hor<br \/>\n.<br \/>\n<strong>Panik von ARD bis ZDF<\/strong><br \/>\nund wieder stellt sich die Frage: Wie kann es sein, dass die Linke, eine Partei aus der Erbmasse des Stalinismus, wie selbstverst\u00e4ndlich als koalitionsf\u00e4hig gilt, w\u00e4hrend die historisch unbelastete, explizit Rechtsstaatlichkeit einfordernde AfD weiterhin der Diffamierung der alten Parteien und \u00f6ffentlich-rechtlichen Sender ausgesetzt ist?<br \/>\nWas umso skandal\u00f6ser ist, als die AfD demokratisch gew\u00e4hlt wurde, sich unmissverst\u00e4ndlich zum Grundgesetz und zu Menschenrechten bekennt und nun in Th\u00fcringen f\u00fcr einen Ministerpr\u00e4sidenten der Mitte gestimmt hat.<br \/>\nWie kann es sein, dass Altstalinisten in Deutschland heute wieder (im doppelten Sinne des Wortes) anstandslos zu Amt und W\u00fcrden kommen d\u00fcrfen und in den \u00f6ffentlich-rechtlichen Medien gern gesehener Gast sind (ich erinnere nur an die \u00bbkommunistische Plattform\u00ab und die atemberaubende Stalin-Apologetik von Sahra Wagenknecht kurz nach der Wende), w\u00e4hrend integre historisch unbelastete Politiker der AfD (schon als die Partei unter Bernd Lucke ausschlie\u00dflich Euro-Kritik \u00fcbte!) unter Acht und Bann gestellt werden?<br \/>\nDie Antwort liegt auf der Hand: Es ist der Egoismus der Altparteien und die schiere Angst ihrer abh\u00e4ngigen Mietlinge in Medien und \u00c4mtern um den Verlust an Einfluss und Pfr\u00fcnden, die sich hier Bahn brechen.<br \/>\n5.2.2020, M-J.D., TO<br \/>\n.<\/p>\n<p><strong>Blumenwurf-Kritik sogar auf Susanne Hennig-Wellsow&#8217;s Facebookseite<\/strong><br \/>\nNeben ein paar \u201eGut gemacht, Susanne\u201c-Statements f\u00e4llt der Beifall f\u00fcr das &#8222;Blumenwurf&#8220;-Verhalten f\u00fcr die Linke sogar auf ihrem Facebook-Account sehr d\u00fcnn aus:<br \/>\n.<br \/>\n\u201eF\u00fcr die heutige Entgleisung bei der Wahl des MP geh\u00f6ren Sie des Landtages auf Dauer verwiesen. Es ist menschlich v\u00f6llig verwerflich, die Blumen vor die F\u00fc\u00dfe des neuen MP zu werfen und zeugt von einer sehr schlechten Kinderstube. Aber was will man von Ihnen erwarten? V\u00f6llig niveaulos\u201c<br \/>\n.<br \/>\n\u201eNur die Verzweifelung und die Angst vor dem nun kommenden Verlust der Pfr\u00fcnde treibt jemanden dazu, einem gew\u00e4hlten MP die Blumen vor die F\u00fc\u00dfe zu werfen. Ein echtes Armutszeugnis, aber von der LINKEN durchaus erwartbar.\u201c<br \/>\n.<br \/>\n\u201e@Susanne Hennig-Wellsow, sie haben sicher fr\u00fcher auch das Mensch-\u00e4rger-Dich-nicht-Brett mitsamt den Spielfiguren an die Wand geworfen, wenn sie kurz vorm Einlochen ihr 4. Fig\u00fcrle verloren haben und alle andere schon fertig waren.\u201c<br \/>\n.<br \/>\n\u201eWer so respektlos gegen\u00fcber Kollegen egal welcher Parteiangeh\u00f6rigkeit ist, hat im Th\u00fcringer Landtag welcher demokratisch durch das Volk gew\u00e4hlt wurde nichts mehr verloren. Sie sollten zur\u00fccktreten um die Ehre zu erhalten.<br \/>\n.<br \/>\nAber Sie Frau Wellsow haben null Ehre und Gewissen \u2026. pfui. Ach und noch was, Sie haben Erziehungswissenschaften studiert\u2026.. davon ist rein gar nix h\u00e4nge geblieben aber sowas von rein gar nix.\u201c<br \/>\n<a href=\"https:\/\/www.facebook.com\/susanne.hennig\">https:\/\/www.facebook.com\/susanne.hennig<strong><br \/>\n.<\/strong><\/a><\/p>\n<p><strong>FDP-Mann wird Ministerpr\u00e4sident von Th\u00fcringen \u2013 endlich etwas Normalit\u00e4t<\/strong><br \/>\nNachdem der Vertreter der SED-Rechtsnachfolgerin, Bodo Ramelow, darin scheiterte, sich zum Ministerpr\u00e4sidenten von Th\u00fcringen w\u00e4hlen zu lassen, wurde der FDP-Politiker Thomas Kemmerich gew\u00e4hlt, mit den Stimmen von CDU, FDP und AfD. Es oblag der Fraktionsvorsitzenden der \u00bbSED 2.0\u00ab im Th\u00fcringer Landtag, Susanne Hennig-Wellsow, dem neuen Ministerpr\u00e4sidenten einen Blumenstrau\u00df zu \u00fcberreichen. Hennig-Wellsow ging mit dem Blumenstrau\u00df zu Kemmerich hin, warf die Blumen diesem dann aber vor die F\u00fc\u00dfe (rp-online.de, 5.2.2020). Es wirkt fast so, als w\u00fcrde die SED auch als \u00bbDie Linke\u00ab nicht damit klarkommen, dass der regelm\u00e4\u00dfige und geregelte Machtwechsel zum Wesenskern der Demokratie geh\u00f6rt.<br \/>\n&#8230;<br \/>\nEs steht au\u00dfer Zweifel, dass Thomas Kemmerich den W\u00e4hlerwillen besser abbildet als jeder andere in Frage stehende Kandidat. Wer gegen die Wahl Kemmerichs zum Ministerpr\u00e4sidenten von Th\u00fcringen ist, der ist im Kern dagegen, dass der W\u00e4hler selbst bestimmt, wer ihn regiert. Einige sogenannte \u00bbJournalisten\u00ab w\u00fcten dagegen, dass und wie in Th\u00fcringen der W\u00e4hlerwille umgesetzt wurde. Was wollen die denn?! Dass ein Gremium von Chefredakteuren deutscher Mainstream-Medien die Politiker in ihre \u00c4mter einsetzt, und zwar direkt, ohne den komplizierten und nicht immer zuverl\u00e4ssigen Umweg der Meinungsmache?! Eine besonders bemerkenswerte Eigenschaft der Th\u00fcringen-Emp\u00f6rung: Niemand argumentiert, dass es in harten Fakten schlecht f\u00fcrs Land wird, also was Arbeitspl\u00e4tze, Wirtschaft et cetera angeht \u2013 es ist eine reine \u00bbMoralpanik\u00ab.<br \/>\nKemmerich hat den demokratisch erkl\u00e4rten B\u00fcrgerwillen hinter sich \u2013 und die vereinten M\u00e4chte des Establishments gegen sich. Jeden Tag, den Kemmerich durchh\u00e4lt und den demokratischen Willen der W\u00e4hler gegen Staatsfunk und Strippenzieher verteidigt, ist eine Titanenleistung, f\u00fcr die er den Respekt aller Demokraten verdient.<br \/>\n&#8230; Alles vom 5.2.2020 von Dushan Wegner bitte lesen auf<br \/>\n<a href=\"https:\/\/dushanwegner.com\/thueringen-demokratie\/?mc_cid=1970e48c61&amp;mc_eid=d266be022a\">https:\/\/dushanwegner.com\/thueringen-demokratie\/?mc_cid=1970e48c61&amp;mc_eid=d266be022a<br \/>\n<\/a>\u00a0.<br \/>\n.<br \/>\n<strong>Ist die Wahl von Th\u00fcringen ein Tabubruch, gar ein Skandal? Nein \u2013 das ist Demokratie<\/strong><br \/>\n&#8222;Allen, die sich jetzt um die Demokratie sorgen, m\u00f6chte man sagen: Das ist Demokratie! Was im Erfurter Landtag stattgefunden hat, ist eine freie Wahl, und dar\u00fcber hinaus hat ein liberaler und b\u00fcrgerlicher Kandidat diese Wahl gewonnen. Es gibt keinen plausiblen Grund, das Ergebnis moralisch zu verurteilen.\u201c<br \/>\n.. Alles vom 5.2.2020 von Benedict Neff bitte lesenauf<br \/>\n<a href=\"https:\/\/www.nzz.ch\/international\/deutschland\/tabubruch-ein-skandal-das-ist-demokratie-ld.1538784\">https:\/\/www.nzz.ch\/international\/deutschland\/tabubruch-ein-skandal-das-ist-demokratie-ld.1538784<\/a><\/p>\n<p><strong>Der Dammbruch in Erfurt ist f\u00fcnf Jahre alt<\/strong><br \/>\nEs gab einen Dammbruch und einen Tabubruch in Erfurt. Aber den gab es nicht am 5. Februar 2020, sondern am 5. Dezember 2014. An diesem Tag w\u00e4hlte der Th\u00fcringer Landtag Bodo Ramelow zum Ministerpr\u00e4sidenten. Es war das erste Mal, dass die SED-Nachfolgepartei seit Ende der SED-Diktatur wieder eine Regierung anf\u00fchrte. SPD und Gr\u00fcne dachten damals nicht daran, eine ungeliebte Koalition mit den anderen zweifelsfrei demokratischen Parteien einzugehen, um den Marsch der Linken an die Spitze des Landes zu verhindern. Das, was sich CDU, SPD und Gr\u00fcne in Sachsen-Anhalt, Sachsen und Brandenburg heutzutage als sogenannte Kenia-Koalitionen zumuten, um die AfD von der Macht fernzuhalten, wurde in Bezug auf die SED-Nachfolger nicht in Erw\u00e4gung gezogen.<br \/>\n&#8230; Alles vom 6.2.2020 bitte lesen auf<br \/>\n<a href=\"https:\/\/www.achgut.com\/artikel\/der_dammbruch_ist_fuenf_jahre_alt\">https:\/\/www.achgut.com\/artikel\/der_dammbruch_ist_fuenf_jahre_alt<\/a><br \/>\n.<br \/>\n<strong>Auch Ramelow hat die Gratulation an Kemmerich verweigert<\/strong><br \/>\nGestern hat doch der Genosse Ramelow sein wahres Gesicht gezeigt. Alle die ihn doch f\u00fcr einen \u201cnetten\u201d hielten, der ja nur in einer falschen Partei w\u00e4re, wurde eines besseren belehrt. H\u00e4tte der Mann wahre Gr\u00f6\u00dfe gezeigt, h\u00e4tte er Kemmerich die Hand gesch\u00fcttelt und w\u00e4re entt\u00e4uscht nach Hause gefahren. Aber nein, er macht wahnsinnige Nazivergleiche und schickt Bilder mit Hitler, Hindenburg und H\u00f6cke durch die Welt\u2026&#8230;&#8230;&#8230;&#8230;. Ein Segen, dass der Mann weg ist und ich hoffe das er bei Neuwahlen nicht wieder durch die Hintert\u00fcre zur\u00fcck kommt.<br \/>\n6.2.2020, A.M.<br \/>\n.<br \/>\n<strong>Ein Sieg \u00fcber die Arroganz der Macht<\/strong><br \/>\nEigentlich sind wir inzwischen daran gew\u00f6hnt, dass in der Politik alles ausgekungelt wird, bevor die eigentlichen Entscheidungen getroffen werden. Nun hat die Ministerpr\u00e4sidentenwahl in Th\u00fcringen bewiesen, dass es auch anders geht. Die Wahl von Thomas Kemmerich ist eine Folge der unendlichen Arroganz der rot-rot-gr\u00fcnen Koalition. Die Fraktionschefin der Linken, Henning-Wellsow hat in den Tagen vor der Wahl nichts ausgelassen, um klar zu machen, dass man von CDU und FDP nichts als Unterwerfung erwartet, ohne die geringsten Zugest\u00e4ndnisse zu machen.<br \/>\n&#8230;<br \/>\nDie Blumen vor die F\u00fc\u00dfe. Die Fraktionschefin der Linken Henning-Wellsow zeigte sich zu allem \u00dcberfluss als grottenschlechte Verliererin, als sie, statt dem Wahlsieger zu gratulieren, ihm die Blumen vor die F\u00fc\u00dfe warf.<br \/>\n&#8230; Alles vom 6.2.2020 von Vera Lengsfeld bitte lesen auf<br \/>\n<a href=\"https:\/\/www.achgut.com\/artikel\/ein_sieg_ueber_die_arroganz_der_macht\">https:\/\/www.achgut.com\/artikel\/ein_sieg_ueber_die_arroganz_der_macht<\/a><br \/>\n.<br \/>\nKommentare:<br \/>\n<strong>Mit dem Blumenstrau\u00df,<\/strong><br \/>\nden die Linken-Fraktionschefin Henning-Wellsow dem neuen Ministerpr\u00e4sident Kemmerich vor die F\u00fc\u00dfe warf, zeigte diese nicht nur fehlenden Anstand, sondern auch die h\u00e4ssliche Fratze des Kommunismus, der nicht willens ist, demokratische Spielregeln zu akzeptieren. Demokratie wird von diesen SED-Nachfolgern nur so lange respektiert, so lange alles so l\u00e4uft, wie diese Kommunisten es sich w\u00fcnschen. Sch\u00f6n waren f\u00fcr mich die Kommentare der MS-Sender vor und nach der Wahl zum Auftreten von Ramelow. Vorher wurde fast bewundernd die scheinbar locker-flockige Art und das entspannte Verhalten von Bodo kommentiert, hinterher die tiefe depressive Entt\u00e4uschung von ihm, dem jede Souver\u00e4nit\u00e4t abhanden gekommen war. Denn diese Herren und Damen Kommunisten waren sich ihrer Sache doch wohl sehr sicher. Bemerkenswert auch die Reaktion des SPD-Chefs Tiefensee nach der Wahl. Vor der Wahl wurde an CDU und FDP und deren staatstragende Verantwortung appelliert. Nach der Wahl verweigert Tiefensee die Zusammenarbeit mit FDP und CDU. Tiefensee hatte offenkundig weniger Probleme, sich mit den Kommunisten ins rot-rot-gr\u00fcne Lotterbett zu legen als eine b\u00fcrgerliche Minderheitsregierung mitzutragen. Es hat schon seine Gr\u00fcnde, warum die SPD in Th\u00fcringen nur rd. 8 % erhalten hatte. Einer davon ist diese ideologische Verworfenheit und Geschichtsvergessenheit, die ein Tiefensee offenbarte.<br \/>\n6.2.2020, M.L.<br \/>\n.<br \/>\n<strong>Der Blumenabwurf hat bei mir ungl\u00e4ubiges Staunen ausgel\u00f6st,<\/strong><br \/>\nso etwas ist ohne Konsequenzen m\u00f6glich? In der besten DDR die wir jemals hatten? Das zeigt aber ganz deutlich die Verachtung der Linken dem Volk und seiner Entscheidungen gegen\u00fcber. Das man so etwas und solche Partei duldet, unglaublich!<br \/>\n6.2.2020, J.H.<br \/>\n.<br \/>\n<strong>Demokratischer Wandel n\u00f6tig: &#8230; AfD und FDP sind auch nicht anders<\/strong><br \/>\nDer ganze Vorgang hat nichts mit einer inneren Demokratie der Deutschen zu tun, es ist eine Gewichtsverteilung mit einem mehr oder minder zuf\u00e4lligen Momentanwert. Denn weder die AfD noch die FDP sind sozial anders aufgestellt, keiner kommt aus einem anderen Pott als der Rest der Republik auch &#8211; es sind dies vor allem Lehrer und Juristen, die schon beruflich durch einige Waschanlagen des Verstandes &#8211; auf Linie gebracht wurden und eben keine alternativen Gedanken haben k\u00f6nnen &#8211; sonst w\u00e4ren sie nicht da, wo sie letztlich sind. Um wirklich demokratisch zu sein m\u00fcssten sich die Deutschen mit ihrer Pr\u00e4gung auseinandersetzen, die Juristen mit ihrer Tradition nach 1945 und 1949, was beinhaltet, da\u00df sich das Fach ausgiebig mit seinem Versagen und Mitmachen nach 1933 auseinandersetzen m\u00fcsste, in seinem Verst\u00e4ndnis nur der verl\u00e4ngerte Arm des Staates zu sein, der Jurist als Regelnder &#8211; nicht als Denker und Kritiker , der kein Jurist \u00fcber ein gewisses Ma\u00df ist, wenn er von der Kammer \u201cdomestiziert\u201d wird &#8211; und als Referendar schon lernt nicht mehr zu protestieren. An diesen Grundproblemen mu\u00df ger\u00fchrt werden, damit man einen Wandel als demokratisch bezeichnen kann und er nicht das ist, was er in Deutschland kraft der Altnazis nach 1945 war: Eine Show des Gehorsams gegen\u00fcber den neuen Herren.<br \/>\n6.2.2020, J.SCH<br \/>\n.<br \/>\n<strong>Blumenstrau\u00dfwerferin zeigt die Fratze der SED-Partei<\/strong><br \/>\nDie Fraktionschefin der Linken hat getan, was man von ihr erwarten durfte, sie ist nicht nur eine schlechte Verliererin, sondern zeigt die Fratze der SED-Partei ohne dabei irgendein Schamgef\u00fchl zu besitzen. Mir ist ein demokratisch gew\u00e4hlter FDP MP ohne Kabinett alle mal lieber, als ein MP einer Partei, die mit ihrer Unrechtspolitik im SED Staat bis heute nicht abgeschlossen hat und offensichtlich als Vorbild f\u00fcr Annalena und Robert und Saskia dient.<br \/>\n6.2.2020, CH.R.<br \/>\n.<\/p>\n<p><strong>Th\u00fcringen \u2013 ein schwarzer Tag f\u00fcr die Parlamentarische Demokratie<\/strong><br \/>\nDer Tag von Th\u00fcringen hat den finalen Beweis erbracht, dass das Modell der parlamentarischen Demokratie mit unabh\u00e4ngigen B\u00fcrgervertretern der Vergangenheit angeh\u00f6rt. Es wurde ersetzt durch eine Parteienautokratie, deren Parlamentsvertreter nur noch willenlose Erf\u00fcllungsgehilfen ihrer linkgestrickten Eliten sein d\u00fcrfen.<br \/>\n&#8230;<br \/>\nDie Landeschefin der Kommunisten machte ihre Missachtung der Parlamentarischen Demokratie dadurch deutlich, dass sie dem rechtm\u00e4\u00dfig gew\u00e4hlten Ministerpr\u00e4sidenten den urspr\u00fcnglich f\u00fcr ihren Genossen Ramelow gedachten <em><strong>Blumenstrau\u00df vor die F\u00fc\u00dfe warf.<\/strong><\/em> Man mag ihren Frust verstehen \u2013 und doch hat die Dame, die aus einem linientreuen DDR-Haushalt entstammt, in einem demokratisch gew\u00e4hlten Parlament nichts zu suchen. Denn was unterscheidet sie von jenen Schergen Hitlers, f\u00fcr die das Parlament auch nichts anderes war als eine l\u00e4cherliche Schwatzbude, die bestenfalls als Fu\u00dfabtreter taugte? Wer demokratische Entscheidungen nicht akzeptiert, ist kein Demokrat. Susanne Hennig-Wellsow ist keiner.<br \/>\n&#8230; Alles vom 6.2.2020 bitte lesen auf<br \/>\n<a href=\"https:\/\/www.tichyseinblick.de\/meinungen\/thueringen-ein-schwarzer-tag-fuer-die-parlamentarische-demokratie\/\">https:\/\/www.tichyseinblick.de\/meinungen\/thueringen-ein-schwarzer-tag-fuer-die-parlamentarische-demokratie\/<\/a><\/p>\n","protected":false},"excerpt":{"rendered":"<p>Am 1.10.1982 ist Helmut Kohl (CDU) mit 256 zu 235 Stimmen in Bonn zum neuen Bundeskanzler gew\u00e4hlt und Helmut Schmidt (SPD) damit gest\u00fcrzt worden. Obwohl sichtlich um Fassung bem\u00fcht, erhob sich Schmidt von seinem Abgeordnetenstuhl, ging zu Kohl und gratulierte &hellip; <a href=\"https:\/\/www.freiburg-schwarzwald.de\/blog\/erfurt-der-blumenstrauss-wurf\/\">Weiterlesen <span class=\"meta-nav\">&rarr;<\/span><\/a><\/p>\n","protected":false},"author":2,"featured_media":0,"comment_status":"open","ping_status":"closed","sticky":false,"template":"","format":"standard","meta":{"footnotes":""},"categories":[18,36,139,13,80,157,172],"tags":[150,633,301,626,525,500],"class_list":["post-78925","post","type-post","status-publish","format-standard","hentry","category-bildung","category-engagement","category-heimat","category-kultur","category-medien","category-oeffentlicher-raum","category-zukunft","tag-buergerbegehren","tag-demokratie","tag-culture","tag-partei","tag-politik","tag-wahl"],"_links":{"self":[{"href":"https:\/\/www.freiburg-schwarzwald.de\/blog\/wp-json\/wp\/v2\/posts\/78925","targetHints":{"allow":["GET"]}}],"collection":[{"href":"https:\/\/www.freiburg-schwarzwald.de\/blog\/wp-json\/wp\/v2\/posts"}],"about":[{"href":"https:\/\/www.freiburg-schwarzwald.de\/blog\/wp-json\/wp\/v2\/types\/post"}],"author":[{"embeddable":true,"href":"https:\/\/www.freiburg-schwarzwald.de\/blog\/wp-json\/wp\/v2\/users\/2"}],"replies":[{"embeddable":true,"href":"https:\/\/www.freiburg-schwarzwald.de\/blog\/wp-json\/wp\/v2\/comments?post=78925"}],"version-history":[{"count":0,"href":"https:\/\/www.freiburg-schwarzwald.de\/blog\/wp-json\/wp\/v2\/posts\/78925\/revisions"}],"wp:attachment":[{"href":"https:\/\/www.freiburg-schwarzwald.de\/blog\/wp-json\/wp\/v2\/media?parent=78925"}],"wp:term":[{"taxonomy":"category","embeddable":true,"href":"https:\/\/www.freiburg-schwarzwald.de\/blog\/wp-json\/wp\/v2\/categories?post=78925"},{"taxonomy":"post_tag","embeddable":true,"href":"https:\/\/www.freiburg-schwarzwald.de\/blog\/wp-json\/wp\/v2\/tags?post=78925"}],"curies":[{"name":"wp","href":"https:\/\/api.w.org\/{rel}","templated":true}]}}