{"id":78483,"date":"2020-01-22T19:36:04","date_gmt":"2020-01-22T18:36:04","guid":{"rendered":"https:\/\/www.freiburg-schwarzwald.de\/blog\/?p=78483"},"modified":"2020-01-22T19:46:46","modified_gmt":"2020-01-22T18:46:46","slug":"davos-greta-ok-trump-not-ok","status":"publish","type":"post","link":"https:\/\/www.freiburg-schwarzwald.de\/blog\/davos-greta-ok-trump-not-ok\/","title":{"rendered":"Davos: Greta OK &#8211; Trump not OK"},"content":{"rendered":"<p>Auf dem\u00a0<a title=\"Business\" href=\"https:\/\/www.freiburg-schwarzwald.de\/blog\/business\/\">Wirtschaftsforum<\/a>\u00a0in Davos hat US-Pr\u00e4sident Trump eine Rede zur <a title=\"Kapitalismus\" href=\"https:\/\/www.freiburg-schwarzwald.de\/blog\/engagement\/zukunft\/demokratie\/kapitalismus\/\">Wirtschaft<\/a> und Greta Thunberg eine Rede zum <a title=\"Klimawandel\" href=\"https:\/\/www.freiburg-schwarzwald.de\/blog\/natur\/klima\/klimawandel\/\">Klimawandel<\/a>\u00a0gehalten\u00a0Die deutsche<a title=\"Nudging\" href=\"https:\/\/www.freiburg-schwarzwald.de\/blog\/engagement\/zukunft\/demokratie\/nudging\/\"> Betreutes-Denken<\/a>&#8211;<a title=\"Medien\" href=\"https:\/\/www.freiburg-schwarzwald.de\/blog\/kultur\/medien\/\">Presse<\/a> hat die Trump-Rede <a title=\"Verbl\u00f6dung\" href=\"https:\/\/www.freiburg-schwarzwald.de\/blog\/bildung\/verbloedung\/\">nicht<\/a> auf Deutsch <a title=\"Mainstream\" href=\"https:\/\/www.freiburg-schwarzwald.de\/blog\/kultur\/medien\/mainstream\/\">ver\u00f6ffentlicht<\/a> (Ausnahme<a title=\"Freie-Medien\" href=\"https:\/\/www.freiburg-schwarzwald.de\/blog\/kultur\/medien\/freie-medien\/\"> Achgut.com<\/a>), aber dennoch &#8222;verrissen&#8220; (so w\u00fcrde es Marcel Reich-Ranicky sagen). Die <a title=\"FridaysForFuture\" href=\"https:\/\/www.freiburg-schwarzwald.de\/blog\/natur\/klima\/fridaysforfuture\/\">Greta-Rede<\/a>\u00a0hingegen wurde auf Deutsch \u00fcbersetzt ver\u00f6ffentlicht und all\u00fcberall bejubelt. Vier Fragen:<br \/>\n.<!--more-->\u00a0.<br \/>\n1) Sind Trump und <a title=\"Greta\" href=\"https:\/\/www.freiburg-schwarzwald.de\/blog\/natur\/klima\/greta\/\">Greta<\/a> &#8222;Zwillinge im Geiste&#8220; (siehe Gabor Steinhart unten)?<br \/>\n2) Ist der Optimismus von Trump nichts f\u00fcr &#8222;German <a title=\"Angst\" href=\"https:\/\/www.freiburg-schwarzwald.de\/blog\/engagement\/zukunft\/angst\/\">Angst<\/a>&#8220; (siehe Rainer Bonhorst unten)?<br \/>\n3) Warum wollen <a title=\"WDR\" href=\"https:\/\/www.freiburg-schwarzwald.de\/blog\/kultur\/medien\/wdr\/\">Medien<\/a> verhindern, da\u00df sich die Deutschen als m\u00fcndige B\u00fcrger anhand des ins Deutsche \u00fcbersetzten<br \/>\nund in der Zeitung\u00a0ver\u00f6ffentlichten Trump-Redetextes selbst ihre eigene Meinung machen?<br \/>\n4) Nur 39 % der Deutschen hat eine positive Meinung von den USA. Eine gro\u00dfe Gefahr f\u00fcr den Weltfrieden sehen 41 %<br \/>\nder Deutschen in Donald Trump, aber nur 17 % in Kim Jong Un und je 8 % in Ali Khamenei bzw. Wladimir Putin.<br \/>\nWoher r\u00fchrt dieser <a title=\"USA\" href=\"https:\/\/www.freiburg-schwarzwald.de\/blog\/global\/usa\/\">Antiamerikanismus<\/a> (siehe Frank M\u00fcller-Rosentritt (FDP) unten)?<br \/>\n22.1.2020<br \/>\n.<\/p>\n<p><strong>1) Davos: Trump und Greta sind Zwillinge im Geiste<\/strong><br \/>\nDonald Trump und Greta Thunberg, die sich vor Publikum als Widersacher inszenieren, sind in Wahrheit Zwillinge im Geiste. Jeder reklamiert f\u00fcr sich Unfehlbarkeit. Jeder verweigert dem anderen Respekt. Keiner g\u00f6nnt dem Gegen\u00fcber auch nur das kleinste Argument. Schon ein Augenzwinkern gilt als Verrat.<br \/>\nEr \u00fcber sie: &#8222;Wir m\u00fcssen die ewigen Propheten des Untergangs und die Vorhersagen einer Apokalypse ablehnen.\u201c<br \/>\nSie \u00fcber ihn: &#8222;Unser Haus brennt noch immer. Eure Unt\u00e4tigkeit heizt die Flammen st\u00fcndlich an.\u201c<br \/>\n&#8230;.<br \/>\nGreta Thunberg hat derweil ihre eigene Rhetorik der Selbstvergottung entwickelt, die von einem Ausrufezeichen zum n\u00e4chsten springt. Ihre Rede ist im Grunde keine Rede, sondern eine neutestamentarische Verk\u00fcndung. Die Gl\u00e4ubigen sind dankbar daf\u00fcr, dass laut diesem Oratorium nicht nur fossile Brennstoffe, sondern auch Selbstzweifel verboten sind. Der z\u00fcrnenden Klimag\u00f6ttin bleiben ebenfalls Fragen erspart. Eine Kaste der Unber\u00fchrbaren ist entstanden, wie man sie bisher nur im Hinduismus kennt. So wird Davos der Welt keinen Dienst erweisen.<br \/>\nDie Geschichte der unumst\u00f6\u00dflichen Wahrheiten, das lehrt die europ\u00e4ische Erfahrung des 20. Jahrhunderts, ist die Geschichte der Irrt\u00fcmer.<br \/>\nDie s\u00e4kulare Welt braucht keine Kanzel, sondern die Neuentdeckung einer Kulturtechnik, die wir einst als Zuh\u00f6ren bezeichneten. Die Protagonisten von Davos werden genau diese Botschaft nicht m\u00f6gen &#8211; und der irische Schriftsteller Oliver Goldsmith wusste warum: \u201eSelbstgespr\u00e4che haben den Vorteil, dass man immer zu Wort kommt.\u201c<br \/>\n&#8230; Alles zu Gabor Steinhart&#8217;s MorningBriefing vom 22.1.2020 bitte lesen af<br \/>\n<a href=\"https:\/\/news.gaborsteingart.com\/online.php?u=FFinV743340\">https:\/\/news.gaborsteingart.com\/online.php?u=FFinV743340<\/a><\/p>\n<p>.<br \/>\n<strong>2) Davos: Donald Trump erschreckt Europa mit seinem Optimismus<\/strong><br \/>\nMit Donald Trump hat man nichts als \u00c4rger. Da tritt er in Davos auf und sagt lauter Sachen, die einem anst\u00e4ndigen deutschen Linksgr\u00fcnen die Haare zu Berge stehen lassen. Allein schon dass er vor dem Weltwirtschaftsforum st\u00e4ndig das Wort \u201eFreiheit\u201c in den Mund nimmt, weist ihn als einen Mann von jenseits des Atlantik aus. Wo diesseits doch jeder Verbotsfreund und Meinungsvorschreiber wei\u00df, dass die Freiheit eine Sekund\u00e4rtugend ist.<br \/>\nAber es ist ja nicht nur, dass Donald Trump das Lied der Freiheit singt. (Wenn man seinen Vortrag als Gesang einstufen will.) Er st\u00f6\u00dft die Leute auch noch mit den Erfolgen der Freiheit vor den Kopf.<br \/>\nEr konfrontiert die Anwesenden mit Amerikas Wirtschaftswachstum, bei dem kein europ\u00e4isches Land mithalten kann. Er \u00e4rgert sie mit seiner Deregulierungs-Politik, die jungen und alten Unternehmern einen Freiraum gibt, von dem Europas von Vorschriften eingekreiste Gr\u00fcnder und etablierte Firmen nur tr\u00e4umen k\u00f6nnen. Und dann seine massiven Steuersenkungen, die doch tats\u00e4chlich dazu f\u00fchren, dass jede Menge neuer Unternehmen an den Start gehen und viele alte massenhaft Leute einstellen. Die Folge: praktisch Vollbesch\u00e4ftigung, steigende L\u00f6hne auch f\u00fcr die untere und mittlere Schicht.<br \/>\nUnd damit nicht genug. Weil Trump den klimatischen Weltuntergang noch nicht unmittelbar kommen sieht, verst\u00f6rt er uns Deutsche auch noch mit erschreckend niedrigen Energiepreisen, von denen gemeinerweise die amerikanischen Unternehmen noch zus\u00e4tzlich profitieren. Kein Wunder, dass hiesige Firmen gerne nach Amerika ausrei\u00dfen, um unter g\u00fcnstigeren Bedingungen dort f\u00fcr Arbeitspl\u00e4tze zu sorgen.<br \/>\n&#8230; Alles vom 21.1.2020 von Rainer Bonhorst bitte lesen auf<br \/>\n<a href=\"https:\/\/www.achgut.com\/artikel\/donald_trump_erschreckt_europa_mit_seinem_optimismus\">https:\/\/www.achgut.com\/artikel\/donald_trump_erschreckt_europa_mit_seinem_optimismus<\/a><br \/>\n.<br \/>\nKommentare:<br \/>\nDie deutschen Medien stellen es aber immer nur so dar, dass Trump nur das tut, um die eigene Anh\u00e4ngerschaft bei der Stange zu halten.Dass aber das ganze Land von seiner Wirtschafts- und Steuerpolitik profitiert, auch die H\u00e4lfte des Landes, die gegen ihn ist, erf\u00e4hrt man in den deutschen Medien nicht.Au\u00dferdem wird Trump von den deutschen Medien fast nur anhand seiner Au\u00dfenpolitik beurteilt.<br \/>\n21.1.2020, K-H.V.<br \/>\n.<br \/>\n<strong>Das ist seelischer Krieg. Eine Jugend ohne Hoffnung<\/strong><br \/>\nHeute haben sich w\u00e4hrend der Busfahrt zwei M\u00fctter von Sch\u00fclern (Grund- und Mittelstufe) dar\u00fcber unterhalten, dass die Kinder der einen bei einem Psychologen vorgestellt werden sollen. Grund (sinngem\u00e4\u00df und auf das wesentliche reduziert): ihre Kinder verweigern den Schulbesuch, denn lernen lohnt nicht mehr, Verschwendung von Lebenszeit, in 10 Jahren ist alles vorbei. Meine Ansicht: Das ist seelischer Krieg. Eine Jugend ohne Hoffnung. Da !!! muss man fragen \u201chow dare you\u201d? Beide M\u00fctter waren sich aber \u00fcber Trump gem\u00e4\u00df des offiziellen Meinungskorridors einig.<br \/>\n21.1.2020, Petra M.<br \/>\n.<br \/>\n.<br \/>\n<strong>US-Botschafter Grenell kritisiert Habeck: \u201eEr h\u00e4tte besser zuh\u00f6ren sollen\u201c<\/strong><br \/>\nNach der Rede von US-Pr\u00e4sident Donald Trump (73) konnte sich Habeck kaum bremsen, war fassungslos. F\u00fcr ihn war der Auftritt Trumps \u201edie schlechteste Rede\u201c, die er je gesehen habe. <em>\u201eNur Selbstlob, Ignoranz, Missachtung von allen Leuten, kein Gesp\u00fcr, keine Wahrnehmung f\u00fcr globale Probleme\u201c<\/em>, schimpfte Habeck der ZDF-Reporterin Katrin Eigendorf in die Handykamera.<br \/>\nNun schaltet sich US-Botschafter Richard Grenell ein und kritisiert den Gr\u00fcnen-Chef. Grenell exklusiv zu BILD: <em>\u201eEr h\u00e4tte besser zuh\u00f6ren sollen. Dann h\u00e4tte er vielleicht verstanden, wie man eine Wirtschaft massiv wachsen lassen und zeitgleich den CO2-Aussto\u00df senken kann \u2013 zwei Dinge, die er noch lernen muss.\u201c<\/em> &#8230;<br \/>\n<em>&#8222;Er ist der Gegner. Er steht f\u00fcr all die Probleme, die wir haben.&#8220;<\/em> &#8211; so Gr\u00fcnen-Chef Robert Habeck.<br \/>\n&#8230; Alles vom 21.1.2020 bitte lesen auf<br \/>\n<a href=\"https:\/\/www.bild.de\/politik\/ausland\/politik-ausland\/trump-rede-bringt-gruenen-habeck-auf-die-palme-er-ist-der-gegner-67463052.bild.html\">https:\/\/www.bild.de\/politik\/ausland\/politik-ausland\/trump-rede-bringt-gruenen-habeck-auf-die-palme-er-ist-der-gegner-67463052.bild.html<br \/>\n<\/a>.<\/p>\n<p><strong>3) Davos-Rede von Donald Trump komplett auf Deutsch<\/strong><br \/>\nDie Rede von Donald Trump vor dem Weltwirtschaftsgipfel hat in Deutschland einen sehr widerspr\u00fcchlichen, oft negativen Widerhall gefunden. Achgut.com hat den Wortlaut der Rede des amerikanischen Pr\u00e4sidenten f\u00fcr seine Leser \u00fcbersetzt, damit Sie sich selbst ein Bild von Donald Trumps Botschaft und dem Gehalt der Kritik an seinen Worten machen k\u00f6nnen.<br \/>\n&#8230; Alles vom 22.1.2020 zu &#8222;Trumps Rede in Davos&#8220; bitte lesen auf<br \/>\n<a href=\"https:\/\/www.achgut.com\/artikel\/donald_trumps_komplette_davos_rede_auf_deutsch\">https:\/\/www.achgut.com\/artikel\/donald_trumps_komplette_davos_rede_auf_deutsch<\/a><br \/>\n.<br \/>\n<strong>Davos-Rede von Trump (Ausschnitt): 1 Billion B\u00e4ume &#8211; Optimismus &#8211; Freiheit<\/strong><br \/>\n&#8222;Ich freue mich, Ihnen heute ank\u00fcndigen zu k\u00f6nnen, dass sich die Vereinigten Staaten der Initiative \u201eEine Billion B\u00e4ume\u201c anschlie\u00dfen werden, die hier auf dem Weltwirtschaftsforum ins Leben gerufen wurde. Eine Billion B\u00e4ume! Und dabei werden wir weiterhin eine starke F\u00fchrungsrolle \u00fcbernehmen und das Wachstum unserer B\u00e4ume und W\u00e4lder wiederherstellen und besser verwalten.<br \/>\nDies ist nicht die Zeit f\u00fcr Pessimismus. Dies ist eine Zeit des Optimismus. Angst und Zweifel sind kein guter Gedankengang &#8211; denn dies ist eine Zeit der gro\u00dfen Hoffnung und Freude und des Optimismus und des Handelns. Aber um die M\u00f6glichkeiten von morgen anzunehmen, m\u00fcssen wir die immerw\u00e4hrenden Untergangspropheten und ihre Vorhersagen \u00fcber die Apokalypse ablehnen. Sie sind die Erben der t\u00f6richten Wahrsager von gestern, und ich habe sie, und Sie haben sie, und wir alle haben sie \u2013 und sie wollen, dass es uns schlecht geht. Aber das werden wir nicht zulassen. Sie sagten eine \u00dcberbev\u00f6lkerungskrise in den 1960er Jahren, einen Massenhunger in den 70er Jahren und ein \u201eEnde des \u00d6ls\u201c in den 1990er Jahren voraus.<br \/>\n<em><strong>Diese Panikmacher fordern immer das Gleiche: Absolute Macht, jeden Aspekt unseres Lebens zu beherrschen, zu ver\u00e4ndern und zu kontrollieren. Wir werden niemals zulassen, dass radikale Sozialisten unsere Wirtschaft zerst\u00f6ren, unser Land vernichten oder unsere Freiheit ausmerzen.<\/strong><\/em><br \/>\nAmerika wird immer die stolze, starke und unnachgiebige Bastion der Freiheit sein. In Amerika verstehen wir, was die Pessimisten nicht sehen wollten: dass eine <a title=\"USA\" href=\"https:\/\/www.freiburg-schwarzwald.de\/blog\/global\/usa\/\">wachsende und lebendige Marktwirtschaft<\/a>, die sich auf die Zukunft konzentriert, den menschlichen Erfindungsgeist inspiriert und eine Kreativit\u00e4t anregt, die stark genug ist, um jede Herausforderung zu bew\u00e4ltigen &#8211; jede Herausforderung bei weitem.&#8220;<br \/>\n&#8230; Alles vom 22.1.2020 zu &#8222;Trumps Rede in Davos&#8220; bitte lesen auf<br \/>\n<a href=\"https:\/\/www.achgut.com\/artikel\/donald_trumps_komplette_davos_rede_auf_deutsch\">https:\/\/www.achgut.com\/artikel\/donald_trumps_komplette_davos_rede_auf_deutsch<\/a><\/p>\n<p><a title=\"USA\" href=\"https:\/\/www.freiburg-schwarzwald.de\/blog\/global\/usa\/\">Davos-Rede von Trump: Wirtschaftslage in den USA<\/a> (22.1.2020)<br \/>\n.<br \/>\nEinige Kommentare:<br \/>\n<strong>Wenn man das liest, tr\u00e4nen einem Deutschen wie mir,<\/strong><br \/>\ndie das Wirtschaftswunder noch erlebt haben, und wissen, in welchen goldenen Zeiten wir gelebt haben, die Augen! Es ist unglaublich, was diesem unserm Land bewusst angetan wurde! Und die Einwohner der BRD, Deutsches Volk verkneife ich mir lieber, haben nichts anderes als Trump bashing im Kopf und kritisieren, weil es ihnen an Argumenten mangelt, die Frisur des Mannes, der ganz und gar hinter seinem Volk, den Amerikanern steht. Der deutsche Michel ist ein \u201cTooor!\u201d f\u00fcr Deutschland, was anderes f\u00e4llt einem dazu nicht mehr ein.<br \/>\n22.1.2020, N.R.<\/p>\n<p><strong>Vielen Dank f\u00fcr den Abdruck der Rede. Ich hab gerade 532 Kommentare dazu im \u201cZEIT\u201d Forum gelesen.<\/strong><br \/>\nUnd 90 % der Schreibenden waren der \u00dcberzeugung das Dr. Habeck es dem Trump mal wieder richtig gezeigt hat.<br \/>\n22.1.2020, P.L.<br \/>\n.<br \/>\n<strong>Liebe News-Redaktion von Achgut.com, vielen herzlichen Dank f\u00fcr die Ver\u00f6ffentlichung der Rede<\/strong><br \/>\nKein Wunder das der infantile Demagoge Habeck, angesichts dieser Rede, vor lauter Fassungslosigkeit die Maske fallen liess. Propagiert er doch die Gr\u00fcnen als die einzig wahren Seeligmacher im Universum. Den wahren Habeck erkennt man in genau diesen Momenten, wenn er spontan ist, also dann wenn er nicht l\u00fcgt. Wie auch damals, als er gewissen Neuen Bundesl\u00e4ndern erstmal die Demokratie anheimbringen wollte. Aus den Mainstream-Medien und aus den Reichsrundfunkanstalten h\u00e4tte man von der tats\u00e4chlichen Rede nichts erfahren. Wie immer grassiert dort das Gegenteil. Beispiel: SPON ver\u00f6ffentlichte heute einen Meinungsartikel \u201cTrump vs. Habeck &#8211; Duell der Giganten\u201d. Und weiter: \u201cIn Davos kam es gestern zum Duell zweier politischer Schwergewichte: Donald Trump gegen Robert Habeck\u201d. Jeder Kommentar hierzu ist \u00fcberfl\u00fcssig. Ich werde es bis zum j\u00fcngsten Tag und noch drei Tage danach verfluchen, dass Bl\u00f6dheit keine Schmerzen verursacht.<br \/>\n22.1.2020, D.F.<br \/>\n.<br \/>\n<strong>Bravo und vielen Dank f\u00fcr die Bereitstellung der \u00fcbersetzten Rede<\/strong><br \/>\nIch kann an ihr nichts Verwerfliches finden. Aber na sowas &#8211; jetzt kommt da ein Trump und spricht auf einem Wirtschaftsforum von der Wirtschaft seines Landes und seinen Erfolgen. Wagt es noch, die anderen aufzufordern, es ihm gleichzutun: Wohlstand und Perspektiven der eigenen B\u00fcrger zu verbessern.<br \/>\nGeht ja gar nicht f\u00fcr die Generation Apokalypse. Habeck muss sich wohl als Erbe der t\u00f6richten Wahrsager von gestern angesprochen gef\u00fchlt haben, was erkl\u00e4ren k\u00f6nnte, warum er so eingeschnappt war. Besonders bei dieser Passage musste ich unwillk\u00fcrlich an ihn denken: \u201cDiese Panikmacher fordern immer das Gleiche: Absolute Macht, jeden Aspekt unseres Lebens zu beherrschen, zu ver\u00e4ndern und zu kontrollieren. Wir werden niemals zulassen, dass radikale Sozialisten unsere Wirtschaft zerst\u00f6ren, unser Land vernichten oder unsere Freiheit ausmerzen.\u201d<br \/>\nSolche Ansagen w\u00fcrde ich gerne mal von unserer Regierung h\u00f6ren.<br \/>\n22.1.2020, Gabriele K.,<br \/>\n.<br \/>\n<strong>Laut unserem k\u00fcnftigen Traumkanzler Habeck<\/strong><br \/>\nsteht Trump \u201cf\u00fcr alle Probleme, die wir haben\u201d. Die Dinge 1\/1 zu verdrehen &#8211; das tun sie gerne, die linksgr\u00fcnen Bessermenschen. Bei Lichte betrachtet sieht es n\u00e4mlich so aus, dass die gravierendsten Probleme, die wir haben, n\u00e4mlich Migrationschaos, Wirtschaftsflaute, Spaltung der Gesellschaft, Unsicherheit in der Energieversorgung und auch der \u201cdemographische Wandel\u201d direktes Produkt linksgr\u00fcner Ideologie und Politik sind. F\u00fcr diese Probleme steht nun mal Habek, wie keine andere Figur.<br \/>\n22.1.2020, Th.SCH<br \/>\n.<br \/>\n.<br \/>\n<strong>4) Deutschlands bl\u00fchender Antiamerikanismus ist eine Schande<\/strong><br \/>\nNur noch vier von zehn Bundesb\u00fcrgern haben eine positive Meinung von den USA. Dabei handelt es sich um Deutschlands wichtigsten Partner in der Welt. Wie konnte das passieren? F\u00fcr den FDP-Politiker Frank M\u00fcller-Rosentritt ist die deutsche Regierung mitverantwortlich.<br \/>\n&#8230;<br \/>\nDas Pew-Institut hat k\u00fcrzlich 37\u2005000 Menschen aus 33 L\u00e4ndern repr\u00e4sentativ befragt, und das Ergebnis der Studie ist schockierend: Eine Minderheit von nur noch 39 Prozent der Deutschen hat eine positive Meinung von den USA. &#8230;.<br \/>\nDonald Trump mag mit seiner Mad-Man-Strategie oft f\u00fcr Kopfsch\u00fctteln und Verunsicherung sorgen. Dennoch ist es kaum nachvollziehbar, warum der Pr\u00e4sident eines liberalen, demokratischen Rechtsstaats f\u00fcr 41 Prozent der befragten Bundesb\u00fcrger eine gr\u00f6ssere Gefahr f\u00fcr den Weltfrieden darstellen soll als Antidemokraten wie Kim Jong Un (17 Prozent), Ali Khamenei (8 Prozent), Wladimir Putin (8 Prozent) und Xi Jinping (gerade einmal 7 Prozent). Und wenn man wissen will, welcher Politiker denn \u00abdas Richtige\u00bb in weltpolitischen Fragen tue, dann nennen im europ\u00e4ischen Vergleich ungleich mehr Deutsche Wladimir Putin und Xi Jinping.<br \/>\n&#8230;<br \/>\nAussenpolitik ist dann gut, wenn sie aus einem integren und klaren Standpunkt heraus gestaltet wird. F\u00fcr Deutschland l\u00e4sst er sich ganz einfach beschreiben: Demokratie, Freiheit, Menschenrechte, Freihandel, Rechtsstaatlichkeit, eine starke transatlantische Partnerschaft sowie eine tiefe Solidarit\u00e4t mit Israel. Wer sich stattdessen an Mullahs und Autokraten anschmiegt und im gleichen Atemzug von einer Emanzipation Europas spricht, der hat sich verirrt.<br \/>\n&#8230; Alles vom 17.1.2020 bitte lesen auf<br \/>\n<a href=\"https:\/\/www.nzz.ch\/international\/deutschlands-antiamerikanismus-ist-eine-schande-ein-gastbeitrag-ld.1534449\">https:\/\/www.nzz.ch\/international\/deutschlands-antiamerikanismus-ist-eine-schande-ein-gastbeitrag-ld.1534449<\/a><\/p>\n","protected":false},"excerpt":{"rendered":"<p>Auf dem\u00a0Wirtschaftsforum\u00a0in Davos hat US-Pr\u00e4sident Trump eine Rede zur Wirtschaft und Greta Thunberg eine Rede zum Klimawandel\u00a0gehalten\u00a0Die deutsche Betreutes-Denken&#8211;Presse hat die Trump-Rede nicht auf Deutsch ver\u00f6ffentlicht (Ausnahme Achgut.com), aber dennoch &#8222;verrissen&#8220; (so w\u00fcrde es Marcel Reich-Ranicky sagen). Die Greta-Rede\u00a0hingegen wurde &hellip; <a href=\"https:\/\/www.freiburg-schwarzwald.de\/blog\/davos-greta-ok-trump-not-ok\/\">Weiterlesen <span class=\"meta-nav\">&rarr;<\/span><\/a><\/p>\n","protected":false},"author":2,"featured_media":0,"comment_status":"open","ping_status":"closed","sticky":false,"template":"","format":"standard","meta":{"footnotes":""},"categories":[18,4,5,14,40,80,172],"tags":[633,682,715,653,525,719],"class_list":["post-78483","post","type-post","status-publish","format-standard","hentry","category-bildung","category-branchen","category-energie","category-global","category-klima","category-medien","category-zukunft","tag-demokratie","tag-freiheit","tag-klima","tag-oeko","tag-politik","tag-umwelt"],"_links":{"self":[{"href":"https:\/\/www.freiburg-schwarzwald.de\/blog\/wp-json\/wp\/v2\/posts\/78483","targetHints":{"allow":["GET"]}}],"collection":[{"href":"https:\/\/www.freiburg-schwarzwald.de\/blog\/wp-json\/wp\/v2\/posts"}],"about":[{"href":"https:\/\/www.freiburg-schwarzwald.de\/blog\/wp-json\/wp\/v2\/types\/post"}],"author":[{"embeddable":true,"href":"https:\/\/www.freiburg-schwarzwald.de\/blog\/wp-json\/wp\/v2\/users\/2"}],"replies":[{"embeddable":true,"href":"https:\/\/www.freiburg-schwarzwald.de\/blog\/wp-json\/wp\/v2\/comments?post=78483"}],"version-history":[{"count":0,"href":"https:\/\/www.freiburg-schwarzwald.de\/blog\/wp-json\/wp\/v2\/posts\/78483\/revisions"}],"wp:attachment":[{"href":"https:\/\/www.freiburg-schwarzwald.de\/blog\/wp-json\/wp\/v2\/media?parent=78483"}],"wp:term":[{"taxonomy":"category","embeddable":true,"href":"https:\/\/www.freiburg-schwarzwald.de\/blog\/wp-json\/wp\/v2\/categories?post=78483"},{"taxonomy":"post_tag","embeddable":true,"href":"https:\/\/www.freiburg-schwarzwald.de\/blog\/wp-json\/wp\/v2\/tags?post=78483"}],"curies":[{"name":"wp","href":"https:\/\/api.w.org\/{rel}","templated":true}]}}