{"id":78092,"date":"2020-01-11T11:19:30","date_gmt":"2020-01-11T10:19:30","guid":{"rendered":"https:\/\/www.freiburg-schwarzwald.de\/blog\/?p=78092"},"modified":"2020-01-12T11:41:27","modified_gmt":"2020-01-12T10:41:27","slug":"keine-stadtbahnverlaengerung","status":"publish","type":"post","link":"https:\/\/www.freiburg-schwarzwald.de\/blog\/keine-stadtbahnverlaengerung\/","title":{"rendered":"Keine Stadtbahnverl\u00e4ngerung"},"content":{"rendered":"<p>Es macht \u00f6konomisch wie \u00f6kologisch keinen Sinn, zwei konkurrierende <a title=\"OEPNV\" href=\"https:\/\/www.freiburg-schwarzwald.de\/blog\/regio\/verkehr\/oepnv\/\">Nahverkehrssysteme<\/a> (<a title=\"Breisgau-S-Bahn\" href=\"https:\/\/www.freiburg-schwarzwald.de\/blog\/regio\/verkehr\/eisenbahn\/breisgau-s-bahn\/\">S-Bahn<\/a> der <a title=\"Hoellentalbahn\" href=\"https:\/\/www.freiburg-schwarzwald.de\/blog\/regio\/verkehr\/eisenbahn\/hoellentalbahn\/\">DB<\/a> und <a title=\"Strassenbahn\" href=\"https:\/\/www.freiburg-schwarzwald.de\/blog\/regio\/freiburg\/vag\/strassenbahn\/\">Strassenbahn<\/a> der <a title=\"VAG\" href=\"https:\/\/www.freiburg-schwarzwald.de\/blog\/regio\/freiburg\/vag\/\">VAG<\/a>) parallel laufen zu lassen. So stehts in den Lehrb\u00fcchern zur Verkehrs- bzw. Stadtplanung. Aus diesem Grund sprachen sich zuletzt Ende 1998 <a title=\"Littenweiler\" href=\"https:\/\/www.freiburg-schwarzwald.de\/blog\/regio\/freiburg\/littenweiler\/\">Littenweiler<\/a> B\u00fcrger gegen eine Verl\u00e4ngerung der <a title=\"Strassenbahn\" href=\"https:\/\/www.freiburg-schwarzwald.de\/blog\/regio\/freiburg\/vag\/strassenbahn\/\">Strassenbahn<\/a> von der Endstation <a title=\"Littenweiler-Endhaltestelle\" href=\"https:\/\/www.freiburg-schwarzwald.de\/blog\/regio\/freiburg\/littenweiler\/littenweiler-endhaltestelle\/\">Lassbergstrasse<\/a> zum <a title=\"Kappler-Knoten\" href=\"https:\/\/www.freiburg-schwarzwald.de\/blog\/regio\/freiburg\/littenweiler\/kappler-knoten\/\">Kappler Knoten<\/a> aus.\u00a0Denn damit w\u00fcrden zwei Bahnen fast 2 km parallel. fahren.<!--more-->.<br \/>\n.<br \/>\nAls kosteng\u00fcnstige und effektive Alternative wurde gefordert, den 1978 geschlossenen &#8222;Haltepunkt FR-Kapplertal&#8220; als &#8222;Haltepunkt Kappler Knoten&#8220; der <a title=\"Hoellentalbahn\" href=\"https:\/\/www.freiburg-schwarzwald.de\/blog\/regio\/verkehr\/eisenbahn\/hoellentalbahn\/\">H\u00f6llentalbahn<\/a> bzw. Breisgau-S-Bahn neu einzurichten.<br \/>\nFolgende Problembereiche zur Alternative &#8222;Kappler Knoten: Strassenbahnverl\u00e4ngerung versus Haltepunkt?&#8220; sind nicht hinreichend gekl\u00e4rt:<br \/>\n.<br \/>\n1) Kostenvergleich: &#8222;Strassenbahnverl\u00e4ngerung der VAG bis zum Kappler Knoten&#8220; versus &#8222;Neuer S-Bahn-Haltepunkt der DB am Kappler Knoten&#8220;.<br \/>\n.<br \/>\n2) Befragung der B\u00fcrger von Littenweiler und Kappel zur Alternative.<\/p>\n<p>3) Gutachten zum Bahn\u00fcbergang in Littenweiler: Der Bahn\u00fcbergang Lindenmattenstrasse gilt heute schon als neuralgischer Punkt: Lange Schlie\u00dfzeiten der Bahnschranken f\u00fchren zu Autostaus bis hin zur VAG-Wendeschleife Lassbergstrasse bzw. zum Dorfplatz. Kann hier noch zus\u00e4tzlich eine zweigleisige Strassenbahn einm\u00fcnden? Siehe:<br \/>\n<a href=\"https:\/\/stadtplan.freiburg.de\/BPlan_Raster\/6260\/BP_3_070_Stadtbahnverlaengerung_Littenweiler_Ausfertigung.pdf\">https:\/\/stadtplan.freiburg.de\/BPlan_Raster\/6260\/BP_3_070_Stadtbahnverlaengerung_Littenweiler_Ausfertigung.pdf<\/a><br \/>\n.<br \/>\n4) &#8222;Die Stadt Freiburg erh\u00e4lt staatliche F\u00f6rdergelder nur f\u00fcr die VAG-Strassenbahnverl\u00e4ngerung, nicht aber f\u00fcr den DB-Haltepunkt&#8220;. Ist diese Behauptung korrekt?<br \/>\n.<br \/>\nWerden diese vier Problembereiche zum &#8222;Kappler Knoten&#8220; nicht gekl\u00e4rt, dann ist ein Scheitern zu bef\u00fcrchten &#8211; genauso wie <a title=\"H\u00f6llental- und Kaiserstuhlbahn\" href=\"https:\/\/www.freiburg-schwarzwald.de\/blog\/hoellental-und-kaiserstuhlbahn-trennen\/\">derzeit bei der Breisgau-S-Bahn<\/a>:<br \/>\n11.1.2020<\/p>\n<p><a href=\"https:\/\/www.freiburg-schwarzwald.de\/littenweiler\/strassenbahnverlaengerung-nein.htm\">https:\/\/www.freiburg-schwarzwald.de\/littenweiler\/strassenbahnverlaengerung-nein.htm<\/a>\u00a0&gt; Archivseite<\/p>\n<p>Kommentare:<br \/>\n<strong>Bahn\u00fcbergang Lindenmatte: Bereits jetzt st\u00e4ndig Staus<\/strong><br \/>\nZum Bericht &#8222;Fahrplan f\u00fcrs neue Bahnhofsareal soll bald fertig sein&#8220; \u00fcber den <a title=\"Strassenbahn\" href=\"https:\/\/www.freiburg-schwarzwald.de\/blog\/regio\/freiburg\/vag\/strassenbahn\/\">Neujahrsempfang in Littenweiler<\/a> (BZ vom 8. Januar). Dabei ging es auch um die Forderung nach einer Stadtbahnverl\u00e4ngerung.<br \/>\nBereits jetzt entstehen durch die h\u00e4ufig und langanhaltend geschlossenen Bahnschranken am Bahnhof Littenweiler st\u00e4ndig lange Staus in der Lindenmattenstra\u00dfe. Wenn jetzt auch noch die alle paar Minuten verkehrende Stra\u00dfenbahn die Stra\u00dfe queren w\u00fcrde, k\u00f6nnte man die Lindenmattenstra\u00dfe gleich total sperren.<br \/>\nWenn man hier eine echte Verkehrserleichterung schaffen wollte, m\u00fcsste man die Lindenmattenstra\u00dfe konsequenterweise mit einer Br\u00fccke \u00fcber die Bahngleise und die Stra\u00dfenbahngleise f\u00fchren. Das g\u00e4be allerdings ein riesiges Bauwerk, das den jetzigen Charakter v\u00f6llig ver\u00e4ndern w\u00fcrde. Wie das Wasserschutzgebiet und das Landschaftsschutzgebiet in Freiburg-Ost nach dem Zu-Betonieren f\u00fcr einen auch nur ann\u00e4hernd ausreichend gro\u00dfen &#8222;Park &amp; Ride&#8220;-Platz f\u00fcr s\u00e4mtliche Berufspendler aus dem \u00f6stlichen Umland auss\u00e4he, mag ich mir gar nicht ausmalen! Und was w\u00e4re mit den Lkw?<br \/>\n.<br \/>\nIch schlage vor, dass man f\u00fcr die Bauzeit des <a title=\"Stadttunnel\" href=\"https:\/\/www.freiburg-schwarzwald.de\/blog\/regio\/verkehr\/stadttunnel\/\">Stadttunnels<\/a> die Ortsdurchfahrt von Freiburg von Ost nach West f\u00fcr Lkw ausschlie\u00dflich f\u00fcr Anlieger freigibt und eine gro\u00dfr\u00e4umige Umfahrung durch entsprechende, sperrende Verkehrsregelungen in den kleinen Ausweicht\u00e4lern erzwingt, so dass die Lkw auf andere Bundesstra\u00dfen und Autobahnen ausweichen m\u00fcssen. Im Moment wird die Strecke der B 31 durch Freiburg und das H\u00f6llental in Google-Maps als k\u00fcrzeste Verbindung zwischen Spanien\/Portugal und den ganzen &#8222;Ostblockstaaten&#8220; angegeben. Wie anders es in Freiburg ohne diesen Durchgangsverkehr auss\u00e4he, kann man jeden Sonntag feststellen, auch wenn dann noch einige Pkw des Berufsverkehrs hinzuk\u00e4men.<br \/>\nVielleicht w\u00e4re der Stadttunnel grunds\u00e4tzlich \u00fcberfl\u00fcssig, wenn man diese Anliegerregelung generell schon jetzt und f\u00fcr die Zukunft einf\u00fchren w\u00fcrde!<br \/>\nKurzfristig k\u00f6nnte man den Ost-Westverkehr bereits deutlich fl\u00fcssiger gestalten, wenn man es endlich schaffen w\u00fcrde, die querenden S-Bahnlinien und die Fu\u00dfg\u00e4nger-Druckknopf-Ampeln bei der Marien- und Luisenstra\u00dfe so zu koordinieren, dass man nicht bei der einen Ampel steht, w\u00e4hrend die andere auf Gr\u00fcn zeigt und umgekehrt. Fr\u00fcher nannte man das &#8222;Gr\u00fcne Welle&#8220;.<br \/>\n11.1.2010, Helga Denzlinger, Littenweiler<br \/>\n.<br \/>\n<strong>Warum keinen S-Bahn-Haltepunkt am Kappler Kntoten?<\/strong><br \/>\nForderung nach Verl\u00e4ngerung der Stadtbahn Linie 1 bis zum Kappler Knoten, Warum? Warum eine Tram 2 km parallel zu einer bestehenden Schienenstrecke und jetzt S Bahn? Warum nicht einfach einen Haltepunkt mit P\/R Pl\u00e4tzen? Das w\u00e4re unter vielen Gesichtspunkten viel kl\u00fcger, schneller und effektiver. Aber klar, der gemeine Freibuger denkt leider immer noch nicht \u00fcber seinen Kirchturm hinaus. Das ist bedauerlich. Den wir sollten langsam damit anfangen. Wir sind die Region Breisgau und dazu geh\u00f6ren viele Gemeinden und nicht nur Freiburg.<br \/>\n9.1.2020, Andreas Gerhardt<\/p>\n<p>&nbsp;<\/p>\n<p>&nbsp;<\/p>\n<p><b><span style=\"color: #ff4b33;\"><span style=\"background-color: #d5d5d5;\">G<\/span><\/span>eldnot zwingt zur Vernunft<br \/>\n<\/b>Gut, dass man die konkurrierenden Nahverkehrssysteme S-Bahn und Stadtbahn zwischen Kappel und Littenweiler nun nicht parallel laufen l\u00e4sst, denn dadurch h\u00e4tte man nur Negatives erreicht: gewaltige Kosten (neuen Gleisk\u00f6rper f\u00fcr Stadtbahn nach Kappel bauen) bei gleichem Personenaufkommen (die eine H\u00e4lfte f\u00e4hrt S-Bahn, die andere Stadtbahn). Es bieten sich doch preiswertere Alternativen an:<\/p>\n<p>1. \u00d6ffnet man den in den 60er-Jahren geschlossenen S-Bahnhof Kapplertal wieder, dann gelangen Pendler aus Kappel und Neuh\u00e4user \u00fcber die S-Bahn nach Littenweiler, Wiehre und zum Hauptbahnhof.<br \/>\n2. Die Entfernung vom S-Bahnhof Littenweiler zur Stadtbahnendhaltestelle Lassbergstra\u00dfe ist k\u00fcrzer als die von Bahnsteig 1 zu Bahnsteig 16 in Frankfurt oder in M\u00fcnchen. Warum hier f\u00fcr gehbequeme B\u00fcrger kein Laufband bauen?<br \/>\n3. Auf einen P&amp;R-Platz beim Kappler Knoten kann man verzichten, wenn man die Pendler aus dem Wagensteigtal, Eschbachtal und Oberried bereits an P&amp;R-Pl\u00e4tzen in Himmelreich sowie Kirchzarten abholt.<\/p>\n<p align=\"left\">BZ-Leserbrief von Lena Sch\u00fctte, Freiburg<i>,\u00a0<\/i>am 28.10.2004<i><br \/>\n<\/i>Zur Diskussion um den Ausbau der Stra\u00dfenbahn in Zeiten leerer Kassen (&#8222;Vollbremsung im Nahverkehr&#8220;, BZ vom 1. Oktober 2004):<br \/>\n.<\/p>\n<p align=\"left\"><b><span style=\"background-color: #d5d5d5;\">D<\/span>eutliche Worte zur geplanten Stra\u00dfenbahnverl\u00e4ngerung.<\/b><br \/>\n<i>Die Meinung der B\u00fcrger war gefragt!<\/i><\/p>\n<p align=\"left\">An der Gestaltung des Kappler Knotens und an der geplanten Stra\u00dfenbahnverl\u00e4ngerung scheiden sich in Littenweiler nach wie vor die Geister. W\u00e4hrend B\u00fcrgerverein und Parteien den Kurs der st\u00e4dtischen Verkehrsplanung unterst\u00fctzen und ohne Wenn und Aber die Verl\u00e4ngerung der Stra\u00dfenbahn bis zum Kappler Knoten bef\u00fcrworten, gibt es bei vielen B\u00fcrgern doch starke Zweifel, ob diese Stra\u00dfenbahn nun wirklich von Vorteil f\u00fcr Littenweiler sein wird.<\/p>\n<p align=\"left\">Es ist ganz klar, man m\u00f6chte einen Park and Ride Platz im Freiburger Osten einrichten. Nachdem das nahe der Endhaltestelle gelegene Gel\u00e4nde (die jetzige Heinrich-Heinestra\u00dfe), wo urspr\u00fcnglich ein Parkhaus geplant war, zugebaut wurde, m\u00f6chte man den Parkplatz nun an den Kappler Knoten verlegen. Ein Park- and Ride Platz macht nat\u00fcrlich nur wenig Sinn, wenn kein Stra\u00dfenbahnanschluss besteht, und aus diesen Gr\u00fcnden soll nun auch die Stra\u00dfenbahnlinie dorthin verl\u00e4ngert werden. Merkw\u00fcrdig an dieser Geschichte ist nur, dass man den B\u00fcrgern versichert, die Verl\u00e4ngerung br\u00e4chte dem ganzen Stadtteil Vorteile.\u00a0<span style=\"color: #008000;\"><b>Dem Innerort, wo die meisten Menschen wohnen, da sollte man ehrlich sein, n\u00fctzt diese Verl\u00e4ngerung herzlich wenig<\/b><\/span>, zumal der Busverkehr durch den Ort aus wirtschaftlichen Gr\u00fcnden ausged\u00fcnnt werden wird. Ganz zu schweigen von den Bewohnern der Hanglagen, die bei reduziertem Busverkehr durch die Alemannenstra\u00dfe noch weitere Wege als bisher zur\u00fccklegen m\u00fcssten und dann wahrscheinlich wieder lieber ins Auto steigen w\u00fcrden. \u00dcberdies sollten die Politiker hierbei wirklich auch einmal an die Anwohner denken, die schon durch den Bau der B 31 Ost vieles von ihrer Lebens- und Wohnqualit\u00e4t einb\u00fc\u00dfen mussten und jetzt durch diese geplante Verl\u00e4ngerung und dem damit verbundenen Parkplatz f\u00fcr 400 PKW wieder die Leidtragenden w\u00e4ren.<br \/>\nWir haben zu diesem Thema mehrere Anrufe und die hier abgedruckten Leserbriefe bekommen,\u00a0<span style=\"color: #008000;\"><b>bis auf eine Zuschrift waren alle Stimmen gegen diese Verl\u00e4ngerung<\/b><\/span>.Einspruch erhebt auch die Interessengemeinschaft Littenweiler, ihre Sprecher Prof. Michael Bauer und Dr. Ariane Brandner haben sich in einem Schreiben an Baub\u00fcrgermeister Schmelas vehement gegen die Stra\u00dfenbahnverl\u00e4ngerung gewandt und um Alternativvorschl\u00e4ge gebeten.<\/p>\n<p>Anita Hohler, Littenweiler Dorfblatt April\/Mai 2004, S. 8<br \/>\n<a href=\"https:\/\/www.freiburg-schwarzwald.de\/littenweiler\/strassenbahnverlaengerung-nein.htm\">https:\/\/www.freiburg-schwarzwald.de\/littenweiler\/strassenbahnverlaengerung-nein.htm<\/a>\u00a0&gt; Archivseite<\/p>\n","protected":false},"excerpt":{"rendered":"<p>Es macht \u00f6konomisch wie \u00f6kologisch keinen Sinn, zwei konkurrierende Nahverkehrssysteme (S-Bahn der DB und Strassenbahn der VAG) parallel laufen zu lassen. So stehts in den Lehrb\u00fcchern zur Verkehrs- bzw. Stadtplanung. Aus diesem Grund sprachen sich zuletzt Ende 1998 Littenweiler B\u00fcrger &hellip; <a href=\"https:\/\/www.freiburg-schwarzwald.de\/blog\/keine-stadtbahnverlaengerung\/\">Weiterlesen <span class=\"meta-nav\">&rarr;<\/span><\/a><\/p>\n","protected":false},"author":2,"featured_media":0,"comment_status":"open","ping_status":"closed","sticky":false,"template":"","format":"standard","meta":{"footnotes":""},"categories":[181,273,49,283,157,11,118],"tags":[576,510,112,436],"class_list":["post-78092","post","type-post","status-publish","format-standard","hentry","category-buergerbeteiligung","category-einsenbahn","category-freiburg","category-littenweiler","category-oeffentlicher-raum","category-regio","category-verkehr","tag-offentlich","tag-opnv","tag-stadtplanung","tag-zug"],"_links":{"self":[{"href":"https:\/\/www.freiburg-schwarzwald.de\/blog\/wp-json\/wp\/v2\/posts\/78092","targetHints":{"allow":["GET"]}}],"collection":[{"href":"https:\/\/www.freiburg-schwarzwald.de\/blog\/wp-json\/wp\/v2\/posts"}],"about":[{"href":"https:\/\/www.freiburg-schwarzwald.de\/blog\/wp-json\/wp\/v2\/types\/post"}],"author":[{"embeddable":true,"href":"https:\/\/www.freiburg-schwarzwald.de\/blog\/wp-json\/wp\/v2\/users\/2"}],"replies":[{"embeddable":true,"href":"https:\/\/www.freiburg-schwarzwald.de\/blog\/wp-json\/wp\/v2\/comments?post=78092"}],"version-history":[{"count":0,"href":"https:\/\/www.freiburg-schwarzwald.de\/blog\/wp-json\/wp\/v2\/posts\/78092\/revisions"}],"wp:attachment":[{"href":"https:\/\/www.freiburg-schwarzwald.de\/blog\/wp-json\/wp\/v2\/media?parent=78092"}],"wp:term":[{"taxonomy":"category","embeddable":true,"href":"https:\/\/www.freiburg-schwarzwald.de\/blog\/wp-json\/wp\/v2\/categories?post=78092"},{"taxonomy":"post_tag","embeddable":true,"href":"https:\/\/www.freiburg-schwarzwald.de\/blog\/wp-json\/wp\/v2\/tags?post=78092"}],"curies":[{"name":"wp","href":"https:\/\/api.w.org\/{rel}","templated":true}]}}