{"id":77686,"date":"2019-12-28T13:49:26","date_gmt":"2019-12-28T12:49:26","guid":{"rendered":"https:\/\/www.freiburg-schwarzwald.de\/blog\/?p=77686"},"modified":"2019-12-28T13:57:41","modified_gmt":"2019-12-28T12:57:41","slug":"die-welt-staunt-akwco2-nein","status":"publish","type":"post","link":"https:\/\/www.freiburg-schwarzwald.de\/blog\/die-welt-staunt-akwco2-nein\/","title":{"rendered":"Die Welt staunt: AKW+CO2 nein"},"content":{"rendered":"<p>Die Welt sch\u00fcttelt den Kopf <a title=\"Verbl\u00f6dung\" href=\"https:\/\/www.freiburg-schwarzwald.de\/blog\/bildung\/verbloedung\/\">\u00fcber uns<\/a>: Mit <a title=\"Kernkraft\" href=\"https:\/\/www.freiburg-schwarzwald.de\/blog\/energie\/akw\/kernkraft\/\">Philippsburg 2<\/a> eines der modernsten <a title=\"AKW\" href=\"https:\/\/www.freiburg-schwarzwald.de\/blog\/energie\/akw\/\">AKWs<\/a> mit 3 Mrd Euro Zeitwert stilllegen, um ab 1.1.2010 die Stroml\u00fccke durch <a title=\"Strom\" href=\"https:\/\/www.freiburg-schwarzwald.de\/blog\/energie\/strom\/\">Atomstrom<\/a> aus Tschechien und durch Kohle zu schlie\u00dfen. Den Weltuntergang von 2100 auf 2050 vorverlegen, um zwecks <a title=\"Angst und Religion\" href=\"https:\/\/www.freiburg-schwarzwald.de\/blog\/angst-und-religion\/\">Angst<\/a>&#8211; bzw. <a title=\"Angst\" href=\"https:\/\/www.freiburg-schwarzwald.de\/blog\/engagement\/zukunft\/angst\/\">Gef\u00fcgigmache<\/a> den <a title=\"EU-Klimanotstand ausgerufen\" href=\"https:\/\/www.freiburg-schwarzwald.de\/blog\/eu-klimanotstand-ausgerufen\/\">Klimanotstand<\/a> und allg.\u00a0Steuererh\u00f6hungen\u00a0 (\u00fcber CO2) ausrufen zu k\u00f6nnen.<br \/>\n<!--more-->So kommt es zum deutschen Paradox: <em>Die Verschlechterung der Lebensbedingungen der eigenen Bev\u00f6lkerung ist offizielles Regierungsziel &#8211; und die B\u00fcrger unterst\u00fctzen dies<\/em>.<br \/>\n28.12.2019<\/p>\n<p><strong>Die deutsche CO2-Steuer ist genial<\/strong><br \/>\nG\u00e4be es den Klimawandel nicht, die Politik h\u00e4tte ihn erfinden m\u00fcssen. Das mit dem <a title=\"Pflanzen-CO2\" href=\"https:\/\/www.freiburg-schwarzwald.de\/blog\/natur\/flora\/pflanzen-co2\/\">CO2<\/a> ist genial: Man sieht es nicht, man riecht es nicht, man h\u00f6rt es nicht. Diesem \u201eNichts\u201c eine Lebensgef\u00e4hrlichkeit anzudichten, ist nachgerade hochbegabt. Es wird ein \u201eunsichtbarer Notstand\u201c herbeifantasiert. Damit kann man jegliche Aushebelung der Demokratie und jegliche Steuer-Abzocke begr\u00fcnden. Die CO2-Steuer ist eine Art <a title=\"Steuern\" href=\"https:\/\/www.freiburg-schwarzwald.de\/blog\/engagement\/verbraucher\/steuern\/\">Universalsteuer<\/a>, die nahezu alle Aspekte des menschlichen Lebens mit einem Preisschild versieht. Und das Beste ist: Die H\u00f6he der Steuer legt der Staat quasi nach Belieben fest.<br \/>\n&#8230;<br \/>\n<strong>Energiepolitik der gekochten Fr\u00f6sche<\/strong><br \/>\nKennen Sie das Syndrom vom gekochten Frosch? Fangen Sie einen Frosch. Setzen Sie Wasser auf den Herd und erw\u00e4rmen es auf 75 Grad. Dann setzen Sie den Frosch in das hei\u00dfe Wasser. Mit einem gewaltigen Satz wird er herausspringen und Sie haben sich der Tierqu\u00e4lerei schuldig gemacht.<br \/>\nFangen Sie noch einen Frosch. Setzen Sie einen Topf kaltes Wasser auf den Herd und den Frosch hinein. Nun schalten Sie die Herdplatte ein und erw\u00e4rmen langsam das Wasser. Der Frosch wird ruhig sitzen bleiben, obwohl ihm zunehmend ungem\u00fctlicher wird. Am Ende k\u00f6nnen Sie das arme Tier kochen, ohne dass es einen Versuch der Selbstbefreiung unternimmt. Sie haben sich erneut der Tierqu\u00e4lerei schuldig gemacht.<br \/>\nLassen Sie das Experiment lieber bleiben und glauben Sie an das Ph\u00e4nomen. Denn das existiert wirklich \u2013 und nicht nur bei Fr\u00f6schen. Es wird in gro\u00dfem Stil beim Umgang der Politik mit den W\u00e4hlern angewandt. Warum wundert sich eigentlich niemand, warum der CO2-Preis jedes Jahr um 10 Euro steigen soll? Was hat das mit dem Klima zu tun? Es hat etwas mit der Leidensf\u00e4higkeit der Steuerzahler zu tun. Die Politik testet die Protestgrenze beim Fr\u00f6sche-Kochen.<br \/>\n&#8230; Alles vom 27.12.2019 von Manfred Haferburg bitte lesen auf<br \/>\n<a href=\"https:\/\/www.achgut.com\/artikel\/haferburgs_rueckblick_2019_der_energie_harakiri\">https:\/\/www.achgut.com\/artikel\/haferburgs_rueckblick_2019_der_energie_harakiri<\/a><br \/>\n.<br \/>\n<em><a title=\"Klimapolitik\" href=\"https:\/\/www.freiburg-schwarzwald.de\/blog\/natur\/klima\/klimapolitik\/\">Manfred Haferburg<\/a> ist der Autor des autobiografischen Romans \u201eWohn-Haft\u201c. Als Schichtleiter im Kernkraftwerk k\u00e4mpft er um Sicherheit gegen die Macht der Bonzen. Es macht ihn verd\u00e4chtig, weil er sich der Einheitspartei verweigert. Die Hexenprobe der Stasi ist die erfolglose Anwerbung als Spitzel. Bald steht er auf allen schwarzen Listen seines Heimatlandes. Er wird \u201ezersetzt\u201c und verliert alles. Eine Flucht misslingt und eine Odyssee durch die Gef\u00e4ngnisse des \u201esozialistischen Lagers\u201c beginnt. Der Mauerfall rettet ihm das Leben. Ein Buch, das den Leser atemlos umbl\u00e4ttern l\u00e4sst. (63 Amazon-Kundenbewertungen: 4,7 von 5 Sternen)<\/em><br \/>\n.<br \/>\nEinige Kommentare:<br \/>\n<strong>Nicht herummeckern!<\/strong><br \/>\nMachen! <a href=\"https:\/\/www.Klimafragen.org\">https:\/\/www.Klimafragen.org<\/a> unterschreiben,<br \/>\n\u201eWir sind Steimles Welt\u201c unterst\u00fctzen und<br \/>\nSteinh\u00f6fels Idee hier auf der Achse mittragen.<br \/>\nEs gibt viel zu tun. Packen wir`s an!<br \/>\n27.12.2019, ST.R.<\/p>\n<p><strong>Die Nicht-Fr\u00f6sche als Nazis<\/strong><br \/>\nEs ist verbl\u00fcffend, wie perfekt die totale narkotische Fr\u00fchverbl\u00f6dung gelungen ist, die der Propaganda-Staatsfunk beim deutschen Restvolk angerichtet hat. Unsere unter Opfern angesparten Sozialkassen werden von Scheindemokraten gepl\u00fcndert und an Fremde ausgesch\u00fcttet. &#8211; Geschenkt! Der Bundestag beschlie\u00dft, uns mit weiteren Lasten zu qu\u00e4len, damit er seinen inhumanen \u201cFachkr\u00e4fteimport\u201d finanzieren kann. &#8211; Geschenkt! All das wird verborgen hinter betr\u00fcgerischen Gro\u00dfkampagnen, die mit Hinweis auf h\u00f6here Gewalt, Klima, Nazis, Rassisten und Menschenfeinde aller Art Zwang aus\u00fcben und Angst sch\u00fcren. &#8211; Geschenkt! Neue Linksgr\u00fcnw\u00e4hler m\u00fcssen importiert und finanziert werden, weil deutsche Parlamente sich jetzt ein neues Volk backen, das die antidemokratischen, zersetzerischen Programme des Merkel-Hofes NACHHALTIG dulden soll. &#8211; Geschenkt! Die einzige politische Opposition &#8211; die Nicht-Fr\u00f6sche &#8211; wird systematisch zur Nazi-Partei umgelogen. &#8211; Geschenkt? Liebe Fr\u00f6sche, es ist h\u00f6chste Zeit, aus dem Schwitzbad auszusteigen! Worauf wartet Ihr noch?<br \/>\n27.12.2019, A.R.<br \/>\n.<br \/>\n<strong>Hy\u00e4nen statt Fr\u00f6sche!<\/strong><br \/>\nMenschen sind keine Fr\u00f6sche, und da liegt ein Problem f\u00fcr die Politik. Machen Sie einen anderen Versuchsaufbau. Fangen Sie eine Hy\u00e4ne, f\u00fcllen die Badewanne mit hei\u00dfem Wasser (sagen wir 60 \u00b0 C) und setzen die Hy\u00e4ne hinein. Was passiert? Klar, das Tier springt heraus und wird Sie wohl noch w\u00e4hrend des Fluges in der selbigen Luft zerrei\u00dfen. Das ist auch Tierqu\u00e4lerei, aber immerhin trifft Sie gleich die Strafe. Experiment zwei (gut, das mu\u00df jetzt ein anderer f\u00fcr Sie \u00fcbernehmen), Setzen sie die Hy\u00e4ne in die lauwarme Wanne, so da\u00df sie sich wohlf\u00fchlt. Dann lassen Sie das hei\u00dfe Wasser zulaufen. Resultat: irgendwann springt auch jetzt das Tier heraus und das Experiment endet wie Nr. 1. Sie, also ihr Assistent, werden nicht einmal mehr Zeit finden, die Wassertemperatur zu messen.<br \/>\nFranzosen werden schneller vom Frosch zur Hy\u00e4ne<br \/>\nDa Menschen anders als diese Tiere, also Fr\u00f6sche und Hy\u00e4nen, dummerweise beide Verhaltensweisen in ihrem Repertoire haben und niemand ganz genau vorhersagen kann, wann sie von a nach b umschalten, ist es f\u00fcr Politiker ratsam, rechtzeitig eiserne Unterw\u00e4sche anzuziehen. Denn wie die Erfahrungen der Menschheitsgeschichte zeigen, ist der Mensch erst einmal in den Hy\u00e4nen-Modus gewechselt, will sein Blutdurst auch gestillt werden, und es dauert verdammt lange, bis er wieder auf Frosch runterschaltet. Meist geschieht das erst dann, wenn ihm selbst vom ganzen Blutschmause kotzschlecht geworden ist.<em><strong> Der Unterschied zwischen Franzosen und Deutschen ist letztlich nur der Schaltzeitpunkt zwischen a und b.<\/strong><\/em> Wie sagt der erste Teil von Murphy\u2019s law: was schiefgehen kann, geht auch schief. Na denn, heute gibt\u2019s schon mal Fl\u00f6nz mit \u00d6llich, so als Anregung.<br \/>\n27.12.2019, G.ST<br \/>\n.<br \/>\n<strong>Es ist ja schlimmer als bei den gekochten Fr\u00f6schen<\/strong><br \/>\nDurch mediale Konditionierung ist der Durchschnittsdeutsche in einen suizidal-masochistischen Geisteszustand versetzt worden: er bettelt um Bestrafung und Erniedrigung, und freut sich auf den Exitus. Sprich: der Frosch ist dazu gebracht worden, selbst nach hei\u00dferem Wasser zu verlangen.<br \/>\n27.12.2019, R.G.<br \/>\n.<br \/>\n<strong>&#8230; Menschen regeln (anders als Fr\u00f6sche) selbst die Temperatur<\/strong><br \/>\nEs verbl\u00fcfft mich immer noch, ja es \u00e4ngstigt mich geradezu, wie leicht es ist, Menschen mit haltlosen Erz\u00e4hlungen zu den d\u00fcmmsten Handlungen zu verf\u00fchren. Das ist der Unterschied zum Frosch im Kochtopf: die Menschen regeln selbst die Temperatur! Die politisch Verantwortlichen regieren unverhohlen gegen die wirklichen Interessen der W\u00e4hler an, sie zerst\u00f6ren ihre Arbeitspl\u00e4tze, ihre Sozialsysteme, ihre Energieversorgung, ja, sie nehmen ihnen die gewohnte Heimat und den gesellschaftlichen Zusammenhalt, \u00fcberziehen sie mit Abgaben, und werden daf\u00fcr beklatscht und wiedergew\u00e4hlt. Als Jugendlicher habe ich mich gefragt, wie das passieren konnte, da\u00df auf solche dummen Losungen wie \u201cdie Juden sind unser Ungl\u00fcck\u201d ein Vernichtungsfuror begr\u00fcndet werden konnte, da\u00df eine Generation junger M\u00e4nner auf dem Schlachtfeld verheizt werden konnte.<br \/>\nEs war mir unbegreiflich! Mein Vater hat mir erz\u00e4hlt, da\u00df nach dem Polenfeldzug ihn und seine Freunde, so um die 19 Jahre alt, die Stimmung umtrieb, \u201cMist, jetzt ist der Krieg vorbei, und wir sind nicht dabeigewesen\u2026.\u201d! Dieser Mangel an Vorstellungsverm\u00f6gen wurde in Ru\u00dfland sp\u00e4ter auf schreckliche Weise korrigiert. Ich selbst bekomme gerade Anschauungsunterricht, wie solcher Wahnsinn ins Werk gesetzt wird. Wir treiben sehenden Auges auf einen Blackout zu, als Bewohner Berlins, wo inzwischen in weiten Teilen \u201cdas Zusammenleben jeden Tag neu ausgehandelt wird\u201d, bin ich sicher, da\u00df schon in der ersten Nacht die Pl\u00fcnderungen losgehen werden. Die Zahl der Opfer wird hoch sein. Ich hoffe noch immer, da\u00df die f\u00e4higen Ingenieure, die \u00fcber die Netzstabilit\u00e4t wachen, irgendwie das Schlimmste verhindern k\u00f6nnen. Ist das vergleichbar mit der vergeblichen Hoffnung auf die \u201cWunderwaffe\u201d?<br \/>\n27.12.2019, A.P.<br \/>\n.<br \/>\n<strong>Geht der Frosch w\u00e4hlen?<\/strong><br \/>\nGuten Morgen Herr Haferburg. Stimmt alles. Dennoch ist es der einzige Weg zur Wende. Das Erlangen von Vernunft und Erkenntnis aus der Abstraktion heraus hat noch nie funktioniert. Der Frosch wird nicht langsam sterben. Der Frosch erlangt in dieser Form seine Erkenntnis und sein Hirn zur\u00fcck. Er wird &#8211; ggf. &#8211; anders w\u00e4hlen. Und um das zu unterbinden werden die etablierten Parteien weiter massiv die Meinungsfreiheit einschr\u00e4nken ganz nach dem Vorbild Chinas. Die erzeugten Kettenreaktionen aus ihrem Handeln haben diese Flachzangen nicht im Griff. Und die entstehenden Probleme werden sie noch mehr \u00fcberfordern. Der Karren f\u00e4hrt an die Wand. Und dann wird man weitersehen. F\u00fcr die ohne Hirn wird der Aufschlag kurz und schmerzlos sein. F\u00fcr die mit Hirn ist die \u201eVorfreude\u201c eher das Problem an der Sache. Machen gelingt ggf. noch ein wenig schmerzvoller Absprung. Der Zugriff auf unser Barverm\u00f6gen von angeblich 6 Billionen Euro hat noch Potential f\u00fcr ein bisschen Unfug. Ein zeitgeschichtliches Experiment l\u00e4uft.<br \/>\n27.12.2019, R.D.<\/p>\n<p><strong>Es f\u00e4llt einem schwer.<\/strong><br \/>\nauch nur ansatzweise zu verstehen, wie diese Menschen dazu kommen in die Politik zu gehen.<br \/>\n<a href=\"https:\/\/www.welt.de\/politik\/deutschland\/article189667893\/Fridays-for-Future-Kanzlerin-Merkel-stellt-sich-hinter-Schueler.html\">https:\/\/www.welt.de\/politik\/deutschland\/article189667893\/Fridays-for-Future-Kanzlerin-Merkel-stellt-sich-hinter-Schueler.html<\/a><br \/>\nEbenso schwer f\u00e4llt es zu glauben das sie f\u00e4hig sind Entscheidungen zu treffen die ihr eigenes Leben betreffen und schon gar nicht f\u00fcr 500 Mio. Europ\u00e4er. Wie kann es sein das diese Gruppe Teletubbies deren einziges Prinzip die Anma\u00dfung ist eine Stimme bekommen? Wenn diese Leute die Repr\u00e4sentanten gr\u00fcner Politik in der EU sind, dann darf man sich \u00fcber nichts mehr wundern.<br \/>\nF.D.<br \/>\nIch habe mir diesen Clip dieser gr\u00fcnen Elite EU Parlamentarier nur zur H\u00e4lfte ansehen k\u00f6nnen\u2026<br \/>\n<a href=\"https:\/\/www.youtube.com\/watch?v=wHzez5iMnuY\">https:\/\/www.youtube.com\/watch?v=wHzez5iMnuY<\/a><br \/>\nes ist unertr\u00e4glich! Ich habe das Gef\u00fchl, da stehen drei Gymnasiasten der 10. Klasse zusammen und diskutieren welche Aktionen sie zu Beginn des Schuljahres machen k\u00f6nnen, um trotz schlechter Noten in die 11. Klasse versetzt werden zu k\u00f6nnen, weil sie sich vom Lehrerkollegium doch nicht vorschreiben lassen werden, wie sie ihre Klausuren zu schreiben haben. Au\u00dferdem sind ein paar doofe Sch\u00fcler aus dem Vorjahr jetzt nicht in ihre Klasse gekommen, sondern in einer anderen Klasse gelandet &#8211; schlimm genug, da\u00df man die jetzt trotzdem in der gro\u00dfen Pause sehen k\u00f6nnte! Ich will diese drei Gestalten nicht per se verdammen, aber es bleibt ein komisches Gschm\u00e4ckle zur\u00fcck, ob da wirklich die Richtigen in Br\u00fcssel\/Strassburg sitzen, die sich von den europ\u00e4ischen Steuerzahlern alimentieren lassen!<br \/>\n27.12.2019, U.H.<\/p>\n<p><strong>Es hat auch etwas Tragisches an sich,<\/strong><br \/>\ndass die Betroffenen der gewollten Massenverelendung von etwa 80 % der Bev\u00f6lkerung es nicht sp\u00fcren, obwohl es trotz gewisser Dosierungen sp\u00fcrbar ist und vor allem sehr sp\u00fcrbar sein wird. Der masochistische Teil der Gesellschaft ist zwar vorhanden, aber eine Minderheit. Die Masse ist schlicht dumm. Politisch wichtig sind und bleiben die Funktion\u00e4re und Helfer der Verelendung, die hoch alimentierten Klebers und Slomkas, die Agitatoren an den Universit\u00e4ten, die Kirchen und NGOs, die VerwaltungsleiterInnen und die Justiz zur Absicherung durch (UN)Rechtsprechung. Und selbstredend wird von Merkel und Co mit vdL und Co. ueber die EU-Bande gespielt, zumal diese Organisationen dasselbe Ziel verfolgen, nur bezogen auf 500 Mio und nicht nur 80. Aktuell ziehen die, die es sich leisten k\u00f6nnen, die Konsequenzen durch Auswanderung und ein anderer Teil versucht, sich die Stellen zu sichern, die zu den privilegierten geh\u00f6ren werden, Linientreue und Dankbarkeit der Maechtigen vorausgesetzt.<br \/>\nEin echter \u201cWachstumsbereich\u201d, gepaart mit zwangsl\u00e4ufig zunehmenden exzessiven Opportunismus und den weiteren sehr unangenehmen Folgen bis hin zu gewollten Denunziationen und mehr. Die materielle Verelendung im Dienste der \u201cRettung\u201d oder Schuldabtragung ist ja nur ein, wenn auch wichtiger, Teil der Strategie der totalen Macht, bei der man den bis ins das Privateste gehenden \u201cimmateriellen\u201d, psychisch verheerendenTeil nicht vergessen sollte, zumindest solange die Hirnwaesche noch nicht den totalen Erfolg hat. Allerdings :Ein paar \u201cPlaisierchen\u201d werden den letzten, auf ihre stark reduzierte Existenz zurueckgeworfenen, Menschen auch nach dem grossen Experiment vermutlich bleiben, auf sehr niedrigem, ungeistigem, Niveau, wobei nicht wenige diese Art der Ver\u00e4nderung gar nicht merken werden. So what?<br \/>\n27.12.2019, R.N.<\/p>\n","protected":false},"excerpt":{"rendered":"<p>Die Welt sch\u00fcttelt den Kopf \u00fcber uns: Mit Philippsburg 2 eines der modernsten AKWs mit 3 Mrd Euro Zeitwert stilllegen, um ab 1.1.2010 die Stroml\u00fccke durch Atomstrom aus Tschechien und durch Kohle zu schlie\u00dfen. Den Weltuntergang von 2100 auf 2050 &hellip; <a href=\"https:\/\/www.freiburg-schwarzwald.de\/blog\/die-welt-staunt-akwco2-nein\/\">Weiterlesen <span class=\"meta-nav\">&rarr;<\/span><\/a><\/p>\n","protected":false},"author":2,"featured_media":0,"comment_status":"open","ping_status":"closed","sticky":false,"template":"","format":"standard","meta":{"footnotes":""},"categories":[164,18,181,5,135,40,68],"tags":[640,163,281,42,715,525,365,723],"class_list":["post-77686","post","type-post","status-publish","format-standard","hentry","category-akw","category-bildung","category-buergerbeteiligung","category-energie","category-energiepolitik","category-klima","category-umwelt","tag-akw-2","tag-atomkraft","tag-burgerinitiativen","tag-co2","tag-klima","tag-politik","tag-steuern","tag-strom"],"_links":{"self":[{"href":"https:\/\/www.freiburg-schwarzwald.de\/blog\/wp-json\/wp\/v2\/posts\/77686","targetHints":{"allow":["GET"]}}],"collection":[{"href":"https:\/\/www.freiburg-schwarzwald.de\/blog\/wp-json\/wp\/v2\/posts"}],"about":[{"href":"https:\/\/www.freiburg-schwarzwald.de\/blog\/wp-json\/wp\/v2\/types\/post"}],"author":[{"embeddable":true,"href":"https:\/\/www.freiburg-schwarzwald.de\/blog\/wp-json\/wp\/v2\/users\/2"}],"replies":[{"embeddable":true,"href":"https:\/\/www.freiburg-schwarzwald.de\/blog\/wp-json\/wp\/v2\/comments?post=77686"}],"version-history":[{"count":0,"href":"https:\/\/www.freiburg-schwarzwald.de\/blog\/wp-json\/wp\/v2\/posts\/77686\/revisions"}],"wp:attachment":[{"href":"https:\/\/www.freiburg-schwarzwald.de\/blog\/wp-json\/wp\/v2\/media?parent=77686"}],"wp:term":[{"taxonomy":"category","embeddable":true,"href":"https:\/\/www.freiburg-schwarzwald.de\/blog\/wp-json\/wp\/v2\/categories?post=77686"},{"taxonomy":"post_tag","embeddable":true,"href":"https:\/\/www.freiburg-schwarzwald.de\/blog\/wp-json\/wp\/v2\/tags?post=77686"}],"curies":[{"name":"wp","href":"https:\/\/api.w.org\/{rel}","templated":true}]}}