{"id":77351,"date":"2019-12-20T14:45:50","date_gmt":"2019-12-20T13:45:50","guid":{"rendered":"https:\/\/www.freiburg-schwarzwald.de\/blog\/?p=77351"},"modified":"2019-12-20T14:49:07","modified_gmt":"2019-12-20T13:49:07","slug":"babyboom-kein-babyboom","status":"publish","type":"post","link":"https:\/\/www.freiburg-schwarzwald.de\/blog\/babyboom-kein-babyboom\/","title":{"rendered":"Babyboom &#8211; kein Babyboom"},"content":{"rendered":"<p><a title=\"Babyboom\" href=\"https:\/\/www.freiburg-schwarzwald.de\/blog\/selbsthilfe\/kinder\/babyboom\/\">Babyboom<\/a> &#8211; dieses Wort boomt dreifach. 1) Die Alterskohorte der zwischen 1958 und 1968 geborenen <a title=\"Babyboomer in Politik Medien\" href=\"https:\/\/www.freiburg-schwarzwald.de\/blog\/babyboomer-in-politik-medien\/\">Babyboomer<\/a> schickt sich an, die <a title=\"Rente\" href=\"https:\/\/www.freiburg-schwarzwald.de\/blog\/selbsthilfe\/soziales\/arbeit\/rente\/\">Rentenkassen<\/a> zu belasten. 2) Die <a title=\"Geburtenkontrolle \u2013 1,7 Erden\" href=\"https:\/\/www.freiburg-schwarzwald.de\/blog\/geburtenkontrolle-17-erden\/\">Antibabypille<\/a> feiert ihr 50-j\u00e4hriges Jubil\u00e4um: F\u00fcr <a title=\"Youth-Bulges\" href=\"https:\/\/www.freiburg-schwarzwald.de\/blog\/engagement\/zukunft\/krieg\/youth-bulges\/\">Gunnar Heinsohn<\/a> ist die ab den 1970ern verbreitete Pille die Friedenstifterin schlechthin &#8211; Deutschland mit Babyboom sowie <a title=\"Youth bulges \u2013 Migration UMFs\" href=\"https:\/\/www.freiburg-schwarzwald.de\/blog\/youth-bulges-migration-umfs\/\">Kriegsindex<\/a> nahe Null und ohne <a title=\"Youth bulges \u2013 Jugend und Krieg\" href=\"https:\/\/www.freiburg-schwarzwald.de\/blog\/youth-bulges-jugend-und-krieg\/\">Youth Bulges<\/a> .<br \/>\n<!--more-->Markus Vahlefeld formuliert dies so: <em>\u201cOhne die Antibabypille w\u00e4re Deutschland kein so weiblich-pazifistisches Land, sondern w\u00fcrde seine dritten nachgeborenen S\u00f6hne in den Krieg schicken\u201d<\/em>. Aber Raymond Unger stellt f\u00fcr die Kriegsenkel als \u201cWiedergutmacher\u201d eine tiefgreifende \u201c<a title=\"Moral2015\" href=\"https:\/\/www.freiburg-schwarzwald.de\/blog\/global\/deutschland\/moral2015\/\">moralische<\/a> <a title=\"Infantil\" href=\"https:\/\/www.freiburg-schwarzwald.de\/blog\/bildung\/infantil\/\">Infantilisierung<\/a>\u201d fest.<br \/>\n.<br \/>\n3) Den ab <a title=\"Budapest-Dublin2015\" href=\"https:\/\/www.freiburg-schwarzwald.de\/blog\/global\/eu\/budapest-dublin2015\/\">Budapest 9\/2015<\/a> einsetzenden neuen Babyboom wertet Dorothea Siems unter der Headline &#8222;Der Babyboom der <a title=\"Islam-Frauen\" href=\"https:\/\/www.freiburg-schwarzwald.de\/blog\/religion\/islam\/islam-frauen\/\">bildungsfernen<\/a> <a title=\"Migranten-Fluechtlinge\" href=\"https:\/\/www.freiburg-schwarzwald.de\/blog\/global\/migration\/migranten-fluechtlinge\/\">Migrantinnen<\/a>&#8220; statistisch aus. Anabel Schunke untersucht den gesellschaftlichen Aspekt. &#8222;Hinter der n\u00fcchternen \u00dcberschrift <a title=\"Babyboom\" href=\"https:\/\/www.freiburg-schwarzwald.de\/blog\/selbsthilfe\/kinder\/babyboom\/\">&#8222;Babyboom bei Migrantinnen&#8220;<\/a> stehen zahlreiche Probleme, insbesondere f\u00fcr Schulen, in denen teilweise heute schon kein normaler Unterricht mehr m\u00f6glich ist. Darunter leiden nicht nur Migrantenkinder, sondern auch deutsche Kinder, deren Eltern keine M\u00f6glichkeit haben, dem auszuweichen&#8220; (Beitrag <a title=\"Babyboom\" href=\"https:\/\/www.freiburg-schwarzwald.de\/blog\/selbsthilfe\/kinder\/babyboom\/\">hier<\/a>).<br \/>\n.<br \/>\nBabyboom hier, kein Babyboom dort &#8211; die <a title=\"Spaltung\" href=\"https:\/\/www.freiburg-schwarzwald.de\/blog\/global\/deutschland\/spaltung\/\">Spaltung<\/a> Deutschlands schreitet fort. Dazu zwei Zitate:<br \/>\n<a title=\"Babyboomer in Politik Medien\" href=\"https:\/\/www.freiburg-schwarzwald.de\/blog\/babyboomer-in-politik-medien\/\">Katrin G\u00f6ring-Eckardt<\/a> verk\u00fcndet 2016 in der Talkshow bei Anne Will: <em>&#8222;Dieses Land wird sich ver\u00e4ndern. Und es wird sich ziemlich drastisch ver\u00e4ndern. &#8230; Und ich freue mich darauf&#8220;<\/em>.<br \/>\n<em>\u201cDass wir ein historisch einmaliges Experiment der Umwandlung einer monoethnischen monokulturellen Demokratie in eine multikulturelle Demokratie wagen\u201c<\/em>, begr\u00fc\u00dft <a title=\"Sozialismus\" href=\"https:\/\/www.freiburg-schwarzwald.de\/blog\/engagement\/zukunft\/demokratie\/sozialismus\/\">Yascha Mounk<\/a> am 20.2.2018 in den ARD-Tagesthemen und f\u00fcgt hinzu: <em>\u201cdabei kommt es nat\u00fcrlich auch zu Verwerfungen\u201d<\/em>.<br \/>\nMehr zum <a title=\"Babyboom\" href=\"https:\/\/www.freiburg-schwarzwald.de\/blog\/selbsthilfe\/kinder\/babyboom\/\">Babyboom<\/a> lesen Sie\u00a0<a title=\"Babyboom\" href=\"https:\/\/www.freiburg-schwarzwald.de\/blog\/selbsthilfe\/kinder\/babyboom\/\">bitte hier<\/a>.<br \/>\n20.12.2019<br \/>\n.<\/p>\n<p>Markus Vahlefeld: Mal eben kurz die Welt retten<br \/>\n&#8211; die Deutschen zwischen Gr\u00f6\u00dfenwahn und Selbstverleugnung<br \/>\nK\u00f6ln 2017, ISBN 978-3-7450-8376-7<br \/>\n<a href=\"https:\/\/markus-vahlefeld.de\/\">https:\/\/markus-vahlefeld.de\/<\/a><br \/>\n<a href=\"https:\/\/www.freiburg-schwarzwald.de\/blog\/babyboomer-in-politik-medien\/\">https:\/\/www.freiburg-schwarzwald.de\/blog\/babyboomer-in-politik-medien\/<\/a><br \/>\n.<br \/>\nGunnar Heinsohn: S\u00f6hne und Weltmacht (Youth Bulges)<br \/>\n\u2013 Terror im Aufstieg und Fall der Nationen,<br \/>\nNeuausgabe von 2003, Z\u00fcrich 2019, ISBN 978-3-280-05706-3,<br \/>\n<a href=\"https:\/\/www.theeuropean.de\/gunnar-heinsohn\/\">https:\/\/www.theeuropean.de\/gunnar-heinsohn\/<\/a><br \/>\n.<br \/>\nRaymond Unger: Die Wiedergutmacher \u2013<br \/>\nDas Nachkriegstrauma und die Fl\u00fcchtlingsdebatte,<br \/>\nEuropa Verlag 2018, 24,90 Euro<br \/>\nISBN 978-3-95890-234-3<br \/>\n<a href=\"https:\/\/www.raymond-unger.de\/\">https:\/\/www.raymond-unger.de\/<\/a><br \/>\n<a href=\"https:\/\/www.freiburg-schwarzwald.de\/blog\/babyboomer-in-politik-medien\/\">https:\/\/www.freiburg-schwarzwald.de\/blog\/babyboomer-in-politik-medien\/<\/a><br \/>\n.<\/p>\n<p><strong>Etwas Logik:<\/strong><br \/>\n<strong>Eine Mehrheit (Migrantenkinder) in eine Minderheit (deutsche Kinder) integrieren, <a title=\"Integration-gescheitert\" href=\"https:\/\/www.freiburg-schwarzwald.de\/blog\/global\/integration\/integration-gescheitert\/\">das geht nicht<\/a><\/strong><br \/>\nDie Integration einer Mehrheit der Kinder in die Gesellschaft der Minderheit ihrer Generation in D kann und wird es nicht geben. Den Politikern ist das egal, ihren Schranzen auch. Sie selbst sind nicht betroffen, und nach ihnen darf gerne die Scharia das GG abl\u00f6sen, denn dieses ist <em>\u201cunfickbar seit 1949\u201d<\/em>, laut B\u00f6hmermann, dem Staatsfunk-Lachbeauftragten, der anders als Uwe Steimle nicht f\u00fcrchten muss, \u00b4rauszufliegen (beim MDR), und der auch nicht, wie Dieter Nuhr, b\u00f6swillig verleumdet wird.<br \/>\nMit der Scharia wird die wahre Kultur und Menschlichkeit in D einziehen: die Todesstrafe z.B. f\u00fcr Homosexualit\u00e4t, Beleidigung des Propheten oder auch eine Zugeh\u00f6rigkeit zum Judentum, die Vakuumverpackung s\u00e4mtlicher Frauen, die Sklaverei im Vollsinne des Wortes und das Recht des Mannes, als gleichzeitiger Ankl\u00e4ger, Richter und Henker seiner Frau, Schwester oder Tochter zu handeln.<br \/>\nUnd was f\u00e4llt unseren erleuchteten Leit&#8230;dazu ein? Ganz einfach: noch mehr und mehr muslimische \u201cKlima-Schutzsuchende\u201d aufzunehmen. Zur Zeit rollt, so Merkels Adlatus Altmaier, wieder mal die \u00c4rzte- und Ingenieursschwemme auf uns zu.<br \/>\n18.12.2019, Gudrun Meyer, AO<br \/>\n.<br \/>\n<strong>Etwas Nostralgie:<\/strong><br \/>\n<strong>Die Medien vor der <a title=\"Grenz\u00f6ffnung2015\" href=\"https:\/\/www.freiburg-schwarzwald.de\/blog\/global\/deutschland\/grenzoeffnung2015\/\">Grenz\u00f6ffnung<\/a> Budapest 9\/2015<\/strong><br \/>\nDie in den 50er und 60er Jahren geborenen Babyboomer gehen in Rente. Um diese L\u00fccke zu schlie\u00dfen, m\u00fcssen laut IAB-Studie langfristig 533.000 Menschen mehr zu- als abwandern.<br \/>\n28.3.2015<br \/>\n<a href=\"https:\/\/www.freiburg-schwarzwald.de\/blog\/zuwanderung-nach-babyboom\/\">https:\/\/www.freiburg-schwarzwald.de\/blog\/zuwanderung-nach-babyboom\/<\/a><\/p>\n","protected":false},"excerpt":{"rendered":"<p>Babyboom &#8211; dieses Wort boomt dreifach. 1) Die Alterskohorte der zwischen 1958 und 1968 geborenen Babyboomer schickt sich an, die Rentenkassen zu belasten. 2) Die Antibabypille feiert ihr 50-j\u00e4hriges Jubil\u00e4um: F\u00fcr Gunnar Heinsohn ist die ab den 1970ern verbreitete Pille &hellip; <a href=\"https:\/\/www.freiburg-schwarzwald.de\/blog\/babyboom-kein-babyboom\/\">Weiterlesen <span class=\"meta-nav\">&rarr;<\/span><\/a><\/p>\n","protected":false},"author":2,"featured_media":0,"comment_status":"open","ping_status":"closed","sticky":false,"template":"","format":"standard","meta":{"footnotes":""},"categories":[79,4,58,155,60,61,13,19,95],"tags":[382,368,327,672,426,488,388,504],"class_list":["post-77351","post","type-post","status-publish","format-standard","hentry","category-arbeit","category-branchen","category-familie","category-integration","category-jugend","category-kinder","category-kultur","category-religion","category-schulen","tag-arbeit-working","tag-baby","tag-demografie","tag-fluechtling","tag-job","tag-child","tag-social","tag-weiterbildung"],"_links":{"self":[{"href":"https:\/\/www.freiburg-schwarzwald.de\/blog\/wp-json\/wp\/v2\/posts\/77351","targetHints":{"allow":["GET"]}}],"collection":[{"href":"https:\/\/www.freiburg-schwarzwald.de\/blog\/wp-json\/wp\/v2\/posts"}],"about":[{"href":"https:\/\/www.freiburg-schwarzwald.de\/blog\/wp-json\/wp\/v2\/types\/post"}],"author":[{"embeddable":true,"href":"https:\/\/www.freiburg-schwarzwald.de\/blog\/wp-json\/wp\/v2\/users\/2"}],"replies":[{"embeddable":true,"href":"https:\/\/www.freiburg-schwarzwald.de\/blog\/wp-json\/wp\/v2\/comments?post=77351"}],"version-history":[{"count":0,"href":"https:\/\/www.freiburg-schwarzwald.de\/blog\/wp-json\/wp\/v2\/posts\/77351\/revisions"}],"wp:attachment":[{"href":"https:\/\/www.freiburg-schwarzwald.de\/blog\/wp-json\/wp\/v2\/media?parent=77351"}],"wp:term":[{"taxonomy":"category","embeddable":true,"href":"https:\/\/www.freiburg-schwarzwald.de\/blog\/wp-json\/wp\/v2\/categories?post=77351"},{"taxonomy":"post_tag","embeddable":true,"href":"https:\/\/www.freiburg-schwarzwald.de\/blog\/wp-json\/wp\/v2\/tags?post=77351"}],"curies":[{"name":"wp","href":"https:\/\/api.w.org\/{rel}","templated":true}]}}