{"id":77113,"date":"2019-12-14T17:10:15","date_gmt":"2019-12-14T16:10:15","guid":{"rendered":"https:\/\/www.freiburg-schwarzwald.de\/blog\/?p=77113"},"modified":"2019-12-14T17:38:27","modified_gmt":"2019-12-14T16:38:27","slug":"deutsche-arroganz-zu-gb-und-f","status":"publish","type":"post","link":"https:\/\/www.freiburg-schwarzwald.de\/blog\/deutsche-arroganz-zu-gb-und-f\/","title":{"rendered":"Deutsche Arroganz zu GB und F"},"content":{"rendered":"<p>Deutsche <a title=\"Medien\" href=\"https:\/\/www.freiburg-schwarzwald.de\/blog\/kultur\/medien\/\">Medien<\/a> \u00fcbersch\u00fctten <a title=\"Grossbritannien\" href=\"https:\/\/www.freiburg-schwarzwald.de\/blog\/global\/grossbritannien\/\">Briten<\/a> und <a title=\"France\" href=\"https:\/\/www.freiburg-schwarzwald.de\/blog\/global\/france\/\">Franzosen<\/a>, also unsere gro\u00dfen <a title=\"Amitie Franco-Allemande 2019\" href=\"https:\/\/www.freiburg-schwarzwald.de\/blog\/amitie-franco-allemande-2019\/\">Nachbarn<\/a>, mit einem \u00dcberma\u00df an H\u00e4me, Schadenfreude, Spott und Verachtung, die ich nicht mehr ertragen kann. Die langen <a title=\"Unterhaus versus Bundestag\" href=\"https:\/\/www.freiburg-schwarzwald.de\/blog\/unterhaus-versus-bundestag\/\">Unterhaus<\/a>-Debatten zum <a title=\"Brexit\" href=\"https:\/\/www.freiburg-schwarzwald.de\/blog\/global\/eu\/brexit\/\">Brexit<\/a> waren &#8222;kindische Z\u00e4nkereien&#8220; (ZDF), Boris Johnson als Sieger einer <a title=\"Demokratie\" href=\"https:\/\/www.freiburg-schwarzwald.de\/blog\/engagement\/zukunft\/demokratie\/\">demokratischen<\/a> Wahl wird mit den Eigenschaften schamlos und <a title=\"Luegenpresse\" href=\"https:\/\/www.freiburg-schwarzwald.de\/blog\/kultur\/medien\/luegenpresse\/\">l\u00fcgnerisch<\/a> charakterisiert (ARD) <!--more-->und die EU-begeisterte Professorin Ulrike Guerot (Uni Krems) wird f\u00fcr ihren nach Johnson&#8217;s Wahlsieg hochgeladenen Horror-Tweet <em>&#8222;That&#8217;s how people must have felt in 1933&#8220;<\/em>\u00a0(ja, lesen Sie diesen Tweet ruhig mehrmals durch) vom links-gr\u00fcnen <a title=\"Mainstream\" href=\"https:\/\/www.freiburg-schwarzwald.de\/blog\/kultur\/medien\/mainstream\/\">Mainstream<\/a> bejubelt. Ab sofort z\u00e4hlen also auch die britischen <a title=\"Konservativismus\" href=\"https:\/\/www.freiburg-schwarzwald.de\/blog\/engagement\/zukunft\/demokratie\/konservativismus\/\">Konservativen<\/a> bzw. Tories zu den <a title=\"Nazi\" href=\"https:\/\/www.freiburg-schwarzwald.de\/blog\/religion\/juden\/nazi\/\">neuen Nazis<\/a>, und dies, nur weil sich die Briten am Wahltag 12.12.2019 erlaubt haben, eine &#8222;<a title=\"Kritik und abweichende Meinung\" href=\"https:\/\/www.freiburg-schwarzwald.de\/blog\/kritik-und-abweichende-meinung\/\">abweichende Meinung<\/a>&#8220; zu votieren.<br \/>\n.<br \/>\n\u00c4hnlich <a title=\"Nudging\" href=\"https:\/\/www.freiburg-schwarzwald.de\/blog\/engagement\/zukunft\/demokratie\/nudging\/\">\u00fcberheblich<\/a> die mediale Berichterstattung zu Frankreich: Gem\u00e4\u00df dem \u201eMouvement social du 5 d\u00e9cembre 2019&#8243; l\u00e4hmt ein Generalstreik das \u00f6ffentliche Leben jenseits des Rheins nun schon in der zweiten Woche &#8211; und die deutschen Medien ignorieren und verschweigen dies.<br \/>\nKaum News in GEZ-Fernsehen und Presse, dar\u00fcberhinaus \u00fcberhaupt keine Hintergrundinformationen zu unseren westlichen Nachbarn, wie z.B., dass mit dem Zusammengehen von <a title=\"Gelbwesten\" href=\"https:\/\/www.freiburg-schwarzwald.de\/blog\/global\/eu\/gelbwesten\/\">Gelbwesten<\/a> und Gewerkschaften die Proteste nun ein Gewicht haben, das zum <a title=\"Buergerkrieg\" href=\"https:\/\/www.freiburg-schwarzwald.de\/blog\/global\/deutschland\/buergerkrieg\/\">B\u00fcrgerkrieg<\/a> (siehe Bericht aus Paris von Manfred Haferburg unten) taugt.<br \/>\n.<br \/>\nUnsere deutsche mediale <a title=\"Meinungsterror\" href=\"https:\/\/www.freiburg-schwarzwald.de\/blog\/kultur\/medien\/meinungsterror\/\">Arroganz<\/a> ist eben kaum zu toppen. Da mag der folgende Satz aus der Schweizer NZZ vom 05.07.2019 schon zutreffen: <em>&#8222;Der h\u00e4ssliche Deutsche tr\u00e4gt nicht mehr Stahlhelm und Wehrmachtsuniform. Er h\u00e4lt stattdessen in allen Lebenslagen eine <a title=\"Gesinnungsethik\" href=\"https:\/\/www.freiburg-schwarzwald.de\/blog\/engagement\/zukunft\/demokratie\/gesinnungsethik\/\">gesinnungsethische<\/a> Lektion bereit.&#8220;<\/em> Soweit unsere Nachbarn zur \u00dcberheblichkeit (also mehr als nur <a title=\"Naivitaet\" href=\"https:\/\/www.freiburg-schwarzwald.de\/blog\/engagement\/zukunft\/demokratie\/naivitaet\/\">Naivit\u00e4t<\/a> und <a title=\"Selbsthass\" href=\"https:\/\/www.freiburg-schwarzwald.de\/blog\/engagement\/zukunft\/selbsthass\/\">Selbsthass<\/a>) der Deutschen in Print, TV und sozialen Medien.<br \/>\n14.12.2019<\/p>\n<p><strong>Die Entgleisung der Ulrike Gu\u00e9rot<\/strong><br \/>\n&#8222;That&#8217;s how people must have felt in 1933&#8220;<br \/>\n(Ulrike Gu\u00e9rot am 12.12.2019 auf Twitter)<br \/>\nAls in der Nacht die ersten Prognosen zur Wahl in Gro\u00dfbritannien kamen, twitterte sich die Politikwissenschaftlerin Ulrike Gu\u00e9rot ins diskursive Abseits. Sie verglich das Wahlergebnis mit der Machtergreifung der Nazis. Sogar eine absurde Ausrede hatte sie daf\u00fcr parat.<br \/>\n&#8230;<br \/>\nDas Jahr 1933 war ein Schicksalsjahr der Deutschen. Adolf Hitler wurde Kanzler und l\u00f6ste den Reichstag auf, der wenige Wochen sp\u00e4ter brennen sollte. Das Erm\u00e4chtigungsgesetz beendete die Demokratie von Weimar. Das Deutsche Reich trat aus dem V\u00f6lkerbund aus. Im Jahr 1933 wurde der Weg in die nationalsozialistische Diktatur unumkehrbar, die in Weltkrieg und Shoah m\u00fcndete.<br \/>\nWer heute in aktuellen Debatten das Jahr 1933 aufruft, greift zum denkbar gr\u00f6\u00dften Alarmknopf. Darum war es eine schlimme Entgleisung, als jetzt nach dem Wahlsieg der britischen <a title=\"Konservativ\" href=\"https:\/\/www.freiburg-schwarzwald.de\/blog\/engagement\/zukunft\/demokratie\/konservativ\/\">Konservativen<\/a> die Politikwissenschaftlerin Ulrike Gu\u00e9rot Parallelen zu 1933 zog. Mehr Geschichtsvergessenheit passt in keinen Satz. Mehr deutscher D\u00fcnkel auch nicht.<br \/>\n&#8230; Alles von Alexander Kissler vom 13.12.2019 bitte lesen auf<br \/>\n<a href=\"https:\/\/www.cicero.de\/aussenpolitik\/1933-vergleich-ulrike-guerot-wahl-grossbritannien-eu-twitter\/plus\">https:\/\/www.cicero.de\/aussenpolitik\/1933-vergleich-ulrike-guerot-wahl-grossbritannien-eu-twitter\/plus<\/a><\/p>\n<p>Einige Kommentare:<br \/>\n<strong>Gu\u00e9rot Tweet &#8222;That&#8217;s how people must have felt in 1933&#8220;<\/strong><br \/>\nDas wirft ein Schlaglicht auf jene Geister die von einem fanatischen EU-Geist durchtr\u00e4nkt sind. Man kann ja daf\u00fcr sein und werben wollen (EU-Nationalstaat), aber der dahinter stehende totalitaristische Anspruch ist erschreckend. Ja zum <a title=\"Europa-der-Vaterl\u00e4nder\" href=\"https:\/\/www.freiburg-schwarzwald.de\/blog\/global\/eu\/europa-der-vaterlaender\/\">Staatenbund souver\u00e4ner Nationalstaaten<\/a>, nein zum EU-Nationalstaat.<br \/>\n13.12.2019, G.P. CO (Cicero Online)<br \/>\n.<br \/>\n<strong>&#8230; braun anstreichen<\/strong><br \/>\nDa habe ich drauf gewartet, dass f\u00fcr linke Demokratienversteher alles, was au\u00dferhalb linker Vorstellung passiert, automatisch rechts ist und ein solcher Vorgang superlativ kommentiert und verglichen werden muss. Nun, man kann dem britischen Souver\u00e4n schwerlich braun anstreichen, also m\u00fcssen demokratische politische Vorg\u00e4nge, die sich au\u00dferhalb eines linkes Diskurses f\u00fcr diese Wissenschaftlerin befinden, wenigstens mit einem v\u00f6llig abwegigen und unversch\u00e4mten Vergleich &#8222;braun&#8220; angestrichen werden.<br \/>\nDiese absonderliche \u00c4u\u00dferung ist nun mal in der Welt und sie wird gen\u00fcgend Freunde finden, die sich jetzt, ob des Wahlergebnisses gleichsam an solchen irrationalen Aussagen versuchen werden. Man stelle sich eine solche Wertung in Deutschland nach einem Wahlergebnis 50+ f\u00fcr die AFD in einem Bundesland vor? Ich bin mir sicher, der Spruch w\u00fcrde viele Anh\u00e4nger bekommen. Die Briten selbst werden dies mit ihrem typisch britischen Humor abtun und Boris w\u00e4re gut beraten, diesen Unsinn einfach nicht zur Kenntnis zu nehmen.<br \/>\n14.12.2019, E-G.K., CO<br \/>\n&#8211;<br \/>\n<strong>links-gr\u00fcnes Demokratieverst\u00e4ndnis &#8211; 1933?<\/strong><br \/>\nWen wundert diese Einstellung wirklich noch? Im links-gr\u00fcnen Selbstverst\u00e4ndnis sind nur die Demokraten, die derselben Meinung sind. Alles andere sind Demokratiegegner oder noch besser &#8211; Nazis. Diese Menschen geben vor, f\u00fcr die Demokratie zu sein, wollen aber nur ihre eigene Meinung toleriert wissen. Und viele, viele Medienschaffende blasen in das gleiche Horn. Schrecklich!<br \/>\n13.12.2019 , P.M.<br \/>\n.<br \/>\n<strong>Deutsches Besserwissen<\/strong><br \/>\nFrau Gu\u00e9rot geh\u00f6rt zu jenen Intellektuellen, die f\u00fcr gewisse Laster besonders anf\u00e4llig sind: Arroganz, Rechthaberei, Besserwissen, intellektuelle Eitelkeit. Diese Laster m\u00fcnden in die Verachtung der freiheitlich b\u00fcrgerlichen Demokratie und degradieren den, als dumpf empfundenen B\u00fcrger zum verabscheuten Untertan. Der elit\u00e4re Hochmut, die herablassende Anma\u00dfung lassen es nicht mehr zu, das eigene verabscheuensw\u00fcrdige Verhalten zu erkennen.<br \/>\n13.12.2019, G.F., CO<br \/>\n.<br \/>\n<strong>1933-Statement, um Schulterklopfen aller politisch Korrektdenkenden zu erheischen<\/strong><br \/>\nDa jetzt alles Nazi ist, ist nat\u00fcrlich auch ein nicht genehmer Wahlausgang (wie in GBR der Sieg von Johnson) Nazi. Eigentlich k\u00f6nnen die wirklichen Nazis \u00fcber soviel bornierte Dummheit in die H\u00e4nde klatschen, weil ihre menschenverachtende Ideologie dauernd relativiert und damit normalisiert wird. Wenn alles Nazi ist, ist nichts mehr Nazi. Die Frau Professorin hatte sich wohl mit ihrem Statement das Schulterklopfen aller politisch Korrektdenkenden erheischen wollen. Rohrkrepierer. Nun, wenn hier jemand jetzt umpfl\u00fcgt, sind das wohl eher die Briten, bzw. die bl\u00f6den Schafe (Spiegel).<br \/>\n13.12.2091, J.O.<br \/>\n.<\/p>\n<p><strong>Nach Johnsons Wahlerfolg: Keine Gegner mehr &#8211; au\u00dfer sich selbst<\/strong><br \/>\nWas f\u00fcr ein Triumph f\u00fcr Boris Johnson. Er hat es allen gezeigt. <em><strong>Und alle Register gezogen: tricksen, drohen, l\u00fcgen &#8211; oft schamlos<\/strong><\/em>.<br \/>\nUnd doch wurde er mit \u00fcberragender Mehrheit gew\u00e4hlt. Das lag auch an seiner ganz einfachen Botschaft: den Brexit vollenden. Der kommt jetzt. &#8230;<br \/>\nJohnson hat jetzt keinen Gegner mehr &#8211; au\u00dfer sich selbst.<br \/>\n&#8230; Alles vom 13.12.2019 von Andreas Cichowicz, NDR bitte lesen auf<br \/>\n<a href=\"https:\/\/www.tagesschau.de\/ausland\/kommentar-johnson-101.html\">https:\/\/www.tagesschau.de\/ausland\/kommentar-johnson-101.html<br \/>\n<\/a>.<\/p>\n<p><strong>Tagesthemen g\u00f6nnen Johnson den Sieg nicht<\/strong><br \/>\n&#8230; Alles vom 14.12.2019 bitte lesen auf<br \/>\n<a href=\"https:\/\/www.achgut.com\/artikel\/tagesthemen_goennen_johnson_den_sieg_nicht\">https:\/\/www.achgut.com\/artikel\/tagesthemen_goennen_johnson_den_sieg_nicht<br \/>\n<\/a>\u00a0.<br \/>\nEinige Kommentare:<br \/>\n<strong>Diese Selbstgef\u00e4lligkeit und Arroganz deutscher Mainstream-Medienfuzzies<\/strong><br \/>\nist wirklich schwer zu ertragen. Allenfalls mit Fremdsch\u00e4men. Schon dreist, ausl\u00e4ndische Politiker als L\u00fcgner zu bezeichnen aber im eigenen Land den L\u00fcgnern stets im treuen Vorausgehorsam medial die Stange zu halten.<br \/>\n14.12.2019, l.B.<br \/>\n.<br \/>\n<strong>GEZ-Medien:\u00a0Keine sachliche Information<\/strong><br \/>\nUm ehrlich zu sein: Etwas anderes hatte ich von den Vertretern der schreibenden (und links unfiltrierten) Zunft auch gar nicht erwartet: Die h\u00e4ufig pers\u00f6nlich beleidigenden, zumindest aber unqualifizierten Bemerkungen \u00fcber aufrechte Staatsm\u00e4nner, die es wagen, dem linken Zeitgeist zu trotzen, sind doch aus unserer medialen Berichterstattung gar nicht mehr wegzudenken ! Oder kann mir jemand nachweisen, dass von den Medien schon mal in SACHLICHER Weise (!!!) \u00fcber Boris Johnson, Donald Trump, Viktor Orban, Jair Bolsonaro, Benjamin Netanjahu oder Sebastian Kurz berichtet worden ist !?!<br \/>\n14.12.2019, G.D.<br \/>\n.<br \/>\n<strong>Deutsche Medien interessieren im Ausland niemanden<\/strong><br \/>\nAlle Luegen, alle Propaganda, all der Mist, den das \u00f6ffentlich-rechtliche Staatsfernsehen absondert, interessiert au\u00dferhalb Deutschlands niemanden und innerhalb Deutschlands nur noch die Dummen und Gleichg\u00fcltigen. Unsere Qualit\u00e4tsmedien werden niemals eine Wahl oder eine wichtige Entscheidung im Rest der Welt beeinflussen. Und das k\u00f6nnen diese Armleuchter nicht kapieren; immer wieder das Gleiche zu tun und dabei ein anderes Ergebnis erwarten ist ein Zeichen von Schwachsinn.<br \/>\n14.12.2019, H.R.<br \/>\n.<br \/>\n<strong>Johnson kauft Schlepper und zieht GBR noch weiter von der EU wg<\/strong><br \/>\nWas erwarten Sie? Es ist ein Kommentar und Kommentare sind subjekiv. Es ist das b\u00f6se England mit dem b\u00f6sen Herrn Johnson. Ja, er spaltet nicht nur GB von Europa. Nein! Auch Schottland von England. So wird er weitermachen. Vermutlich kauft er n\u00e4chstes Jahr 1499 Hafenschlepper, die die Insel maximal weit weg vom Kontinent ziehen. Dann die Erdkugel noch spalten\u2026 Im Ernst:<br \/>\nDas traurige ist, dass niemand \u00fcber die Gr\u00fcnde des Austritts bzw. die Differenzen zwischen GB und EU spricht. Als da waren, Zitat aus Wiki: 1. EU-L\u00e4nder ohne Euro d\u00fcrften von der Staatengemeinschaft nicht benachteiligt werden. 2. B\u00fcrokratie m\u00fcsse abgebaut werden. 3. Es m\u00fcsse verbindlich vereinbart werden, dass das vertraglich verankerte Ziel einer immer engeren Union nicht l\u00e4nger f\u00fcr das Vereinigte K\u00f6nigreich gelten solle. 4. Die Einwanderung von Staatsb\u00fcrgern anderer EU-Mitgliedstaaten m\u00fcsse verringert werden. Nun, die einen unterwerfen sich allem Unsinnigem und f\u00fcr sie Nachteiligem gerne und geben sich daf\u00fcr auf. Andere haben eine andere Vorstellung von einer Gemeinschaft. Zum Beispiel sich gegenseitig helfen und verteidigen oder gemeinsame Interessen b\u00fcndeln, wo es sie in Teilen oder in G\u00e4nze der Mitglieder gibt. Ich denke, es wird am Ende nichts helfen. Die EU muss sich reformieren, damit sie weiterleben kann.<br \/>\n14.12.2019,R.SCH<br \/>\n.<br \/>\n<strong>\u201cSchamlos gelogen\u201d da sind die Spezialisten von ARD und ZDF ja genau die Richtigen\u2026<\/strong><br \/>\nOb es wirklich noch ein paar Hinterw\u00e4ldler gibt die das glauben was in diese linken Medien-Marionetten Tag f\u00fcr Tag so vom Stapel lassen? Und das will ich auch noch loswerden: ich hab gestern ein Shirt gesucht mit Boris Johnson darauf. Gefunden habe ich 90% Hass und Hetze der \u00fcbelsten primitivsten Art und Weise gegen Johnson. Das wars jetzt auch mit Amazon. Sind f\u00fcr mich gestorben. Aber andere als Nazis beschimpfen\u2026 Bigotte Schwbande\u2026<br \/>\n14.12.2019, W.N.<br \/>\n.<br \/>\n<strong>Es ist einfach widerlich: Demokratieverachtung, W\u00e4hlerbeschimpfung,<\/strong><br \/>\nunterirdische Attacken gegen den absolut korrekt gew\u00e4hlten Regierungschef eines eigentlich doch verb\u00fcndeten Landes. Die herk\u00f6mmlichen Medien in Deutschland sind offensichtlich ein Sammelbecken von unbelehrbaren Freiheitsfeinden und doktrin\u00e4ren Agitatoren der Br\u00fcsseler Diktatur. Ich will und brauche diese selbstgerechte Bande \u00fcberheblicher Speichellecker nicht! Weg damit, es w\u00e4re ein Akt der Befreiung.<br \/>\n14.12.2019, G.G.<br \/>\n.<br \/>\n<strong>Das \u00dcble an deutschen Journalisten ist, dass sie nicht verlieren k\u00f6nnen.<\/strong><br \/>\nWenn sich die Dinge nicht so entwickeln, wie sie es f\u00fcr w\u00fcnschenswert halten, dann werden sie sauer. Und dann treten sie nach. So wie ein unterlegener Boxer, der nachdem der Kampf l\u00e4ngst vorbei ist, dem Gegner noch eine mitgibt, in dem Moment, wo sich dieser gerade umgedreht hat. Die Welt will partout nicht sein, wie sie sich der deutsche Journalist erw\u00fcnscht. Sind aber auch bl\u00f6d, die Anderen. So schwer von Begriff. K\u00f6nnten wir doch dort einmal die Kavallerie vorbei schicken und f\u00fcr Ordnung und Vernunft sorgen. Boris gef\u00e4llt uns gar nicht. Mama Merkel ist auch ganz b\u00f6se mit ihm, so wie mit Trump und den vielen anderen Uneinsichtigen und ihrem einf\u00e4ltigen Wahlvolk. Warum lassen die sich nicht auf multikulturellen \u00d6kosozialismus b\u00fcrsten? Wir deutsche Journalisten sollten uns eine verbriefte Mitsprache in s\u00e4mtlichen EU-Medien absichern lassen. Die haben das da n\u00e4mlich nicht im Griff. Da ist zu wenig Ideologie drin. Kein Zug. Zuviel Nachl\u00e4ssigkeit. Keine \u00dcberzeugungskraft. Kaum Disziplin. Keine stringente Einhaltung der Vorgaben. Welche Vorgaben? Dumme Frage. Die hat man als guter Journalist im Kopf. Dazu braucht man nichts Schriftliches. So schwer von Begriff &#8230; Alles muss man selber machen. Uschi, \u00fcbernehmen Sie.<br \/>\n14.12.2019, W.A., AO<br \/>\n.<br \/>\n<strong>Es ist besch\u00e4mend zu sehen, dass einigerma\u00dfen objektive Berichterstattung in 2019 im \u00f6ffentlichen Fernsehen<\/strong> anscheinend Fremdworte geworden sind, habe ich in der Schule noch gelernt, dass dies abseits von Kommentaren und Feuilleton in der Faktenberichterstattung das h\u00f6chste Gut ist und Basis der demokratischen Meinungsbildung. Aber die \u00c4ra Merkel und Renaissance der Neo-Sozialisten und Freiheits\u00fcberdr\u00fcssigen einerseits und der Rechte Populismus andererseits machen anscheinend eine Diskussion aus der Vernunft der Mitte heraus schwierig. Die Meinungsfreiheit zu beschw\u00f6ren, aber dann mit \u201eKonsequenzen\u201c rechnen und leben zu m\u00fcssen, wie von Frau Merkel k\u00fcrzlich benannt, ist nicht nur zynisch, sondern auch unw\u00fcrdig in einer Demokratie, bedenkt man die ungez\u00fcgelte Heftigkeit der Reaktionen und gewaltvollen Mittel, die eingesetzt werden, wenn Meinungen genannt werden. Die Dosis dieser heftigen \u201eAntworten\u201c, die auf nicht-gesch\u00e4tzte Meinungen folgt ist das Problem. Auch hier wird ja letztlich nur geredet und geredet, wir sind alle gel\u00e4hmte Kaninchen und starren die Schlange an. Mir fehlt auch die Energie und der Mut, daher brauchen wir uns eigentlich auch nicht mehr aufzuregen hier, ist letztlich nur Gruppenentlastung mittels \u201eContainment\u201c. Das Elend nimmt dennoch seinen Lauf.<br \/>\n14.12.2019, :mTH, AO<br \/>\n.<br \/>\n<strong>Die Herrenrasse zwar verschwunden, die Deutsche Arroganz aber geblieben<\/strong><br \/>\nDa vor 80 Jahren nicht jedes Volk mit \u201cDeutschland \u00fcber alles in der Welt\u201d einverstanden war, wurden viele (V\u00f6lker) mit solchen Argumenten,wie V2, Stukas-Bomber und Tiger Panzer eines besseren belehrt. Heute ist die Herrenrasse zwar verschwunden, die Deutsche Arroganz aber geblieben. Die Deutschen bringen den Griechen das Sparen bei,erkl\u00e4ren den Polen,wie die Justizreform funktionieren solle,den \u00d6sterreichen wer im Lande regieren soll, den Briten, dass der Brexit schlecht f\u00fcr die Nation ist, den Amerikaner,dass sie den falschen Pr\u00e4sidenten gew\u00e4hlt haben, der ganzen Europa,dass die Fl\u00fcchtlinge aufnehmen soll,und der ganzen Welt,dass die Klima retten soll.<br \/>\nDenn:<br \/>\nNUR DER DEUTSCHE WEG IST DER EINZIG WAHRE UND RICHTIGE!! Ein Land,dessen Kanzlerin im September 2015 das Grundgesetz und viele internationale Abkommen gebrochen hat, ein Land der auf eine rot-rot-gr\u00fcne Regierung zusteuert, ein Land, das dabei is.t das Zugpferd der eigenen Wirtschaft (die Autoindustrie) zu demontieren, ein Land, in dem es t\u00e4glich Messerstechereien und in fast jeder Gro\u00dfstadt \u201cno go Areas\u201d gibt, ein Land,wo die geholten \u201cFachkr\u00e4fte\u201d j\u00e4hrlich Kosten von ca.30 Milliarden Euro verursachen,ein Land das eigenen B\u00fcrger nach 40 Jahren Arbeit nicht mal 1000\u20ac Rente zahlt, ein Land wo noch auf vielen Autobahnen keinen Empfang f\u00fcr Mobiltelefone gibt, ein Land ,wo Post inzwischen ,wie in Albanien funktioniert; zeigt es immer wieder mit dem Finger auf Andere!! Das ist unglaublich aber Wahr. F\u00fcr mich verbl\u00f6det dieses Land tagt\u00e4glich mehr.<br \/>\n14.12.2019, J.B.<br \/>\n.<br \/>\nHinsichtlich des Sieges von Boris Johnson haben die deutschen Medien von Print \u00fcber TV jeglichen Anschein der Seriosit\u00e4t und Neutralit\u00e4t verlassen. Das verspr\u00fcht man gift und Galle und suhlt sich in selbstgerechten, besserwisserischen, beleidigenden Kommentaren. Wie kann er es wagen- dieser elende politisch unkorrekte Engl\u00e4nder ohne der Erlaubnis des germanischen Establishments zu gewinnen?? Corbyn &#8211; ja das w\u00e4re halt Einer gewesen. Ein Stalinist und Antisemit ganz so wie man ihn hier liebt und sch\u00e4tzt. Und diese nichtsnutzigen Engl\u00e4nder- die werden schon sehen in welches Elend sie gest\u00fcrzt werden, das K\u00f6nigreich wird selbstverst\u00e4ndlich zerfallen, in Sack und Asche untergehen, Hunger und Not wird \u00fcber sie kommen. Da werden wir diesen renitenten Insulanern schon zeigen was eine linke politisch korrekte deutsche Harke ist! Da war \u201e the Blitz\u201c geradezu ein Spaziergang\u2026 Wenn diese Niveaulosigkeit und Dummdreistigkeit nicht so traurig w\u00e4re , k\u00f6nnte man lachen.aber angesichts der Medienlandschaft hier bleibt doch das Lachen im Hals stecken<br \/>\n14.12.2019, A.B.<br \/>\n.<br \/>\n.<br \/>\n<strong>Frankreich im Streik \u2013 ein Bericht aus Paris<\/strong><br \/>\n<em>\u201eMouvement social du 5 d\u00e9cembre 2019&#8243; ist die besch\u00f6nigende Bezeichnung dessen, was sich in Frankreich seit dem 5. Dezember abspielt. Es hei\u00dft \u201eGeneralstreik\u201c<br \/>\n&#8230;<\/em><br \/>\nWas mir als jemandem, der zwischen den zwei L\u00e4ndern Frankreich und Deutschland lebt, derzeit auff\u00e4llt: Ein Streik, der Frankreich seit einer guten Woche lahmlegt, kommt in den deutschen Medien nur ganz am Rande vor. Wenn \u00fcberhaupt, dann wird abwertend \u00fcber die verw\u00f6hnten Franzosen berichtet, die sich mit 62 oder fr\u00fcher in die Rente verabschieden wollen, um auf Kosten der Allgemeinheit in der Provence Rotwein zu schl\u00fcrfen. Oder hat man etwa Angst, dass die Bewegung \u00fcberschwappt?<br \/>\n<em><strong>Wie stets ist wichtig, was nicht in den deutschen Medien berichtet wird<\/strong><\/em>: n\u00e4mlich das neue Zusammengehen der Gewerkschaften mit den <a title=\"Gelbwesten\" href=\"https:\/\/www.freiburg-schwarzwald.de\/blog\/global\/eu\/gelbwesten\/\">Gelbwesten<\/a>. Das macht die gelbe Volksbewegung noch m\u00e4chtiger. Die Franzosen lassen sich nicht so widerstandslos von der Politik enteignen, wie es vielleicht in Deutschland gang und g\u00e4be ist.<br \/>\n&#8230;<br \/>\nDer Volksfrust k\u00f6nnte sich letztendlich gegen Macron und seine ehrgeizigen Pl\u00e4ne richten. Laute R\u00fccktrittsforderungen ert\u00f6nen, nicht nur von den Gelbwesten. Derzeit liegt Macrons \u201eLa R\u00e9publique en March\u00e9\u201c mit der rechten Bewegung von Le Pens \u201eFront National\u201c in den Umfragen gleichauf. Die Angst ist gro\u00df. Auch in Deutschland bef\u00fcrchtet man wohl, dass die Proteste \u00fcberschwappen oder gar nach der Wahl von Boris Johnson auch noch Macron als einer der letzten linken Verb\u00fcndeten f\u00e4llt. Diese Furcht ist nicht ganz unbegr\u00fcndet.<br \/>\n&#8230; Alles vom 14.12.2019 von Manfred Haferburg bitte lesen auf<br \/>\n<a href=\"https:\/\/www.achgut.com\/artikel\/frankreich_im_streik_ein_bericht_aus_paris\">https:\/\/www.achgut.com\/artikel\/frankreich_im_streik_ein_bericht_aus_paris<\/a><br \/>\n.<br \/>\nEinige Kommentare:<br \/>\n<strong>Lieber Herr Haferburg, seien Sie unbesorgt!<\/strong><br \/>\nNach Deutschland schwappt schon Mal gar nichts \u00fcber. Daf\u00fcr sorgt bereits die k\u00fcnstliche Intelligenz aus dem \u00d6RR. So sagte man gestern in den Heute-Nachrichten, dass der Jonson ein \u201cClown\u201d ist. Der Trump ist es ja auch schon l\u00e4ngst. So, in Brasilien ist es \u00e4hnlich schlimm. Hm, in Polen, Ungarn ja auch\u2026 Was den \u201cHosenanzug\u201d angeht, ist es klar. Sie sieht sich als Impresario. Im schlimmsten Fall als Conferansier. Dabei l\u00e4uft das Franchising nur unter h\u00f6chster Anstrengung. Diese Show will man im Rest der Welt nicht mehr sehen. Man fragt sich nur, welche Rolle derartige Gestalten wie Altmaier, Roth, AKK usw. inne haben? Ach ja, und das (m\/w\/d) Volk?<br \/>\n14.12.2019, D.G.<br \/>\n.<br \/>\n<strong>Ich ein Frankreichfan<\/strong><br \/>\nschon seit fr\u00fcster Jugend Sch\u00fcleraustausch Lehrlingsaustausch war im Fr\u00fchjahr mit dem Auto nach Paris eingefahren \u00fcber eine der vielen Strassen die ins Zentrum f\u00fchrt. Im Au\u00dfenbezirk Zeltst\u00e4tte mit Imigranten \u00fcberall Dreck Unrat und M\u00fcll . Sehr sehr viele Kopttuchtr\u00e4gerinnen und Burkas Muslime in Trachten ihr Vorv\u00e4ter ,ein Stimmengewirr wie beim Turmbau zu Babel und das Laute sprechen dieser Menschen noch unangenehmer. Frankreich wird von den zahllosen Moslems \u00fcbernommen es ist nur eine Frage der Zeit und der Geb\u00e4rfreude ihrer Frauen. Leider sehe ich das auch auf Deutschland zukommen habe in Neuk\u00f6ln gewohnt . Da helfen keine Demos Streiks oder Gelbwesten wir m\u00fcssen unsere Werte die Werte der franz\u00f6sischen Revolution verteidigen und diese Glaubenseiferer dorthin schicken von wo sie gekommen sind . Das mu\u00df in Europa an erster Stelle stehen wenn es nicht schon zu sp\u00e4t ist!!<br \/>\n14.12.2019, D.A.<br \/>\n.<br \/>\nFrankreich ist lebendes Beispiel f\u00fcr ein kollabierendes Wohlfahrtssystem,<br \/>\ndas durch B\u00fcrokratie, Vetternwirtschaft, drittklassige Politik und sozialistische Umverteilung dorthin gelangt ist. Dabei kann die Schuld nicht nur bei der Politik gesucht werden. Genau wie in Deutschland haben W\u00e4hler diejenigen Parteien\/Politiker gew\u00e4hlt, die ihnen am meisten versprochen haben. Wo die Leistungsgesellschafft in den Sozialismus mutiert, herrscht nur noch Mangel.<br \/>\n14.12.2019, H.H.<br \/>\n.<br \/>\n<strong>Leider sind viele Deutsche so eingelullt oder desillusioniert,<\/strong><br \/>\ndass so etwas noch nicht in Deutschland vorstellbar ist. Noch nicht. Ich kann mir gut vorstellen, dass die Steuergeschenke an die EU und das Klimapaket mit seinen indirekten Steuererh\u00f6ungen sowie der Anschlag auf die Autofahrer durch die Jubelperser von Greta so einen Effekt auch in Deutschland herbeif\u00fchren.<br \/>\n14.12.2019, B.J.<\/p>\n","protected":false},"excerpt":{"rendered":"<p>Deutsche Medien \u00fcbersch\u00fctten Briten und Franzosen, also unsere gro\u00dfen Nachbarn, mit einem \u00dcberma\u00df an H\u00e4me, Schadenfreude, Spott und Verachtung, die ich nicht mehr ertragen kann. Die langen Unterhaus-Debatten zum Brexit waren &#8222;kindische Z\u00e4nkereien&#8220; (ZDF), Boris Johnson als Sieger einer demokratischen &hellip; <a href=\"https:\/\/www.freiburg-schwarzwald.de\/blog\/deutsche-arroganz-zu-gb-und-f\/\">Weiterlesen <span class=\"meta-nav\">&rarr;<\/span><\/a><\/p>\n","protected":false},"author":2,"featured_media":0,"comment_status":"open","ping_status":"closed","sticky":false,"template":"","format":"standard","meta":{"footnotes":""},"categories":[99,21,195,186,162,80,172],"tags":[633,489,372,682,720,670,525,500],"class_list":["post-77113","post","type-post","status-publish","format-standard","hentry","category-buchhandel","category-dienste","category-eu","category-finanzsystem","category-internet","category-medien","category-zukunft","tag-demokratie","tag-european-union","tag-euro","tag-freiheit","tag-medien","tag-nazi","tag-politik","tag-wahl"],"_links":{"self":[{"href":"https:\/\/www.freiburg-schwarzwald.de\/blog\/wp-json\/wp\/v2\/posts\/77113","targetHints":{"allow":["GET"]}}],"collection":[{"href":"https:\/\/www.freiburg-schwarzwald.de\/blog\/wp-json\/wp\/v2\/posts"}],"about":[{"href":"https:\/\/www.freiburg-schwarzwald.de\/blog\/wp-json\/wp\/v2\/types\/post"}],"author":[{"embeddable":true,"href":"https:\/\/www.freiburg-schwarzwald.de\/blog\/wp-json\/wp\/v2\/users\/2"}],"replies":[{"embeddable":true,"href":"https:\/\/www.freiburg-schwarzwald.de\/blog\/wp-json\/wp\/v2\/comments?post=77113"}],"version-history":[{"count":0,"href":"https:\/\/www.freiburg-schwarzwald.de\/blog\/wp-json\/wp\/v2\/posts\/77113\/revisions"}],"wp:attachment":[{"href":"https:\/\/www.freiburg-schwarzwald.de\/blog\/wp-json\/wp\/v2\/media?parent=77113"}],"wp:term":[{"taxonomy":"category","embeddable":true,"href":"https:\/\/www.freiburg-schwarzwald.de\/blog\/wp-json\/wp\/v2\/categories?post=77113"},{"taxonomy":"post_tag","embeddable":true,"href":"https:\/\/www.freiburg-schwarzwald.de\/blog\/wp-json\/wp\/v2\/tags?post=77113"}],"curies":[{"name":"wp","href":"https:\/\/api.w.org\/{rel}","templated":true}]}}