{"id":77041,"date":"2019-12-13T14:03:49","date_gmt":"2019-12-13T13:03:49","guid":{"rendered":"https:\/\/www.freiburg-schwarzwald.de\/blog\/?p=77041"},"modified":"2019-12-13T14:13:14","modified_gmt":"2019-12-13T13:13:14","slug":"konservative-braucht-das-land","status":"publish","type":"post","link":"https:\/\/www.freiburg-schwarzwald.de\/blog\/konservative-braucht-das-land\/","title":{"rendered":"Konservative braucht das Land"},"content":{"rendered":"<p>Seit den <a title=\"68er feiern 50 Jahre 1968-2018\" href=\"https:\/\/www.freiburg-schwarzwald.de\/blog\/68er-feiern-50-jahre-1968-2018\/\">1968er Jahren<\/a> ist es der <a title=\"Links\" href=\"https:\/\/www.freiburg-schwarzwald.de\/blog\/engagement\/zukunft\/demokratie\/links\/\">Linken<\/a> mehr und mehr gelungen, Rechts mit <a title=\"Nazi\" href=\"https:\/\/www.freiburg-schwarzwald.de\/blog\/religion\/juden\/nazi\/\">Nazi<\/a>\u00a0zu verkn\u00fcpfen: Jede Kritik an Links ist <a title=\"Rechts\" href=\"https:\/\/www.freiburg-schwarzwald.de\/blog\/engagement\/zukunft\/demokratie\/rechts\/\">Rechts<\/a> und damit automatisch auch Nazi. Diese Verkn\u00fcpfung beinhaltet Geschichtsklitterung (schlie\u00dflich war der Nationalsozialismus eine linksextreme <a title=\"Ideologie\" href=\"https:\/\/www.freiburg-schwarzwald.de\/blog\/engagement\/zukunft\/ideologie\/\">Ideologie<\/a>) und Demokratiefeindlichkeit (denn sie macht <a title=\"Debatte\" href=\"https:\/\/www.freiburg-schwarzwald.de\/blog\/engagement\/zukunft\/demokratie\/debatte\/\">Debatte<\/a> und <a title=\"Kritik\" href=\"https:\/\/www.freiburg-schwarzwald.de\/blog\/kultur\/medien\/kritik\/\">Kritik<\/a> zunichte und ohne <a title=\"Diskussionskultur\" href=\"https:\/\/www.freiburg-schwarzwald.de\/blog\/kultur\/medien\/diskussionskultur\/\">Diskussionskultur<\/a> ist <a title=\"Demokratie\" href=\"https:\/\/www.freiburg-schwarzwald.de\/blog\/engagement\/zukunft\/demokratie\/\">Demokratie<\/a> nicht zu haben).<!--more--><br \/>\n.<br \/>\nDie Utopie des <a title=\"Sozialismus\" href=\"https:\/\/www.freiburg-schwarzwald.de\/blog\/engagement\/zukunft\/demokratie\/sozialismus\/\">Sozialismus<\/a> mag von der <a title=\"Gleichheit\" href=\"https:\/\/www.freiburg-schwarzwald.de\/blog\/engagement\/zukunft\/demokratie\/gleichheit\/\">Gleichheit<\/a> aller Menschen tr\u00e4umen, im real existierende Sozialismus jedoch sind die Massen gleich im Elend, w\u00e4hrend \u00fcber ihnen eine kleine Gruppe von Herrschenden mitsamt F\u00fchrer wacht, dass es auch so bleibt: Stalin in Russland, Mao in Rotchina, Pol Pot in Kambodia, Ho chi Minh in Vietnam, Hitler im 3. Reich, Ulbricht in der DDR, Ceaucescu in Rum\u00e4nien, Enver Hodcha in Albanien, &#8230;. Auch in den heutigen vom Sozialismus begl\u00fcckten Staaten ist es nicht anders: Fidel Castro&#8217;s Nachfolger in Kuba, Maduro in Venezuela &#8211; stets beherschen wenig reiche Ungleiche \u00fcber viele, viele arme Gleiche. Grund ist letztendlich das Fehlen einer legitimierten Kontrollinstanz wie etwa der Opposition im Parlament unserer <a title=\"Demokratie\" href=\"https:\/\/www.freiburg-schwarzwald.de\/blog\/engagement\/zukunft\/demokratie\/\">Demokratie<\/a>.<br \/>\n.<br \/>\nDer <a title=\"Konservativismus\" href=\"https:\/\/www.freiburg-schwarzwald.de\/blog\/engagement\/zukunft\/demokratie\/konservativismus\/\">Konservatismus<\/a> als Gegenst\u00fcck zum Sozialismus legt das Hauptgewicht nicht auf die Gleichheit Aller, sondern auf die Freiheit des einzelnen Menschen: Individualit\u00e4t contra Kollektiv. <a title=\"Konservativ\" href=\"https:\/\/www.freiburg-schwarzwald.de\/blog\/engagement\/zukunft\/demokratie\/konservativ\/\">Konservativismus<\/a> ist verbunden mit Demokratie, Freiheit, Wohlstand und Geschichtsbewu\u00dftsein.<br \/>\n.<br \/>\nDas <a title=\"Bundestag\" href=\"https:\/\/www.freiburg-schwarzwald.de\/blog\/engagement\/zukunft\/demokratie\/bundestag\/\">Parlament <\/a>einer funktionierenden <a title=\"Demokratischer-Staat\" href=\"https:\/\/www.freiburg-schwarzwald.de\/blog\/engagement\/zukunft\/demokratie\/demokratischer-staat\/\">Demokratie<\/a> spiegelt alle politischen Richtungen seiner B\u00fcrger wider, von Links (Sozialismus) \u00fcber die Mitte (Liberale) bis Rechts (Konservative). Nur Links- sowie Rechtsextreme sind ausgeschlossen. Wenn \u00fcber einen sog. <a title=\"Kampf-gegen-Rechts\" href=\"https:\/\/www.freiburg-schwarzwald.de\/blog\/kultur\/medien\/kampf-gegen-rechts\/\">&#8222;Kampf gegen Rechts&#8220;<\/a> alle rechtsorientierten B\u00fcrger zu Rechtsextremen bzw. Nazi erkl\u00e4rt und bek\u00e4mpft werden, dann mu\u00df dies letztendlich zur Zerst\u00f6rung der Demokratie f\u00fchren, also zu einem links-totalit\u00e4ren System.<br \/>\nDie <a title=\"AfD\" href=\"https:\/\/www.freiburg-schwarzwald.de\/blog\/vereine\/partei\/afd\/\">AfD<\/a> ist geeignet, zum Sammelbecken der <a title=\"Konservative Wende \u2013 Europa\" href=\"https:\/\/www.freiburg-schwarzwald.de\/blog\/konservative-wende-europa\/\">Rechtskonservativen<\/a> zu werden, wenn sie es schafft, sich von rechtsradikalen Spinnern zu trennen. Genauso wie die Gr\u00fcnen, die es als Sammelbecken der umweltorientierten <a title=\"Gruen-Links\" href=\"https:\/\/www.freiburg-schwarzwald.de\/blog\/engagement\/zukunft\/demokratie\/gruen-links\/\">Linken<\/a> geschafft hatten, sich von den damals (nach der Parteigr\u00fcndung) so zahlreichen <a title=\"Daniel Cohn-Bendit Hosenlatz\" href=\"https:\/\/www.freiburg-schwarzwald.de\/blog\/daniel-cohn-bendit-hosenlatz\/\">P\u00e4dophilen<\/a>-Spinnern (a la Cohn-Bendit) zu trennen.<br \/>\n.<br \/>\n<a title=\"Konservativismus\" href=\"https:\/\/www.freiburg-schwarzwald.de\/blog\/engagement\/zukunft\/demokratie\/konservativismus\/\">Roger Scruton<\/a> ist der f\u00fchrende Denker des Konservativismus. sein Buch &#8222;Von der Idee, konservativ zu sein&#8220; ist im Oktober 2019 in der deutschen \u00dcbersetzung erschienen. Im Vorwort schreibt sein britischer Kollege Douglas Murray (Autor von &#8222;&#8220;Wahnsinn der Massen&#8220;)&#8220;so vorkommt, als w\u00fcrde Deutschland die Philosophie Roger Scrutons ganz besonders brauchen. Mir scheint es , da\u00df es in Deutschland nur ganz wenige Denker gibt (es gibt sie nat\u00fcrlich), die seine Positionen vertreten. Und noch weniger an der Zahl sind jene, die diese Positionen so leichtf\u00fc\u00dfig und geistreich vortragen k\u00f6nnen. Deutschland und die anderen L\u00e4nder unseres Kontinents brauchen \u00dcbersetzungen von Scrutons Werk.&#8220;<br \/>\nWas England an konservativen Irrungen und Wirrungen \u00fcber Jahre hinweg durchgemacht hat, ist nun nach Meinung von Roger Scruton allm\u00e4hlich \u00fcberwunden. Da hat Deutschland noch viele Jahre vor sich &#8211; hoffentlich ist es dann mit der Selbstfindung der Konservativen hierzulande nicht zu sp\u00e4t?<br \/>\n13.12.2019<br \/>\n.<br \/>\n<em><a title=\"Konservativismus\" href=\"https:\/\/www.freiburg-schwarzwald.de\/blog\/engagement\/zukunft\/demokratie\/konservativismus\/\">Roger Scruton<\/a>, Von der Idee, konservativ zu sein.<\/em><br \/>\n<em> Eine Anleitung f\u00fcr Gegenwart und Zukunft.<\/em><br \/>\n<em> FBV, 288 Seiten, 22,99 \u20ac<\/em><br \/>\n<em> ISBN 978-5-95972-272-8<\/em><\/p>\n","protected":false},"excerpt":{"rendered":"<p>Seit den 1968er Jahren ist es der Linken mehr und mehr gelungen, Rechts mit Nazi\u00a0zu verkn\u00fcpfen: Jede Kritik an Links ist Rechts und damit automatisch auch Nazi. Diese Verkn\u00fcpfung beinhaltet Geschichtsklitterung (schlie\u00dflich war der Nationalsozialismus eine linksextreme Ideologie) und Demokratiefeindlichkeit &hellip; <a href=\"https:\/\/www.freiburg-schwarzwald.de\/blog\/konservative-braucht-das-land\/\">Weiterlesen <span class=\"meta-nav\">&rarr;<\/span><\/a><\/p>\n","protected":false},"author":2,"featured_media":0,"comment_status":"open","ping_status":"closed","sticky":false,"template":"","format":"standard","meta":{"footnotes":""},"categories":[400,267,13,9,172],"tags":[633,658,431,724,649,525,631],"class_list":["post-77041","post","type-post","status-publish","format-standard","hentry","category-freiwillig","category-hochschulen","category-kultur","category-soziales","category-zukunft","tag-demokratie","tag-disk","tag-gerecht","tag-heimat","tag-links","tag-politik","tag-staat"],"_links":{"self":[{"href":"https:\/\/www.freiburg-schwarzwald.de\/blog\/wp-json\/wp\/v2\/posts\/77041","targetHints":{"allow":["GET"]}}],"collection":[{"href":"https:\/\/www.freiburg-schwarzwald.de\/blog\/wp-json\/wp\/v2\/posts"}],"about":[{"href":"https:\/\/www.freiburg-schwarzwald.de\/blog\/wp-json\/wp\/v2\/types\/post"}],"author":[{"embeddable":true,"href":"https:\/\/www.freiburg-schwarzwald.de\/blog\/wp-json\/wp\/v2\/users\/2"}],"replies":[{"embeddable":true,"href":"https:\/\/www.freiburg-schwarzwald.de\/blog\/wp-json\/wp\/v2\/comments?post=77041"}],"version-history":[{"count":0,"href":"https:\/\/www.freiburg-schwarzwald.de\/blog\/wp-json\/wp\/v2\/posts\/77041\/revisions"}],"wp:attachment":[{"href":"https:\/\/www.freiburg-schwarzwald.de\/blog\/wp-json\/wp\/v2\/media?parent=77041"}],"wp:term":[{"taxonomy":"category","embeddable":true,"href":"https:\/\/www.freiburg-schwarzwald.de\/blog\/wp-json\/wp\/v2\/categories?post=77041"},{"taxonomy":"post_tag","embeddable":true,"href":"https:\/\/www.freiburg-schwarzwald.de\/blog\/wp-json\/wp\/v2\/tags?post=77041"}],"curies":[{"name":"wp","href":"https:\/\/api.w.org\/{rel}","templated":true}]}}