{"id":76941,"date":"2019-12-11T17:18:01","date_gmt":"2019-12-11T16:18:01","guid":{"rendered":"https:\/\/www.freiburg-schwarzwald.de\/blog\/?p=76941"},"modified":"2021-10-27T20:36:21","modified_gmt":"2021-10-27T18:36:21","slug":"aufschrei-trauer-metoo-nichts","status":"publish","type":"post","link":"https:\/\/www.freiburg-schwarzwald.de\/blog\/aufschrei-trauer-metoo-nichts\/","title":{"rendered":"Aufschrei Trauer MeToo &#8211; nichts"},"content":{"rendered":"<p>Zwei befreundeten Ehepaare spazieren beim <a title=\"Weihnachtsmarkt\" href=\"https:\/\/www.freiburg-schwarzwald.de\/blog\/business\/markt\/weihnachtsmarkt\/\">Weihnachtsmarkt<\/a> \u00fcber einen <a title=\"Oeffentlicher-Raum\" href=\"https:\/\/www.freiburg-schwarzwald.de\/blog\/kultur\/oeffentlicher-raum\/\">Platz<\/a> (hell, video\u00fcberwacht, <a title=\"Polizei\" href=\"https:\/\/www.freiburg-schwarzwald.de\/blog\/selbsthilfe\/soziales\/justiz\/polizei\/\">Polizeipr\u00e4senz<\/a>) und pl\u00f6tzlich erh\u00e4lt einer der <a title=\"Migration-Maenner\" href=\"https:\/\/www.freiburg-schwarzwald.de\/blog\/global\/migration\/migration-maenner\/\">M\u00e4nner<\/a> mit solcher Wucht einen <a title=\"BKA zur Fl\u00fcchtlingskriminalit\u00e4t\" href=\"https:\/\/www.freiburg-schwarzwald.de\/blog\/bka-zur-fluechtlingskriminalitaet\/\">Faustschlag<\/a> seitlich an den <a title=\"Gewalt\" href=\"https:\/\/www.freiburg-schwarzwald.de\/blog\/selbsthilfe\/krise\/gewalt\/\">Kopf<\/a>, dass er tot zu Boden f\u00e4llt. Vielleicht hat er den 17-j\u00e4hrigen Schl\u00e4ger in seiner <a title=\"Ehre\" href=\"https:\/\/www.freiburg-schwarzwald.de\/blog\/global\/tuerkei\/ehre\/\">Ehre<\/a> gekr\u00e4nkt, durch einen Blick oder ein Wort &#8211; er kann es nie mehr sagen. So geschehen in <a title=\"Augsburg061219tod-nach-sturz\" href=\"https:\/\/www.freiburg-schwarzwald.de\/blog\/global\/migration\/augsburg061219tod-nach-sturz\/\">Augsburg<\/a> am <a title=\"Augsburg: Feuerwehrmann tot\" href=\"https:\/\/www.freiburg-schwarzwald.de\/blog\/augsburg-feuerwehrmann-tot\/\">Nikolaustag 6.12.2019<\/a>.<br \/>\n.<br \/>\n<!--more-->Was folgte? Nichts, kein <a href=\"https:\/\/www.freiburg-schwarzwald.de\/blog\/kultur\/medien\/aufschrei\/\">Aufschrei<\/a> bei Facebook, kein #MeToo, kein <a title=\"Trauer\" href=\"https:\/\/www.freiburg-schwarzwald.de\/blog\/selbsthilfe\/psyche\/trauer\/\">Trauerzug<\/a>, nichts, nix. Was soll <a title=\"Migranten sind krimineller\" href=\"https:\/\/www.freiburg-schwarzwald.de\/blog\/migranten-sind-krimineller\/\">noch passieren<\/a>, nach <a title=\"Augsburg061219tod-nach-sturz\" href=\"https:\/\/www.freiburg-schwarzwald.de\/blog\/global\/migration\/augsburg061219tod-nach-sturz\/\">Augsburg<\/a>, bis Alarm geschlagen wird. Etwa in diesen sechs Alarm-Punkten:<br \/>\n.<br \/>\n<strong>(1) Sicherheit<\/strong> &#8211; nicht mehr gew\u00e4hrleistet im <a title=\"Oeffentlicher-Raum\" href=\"https:\/\/www.freiburg-schwarzwald.de\/blog\/kultur\/oeffentlicher-raum\/\">\u00f6ffentlichen Raum<\/a>.<br \/>\nJunge, starke M\u00e4nner haben in immer mehr Stra\u00dfen, Pl\u00e4tzen, Quartieren, &#8230; <a title=\"Fluechtlinge-Kriminalitaet\" href=\"https:\/\/www.freiburg-schwarzwald.de\/blog\/global\/integration\/fluechtlinge-kriminalitaet\/\">die Macht<\/a> und sie herrschen trotz Video, Poller, Polizeipr\u00e4senz und &#8222;<a title=\"Koeln-Silvester2016\" href=\"https:\/\/www.freiburg-schwarzwald.de\/blog\/global\/integration\/koeln-silvester2016\/\">eine Arml\u00e4nge Abstand<\/a>&#8222;. Sie bzw. ihre\u00a0<a title=\"Clan\" href=\"https:\/\/www.freiburg-schwarzwald.de\/blog\/clan\/\">Clans<\/a> herrschen, viele Deutschen ziehen sich mehr und mehr zur\u00fcck.Sein\u00a0<a title=\"Gilets jaunes in F \u2013 Schweigen D\" href=\"https:\/\/www.freiburg-schwarzwald.de\/blog\/gilets-jaunes-in-f-schweigen-d\/\">Machtmonopol<\/a> hat der Staat\u00a0 anscheinend abgegeben.Die Polizei ist \u00fcberfordert und machtlos\u00a0&#8211; auch noch so lautes Schimpfen auf die <a title=\"Polizei\" href=\"https:\/\/www.freiburg-schwarzwald.de\/blog\/selbsthilfe\/soziales\/justiz\/polizei\/\">Polizei<\/a> hilft nichts. Denn \u00fcber die Sicherheit (innen wie au\u00dfen) entscheidet die Legislative in Berlin.<br \/>\n.<br \/>\n<strong>(2) Zivilcourage &#8211; ja nicht zeigen!<\/strong><br \/>\nWie deplaziert und geradezu zynisch klingt Markus S\u00f6der&#8217;s Aufruf <em>&#8222;Wir m\u00fcssen unsere Werte verteidigen&#8220;<\/em> angesichts des 49-j\u00e4hrigen Feuerwehrmanns, der seine <a title=\"Zivilcourage\" href=\"https:\/\/www.freiburg-schwarzwald.de\/blog\/engagement\/zivilcourage\/\">Courage<\/a> gegen\u00fcber einer siebenk\u00f6pfigen Gruppe t\u00fcrkeist\u00e4mmiger junger M\u00e4nner mit dem Leben bezahlen mu\u00dfte. Nein, als kleiner B\u00fcrger bitte nur keinen Mut beweise wollen, sondern sich brav zur\u00fcckziehen bzw. klein beigeben.<br \/>\n.<br \/>\n<strong>(3) Integration<\/strong> <strong>&#8211; ist gescheitert.<\/strong><br \/>\nDie sieben 17-j\u00e4hrigen Mitt\u00e4ter sind alle in Augsburg geboren und aufgewachsen. <a title=\"Sozialisation\" href=\"https:\/\/www.freiburg-schwarzwald.de\/blog\/selbsthilfe\/jugend\/sozialisation\/\">Sozialisiert<\/a> in <a title=\"Parallelgesellschaft\" href=\"https:\/\/www.freiburg-schwarzwald.de\/blog\/global\/integration\/parallelgesellschaft\/\">Parallelgesellschaften<\/a>, die von einer Parallel- bzw. Gegenkultur (Islam. <a title=\"Patriarchat\" href=\"https:\/\/www.freiburg-schwarzwald.de\/blog\/religion\/islam\/patriarchat\/\">Patriarchat<\/a>, <a title=\"Islam-Frauen\" href=\"https:\/\/www.freiburg-schwarzwald.de\/blog\/religion\/islam\/islam-frauen\/\">Frauen untergeordnet<\/a>, M\u00e4nner als Macho) gepr\u00e4gt sind und kaum &#8211; so jedenfalls hat es sich gezeigt &#8211; etwas mit der hiesigen Kultur bzw. Community gemeinsam haben.<br \/>\n.<br \/>\n<strong>(4) Justiz &#8211; \u00fcberfordert und hilflos<\/strong><br \/>\nDer <a title=\"Fluechtlinge-Kriminalitaet\" href=\"https:\/\/www.freiburg-schwarzwald.de\/blog\/global\/integration\/fluechtlinge-kriminalitaet\/\">Migrantenanteil<\/a> in Gef\u00e4ngnissen ist \u00fcberpoportional hoch. Die <a title=\"Justizversagen\" href=\"https:\/\/www.freiburg-schwarzwald.de\/blog\/selbsthilfe\/soziales\/justiz\/justizversagen\/\">Justizbeh\u00f6rden<\/a> sind \u00fcberfordert. Ist der 17-J\u00e4hrige Halid S. vor Gericht nun als t\u00fcrkisch-libanesischer Deutscher, libanesisch-deutscher T\u00fcrke oder als t\u00fcrkisch-deutscher Libanese zu behandeln? Die Begriffe <a title=\"Paralleljustiz\" href=\"https:\/\/www.freiburg-schwarzwald.de\/blog\/selbsthilfe\/soziales\/justiz\/paralleljustiz\/\">Paralleljustiz<\/a> und <a title=\"Kuscheljustiz\" href=\"https:\/\/www.freiburg-schwarzwald.de\/blog\/selbsthilfe\/soziales\/justiz\/kuscheljustiz\/\">Kuscheljustiz<\/a> schaffen es von den Medien in die TV-Talkshows.<br \/>\n.<br \/>\n<strong>(5) Medien &#8211; verschweigen<\/strong><br \/>\nUnmittelbar nach der Tat wurde von den Mainstreammedien ein <em>&#8222;17-j\u00e4hriger in Augsburg geborener Deutscher&#8220;<\/em> als (Mit-)T\u00e4ter pr\u00e4sentiert &#8211; will sagen: der 17-j\u00e4hrige Oberallg\u00e4uer Bub Alois aus Bitzenhofen bei Augsburg. Erst nachdem \u00fcber Internet und freie Medien der Alois zum Halid S. mutierte, gaben die Medien ihre Fake News auf. Frage: Wann setzt sich die Maxime <em>&#8222;Information (Nachricht) und Meinung (Kommentar) trennen&#8220;<\/em> von <a title=\"Talkshows Un-Ausgewogenheit\" href=\"https:\/\/www.freiburg-schwarzwald.de\/blog\/talkshows-un-ausgewogenheit\/\">Hans-Joachim Friedrich<\/a> endlich wieder durch? Wann endlich weicht unser linker Gesinnungs- bzw. <a title=\"Haltungsjournalismus\" href=\"https:\/\/www.freiburg-schwarzwald.de\/blog\/kultur\/medien\/journalismus\/haltungsjournalismus\/\">Haltungsjournalismus<\/a> einem Journalismus, der Fakten liefert (&#8222;Was z\u00e4hlt, sind Fakten, Fakten, Fakten&#8220; (Markwort), anhand derer sich der m\u00fcndige B\u00fcrger dann seine Meinung selbst bilden kann.<br \/>\n.<br \/>\n<strong>(6) Einzelfall &#8211; nein!<\/strong><br \/>\nAuch nach der unvorstellbar grausamen Attacke auf dem Augsburger K\u00f6 bzw. Christkindlesmarkt wurde wieder vom &#8222;Einzelfall&#8220; berichtet. Nein! Allein am Nikolaus-Wochenende wurden 43 Attacken mit 4 Toten gemeldet, bei gro\u00dfer Dunkelziffer. Siehe auch &#8222;Messerangriffe in vielen St\u00e4dten: Verst\u00f6rendes Wochenende in Deutschland&#8220; unten.<br \/>\nDie Gleichung <em>&#8222;Einzelfall + Einzelfall + &#8230;.. + Einzelfall = Einzelfall&#8220;<\/em> entspricht zwar dem Level des\u00a0in Mathematik starken\u00a0<a title=\"Pisa\" href=\"https:\/\/www.freiburg-schwarzwald.de\/blog\/bildung\/pisa\/\">Pisa<\/a>-Deutschland, sie ist aber dennoch falsch.<\/p>\n<p>Diese sechs Punkte (1)-(6) sollten uns alarmieren &#8211; nach <a title=\"Augsburg061219tod-nach-sturz\" href=\"https:\/\/www.freiburg-schwarzwald.de\/blog\/global\/migration\/augsburg061219tod-nach-sturz\/\">Augsburg<\/a> mehr denn je.<br \/>\n11.10.2019<br \/>\n.<\/p>\n<p><strong>Der M\u00f6rder ist immer der Deutsche &#8211; Halid S. aus Augsburg<\/strong><br \/>\nParallelgesellschaften in Deutschland? Gibt es nicht, sagen die einen. Gibt es doch, bekommen andere zu sp\u00fcren: krankenhausreif geschlagen oder zu Tode gepr\u00fcgelt, wie der in Augsburg \u201ezu Tode gekommene\u201c <a title=\"Augsburg: Feuerwehrmann tot\" href=\"https:\/\/www.freiburg-schwarzwald.de\/blog\/augsburg-feuerwehrmann-tot\/\">Feuerwehrmann<\/a>.<br \/>\nEine randalierende Gang, sieben junge M\u00e4nner im Alter von 17 bis 20 Jahren, war das Opfer angegangen. T\u00f6dlich getroffen von einem Faustschlag gegen den Kopf ging der 49-j\u00e4hrige Familienvater zu Boden. Der Hauptt\u00e4ter Halid S. wurde danach schnell dingfest gemacht und noch schneller als \u201eDeutscher\u201c identifiziert.<br \/>\n&#8230;.<br \/>\nAbgeschottet im autorit\u00e4ren Klima der religi\u00f6sen Herkunft handeln die jungen Moslems, wie sie von den Alten erzogen wurden, nach dem Faustrecht \u00fcberkommener Verh\u00e4ltnisse.<br \/>\nWenn sie sich in der \u201eEhre\u201c verletzt f\u00fchlen \u2013 und sei es nur durch die Aufforderung, sich in der \u00d6ffentlichkeit etwas gesitteter zu verhalten \u2013, \u00fcben sie Rache nach der Vorfahren Art. Das kann man so oder so betrachten, als eine enge Verbundenheit mit der Tradition oder als einen Ausbruch blanker Barbarei.<br \/>\n.<br \/>\nEs \u00e4ndert nichts an der <em><strong>Existenz einer Parallelgesellschaft, die sich zur Bedrohung der Zivilisation ausw\u00e4chst<\/strong><\/em>. Wer das \u00fcbersieht, macht sich, bewusst oder unbewusst, der Vertuschung schuldig. Wenn Leute wie Halid S. zuerst und juristisch korrekt als \u201eDeutsche\u201c identifiziert werden, ohne dass ein Wort \u00fcber deren geistige Existenz in einer Community jenseits des b\u00fcrgerlichen Rechtsstaates verloren wird, dann l\u00e4uft das auf die<em><strong> moralische Anerkennung ihrer abgesonderten Gesellschaft innerhalb der b\u00fcrgerlichen<\/strong><\/em> hinaus.<br \/>\n.<br \/>\nWer das f\u00fcr geboten und richtig h\u00e4lt, sollte aber auch kein weiteres Wort \u00fcber die Verteidigung \u201eunserer Werte\u201c verlieren, wie es etwa Markus S\u00f6der nach der Ermordung des Augsburger Feuerwehrmannes tat. Besser w\u00e4re es, wenn er kurz dar\u00fcber nachdenken w\u00fcrde, wie es sein kann, dass ein 17-J\u00e4hriger, der hier geboren wurde, keine Ahnung hat, wo er lebt.<br \/>\n&#8230; Alles vom 10.12.2019 von Thomas Rietzschel bitte lesen auf<br \/>\n<a href=\"https:\/\/www.achgut.com\/artikel\/der_moerder_ist_immer_der_deutsche\">https:\/\/www.achgut.com\/artikel\/der_moerder_ist_immer_der_deutsche<\/a><br \/>\n.<br \/>\n<strong>Halid S. ein herzlicher Mensch<\/strong><br \/>\n\u00dcber den mutma\u00dflichen Hauptt\u00e4ter von Augsburg (Halid S.) kann man bei FOCUS-Online und dem M\u00fcnchner-Merkur die folgenden, im den jeweiligen Artikeln in keiner Weise kommentierten Aussagen lesen: \u00abSeinen Freund beschreibt der junge Mann als konfliktscheu. Der Vorfall in Augsburg war in seinen Augen ein Unfall. \u00bb \u00abHalid ist ein sehr netter Mensch, ein herzlicher Mensch. Er nimmt jeden gerne auf, wenn es jemanden schlecht geht\u201c \u2026&#8230; Er wollte das glaube ich nicht. Das war ein Unfall. \u00bb Wir haben es also wohl mit einem konfliktscheuen, netten, herzlichem Totschl\u00e4ger zu tun. Und es war nat\u00fcrlich alles nur eine Verkettung ungl\u00fccklicher Umst\u00e4nde. Wer es nicht glauben will, der wird nicht gutmenschlich-selig.<br \/>\n10.12.2019, F.N., AO<br \/>\n.<br \/>\n<strong>Grundgesetz oder Scharia?<\/strong><br \/>\nLieber Herr Rietzschel, die \u201cExistenz einer Parallelgesellschaft, die sich zur Bedrohung der Zivilisation ausw\u00e4chst\u201d, findet in weiten Kreisen der in Deutschland herrschenden Politszene Anerkennung. Assimilation wird abgelehnt, also bleibt nur die M\u00f6glichkeit, alle Verbrechen den Deutschen in die Schuhe zu schieben. Alle Kulturen unter deutschen D\u00e4chern gelten als gleich wertig. So wird der Mord, die Vergewaltigung, der Antisemitismus usw. salonf\u00e4hig. Etwas, dass man gar nicht ablehnen kann, weil man sonst ja die Gruppe aus der der T\u00e4ter entstammt, ablehnen w\u00fcrde.<br \/>\nIst der T\u00e4ter Deutscher, Libanese und T\u00fcrke, gilt er nach begangener Tat als Deutscher. Es schreiben auch fast alle Zeitungen von einem Deutschen. Was w\u00fcrde passieren, wenn man vom T\u00fcrken oder Libanesen geschrieben h\u00e4tte? Wir leben in einem Staat unterschiedlicher kultureller Gruppen.<br \/>\nJeder soll nach den Ma\u00dfst\u00e4ben seiner Kultur und ihren Gesetzen leben, au\u00dfer nat\u00fcrlich den Deutschen. Die w\u00fcrden als Identit\u00e4re denunziert, wenn sie auf ihre eigene Kultur beharren w\u00fcrden und sich verhalten w\u00fcrden wie eine gro\u00dfe Zahl Deutscher mit t\u00fcrkischem Pass, die auf ihr T\u00fcrkentum stolz sind.<br \/>\nF\u00fcr die Deutschen gilt nur die kulturelle Selbstverleugnung. Alles andere w\u00e4re Nazi. So die herrschende Lehre. Die herrschende linke Identit\u00e4tspolitik hat dar\u00fcber hinaus keinen Sinn f\u00fcr das Individuum. Multikulti denkt in Gruppen. Welche Gruppe mit welchen Werten wird gewinnen, wenn die multikulturelle Ideologie weiterhin die bestimmende ist? Wir m\u00fcssen uns entscheiden was wir wollen. Eine deutsche Leitkultur oder die Preisgabe unserer Kultur und Zivilisation. Einfacher: Grundgesetz oder Scharia.<br \/>\n10.12.2019, M.B., AO<br \/>\n.<br \/>\n<strong>Keine Trauerkundgebungen in Augsburg<\/strong><br \/>\nMan kann die Verachtung fremder Kulturangeh\u00f6riger &#8211; nicht nur der Jugendlichen &#8211; f\u00fcr uns eigentlich mit den H\u00e4nden greifen. Vor was sollten die Respekt haben? Vor Leuten, die ihr Land preisgeben? Vor Leuten, die sich das gefallen lassen? Es scheint in Augsburg am Rande spontaner Trauerkundgebungen keine Hetzjagden zu geben. Ja selbst Trauerkundgebungen &#8211; wie in Chemnitz &#8211; scheinen erst garnicht stattzufinden.<br \/>\n10.12.2019, E.e.<br \/>\n.<br \/>\n<strong>Beim Gruppenvergewaltigungs-Verdachtsfall auf Mallorca<\/strong><br \/>\n\u2013 muss im Juli diesen Jahres gewesen sein \u2013 wurde in diversen Qualit\u00e4tsmedien auch ausdr\u00fccklich von \u201eDeutschen\u201c als T\u00e4tern gesprochen. Die \u201eDeutschen\u201c seien verhaftet worden, w\u00fcrden verh\u00f6rt, w\u00fcrden die Tat bestreiten usw. Bei n\u00e4herer Recherche lie\u00df sich in Erfahrung bringen, dass es sich bei den Deutschen um Serhat K. (23), Azad K. (22), Yakub (21) und Baran D. (19) gehandelt habe. Ein Vorname der jungen Gesch\u00e4digten von Mallorca wurde wohl nicht genannt \u2013 ich k\u00f6nnte mir aber vorstellen, dass es kein orientalisch klingender Vorname war. \u2013 So elendig all dies auch sein mag, hat es doch eine Konsequenz: immer mehr Menschen wissen zwischen den Zeilen zu lesen. Die Menschen gerade im Westen der Republik sind diesbez\u00fcglich zwar nicht so aufgeweckt wie Leute mit DDR-Erfahrung (es gibt im D\u00fcsseldorfer Raum z. B. noch viele WDR-Gl\u00e4ubige!), holen aber \u2013 wenn auch nur langsam \u2013 auf. Also, beim n\u00e4chsten \u201eDeutschen\u201c, \u201ejungen Mann\u201c, \u201eM\u00fcnchener\u201c, \u201e37-J\u00e4hrigen\u201c usw. am besten mit kritischer Skepsis den Berichten begegnen! Eigene Nachrecherchen, deren Resultate auch kommuniziert werden k\u00f6nnen, sind sinnvoll. Nachtrag: in die amtliche Statistik gehen die Mallorca-T\u00e4ter &#8211; so sie denn verurteilt wurden\/werden (?) &#8211; doch bestimmt als Deutsche ein, ebenso wie der Hauptt\u00e4ter von Augsburg und der Messerstecher von M\u00fcnchen gestern? (damit\u2019s hinsichtlich statischer Auswertungen f\u00fcr amtlich ernannte Faktenchecker passt, oder?)<br \/>\n10.12.2019, H..G, AO<br \/>\n.<br \/>\n<strong>Bei der letzten Europawahl haben 90,7 % der W\u00e4hler in Augsburg<\/strong><br \/>\nihre Stimme der sozialistischen Einheitsfront CSUSPDFDPGR\u00dcNELINKE gegeben. Ergo bewertet die Bev\u00f6lkerung die bestehenden politischen Verh\u00e4ltnisse als absolut positiv (nat\u00fcrlich mit Ausnahme der allgegenw\u00e4rtigen rechten Bedrohung). Mittlerweile habe ich keine Probleme mehr damit, diesen Willen der Mehrheit zu respektieren und die daraus resultierenden Verwerfungen schulterzuckend zu akzeptieren.<br \/>\n10.12.2019,F.B.<br \/>\n.<br \/>\n<strong>Ja, schon Reinhard Mey wusste : Der M\u00f6rder war immer der G\u00e4rtner<\/strong><br \/>\nHeute m\u00fcsste er dichten : Der M\u00f6rder war immer der Deutsche. Und wenn es nicht der Deutsche war, dann haben wir ein Problem. Dann fehlen uns die Worte. Dann entf\u00e4llt uns v\u00f6llig die Melodie. Dann war es keiner. Zumindest singen wir dann nicht gern dar\u00fcber. Dann wissen wir es nicht genau. Dann war der ganze \u201eMord\u201c ein Missverst\u00e4ndnis. Dann ist jemand ungl\u00fccklich gefallen. Vielleicht gestolpert. Dann gab es Meinungsverschiedenheiten. Eine Rangelei. Und jetzt warten wir auf den n\u00e4chsten \u201edeutschen M\u00f6rder\u201c Damit wir dann voller Inbrunst und innerer \u00dcberzeugung singen k\u00f6nnen : \u201eUnd der M\u00f6rder war immer der Deutsche &#8230;\u201c. Und dazu z\u00fcnden wir ein Kerzlein an oder eine ganze Kette von Kerzen und \u201efreuen\u201c uns, ja, sind \u201eerleichtert\u201c (und nat\u00fcrlich best\u00fcrzt), dass \u201ees\u201c ein Deutscher war. Denn der M\u00f6rder war wieder der G\u00e4rtner &#8230;.<br \/>\n10.12.201, W.A.<br \/>\n.<br \/>\n<strong>Schuld der islamischen Gemeinschaft in Deutschland<\/strong><br \/>\nLeider geht der sonst gute Bericht am eigentlichen Thema vorbei. Das was diese Figuren mit dem angeblichen \u201cislamischen, traditionellen Verhalten\u201d an den Tag legen, ist in den Herkunftsl\u00e4ndern, zumindest in der T\u00fcrkei ein No-Go! Fahren Sie mal nach z.B. Istanbul. Bei dem absoluten Gro\u00dfteil der Bev\u00f6lkerung gelten h\u00f6fliche Umgangsformen, Respekt vor \u00c4lteren, Respekt vor Frauen (insbesondere den eigenen) als Grundlage des Anstands. Ich per\u00f6nlich war v\u00f6llig baff. Auch hatte ich nicht diese Anzahl an Minir\u00f6cken erwartet. Komplettverschleierung Fehlanzeige. F\u00fcr die Meinung die die dort lebenden T\u00fcrken f\u00fcr die hier lebenden T\u00fcrken haben, w\u00fcrde man sich als Deutscher nicht nur eine Anzeige wegen Rassismus einhandeln. Die jungen T\u00fcrken und Moslems die in D aufgewachsen sind, haben jegliche Orientierung verloren und versuchen das mit einem extrem \u00fcberzogenen Islamismus und falschem Traditionsverst\u00e4ndnis zu kaschieren. DAS ist die Schuld der islamischen Gemeinschaft in Deutschland. Nur sie k\u00f6nnen diese Spinner einfangen. R\u00fccksicht ist hier fehl am Platz!<br \/>\n10.12.2019, P.G.<br \/>\n.<br \/>\n<strong>Die Folgen der Parallelgesellschaften. Man will diese unter allen Umst\u00e4nden<\/strong><br \/>\nMan will die kriminellen Taten dieser \u201cOutlaws\u201d vertuschen. Was nicht sein darf, kann nicht sein. Man sch\u00fctzt die B\u00fcrger nicht. Warum nicht? Es geh\u00f6rt einfach zur Dramaturgie der Merkel\u2019schen Vernichtung Deutschlands. Das soll sich auch nicht \u00e4ndern. Schuld sind die Opfer selbst, nicht die T\u00e4ter. Wie war das in Chemnitz? Damit der Mord ja den richtigen Anstrich bekam, musste sogar der Verfassungsschutzpr\u00e4sident dran glauben, weil er die Umkehrung des Geschehens nicht mitmachen wollte. Wie ist es in Augsburg? Der T\u00e4ter war ja ein Deutscher. Ja, einer, der sicht trotz seiner Geburt in Deutschland nicht integriert hat und wohl in einer Parallelgesellschaft lebt. Fazit: Was hier auf Deutschlands Stra\u00dfen passiert, wird vom System Merkel nicht nur geduldet, sondern in der Absurdit\u00e4t der Berichterstattung auch noch bef\u00f6rdert. Merkel muss weg.<br \/>\n10.12.2019, S.K.<\/p>\n<p><strong>Messerangriffe in vielen St\u00e4dten: Verst\u00f6rendes Wochenende in Deutschland<\/strong><br \/>\nMehrere dutzende F\u00e4lle \u2013 oft Messerangriffe \u2013 kann man den Polizeimeldungen und weiteren Nachrichten entnehmen und die Dunkelziffer wird noch h\u00f6her sein. Ein paar davon m\u00fcssen wir exemplarisch aufz\u00e4hlen, damit sich jeder ein Bild davon machen kann, wovon hier eigentlich die Rede ist.<br \/>\n.<br \/>\nIn M\u00fcnchen wird einem Polizisten am Hauptbahnhof von hinten in den Hals gestochen. Die Bild geht soweit, sogar davon zu schreiben, dass die Klinge durch die Wucht des Sto\u00dfes im K\u00f6rper abgebrochen sei.<br \/>\nIn Dortmund eskaliert ein Familienstreit auf offener Stra\u00dfe, zwei verfeindete Familien gehen aufeinander los und anschlie\u00dfend mussten mindestens zwei Personen mit Messerstichen in die Notaufnahme eingeliefert werden \u2013 die Polizei war gleich mit mehreren Streifenwagen an Ort und Stelle.<br \/>\nIn Marl betritt ein Mann mit Sturmhaube und gez\u00fcckten Messer ein Ladenlokal, um so an die Einnahmen zu kommen.<br \/>\nIn Siegen wird ein D\u00f6nerladen mit Messergewalt ausgeraubt.<br \/>\nIn Pforzheim soll ein Syrer einen Landsmann und die Polizei mit einem Messer bedroht haben.<br \/>\nIn Kiel raubten zwei M\u00e4nner einen 18-J\u00e4hrigen aus und bedrohten ihn dabei mit einem Messer.<br \/>\nIn Stuttgart wird eine 36-J\u00e4hrige mit Messern bedroht und ausgeraubt.<br \/>\nAm Dortmunder Hauptbahnhof werden Reisende von einem Unbekannten mit einem Cuttermesser bedroht.<br \/>\nIn Magdeburg wird ein 26-J\u00e4hriger von Jugendlichen mit dem Messer bedroht und ausgeraubt.<br \/>\n.<br \/>\nDie Liste ist leider noch wesentlich l\u00e4nger und einige der schlimmsten F\u00e4lle sind hier nicht einmal explizit aufgef\u00fchrt. Wie lang aber sollte so eine Liste sein, wie lang darf sie sein, um das Ausma\u00df der Verheerungen zu verdeutlichen? <em><strong>Jetzt haben Medien die Pflicht, ihre Leser zu informieren<\/strong><\/em><br \/>\n&#8230; Alles vom 10.12.2019 von Alexander Wallasc bitte lesen auf<br \/>\n<a href=\"https:\/\/www.tichyseinblick.de\/kolumnen\/alexander-wallasch-heute\/messerangriffe-in-vielen-staedten-verstoerendes-wochenende-in-deutschland\/\">https:\/\/www.tichyseinblick.de\/kolumnen\/alexander-wallasch-heute\/messerangriffe-in-vielen-staedten-verstoerendes-wochenende-in-deutschland\/<\/a><br \/>\n.<br \/>\nKommentare:<br \/>\n<strong>Die Aufregung verstehe ich nicht<\/strong><br \/>\nVor Jahrzehnten hat sich diese Republik mit Orientalen eingelassen. 2015 hat sich diese Republik zum Magneten f\u00fcr noch mehr Orientalen gemacht. Jetzt wundern sich dieselben Leute \u00fcber orientalische Verh\u00e4ltnisse. Ja, geht\u00b4s noch? Ihr bekommt, was Ihr verdient.<br \/>\nBei mir daheim halten wir zusammen. Wird einer von einem Fremden angegriffen, helfen wir. In der BRD helfen sich Deutsche nicht, lassen den anderen im Stich. Das ist eine Schande aber erlebte Realit\u00e4t. Nein, ich lebe lange nicht mehr in der BRD, bin nur noch zu Besuch hier. Mir ist diese BRD total fremd geworden. Mittlerweile verachte ich sie. Kann ich mir erlauben, denn ich schulde der BRD keine Loyalit\u00e4t mehr.<br \/>\n10.12.2019, R.M., TO<br \/>\n.<br \/>\nHier dann auch noch ein nettes Beispiel aus Hamburg-Lockstedt und wie es dort mit dem sch\u00f6nen und ruhigen Wohnumfeld aussieht bzw aussah.<br \/>\n\u201eAsylbewerber kommen \u2013 Einheimische weichen<br \/>\n<a href=\"https:\/\/m.youtube.com\/watch?v=Ue2JYncrWFA\">https:\/\/m.youtube.com\/watch?v=Ue2JYncrWFA<\/a><br \/>\n10.12.2019, M.H., TO<br \/>\n.<br \/>\n<strong>Was aus unserem Land geworden ist, ist wirklich sehr traurig.<\/strong><br \/>\nMein erster Kommentar hier, nachdem ich seit etwa einem Jahr zahlendes Mitglied bin; ich muss jetzt einfach mal meiner Stimme Ausdruck verleihen. Wenn Sie wissen m\u00f6chten, was tagt\u00e4glich in unserem Land an \u00dcbergriffen und Straftaten im Rahmen der Zuzugswelle von 2015 geschieht, schauen Sie mal auf https:\/\/www.politikversagen.net. Es handelt sich um eine Sammlung ganz unterschiedlicher Publikationen von emderzeitung.de bis focus.de. Ich habe von dieser Seite erst im Sommer erfahren. Wenn die Bev\u00f6lkerung unseres Landes diese Auflistung kennen w\u00fcrde, glauben Sie, die Leute w\u00e4ren noch so ruhig?<br \/>\n10.12.2019, G.M.<br \/>\n.<br \/>\n<strong>Es ist meines Wissens in der Menschheitsgeschichte einmalig,<\/strong><br \/>\ndass eine Regierung potentielle Aggressoren gezielt auf das eigene Staatsgebiet einl\u00e4dt und damit faktisch den eigenen B\u00fcrgern den Krieg erkl\u00e4rt hat. Ein historisch bisher unbekannter Vorgang massiver Destruktivit\u00e4t gegen die eigenen Leute, der so abartig und in seinen Auswirkungen so menschenverachtend und b\u00f6sartig ist, dass er nicht einmal als Konstrukt denkbar erscheint. Vielleicht kapieren deshalb so wenige Teile des Souver\u00e4ns bisher trotz t\u00e4glicher Gewalt und steigenden Todeszahlen, dass dieser Krieg hier \u00fcberhaupt stattfindet. Es ist m\u00f6glicherweise zu perfide und maligne, um es in sein Bewusstsein zu lassen. Vielleicht ein \u00e4hnlich fataler Verdr\u00e4ngungsmechanismus wie damals, als absolut keiner wusste und auch gar nicht wissen wollte, wohin die ganzen Mitb\u00fcrger so verschwunden waren.<br \/>\n10.12.2019, M.KH<\/p>\n<p>Zu empfehlen ist auch <a href=\"https:\/\/www.refcrime.info\/de\/Home\/Index\">https:\/\/www.refcrime.info\/de\/Home\/Index<\/a><br \/>\nund <a href=\"https:\/\/www.politikversagen.net\/\">https:\/\/www.politikversagen.net\/<\/a><br \/>\n<a href=\"https:\/\/einzelfallinfos.wordpress.com\/\">https:\/\/einzelfallinfos.wordpress.com\/<\/a><br \/>\n.<br \/>\n<strong>Martin Niem\u00f6ller<\/strong><br \/>\nChurchill wusste: \u201eAn Appeaser Is One Who Feeds a Crocodile, Hoping It Will Eat Him Last\u201c.<\/p>\n<p>Und Martin Niem\u00f6ller hat seine Erfahrungen auch hinterlassen:<br \/>\n<em>&#8222;Als die Nazis die Kommunisten holten, habe ich geschwiegen;<\/em><br \/>\n<em> ich war ja kein Kommunist.<\/em><br \/>\n<em> Als sie die Sozialdemokraten einsperrten, habe ich geschwiegen;<\/em><br \/>\n<em> ich war ja kein Sozialdemokrat.<\/em><br \/>\n<em> Als sie die Gewerkschafter holten, habe ich geschwiegen,<\/em><br \/>\n<em> ich war ja kein Gewerkschafter.<\/em><br \/>\n<em> Als sie mich holten, gab es keinen mehr, der protestieren konnte.&#8220;<\/em><br \/>\nSchon klar, dass man die, die diesmal dran sind, anders benennen muss.<br \/>\n10.12.2019, KAS, TO<br \/>\n.<br \/>\n<strong>\u201eHamburg, Augsburg, M\u00fcnchen, Stuttgart und Kiel sind bunt!\u201c<\/strong><br \/>\nMehr braucht man dazu nicht zu sagen. Die Leute bestellen Massenmigration aus pr\u00e4historischen Gewaltkulturen und bekommen sie geliefert. Und irgendwann ist eben auch die kritischere Masse erreicht das die multikulturelle Verst\u00e4ndigung mittels Hieb, \u2013 und Stichwaffen aller Art, auch in den besseren Gegenden ausgetragen werden. Haben diese Leute dort wirklich geglaubt, sie und ihre Familien w\u00fcrden verschont bleiben? Bei der n\u00e4chsten Gelegenheit wird dann trotzdem wieder SPDUP oder gleich Gr\u00fcn bzw. SED gew\u00e4hlt.<br \/>\nLeid tun mir nur die Kinder, die f\u00fcr die Lernresistenz und Dummheit ihrer Eltern bezahlen m\u00fcssen und der Schule jeden nat\u00fcrlichen Gefahren Instinkt abtrainiert bekommen. Und nat\u00fcrlich die Leute, die diese Willkommensjunta nie gew\u00e4hlt haben, aber unter den Folgen leiden. Wirksame Selbstverteidigung ist auch abgesagt, schlie\u00dflich hat uns der Staat, mit dem Versprechen entwaffnet, f\u00fcr unsere Sicherheit zu sorgen. Dies gew\u00e4hrleistet er nicht mehr, stattdessen schaut er weg und erz\u00e4hlt den Opfern, sie w\u00e4ren Nazis, wenn sie um ihre Kinder trauern.<br \/>\n10.12.2019, J.F.<\/p>\n","protected":false},"excerpt":{"rendered":"<p>Zwei befreundeten Ehepaare spazieren beim Weihnachtsmarkt \u00fcber einen Platz (hell, video\u00fcberwacht, Polizeipr\u00e4senz) und pl\u00f6tzlich erh\u00e4lt einer der M\u00e4nner mit solcher Wucht einen Faustschlag seitlich an den Kopf, dass er tot zu Boden f\u00e4llt. Vielleicht hat er den 17-j\u00e4hrigen Schl\u00e4ger in &hellip; <a href=\"https:\/\/www.freiburg-schwarzwald.de\/blog\/aufschrei-trauer-metoo-nichts\/\">Weiterlesen <span class=\"meta-nav\">&rarr;<\/span><\/a><\/p>\n","protected":false},"author":2,"featured_media":0,"comment_status":"open","ping_status":"closed","sticky":false,"template":"","format":"standard","meta":{"footnotes":""},"categories":[36,155,60,13,80,157,19,95,172],"tags":[391,732,725,421,568],"class_list":["post-76941","post","type-post","status-publish","format-standard","hentry","category-engagement","category-integration","category-jugend","category-kultur","category-medien","category-oeffentlicher-raum","category-religion","category-schulen","category-zukunft","tag-freizeit","tag-gewalt","tag-integration","tag-islam","tag-jugend-2"],"_links":{"self":[{"href":"https:\/\/www.freiburg-schwarzwald.de\/blog\/wp-json\/wp\/v2\/posts\/76941","targetHints":{"allow":["GET"]}}],"collection":[{"href":"https:\/\/www.freiburg-schwarzwald.de\/blog\/wp-json\/wp\/v2\/posts"}],"about":[{"href":"https:\/\/www.freiburg-schwarzwald.de\/blog\/wp-json\/wp\/v2\/types\/post"}],"author":[{"embeddable":true,"href":"https:\/\/www.freiburg-schwarzwald.de\/blog\/wp-json\/wp\/v2\/users\/2"}],"replies":[{"embeddable":true,"href":"https:\/\/www.freiburg-schwarzwald.de\/blog\/wp-json\/wp\/v2\/comments?post=76941"}],"version-history":[{"count":1,"href":"https:\/\/www.freiburg-schwarzwald.de\/blog\/wp-json\/wp\/v2\/posts\/76941\/revisions"}],"predecessor-version":[{"id":95603,"href":"https:\/\/www.freiburg-schwarzwald.de\/blog\/wp-json\/wp\/v2\/posts\/76941\/revisions\/95603"}],"wp:attachment":[{"href":"https:\/\/www.freiburg-schwarzwald.de\/blog\/wp-json\/wp\/v2\/media?parent=76941"}],"wp:term":[{"taxonomy":"category","embeddable":true,"href":"https:\/\/www.freiburg-schwarzwald.de\/blog\/wp-json\/wp\/v2\/categories?post=76941"},{"taxonomy":"post_tag","embeddable":true,"href":"https:\/\/www.freiburg-schwarzwald.de\/blog\/wp-json\/wp\/v2\/tags?post=76941"}],"curies":[{"name":"wp","href":"https:\/\/api.w.org\/{rel}","templated":true}]}}