{"id":76745,"date":"2019-12-05T21:58:11","date_gmt":"2019-12-05T20:58:11","guid":{"rendered":"https:\/\/www.freiburg-schwarzwald.de\/blog\/?p=76745"},"modified":"2019-12-06T11:00:29","modified_gmt":"2019-12-06T10:00:29","slug":"husemann-klinik-neubau-kalt","status":"publish","type":"post","link":"https:\/\/www.freiburg-schwarzwald.de\/blog\/husemann-klinik-neubau-kalt\/","title":{"rendered":"Husemann-Klinik: Neubau kalt"},"content":{"rendered":"<p>Das Michaelhaus der <a title=\"Wiesneck\" href=\"https:\/\/www.freiburg-schwarzwald.de\/blog\/regio\/orte\/buchenbach\/wiesneck\/\">Friedrich-Husemann-Klinik<\/a> in <a title=\"Buchenbach\" href=\"https:\/\/www.freiburg-schwarzwald.de\/blog\/regio\/orte\/buchenbach\/\">Buchenbach<\/a>&#8211;<a title=\"Wiesneck\" href=\"https:\/\/www.freiburg-schwarzwald.de\/blog\/regio\/orte\/buchenbach\/wiesneck\/\">Wiesneck<\/a> wurde durch einen Neubau ersetzt. Dar\u00fcber sind alle, mit denen ich sprach, entsetzt, da der m\u00e4chtige <a title=\"Architektur-null\" href=\"https:\/\/www.freiburg-schwarzwald.de\/blog\/business\/dienste\/architekt\/architektur-null\/\">einf\u00f6rmige Klotz<\/a> so gar nicht zur anthroposophischen <a title=\"Psyche\" href=\"https:\/\/www.freiburg-schwarzwald.de\/blog\/selbsthilfe\/psyche\/\">Psychiatrie<\/a> und Rudolf Steiner&#8217;s Welt passen will. Das idyllisch am Fu\u00dfe der Wiesneck gelegene Klinik-Ensemble umfa\u00dft zahlreiche Geb\u00e4ude, f\u00fcr die doch eher gilt: <!--more-->kleinteilig, unregelm\u00e4\u00dfig, verstreut, rund, eckig, oval, schr\u00e4g, farbig, h\u00f6lzern, naturnah. Beispiel: Die <a title=\"Wiesneck\" href=\"https:\/\/www.freiburg-schwarzwald.de\/blog\/regio\/orte\/buchenbach\/wiesneck\/\">G\u00e4rtnerei Echinos<\/a> hat ein Dach mit sechs verschieden geneigten Fl\u00e4chen, hurra!<br \/>\nDas 2018 abgerissene Michaelhaus mag ein Zweckbau der 1960er Jahre gewesen sein, aber man erkennt doch Dach\u00fcberst\u00e4nde, Vers\u00e4tze, Gaupen gro\u00df und klein, Balkone, \u00dcberdachungen, Fenster und Fernsterchen. Unregelm\u00e4\u00dfigkeit.<br \/>\nDas neue Michaelhaus hingegen wirkt monoton, \u00f6de, kalt, abweisend und trist. Ein Flachdach-Riegel, der dem Johanneshaus Sicht nimmt und Schatten aufzwingt. Patienten (&#8222;Mein Name tut nichts zur Sache&#8220;) dr\u00fccken es so aus:<br \/>\n&#8222;Ich glaube immer, da fehlt das Dach&#8220;<br \/>\n&#8222;Die Farbe blendet mich eigentlich&#8220;<br \/>\n&#8222;Viele gleiche Fenster wie Augen, die mich alle anstarren und l\u00f6chern.&#8220;<br \/>\n&#8222;Das sch\u00f6nste sind noch die Container der Arbeiter da vor dem Neubau. Oh je, wenn die erst mal weg sind.&#8220;<\/p>\n<p><a href=\"https:\/\/www.freiburg-schwarzwald.de\/blog\/regio\/orte\/buchenbach\/wiesneck\/husemann-klinik151025\/\" rel=\"attachment wp-att-57114\"><img loading=\"lazy\" decoding=\"async\" class=\"alignnone size-thumbnail wp-image-57114\" src=\"https:\/\/www.freiburg-schwarzwald.de\/blog\/wp-content\/uploads\/2012\/12\/husemann-klinik151025-180x135.jpg\" alt=\"husemann-klinik151025\" width=\"180\" height=\"135\" srcset=\"https:\/\/www.freiburg-schwarzwald.de\/blog\/wp-content\/uploads\/2012\/12\/husemann-klinik151025-180x135.jpg 180w, https:\/\/www.freiburg-schwarzwald.de\/blog\/wp-content\/uploads\/2012\/12\/husemann-klinik151025.jpg 640w\" sizes=\"auto, (max-width: 180px) 100vw, 180px\" \/><\/a>\u00a0 \u00a0 \u00a0 \u00a0 \u00a0 \u00a0 \u00a0 \u00a0<a href=\"https:\/\/www.freiburg-schwarzwald.de\/blog\/regio\/orte\/buchenbach\/wiesneck\/husemann-michaelhaus201912046\/\" rel=\"attachment wp-att-76742\"><img loading=\"lazy\" decoding=\"async\" class=\"alignnone size-thumbnail wp-image-76742\" src=\"https:\/\/www.freiburg-schwarzwald.de\/blog\/wp-content\/uploads\/2012\/12\/husemann-michaelhaus201912046-180x135.jpg\" alt=\"husemann-michaelhaus201912046\" width=\"180\" height=\"135\" srcset=\"https:\/\/www.freiburg-schwarzwald.de\/blog\/wp-content\/uploads\/2012\/12\/husemann-michaelhaus201912046-180x135.jpg 180w, https:\/\/www.freiburg-schwarzwald.de\/blog\/wp-content\/uploads\/2012\/12\/husemann-michaelhaus201912046.jpg 637w\" sizes=\"auto, (max-width: 180px) 100vw, 180px\" \/><\/a><br \/>\nMichaelhaus alt am 25.10.2015\u00a0 \u00a0 \u00a0 \u00a0 \u00a0 \u00a0 \u00a0 \u00a0 \u00a0 \u00a0Michaelhaus neu am 4.12.2019<br \/>\n.<br \/>\nDie Ank\u00fcndigung vom 14.6.2017 klingt heute wie Hohn: &#8222;&#8230; erl\u00e4utert, sei bei der Heilung von psychischen Erkrankungen das r\u00e4umliche Umfeld f\u00fcr den Patienten von gro\u00dfer Bedeutung. F\u00fcr die park\u00e4hnliche Anlage der anthroposophisch orientierten Friedrich-Husemann-Klinik wurde ein Bauk\u00f6rper entwickelt, der sich seiner Umgebung anpasst und diese einbezieht.&#8220; <a href=\"https:\/\/www.badische-zeitung.de\/neubau-ersetzt-bisheriges-michaelhaus--138047046.html\">https:\/\/www.badische-zeitung.de\/neubau-ersetzt-bisheriges-michaelhaus&#8211;138047046.html<\/a><br \/>\n.<br \/>\nWarum wurde hier gebaut, was anscheinend niemandem gef\u00e4llt?<br \/>\nIch h\u00f6re die \u00fcblichen Entschuldigungen: Stuttgart hat die Teil-Finanzierung des Neubaus (8,8 von 16 Mio Euro) mit entspr. Bauvorschriften verkn\u00fcpft: Sicherheit der Bewohner und Einsparen an Energie (dies hat aber doch nichts mit Wohlf\u00fchlambiente zu tun). Es mu\u00df preiswert gebaut werden (seit wann steht \u00c4sthetik &#8211; Kreativit\u00e4t und Pfiffigkeit der Architekten vorausgesetzt &#8211; im Widerspruch zum Kostensparen). Mehrere kleine Geb\u00e4ude statt ein gro\u00dfer Bau nicht m\u00f6glich, da zu viele Verbindungswege erforderlich seien (geht doch, siehe die am Hang gelegenen W\u00fcrfel des UWC-College an der <a title=\"Kartaus\" href=\"https:\/\/www.freiburg-schwarzwald.de\/blog\/natur\/garten\/kartaus\/\">Kartaus<\/a>).<br \/>\n.<br \/>\nWas tun mit diesem seelenlosen Neubau des Michaelhauses? Vier Vorschl\u00e4ge:<br \/>\nMan sollte L\u00fcftelsmaler aus Mittenwald oder Ligurien beauftragen, Gesimse , die dritte Dimension und &#8222;Interessantes&#8220; auf die Fassage zu malen.<br \/>\nFriedensreich <a title=\"Kunst\" href=\"https:\/\/www.freiburg-schwarzwald.de\/blog\/kultur\/kunst\/\">Hundertwasser<\/a> wieder auferstehen lassen, damit er den Bauten etwas zum Anschauen im Sinne von &#8222;Du, guck mal dort&#8220; verleiht.<br \/>\nG\u00e4rtner von Echinos ans Werk lassen, damit Efeu, Wilder Wein, Glyzinie, Hortensie, duftendes Gei\u00dfblatt hochklettern und ranken, um die kargen Fl\u00e4chen zu bedecken und Leben in die tote Fassade zu bringen.<br \/>\nDen unteren 1,50 m hohen Sockel den Patienten freigeben, damit sie dort mit Pinsel und Sprayer (Graffiti) das Geb\u00e4ude in ihrem Sinne versch\u00f6nern.<\/p>\n<p>Kleiner Exkurs: In dieser modernen Bauweise spiegelt sich unser Zeitgeist (neudeutsch Mainstream) wider mit seiner Bildungslosigkeit (Pisa), Gleichmacherei (das Ungleiche k\u00f6nnte ja durch seine Ungleichheit als Diffamierung aufgefa\u00dft werden), Mutlosigkeit (Verantwortung), Angst (schuldbeladene &#8222;German Angst&#8220;) bis hin zu Panik (Greta&#8217;s Klima-Weltuntergang naht und wird diesmal nicht verschoben).<br \/>\nDiese moderne Bauweise mag man noch nicht mal als Architektur bezeichnen. denn sie strahlt nichts aus, dr\u00fcckt nichts aus, allenfalls Einfallslosigkeit, Monotonie, Leere. Sie entspricht unserer Zeit der rasant abnehmenden Bildung, ist unge&#8220;bild&#8220;et, nicht mal mi\u00dfgebildet, nicht mal h\u00e4\u00dflich. Man scheut sich, von einem h\u00e4\u00dflichen Klotz zu sprechen. Ihr fehlt alles, was dem Auge gut tut: Unregelm\u00e4igkeit, das Filigrane und Verspielte, T\u00fcrmchen, Dach\u00fcberstand, &#8222;rund, oval, eckig, schr\u00e4g&#8220;, Abwechslung, Kleinteiligkeit, Kontraste, Natur (und sei&#8217;s nur ein Vogelnest). Da gibt es nichts zu entdecken. was verborgen sein k\u00f6nnte bzw. sich hinten anstellt. Da gibts nicht viele vorne und hinten, hell und dunkel, Diese Bauweise demonstriert Langeweile, sie &#8222;h\u00e4ngt sich selbst zum Hals heraus&#8220; (K\u00e4stner). Sie gibt keine Antwort, allenfalls die heutige, Dummheit verratende Standardantwort &#8222;keine Ahnung&#8220;. Die moderne Bauweise ist nicht mal zweckm\u00e4\u00dfig, sie hat keinerlei Alleinstellungsmerkmal. Gleichheit all\u00fcberall &#8211; wenn es 5 T\u00fcren gibt, sind alle gleich; wenn es 50 T\u00fcren gibt, ebenso. Allenfalls ist eine T\u00fcre rot und die andere blau.<br \/>\nDas Michelshaus hat nach S\u00fcden 3 mal 9 = 27 Fenster, alle gleich: &#8222;Ich wohne als Patient hinter dem Fenster in der 2. Reihe, das 5. Fenster von links)&#8220;.<br \/>\n.<br \/>\nDer Husemann-Neubau ist kein Einzelfall. Siehe die Business-Meile in der <a title=\"Heinrich-von-Stephan-Strasse als trostlose architektonische S\u00fcnde\" href=\"https:\/\/www.freiburg-schwarzwald.de\/blog\/heinrich-von-stephan-strasse-als-trostlose-architektonische-sunde\/\">Heinrich-von-Stephan-Strasse<\/a> nahe Freiburg Hbf, oder die Heinrich-Heine-Strasse\/Kreuzstein\u00e4cker in FR-Littenweiler. <a title=\"Attental\" href=\"https:\/\/www.freiburg-schwarzwald.de\/blog\/regio\/orte\/stegen\/attental\/\">Christine van Herk<\/a> hat Kirchzartens Ortskern deutlich als <a title=\"Architektur-null\" href=\"https:\/\/www.freiburg-schwarzwald.de\/blog\/business\/dienste\/architekt\/architektur-null\/\">&#8222;einfallslosen architektonischen Einheitsbrei&#8220;<\/a>\u00a0beschrieben. Wir haben 75 Jahre Frieden und k\u00f6nnen hier lange suchen, was die Architektur in diesen 75 Jahren als &#8222;neue Moderne&#8220; au\u00dfer Einheitsbrei hervorgebracht hat. Wo sind die architektonischen Highlights im Dreisamtal der letzten 75 Jahre? Das Kurhaus von Kirchzarten etwa, oder das Schulzentrum? &#8211; sicher nicht.<br \/>\nAls ansprechender Neubau f\u00e4llt mir nur das Geb\u00e4ude der <a title=\"Bauwerk Schwarzwaldhof\" href=\"https:\/\/www.freiburg-schwarzwald.de\/blog\/bauwerk-schwarzwaldhof\/\">Fa Wandres<\/a> in Buchenbach-<a title=\"Wagensteig\" href=\"https:\/\/www.freiburg-schwarzwald.de\/blog\/regio\/orte\/buchenbach\/wagensteig\/\">Wagensteig<\/a> ein (im Stil eines Schwarzwaldhauses). Die \u00fcbrigen ansprechenden &#8222;Neubauten&#8220;\u00a0sind Sanierungen alter Geb\u00e4ude: Birkenhof-WG, <a title=\"Fussehof\" href=\"https:\/\/www.freiburg-schwarzwald.de\/blog\/bauernhof\/fussehof\/\">Fu\u00dfehof<\/a> (Geroldstal) , <a title=\"UWC-Freiburg\" href=\"https:\/\/www.freiburg-schwarzwald.de\/blog\/bildung\/schulen\/uwc-freiburg\/\">Kartaus<\/a>, Klosterscheune (Oberried), Rainhofscheune, Rummlerhof (Dietenbach), <a title=\"Talvogtei\" href=\"https:\/\/www.freiburg-schwarzwald.de\/blog\/regio\/orte\/kirchzarten\/talvogtei\/\">Talvogtei<\/a>, <a title=\"Hirschen-WG\" href=\"https:\/\/www.freiburg-schwarzwald.de\/blog\/business\/dienste\/immobilien\/wohnen\/hirschen-wg\/\">Hirschen<\/a> (Ebnet). Viele davon wurden von der Firma <a title=\"Sutter3KG\" href=\"https:\/\/www.freiburg-schwarzwald.de\/blog\/business\/dienste\/immobilien\/sutter3kg\/\">Sutter3KG<\/a> saniert.<br \/>\nVielleicht entdeckt man ja im Zuge von Nachhaltigkeit und Fortschritten im mehrgeschossigen <a title=\"Holzbau\" href=\"https:\/\/www.freiburg-schwarzwald.de\/blog\/business\/handwerk\/holzbau\/\">Holzbau<\/a> das Schr\u00e4gdach als unseren geograhischen Breiten\u00a0entsprechende Dachform wieder. Es ist doch so einfach: Man kombinieren Sattel-, Walm und Mansarded\u00e4cher, und erh\u00e4lt so eine abwechslungsreiche Dachlandschaft, die f\u00fcr Auge wie Nutzung interessant ist. Dazwischen ist noch ein kleines Flachdach gestattet &#8211; aber voll begehbar f\u00fcr Begr\u00fcnung, Kr\u00e4utergarten und Relax.<br \/>\n.<br \/>\nDas neue Michaelhaus der Friedrich-Husemann-Klinik z\u00e4hlt zu den <a title=\"Anywheres\" href=\"https:\/\/www.freiburg-schwarzwald.de\/blog\/global\/deutschland\/gesellschaft\/anywheres\/\">Anywheres<\/a> und nicht zu den <a title=\"Somewheres gegen Anywheres\" href=\"https:\/\/www.freiburg-schwarzwald.de\/blog\/somewheres-gegen-anywheres\/\">Somewheres<\/a>, ist also nicht ortsgebunden konzipiert &#8211; es k\u00f6nnte genauso gut im Gewerbegebiet Oberried (als B\u00fcrogeb\u00e4ude) stehen, in Freiburg-Z\u00e4hringen (als Boarding-House), in Feldberg-Falkau als Ferienwohnungsdomizil f\u00fcr den Kapitalanleger oder am Autobahnzubringer Mitte bei Lehen (als P&amp;R Parkhaus).<br \/>\n.<br \/>\nNach so viel <a title=\"Kritik\" href=\"https:\/\/www.freiburg-schwarzwald.de\/blog\/kultur\/medien\/kritik\/\">Kritik<\/a> (<a title=\"Diskussionskultur\" href=\"https:\/\/www.freiburg-schwarzwald.de\/blog\/kultur\/medien\/diskussionskultur\/\">Kennzeichen<\/a> der <a title=\"Demokratie\" href=\"https:\/\/www.freiburg-schwarzwald.de\/blog\/engagement\/zukunft\/demokratie\/\">Demokratie<\/a>) zum Abschlu\u00df dennoch ein Wort des Trostes:<br \/>\nDas <a title=\"Dreisamtal\" href=\"https:\/\/www.freiburg-schwarzwald.de\/blog\/regio\/tal\/dreisamtal\/\">Dreisamtal<\/a> als Talstern mit 15 Seitent\u00e4lern (kennen Sie diese?) beschert uns eine Landschaft, die so lieblich und abwechslungsreich ist, dass sie die coolsten, \u00fcbelsten Neubauten zu ummanteln vermag. Wenn aber die Baus\u00fcnden zur Dominanz anschwellen, was dann &#8230;.?<br \/>\n5.12.2019<\/p>\n<p><a href=\"https:\/\/www.freiburg-schwarzwald.de\/friedrich-husemann-klinik.htm\">https:\/\/www.freiburg-schwarzwald.de\/friedrich-husemann-klinik.htm<\/a> (Archivseite)<br \/>\n<a href=\"https:\/\/www.freiburg-dreisamtal.de\/wiesneck.htm\">https:\/\/www.freiburg-dreisamtal.de\/wiesneck.htm<\/a> (Archivseite)<br \/>\n<a href=\"https:\/\/www.freiburg-schwarzwald.de\/blog\/wiesneck\">https:\/\/www.freiburg-schwarzwald.de\/blog\/wiesneck<\/a><\/p>\n","protected":false},"excerpt":{"rendered":"<p>Das Michaelhaus der Friedrich-Husemann-Klinik in Buchenbach&#8211;Wiesneck wurde durch einen Neubau ersetzt. Dar\u00fcber sind alle, mit denen ich sprach, entsetzt, da der m\u00e4chtige einf\u00f6rmige Klotz so gar nicht zur anthroposophischen Psychiatrie und Rudolf Steiner&#8217;s Welt passen will. Das idyllisch am Fu\u00dfe &hellip; <a href=\"https:\/\/www.freiburg-schwarzwald.de\/blog\/husemann-klinik-neubau-kalt\/\">Weiterlesen <span class=\"meta-nav\">&rarr;<\/span><\/a><\/p>\n","protected":false},"author":2,"featured_media":0,"comment_status":"open","ping_status":"closed","sticky":false,"template":"","format":"standard","meta":{"footnotes":""},"categories":[233,51,4,50,140,22,90,13,64,10,66,91],"tags":[250,740,435,47,287],"class_list":["post-76745","post","type-post","status-publish","format-standard","hentry","category-architekt","category-bauernhof","category-branchen","category-dreisamtal","category-garten","category-handwerk","category-immobilien","category-kultur","category-psyche","category-selbsthilfe","category-sucht","category-wohnen","tag-architektur","tag-arzt","tag-gartner","tag-klinik","tag-neubau"],"_links":{"self":[{"href":"https:\/\/www.freiburg-schwarzwald.de\/blog\/wp-json\/wp\/v2\/posts\/76745","targetHints":{"allow":["GET"]}}],"collection":[{"href":"https:\/\/www.freiburg-schwarzwald.de\/blog\/wp-json\/wp\/v2\/posts"}],"about":[{"href":"https:\/\/www.freiburg-schwarzwald.de\/blog\/wp-json\/wp\/v2\/types\/post"}],"author":[{"embeddable":true,"href":"https:\/\/www.freiburg-schwarzwald.de\/blog\/wp-json\/wp\/v2\/users\/2"}],"replies":[{"embeddable":true,"href":"https:\/\/www.freiburg-schwarzwald.de\/blog\/wp-json\/wp\/v2\/comments?post=76745"}],"version-history":[{"count":0,"href":"https:\/\/www.freiburg-schwarzwald.de\/blog\/wp-json\/wp\/v2\/posts\/76745\/revisions"}],"wp:attachment":[{"href":"https:\/\/www.freiburg-schwarzwald.de\/blog\/wp-json\/wp\/v2\/media?parent=76745"}],"wp:term":[{"taxonomy":"category","embeddable":true,"href":"https:\/\/www.freiburg-schwarzwald.de\/blog\/wp-json\/wp\/v2\/categories?post=76745"},{"taxonomy":"post_tag","embeddable":true,"href":"https:\/\/www.freiburg-schwarzwald.de\/blog\/wp-json\/wp\/v2\/tags?post=76745"}],"curies":[{"name":"wp","href":"https:\/\/api.w.org\/{rel}","templated":true}]}}