{"id":76396,"date":"2019-11-28T12:08:00","date_gmt":"2019-11-28T11:08:00","guid":{"rendered":"https:\/\/www.freiburg-schwarzwald.de\/blog\/?p=76396"},"modified":"2020-02-10T17:42:35","modified_gmt":"2020-02-10T16:42:35","slug":"freiburg-1944-nie-wieder-krieg","status":"publish","type":"post","link":"https:\/\/www.freiburg-schwarzwald.de\/blog\/freiburg-1944-nie-wieder-krieg\/","title":{"rendered":"Freiburg 1944: Nie wieder Krieg"},"content":{"rendered":"<p>Am <a title=\"Freiburg1944\" href=\"https:\/\/www.freiburg-schwarzwald.de\/blog\/regio\/freiburg\/freiburg1944\/\">27.11.1944 wurde Freiburg<\/a>, eine industriearme und damals vornehmlich von Frauen, Kinder und Alten bewohnte Stadt, zwischen 19.58 und 20.21 Uhr durch britische Bomber in Schutt und Asche gelegt. 2979 Tote. Wie durch ein <a title=\"Muenster\" href=\"https:\/\/www.freiburg-schwarzwald.de\/blog\/religion\/kirchen\/muenster\/\">Wunder<\/a> blieb das <a title=\"Muensterturm\" href=\"https:\/\/www.freiburg-schwarzwald.de\/blog\/religion\/kirchen\/muenster\/muensterturm\/\">M\u00fcnster<\/a> unversehrt.\u00a0Ich hatte Gl\u00fcck: Drei Monate zuvor im St.Elisabeth-Krankenhaus in der <a title=\"Bomben auf Freiburg 27.11.44\" href=\"https:\/\/www.freiburg-schwarzwald.de\/blog\/bomben-auf-freiburg-27-11-44\/\">Altstadt<\/a> geboren, \u00fcberstanden meine Mutter und ich die Bombennacht in Freiburg-Littenweiler.<!--more--><\/p>\n<p>&#8222;Auf den Turm des Freiburger M\u00fcnsters&#8220; hatte <a title=\"Muensterturm\" href=\"https:\/\/www.freiburg-schwarzwald.de\/blog\/religion\/kirchen\/muenster\/muensterturm\/\">Reinhold Schneider<\/a> (1903 &#8211; 1958) schon Monate vor der Bombardierung ein Sonett gedichtet mit den Anfangszeilen &#8222;Steh unzerst\u00f6rbar&#8230;&#8220; und \u201eDu wirst nicht fallen, mein geliebter Turm.\u201c &#8211; was als Prophetie ausgelegt wurde.<\/p>\n<div id=\"attachment_76454\" style=\"width: 610px\" class=\"wp-caption alignnone\"><a href=\"https:\/\/www.freiburg-schwarzwald.de\/blog\/freiburg-1944-nie-wieder-krieg\/freiburg1944-friedrichstrasse-pan\/\" rel=\"attachment wp-att-76454\"><img loading=\"lazy\" decoding=\"async\" aria-describedby=\"caption-attachment-76454\" class=\"wp-image-76454 size-full\" src=\"https:\/\/www.freiburg-schwarzwald.de\/blog\/wp-content\/uploads\/2019\/11\/freiburg1944-friedrichstrasse-pan.jpg\" alt=\"Blick von der Friedrichstrasse \u00fcber Freiburg zum Kybfelsen. Nur das M\u00fcnster steht noch nach dem 27.11.1944 - ein Wunder\" width=\"600\" height=\"318\" srcset=\"https:\/\/www.freiburg-schwarzwald.de\/blog\/wp-content\/uploads\/2019\/11\/freiburg1944-friedrichstrasse-pan.jpg 600w, https:\/\/www.freiburg-schwarzwald.de\/blog\/wp-content\/uploads\/2019\/11\/freiburg1944-friedrichstrasse-pan-180x95.jpg 180w\" sizes=\"auto, (max-width: 600px) 100vw, 600px\" \/><\/a><p id=\"caption-attachment-76454\" class=\"wp-caption-text\">Blick nach S\u00fcdosten \u00fcber Freiburg zum Kybfelsen. Nur das M\u00fcnster steht noch nach dem 27.11.1944 &#8211; ein Wunder<\/p><\/div>\n<p>.<br \/>\nAls am 27.11.2019, um 20 Uhr die m\u00e4chtige Hosanna ganz oben im <a title=\"Muensterplatz\" href=\"https:\/\/www.freiburg-schwarzwald.de\/blog\/regio\/freiburg\/muensterplatz\/\">M\u00fcnsterturm<\/a> l\u00e4utete, wurden sich die auf dem <a title=\"Muenstermarkt\" href=\"https:\/\/www.freiburg-schwarzwald.de\/blog\/business\/markt\/muenstermarkt\/\">M\u00fcnsterplatz<\/a> Versammelten bewu\u00dft, dass Trauer und Ersch\u00fctterung 75 Jahre danach immer noch gegenw\u00e4rtig sind. <em>&#8222;Nie wieder Krieg&#8220;<\/em> ist die Mahnung dieser Bombennacht.<br \/>\nHoffen wir, dass diese Mahnung auch die <a title=\"Zukunft\" href=\"https:\/\/www.freiburg-schwarzwald.de\/blog\/engagement\/zukunft\/\">n\u00e4chsten<\/a> 25 Jahre gilt, bis zum 100. Jahrestag der Zerst\u00f6rung von Freiburg am 27.11.2044: <em>&#8222;Nie wieder Krieg&#8220;<\/em>.<br \/>\n28.11.2019<br \/>\n.<\/p>\n<p><a href=\"https:\/\/www.freiburg-schwarzwald.de\/blog\/regio\/freiburg\/freiburg1944\/freiburg1944kajo\/\" rel=\"attachment wp-att-51628\"><img loading=\"lazy\" decoding=\"async\" class=\"alignnone size-full wp-image-51628\" src=\"https:\/\/www.freiburg-schwarzwald.de\/blog\/wp-content\/uploads\/2012\/04\/freiburg1944kajo.jpg\" alt=\"freiburg1944kajo\" width=\"590\" height=\"384\" srcset=\"https:\/\/www.freiburg-schwarzwald.de\/blog\/wp-content\/uploads\/2012\/04\/freiburg1944kajo.jpg 590w, https:\/\/www.freiburg-schwarzwald.de\/blog\/wp-content\/uploads\/2012\/04\/freiburg1944kajo-180x117.jpg 180w\" sizes=\"auto, (max-width: 590px) 100vw, 590px\" \/><br \/>\n<\/a><a title=\"Freiburg1944\" href=\"https:\/\/www.freiburg-schwarzwald.de\/blog\/regio\/freiburg\/freiburg1944\/\">Freiburg<\/a> um 1947 &#8211; die Tr\u00fcmmer vorne in der <a title=\"KaJo\" href=\"https:\/\/www.freiburg-schwarzwald.de\/blog\/regio\/freiburg\/kajo\/\">KaJo<\/a> sind alle wegger\u00e4umt, die Stra\u00dfenbahn f\u00e4hrt<\/p>\n<p><a href=\"https:\/\/www.freiburg-schwarzwald.de\/blog\/regio\/freiburg\/freiburg1944\/freiburg1944-ruinen-2\/\" rel=\"attachment wp-att-43543\"><img loading=\"lazy\" decoding=\"async\" class=\"alignnone size-full wp-image-43543\" src=\"https:\/\/www.freiburg-schwarzwald.de\/blog\/wp-content\/uploads\/2012\/04\/freiburg1944-ruinen1.jpg\" alt=\"freiburg1944-ruinen\" width=\"583\" height=\"368\" srcset=\"https:\/\/www.freiburg-schwarzwald.de\/blog\/wp-content\/uploads\/2012\/04\/freiburg1944-ruinen1.jpg 583w, https:\/\/www.freiburg-schwarzwald.de\/blog\/wp-content\/uploads\/2012\/04\/freiburg1944-ruinen1-180x113.jpg 180w\" sizes=\"auto, (max-width: 583px) 100vw, 583px\" \/><\/a><br \/>\nFreiburg um 1956 &#8211; Ruinenstadt<br \/>\n.<br \/>\n<strong>Freiburg fast 50 mal angegriffen<\/strong><br \/>\nVor 75 Jahren warfen britische Flugzeuge tausende Sprengk\u00f6rper \u00fcber <a title=\"Freiburg1944\" href=\"https:\/\/www.freiburg-schwarzwald.de\/blog\/regio\/freiburg\/freiburg1944\/\">Freiburg<\/a> ab. Es war der schlimmste Angriff, aber nicht der einzige: Zwischen 1940 und 1945 gab es 48 weitere \u2013 mit vielen Opfern.<br \/>\n&#8230; Alles vom 27.11.2019 bitte lesen auf<br \/>\n<a href=\"https:\/\/www.badische-zeitung.de\/freiburg-wurde-im-zweiten-weltkrieg-fast-50-mal-angegriffen\">https:\/\/www.badische-zeitung.de\/freiburg-wurde-im-zweiten-weltkrieg-fast-50-mal-angegriffen<\/a><\/p>\n<p>.<\/p>\n<p><strong>Bombenterror von Freiburg am 27.11.1944 &#8211; Trauer um die 3000 Toten<\/strong><br \/>\nTigerfish nannte sich die Operation, durch die Freiburg kurz vor Kriegsende am 27. November 1944 in Schutt und Asche gelegt wurde. Innerhalb von 20 Minuten haben britische Bomber unter dem Befehl von Arthur Harris (Dresden) unsere Stadt fast vollst\u00e4ndig zerst\u00f6rt. An die 3000 Freiburger kamen ums Leben, unz\u00e4hlige wurden verwundet, die Stadt \u2013 milit\u00e4risch ohne Bedeutung \u2013 ein Tr\u00fcmmerhaufen. Zum 75. Jahrestag wurde dieses wohl traurigsten Ereignisses der Freiburger Stadtgeschichte im M\u00fcnster gedacht.<br \/>\nLeider hat man die Chance vertan, w\u00fcrdig um die Toten zu trauern. Stattdessen wurde der deutsche Schuldkomplex bedient, der sich zu verst\u00e4rken scheint, je weiter die Geschichte voranschreitet. Der Gottesdienst verkam zur Anklage Deutschlands, eingerahmt von Sch\u00fclern, die fr\u00f6hlich englische Lieder intonierten. Die Botschaft des B\u00fcrgermeisters lautete sinngem\u00e4\u00df: selber schuld. Es bleibt zu hoffen, dass Deutschland mit der Zeit zu einer angemessenen Gedenkkultur findet. Das hei\u00dft \u2013 selbstverst\u00e4ndlich \u2013 erinnern an die Verbrechen des Nationalsozialismus und eintreten gegen politischen Extremismus jedweder Art. Es bedeutet aber auch w\u00fcrdige Trauer um das Leid, das unserer Stadt, unserem Land, unseren Altvorderen widerfahren ist. Dies bitte nicht im Kriechgang, sondern aufrecht und mit Haltung.<br \/>\n6.12.2019, Amtsblatt Seite 3, <a href=\"https:\/\/www.freiburg.de\/amtsblatt\">https:\/\/www.freiburg.de\/amtsblatt<\/a><\/p>\n<p>Bombenangriff auf deutsche St\u00e4dte 1945<br \/>\nAlles von 4\/2003 bitte lesen auf<br \/>\n<a href=\"https:\/\/www.spiegel.de\/spiegel\/bombenangriff-auf-dresden-1945-ueberall-leichen-ueberall-tod-a-1193229.html\">https:\/\/www.spiegel.de\/spiegel\/bombenangriff-auf-dresden-1945-ueberall-leichen-ueberall-tod-a-1193229.html<\/a><\/p>\n","protected":false},"excerpt":{"rendered":"<p>Am 27.11.1944 wurde Freiburg, eine industriearme und damals vornehmlich von Frauen, Kinder und Alten bewohnte Stadt, zwischen 19.58 und 20.21 Uhr durch britische Bomber in Schutt und Asche gelegt. 2979 Tote. Wie durch ein Wunder blieb das M\u00fcnster unversehrt.\u00a0Ich hatte &hellip; <a href=\"https:\/\/www.freiburg-schwarzwald.de\/blog\/freiburg-1944-nie-wieder-krieg\/\">Weiterlesen <span class=\"meta-nav\">&rarr;<\/span><\/a><\/p>\n","protected":false},"author":2,"featured_media":0,"comment_status":"open","ping_status":"closed","sticky":false,"template":"","format":"standard","meta":{"footnotes":""},"categories":[49,238,235,139,13,157,11],"tags":[520,337,301,175,86],"class_list":["post-76396","post","type-post","status-publish","format-standard","hentry","category-freiburg","category-friedhoefe","category-geschichte","category-heimat","category-kultur","category-oeffentlicher-raum","category-regio","tag-frieden","tag-historie","tag-culture","tag-ortsgeschichte","tag-waffen"],"_links":{"self":[{"href":"https:\/\/www.freiburg-schwarzwald.de\/blog\/wp-json\/wp\/v2\/posts\/76396","targetHints":{"allow":["GET"]}}],"collection":[{"href":"https:\/\/www.freiburg-schwarzwald.de\/blog\/wp-json\/wp\/v2\/posts"}],"about":[{"href":"https:\/\/www.freiburg-schwarzwald.de\/blog\/wp-json\/wp\/v2\/types\/post"}],"author":[{"embeddable":true,"href":"https:\/\/www.freiburg-schwarzwald.de\/blog\/wp-json\/wp\/v2\/users\/2"}],"replies":[{"embeddable":true,"href":"https:\/\/www.freiburg-schwarzwald.de\/blog\/wp-json\/wp\/v2\/comments?post=76396"}],"version-history":[{"count":0,"href":"https:\/\/www.freiburg-schwarzwald.de\/blog\/wp-json\/wp\/v2\/posts\/76396\/revisions"}],"wp:attachment":[{"href":"https:\/\/www.freiburg-schwarzwald.de\/blog\/wp-json\/wp\/v2\/media?parent=76396"}],"wp:term":[{"taxonomy":"category","embeddable":true,"href":"https:\/\/www.freiburg-schwarzwald.de\/blog\/wp-json\/wp\/v2\/categories?post=76396"},{"taxonomy":"post_tag","embeddable":true,"href":"https:\/\/www.freiburg-schwarzwald.de\/blog\/wp-json\/wp\/v2\/tags?post=76396"}],"curies":[{"name":"wp","href":"https:\/\/api.w.org\/{rel}","templated":true}]}}