{"id":76333,"date":"2019-11-26T10:31:44","date_gmt":"2019-11-26T09:31:44","guid":{"rendered":"https:\/\/www.freiburg-schwarzwald.de\/blog\/?p=76333"},"modified":"2019-11-27T11:44:02","modified_gmt":"2019-11-27T10:44:02","slug":"maedchen-nicht-davor-warnen","status":"publish","type":"post","link":"https:\/\/www.freiburg-schwarzwald.de\/blog\/maedchen-nicht-davor-warnen\/","title":{"rendered":"Maedchen nicht davor warnen"},"content":{"rendered":"<p>Meldungen \u00fcber <a title=\"Gruppenvergewaltigung\" href=\"https:\/\/www.freiburg-schwarzwald.de\/blog\/selbsthilfe\/krise\/sexuellermissbrauch\/gruppenvergewaltigung\/\">(Gruppen-)Vergewaltigungen<\/a> durch Muslime sind allt\u00e4glich. Allein in der vergangenen Woche 17 sog. <a title=\"Einzelfall\" href=\"https:\/\/www.freiburg-schwarzwald.de\/blog\/selbsthilfe\/soziales\/justiz\/einzelfall\/\">Einzelf\u00e4lle<\/a>. Zuletzt in Biberach fallen drei <a title=\"Migration-Maenner\" href=\"https:\/\/www.freiburg-schwarzwald.de\/blog\/global\/migration\/migration-maenner\/\">junge M\u00e4nner<\/a> in einer Garage \u00fcber eine 14-J\u00e4hrige her (s.u.). F\u00fcr das erste Quartal 2019 meldet das BKA 1026 <a title=\"Fluechtlinge-Kriminalitaet\" href=\"https:\/\/www.freiburg-schwarzwald.de\/blog\/global\/integration\/fluechtlinge-kriminalitaet\/\">Straftaten<\/a> gegen die <a title=\"Vergewaltigung\" href=\"https:\/\/www.freiburg-schwarzwald.de\/blog\/selbsthilfe\/krise\/sexuellermissbrauch\/vergewaltigung\/\">sexuelle Selbstbestimmung<\/a> mit tatverd\u00e4chtigen <a title=\"Migration\" href=\"https:\/\/www.freiburg-schwarzwald.de\/blog\/global\/migration\/\">Migranten<\/a>. Der Skandal:<br \/>\n.<br \/>\n<!--more--><em><strong>Die deutschen jungen <a title=\"Maedchen\" href=\"https:\/\/www.freiburg-schwarzwald.de\/blog\/selbsthilfe\/kinder\/maedchen\/\">M\u00e4dchen<\/a> und <a title=\"Frauenrechte\" href=\"https:\/\/www.freiburg-schwarzwald.de\/blog\/global\/integration\/frauenrechte\/\">Frauen<\/a> d\u00fcrfen nicht \u00fcber Gefahren im Umgang mit jungen Migranten aufgekl\u00e4rt und gewarnt werden, weil dies als <a title=\"Rassismus\" href=\"https:\/\/www.freiburg-schwarzwald.de\/blog\/engagement\/rassismus\/\">rassistisch<\/a> gilt und gegen die <a title=\"Political-Correctness\" href=\"https:\/\/www.freiburg-schwarzwald.de\/blog\/kultur\/medien\/political-correctness\/\">Political Correctness<\/a> verst\u00f6\u00dft.<\/strong><\/em><br \/>\nSeit <a title=\"Budapest-Dublin2015\" href=\"https:\/\/www.freiburg-schwarzwald.de\/blog\/global\/eu\/budapest-dublin2015\/\">Budapest 9\/2015<\/a> kamen ca 2 Mio junge M\u00e4nner ins Land, die gro\u00dfenteils in islamischen Staaten sozialisiert wurden, in denen unsere Frauenrechte nicht gelten und deren archaisch, <a title=\"Patriarchat\" href=\"https:\/\/www.freiburg-schwarzwald.de\/blog\/religion\/islam\/patriarchat\/\">patriarchalischen<\/a> Kultur Gewalt gegen Frauen duldet. Solch eine <a title=\"Sozialisation\" href=\"https:\/\/www.freiburg-schwarzwald.de\/blog\/selbsthilfe\/jugend\/sozialisation\/\">Sozialisation<\/a> wirkt nach dem Grenz\u00fcbertritt weiter und l\u00e4\u00dft sich nicht auf die Schnelle in Kursen &#8222;abintegrieren&#8220;.<br \/>\nWir sollten uns h\u00fcten, ausschlie\u00dflich die T\u00e4ter ob den Gruppenvergewaltigungen mit Vorw\u00fcrfen zu \u00fcberziehen &#8211; die <a title=\"Islam-Sexualitaet\" href=\"https:\/\/www.freiburg-schwarzwald.de\/blog\/religion\/islam\/islam-sexualitaet\/\">jungen Migranten<\/a> k\u00f6nnen doch nichts f\u00fcr das <a title=\"Islam-Politik\" href=\"https:\/\/www.freiburg-schwarzwald.de\/blog\/religion\/islam\/islam-politik\/\">islam<\/a>-gepr\u00e4gte kulturelle Umfeld, in dem sie gro\u00df geworden sind.<br \/>\nDie Vorw\u00fcrfe sind zu richten an deutsche <a title=\"Bildung\" href=\"https:\/\/www.freiburg-schwarzwald.de\/blog\/bildung\/\">Schulen<\/a>, <a title=\"Kirchen\" href=\"https:\/\/www.freiburg-schwarzwald.de\/blog\/religion\/kirchen\/\">Kirchen<\/a> und auch <a title=\"Familie\" href=\"https:\/\/www.freiburg-schwarzwald.de\/blog\/selbsthilfe\/familie\/\">Eltern<\/a>, die sich weigern, ihre T\u00f6chter \u00fcber die Wirkung einer Sozialisierung in Gebieten aufzukl\u00e4ren, in denen Armut, Korruption, Terror und ein eher fundamentalistisch ausgerichteter Islam herrschen. Die Zivilgesellschaft tr\u00e4gt die Schuld an den vielen <a title=\"Sexuellermissbrauch\" href=\"https:\/\/www.freiburg-schwarzwald.de\/blog\/selbsthilfe\/krise\/sexuellermissbrauch\/\">Vergewaltigungsopfern<\/a> hierzulande &#8211; wie auch die Politik, die daf\u00fcr sorgt, da\u00df t\u00e4glich mindestens 500 Migranten neu hinzukommen<br \/>\nWarum schweigen die vielen <a title=\"Hochschulen\" href=\"https:\/\/www.freiburg-schwarzwald.de\/blog\/bildung\/hochschulen\/\">Hochschulprofessoren<\/a>, die als Soziologen so \u00fcberzeugend Sozialisierung bzw. Sozialisationstheorie vertreten? Mit durchaus flotten Spr\u00fcchen wie <em>&#8222;Mit 16 Jahren ist die <a title=\"Sozialisation bei Migranten tabu\" href=\"https:\/\/www.freiburg-schwarzwald.de\/blog\/sozialisation-bei-migranten-tabu\/\">Sozialisierung<\/a> gelaufen und der Jugendliche f\u00fcr sein sp\u00e4teres Leben gepr\u00e4gt.&#8220;<\/em> Gilt ihre <a title=\"Sozialisation\" href=\"https:\/\/www.freiburg-schwarzwald.de\/blog\/selbsthilfe\/jugend\/sozialisation\/\">Sozialisationstheorie<\/a> f\u00fcr alle, nur nicht Migranten aus Syrien &#8211; was wiederum &#8222;Rassismus pur&#8220; w\u00e4re?<br \/>\n.<br \/>\nDie Gruppenvergewaltigung von Biberach wurde am 25. November publik, an dem der\u201eInternationale Tag f\u00fcr die Beseitigung von Gewalt gegen Frauen\u201c begangen wird &#8211; die von Migranten ausgehende Gewalt wurde dabei nat\u00fcrlich ausgeklammert. Auch in dem eilig aufgelegten 120-Mio-Euro-Programm \u201eGemeinsam gegen Gewalt\u201c kein Wort zur Migration. Unter dem Slogan \u201eSt\u00e4rker als Gewalt\u201c haben sich Organisationen zusammengeschlossen, um betroffenen Frauen zu helfen <a href=\"https:\/\/staerker-als-gewalt.de\/\">https:\/\/staerker-als-gewalt.de\/<\/a>. Auch hier bleibt die Migration unerw\u00e4hnt. Solange dieses Tabu besteht, wird die bundesweite Vergewaltigungsserie anhalten.<br \/>\n.<br \/>\nDie <a title=\"Political-Correctness\" href=\"https:\/\/www.freiburg-schwarzwald.de\/blog\/kultur\/medien\/political-correctness\/\">Political Correctness<\/a> mit all ihren Keulen, allen voran die Rassismus- und die Nazi-Keule, hat unsere <a title=\"Diskussionskultur\" href=\"https:\/\/www.freiburg-schwarzwald.de\/blog\/kultur\/medien\/diskussionskultur\/\">Diskussionskultur<\/a> erschlagen. Doch Probleme lassen sich in einer Demokratie nur l\u00f6sen, indem man sie klar benennt und diskutiert. Wie hier das Problem der <a title=\"Sexuellermissbrauch\" href=\"https:\/\/www.freiburg-schwarzwald.de\/blog\/selbsthilfe\/krise\/sexuellermissbrauch\/\">sexuellen \u00dcbergriffe<\/a> bzw. Vergewaltigungen durch <a title=\"Fluechtlinge-Sex\" href=\"https:\/\/www.freiburg-schwarzwald.de\/blog\/global\/integration\/fluechtlinge-sex\/\">Migranten<\/a>. Nur so wird pr\u00e4ventive Arbeit mit diesen jungen M\u00e4nnern erm\u00f6glicht.<br \/>\n27.11.2019<br \/>\n.<\/p>\n<p><strong>Drei M\u00e4nner vergewaltigen Vierzehnj\u00e4hrige<\/strong><br \/>\nZwei Wochen nach einer gemeinschaftlich ver\u00fcbten Vergewaltigung im oberschw\u00e4bischen Illerkirchberg (Alb-Donau-Kreis. Asylbewerber zwischen 14 und 26 Jahre) ist im ebenfalls in Baden-W\u00fcrttemberg gelegenen Biberach an der Ri\u00df abermals ein 14 Jahre altes M\u00e4dchen von mehreren M\u00e4nnern vergewaltigt worden. &#8230;.<br \/>\nIhre 14 Jahre alte Schulfreundin hatte jedoch wesentlich gr\u00f6\u00dfere Mengen Wodka getrunken und zudem auch Amphetamine zu sich genommen, so dass die Tatverd\u00e4chtigen bei ihr leichtes Spiel hatten. Die M\u00e4nner sollen das willenlose M\u00e4dchen schlie\u00dflich zum Oral- sowie Geschlechtsverkehr gezwungen haben. Erst am Morgen des 13. Novembers lie\u00dfen die mutma\u00dflichen T\u00e4ter das M\u00e4dchen entkommen.<br \/>\n&#8230;. Alles vom 25.11.2019 bitte lesen auf<br \/>\n<a href=\"https:\/\/www.faz.net\/aktuell\/gesellschaft\/kriminalitaet\/baden-wuerttemberg-drei-maenner-vergewaltigen-vierzehnjaehrige-16503691.html\">https:\/\/www.faz.net\/aktuell\/gesellschaft\/kriminalitaet\/baden-wuerttemberg-drei-maenner-vergewaltigen-vierzehnjaehrige-16503691.html<\/a><br \/>\n.<br \/>\nEinige Kommentare:<br \/>\n<strong>Einwanderer-Statistik<\/strong><br \/>\nWie schon \u00e4hnlich G\u00fcnrote sich \u00e4usserten, geh\u00f6ren die bald nun t\u00e4glichen Einzel \u2013und Gruppenvergewaltigungen durch Muslime, neben Mord und anderem Leid, heutzutage zum Deutschen Alltag. Das haben die Deutschen zu akzeptieren, wenn gr\u00fcnrote Regierende mit Merkel an der Spitze Deutschland islamisieren und deren Gesellschaft zerst\u00f6ren, dann geh\u00f6rt das angeblich zu diesen Umst\u00e4nden dazu! W\u00e4re interessant, ob der sogenannte mitbeteiligte \u201eDeutsche\u201e , wie in der Regel \u00fcblich, ein Muslim mit Migrationshintergrund oder anderer Herkunft ist! Aber das wird m\u00f6glichst verschwiegen, weil sonst die <a title=\"Kriminalstatistik\" href=\"https:\/\/www.freiburg-schwarzwald.de\/blog\/selbsthilfe\/krise\/gewalt\/kriminalstatistik\/\">pro Islam &#8211; und Einwanderer-Statistiken<\/a> der gr\u00fcnroten Politiker noch negativer ausfallen!<br \/>\n25.11.2019, FI, JO<br \/>\n.<br \/>\n<strong>Rassismus pur?<\/strong><br \/>\nEs w\u00e4re die Aufgabe und Pflicht von Eltern und Lehrern, T\u00f6chter und Sch\u00fclerinnen auf die archaische und gewaltt\u00e4tige Pr\u00e4gung von Muslimen gegen\u00fcber Frauen hinzuweisen und sie vor solchen Kontakten zu warnen. Das w\u00e4re aber \u201eRassismus pur\u201c und damit unm\u00f6glich.<br \/>\nSo tr\u00e4gt \u201edie Zivilgesellschaft\u201c einen gro\u00dfen Teil der Schuld an solchen Verbrechen. Von der Politik ganz zu schweigen.<br \/>\n25.11.2019, J.R., JO<br \/>\n.<br \/>\n<strong>Haben die Eltern die M\u00e4dchen denn nicht gewarnt?<\/strong><br \/>\nWenn man auf die Seiten von <a href=\"https:\/\/www.politikversagen.net\">https:\/\/www.politikversagen.net<\/a> oder <a href=\"https:\/\/www.refcrime.info\">https:\/\/www.refcrime.info<\/a> geht, dann f\u00e4llt auf, dass insbesondere in Baden-W\u00fcrttemberg es eine enorme Zunahme von Ausl\u00e4nderkriminalit\u00e4t, meist Asylanten, gibt. Der CDU-Justizminister Guido Wolf zeigt sich v\u00f6llig hilflos, versucht alles zu vernebeln und ist da in guter Begleitung mit der v\u00f6llig inkompetenten Bundesjustizministerin Lambrecht, die eine der gr\u00f6\u00dften politischen Katastrophen f\u00fcr Deutschland ist, seit 1945 ! Unter Lambrecht ist Deutschland zu einer R\u00e4uberh\u00f6hle geworden, voll unter der Fuchtel von \u201eAlibaba und den 500 000 R\u00e4ubern\u201c.<br \/>\nDie andere Frage ist und bleibt, warum die beiden M\u00e4dchen mit Asylanten in eine Garage gehen! Wie kann man nur so naiv sein? Haben die Eltern nicht gewarnt vor gef\u00e4hrlichen Situationen?<br \/>\n2511.2019, W.L.,JO<\/p>\n","protected":false},"excerpt":{"rendered":"<p>Meldungen \u00fcber (Gruppen-)Vergewaltigungen durch Muslime sind allt\u00e4glich. Allein in der vergangenen Woche 17 sog. Einzelf\u00e4lle. Zuletzt in Biberach fallen drei junge M\u00e4nner in einer Garage \u00fcber eine 14-J\u00e4hrige her (s.u.). F\u00fcr das erste Quartal 2019 meldet das BKA 1026 Straftaten &hellip; <a href=\"https:\/\/www.freiburg-schwarzwald.de\/blog\/maedchen-nicht-davor-warnen\/\">Weiterlesen <span class=\"meta-nav\">&rarr;<\/span><\/a><\/p>\n","protected":false},"author":2,"featured_media":0,"comment_status":"open","ping_status":"closed","sticky":false,"template":"","format":"standard","meta":{"footnotes":""},"categories":[36,59,210,155,60,95,65],"tags":[672,680,732,725,622,650],"class_list":["post-76333","post","type-post","status-publish","format-standard","hentry","category-engagement","category-frauen","category-gewalt","category-integration","category-jugend","category-schulen","category-sexuellermissbrauch","tag-fluechtling","tag-frauen-2","tag-gewalt","tag-integration","tag-migration","tag-sex"],"_links":{"self":[{"href":"https:\/\/www.freiburg-schwarzwald.de\/blog\/wp-json\/wp\/v2\/posts\/76333","targetHints":{"allow":["GET"]}}],"collection":[{"href":"https:\/\/www.freiburg-schwarzwald.de\/blog\/wp-json\/wp\/v2\/posts"}],"about":[{"href":"https:\/\/www.freiburg-schwarzwald.de\/blog\/wp-json\/wp\/v2\/types\/post"}],"author":[{"embeddable":true,"href":"https:\/\/www.freiburg-schwarzwald.de\/blog\/wp-json\/wp\/v2\/users\/2"}],"replies":[{"embeddable":true,"href":"https:\/\/www.freiburg-schwarzwald.de\/blog\/wp-json\/wp\/v2\/comments?post=76333"}],"version-history":[{"count":0,"href":"https:\/\/www.freiburg-schwarzwald.de\/blog\/wp-json\/wp\/v2\/posts\/76333\/revisions"}],"wp:attachment":[{"href":"https:\/\/www.freiburg-schwarzwald.de\/blog\/wp-json\/wp\/v2\/media?parent=76333"}],"wp:term":[{"taxonomy":"category","embeddable":true,"href":"https:\/\/www.freiburg-schwarzwald.de\/blog\/wp-json\/wp\/v2\/categories?post=76333"},{"taxonomy":"post_tag","embeddable":true,"href":"https:\/\/www.freiburg-schwarzwald.de\/blog\/wp-json\/wp\/v2\/tags?post=76333"}],"curies":[{"name":"wp","href":"https:\/\/api.w.org\/{rel}","templated":true}]}}