{"id":7630,"date":"2012-07-26T22:47:10","date_gmt":"2012-07-26T20:47:10","guid":{"rendered":"https:\/\/www.freiburg-schwarzwald.de\/blog\/?p=7630"},"modified":"2012-07-26T22:47:10","modified_gmt":"2012-07-26T20:47:10","slug":"fahrrad-vega-mobil-anlaufstelle-im-freiburger-osten","status":"publish","type":"post","link":"https:\/\/www.freiburg-schwarzwald.de\/blog\/fahrrad-vega-mobil-anlaufstelle-im-freiburger-osten\/","title":{"rendered":"Fahrrad VEGA-mobil &#8211; Anlaufstelle im Freiburger Osten"},"content":{"rendered":"<p>Seit gut zwei Jahren arbeiten die Katholische Hochschule, die Stiftungsverwaltung\/Heiliggeistspitalstiftung und das Seniorenb\u00fcro gemeinsam mit engagierten B\u00fcrgerinnen und B\u00fcrgern zum Thema \u201egelingendes Altern in Waldsee und Littenweiler\u201c. N\u00e4heres im Internet unter <a href=\"https:\/\/www.vega-freiburg-ost.de\/\">www.vega-freiburg-ost.de<\/a>. Nachdem man bereits viel \u00fcber die Bed\u00fcrfnisse und Anliegen der <a title=\"Senioren\" href=\"https:\/\/www.freiburg-schwarzwald.de\/blog\/selbsthilfe\/senioren\/\">\u00e4lteren Menschen<\/a>\u00a0im Stadtteil erfahren hat, ist man derzeit an drei unterschiedlichen \u201eBaustellen\u201c aktiv und hat dabei besonders die W\u00fcnsche der B\u00fcrgerinnen nach Austausch, Begegnung, Information und Vernetzung im Blick. <!--more-->So geht es zum einen um die Gestaltung des Mehrgenerationenspielplatzes Laubenhof\/Waldsee, zum anderen um die Vernetzung und Gestaltung von B\u00fcrgertreffm\u00f6glichkeiten und schlie\u00dflich um die Konzipierung eines \u201eVEGA-mobils\u201c, das in Form eines auff\u00e4lligen Lastenfahrrads als \u201efahrbare Informations- und Anlaufstelle\u201c mit Informationskiste, Flyern, St\u00fchlen etc. in den beiden Stadtteilen unterwegs sein wird. Dieses VEGA-mobil soll die M\u00f6glichkeit bieten, niederschwellig und barrierefrei mit engagierten Personen ins Gespr\u00e4ch zu kommen, Informationen zu erhalten und mobil vernetzbar mit unterschiedlichsten stadtteilwichtigen Treffpunkten, Festen und Orten zu sein.<br \/>\nDerzeit ist man noch auf der Suche nach weiteren engagierten B\u00fcrgerinnen und B\u00fcrgern sowie Einrichtungen, die Lust haben, sich zu diesem Thema zu vernetzen und die Idee gemeinsam weiter zu entwickeln. Das n\u00e4chste Treffen der Lokalen Verantwortungs\u00adgemeinschaft f\u00fcr gelingendes Altern im Freiburger Osten (VEGA) findet am Mittwoch, dem 1. August, um 16.30 Uhr in der Cafeteria der Begegnungsst\u00e4tte Kreuzstein\u00e4cker, Heinrich-Heine-Stra\u00dfe 10 in Littenweiler statt.<br \/>\n26.7.2012, Gisela Heizler-Ries, <a href=\"https:\/\/www.dreisamtaeler.de\">www.dreisamtaeler.de<\/a><\/p>\n","protected":false},"excerpt":{"rendered":"<p>Seit gut zwei Jahren arbeiten die Katholische Hochschule, die Stiftungsverwaltung\/Heiliggeistspitalstiftung und das Seniorenb\u00fcro gemeinsam mit engagierten B\u00fcrgerinnen und B\u00fcrgern zum Thema \u201egelingendes Altern in Waldsee und Littenweiler\u201c. N\u00e4heres im Internet unter www.vega-freiburg-ost.de. Nachdem man bereits viel \u00fcber die Bed\u00fcrfnisse und &hellip; <a href=\"https:\/\/www.freiburg-schwarzwald.de\/blog\/fahrrad-vega-mobil-anlaufstelle-im-freiburger-osten\/\">Weiterlesen <span class=\"meta-nav\">&rarr;<\/span><\/a><\/p>\n","protected":false},"author":4,"featured_media":0,"comment_status":"closed","ping_status":"closed","sticky":false,"template":"","format":"standard","meta":{"footnotes":""},"categories":[36,283,102],"tags":[190],"class_list":["post-7630","post","type-post","status-publish","format-standard","hentry","category-engagement","category-littenweiler","category-senioren","tag-alter"],"_links":{"self":[{"href":"https:\/\/www.freiburg-schwarzwald.de\/blog\/wp-json\/wp\/v2\/posts\/7630","targetHints":{"allow":["GET"]}}],"collection":[{"href":"https:\/\/www.freiburg-schwarzwald.de\/blog\/wp-json\/wp\/v2\/posts"}],"about":[{"href":"https:\/\/www.freiburg-schwarzwald.de\/blog\/wp-json\/wp\/v2\/types\/post"}],"author":[{"embeddable":true,"href":"https:\/\/www.freiburg-schwarzwald.de\/blog\/wp-json\/wp\/v2\/users\/4"}],"replies":[{"embeddable":true,"href":"https:\/\/www.freiburg-schwarzwald.de\/blog\/wp-json\/wp\/v2\/comments?post=7630"}],"version-history":[{"count":0,"href":"https:\/\/www.freiburg-schwarzwald.de\/blog\/wp-json\/wp\/v2\/posts\/7630\/revisions"}],"wp:attachment":[{"href":"https:\/\/www.freiburg-schwarzwald.de\/blog\/wp-json\/wp\/v2\/media?parent=7630"}],"wp:term":[{"taxonomy":"category","embeddable":true,"href":"https:\/\/www.freiburg-schwarzwald.de\/blog\/wp-json\/wp\/v2\/categories?post=7630"},{"taxonomy":"post_tag","embeddable":true,"href":"https:\/\/www.freiburg-schwarzwald.de\/blog\/wp-json\/wp\/v2\/tags?post=7630"}],"curies":[{"name":"wp","href":"https:\/\/api.w.org\/{rel}","templated":true}]}}