{"id":76274,"date":"2019-11-22T14:07:55","date_gmt":"2019-11-22T13:07:55","guid":{"rendered":"https:\/\/www.freiburg-schwarzwald.de\/blog\/?p=76274"},"modified":"2019-11-23T16:31:31","modified_gmt":"2019-11-23T15:31:31","slug":"seelsorge-gegen-kirchenaustritt","status":"publish","type":"post","link":"https:\/\/www.freiburg-schwarzwald.de\/blog\/seelsorge-gegen-kirchenaustritt\/","title":{"rendered":"Seelsorge gegen Kirchenaustritt"},"content":{"rendered":"<p>216.078 <a title=\"Katholisch\" href=\"https:\/\/www.freiburg-schwarzwald.de\/blog\/religion\/katholisch\/\">Katholiken<\/a> sind 2018 aus ihrer Kirche ausgetreten, nach eigenem Bekunden ein &#8222;Warnschuss&#8220; (s.u.). Doch was tun? <em>&#8222;Die Kirche mu\u00df sich wieder ihrem eigentlichen Aufgabengebiet zuwenden: der Seelsorge<\/em>&#8220; &#8211; so mein fr\u00fcherer Pfarrer Leonhard Grimm. <a title=\"Seelsorge \u2013 Aufgabe der Kirche\" href=\"https:\/\/www.freiburg-schwarzwald.de\/blog\/seelsorge-aufgabe-der-kirche\/\">&#8222;Seelsorge&#8220;<\/a> &#8211; was f\u00fcr ein sch\u00f6nes Wort: Die Sorge um die Seele eines einzelnen Menschen. Aber dies ist den Kirchenoberen zu einfach, zu schlicht, zu unspektakul\u00e4r.<br \/>\n.<br \/>\n<!--more-->Sie machen sich lieber mit der <a title=\"Kirche-Politik\" href=\"https:\/\/www.freiburg-schwarzwald.de\/blog\/religion\/kirche-politik\/\">Regierung<\/a> <a title=\"Kirche-Staat\" href=\"https:\/\/www.freiburg-schwarzwald.de\/blog\/religion\/kirche-staat\/\">gemein<\/a> und f\u00f6rdern die seit <a title=\"Budapest-Dublin2015\" href=\"https:\/\/www.freiburg-schwarzwald.de\/blog\/global\/eu\/budapest-dublin2015\/\">9\/2015<\/a> anhaltende Politik der <a title=\"Migration\" href=\"https:\/\/www.freiburg-schwarzwald.de\/blog\/global\/migration\/\">Massenimmigration<\/a>. Gro\u00dfe Politik statt Seelsorge. Sie fl\u00fcchten sich in spektakul\u00e4re Plakatierungen von <a title=\"Katholisch\" href=\"https:\/\/www.freiburg-schwarzwald.de\/blog\/religion\/katholisch\/\">Mutter Gottes&#8216; Vulva<\/a> oder Jesus als <a title=\"Sozialismus\" href=\"https:\/\/www.freiburg-schwarzwald.de\/blog\/engagement\/zukunft\/demokratie\/sozialismus\/\">Karl Marx<\/a> &#8211; oder demn\u00e4chst der liebe Gott als <a title=\"Messerstecher\" href=\"https:\/\/www.freiburg-schwarzwald.de\/blog\/selbsthilfe\/soziales\/justiz\/messerstecher\/\">Messerstecher<\/a>? Reklame statt Seelsorge.<br \/>\nNochmals: Das Kerngesch\u00e4ft der <a title=\"Christen\" href=\"https:\/\/www.freiburg-schwarzwald.de\/blog\/religion\/christen\/\">christlichen Kirchen<\/a> ist die <a title=\"Seelsorge \u2013 Aufgabe der Kirche\" href=\"https:\/\/www.freiburg-schwarzwald.de\/blog\/seelsorge-aufgabe-der-kirche\/\">Seelsorge<\/a>. Weiter nichts, aber bei Gott genug.<br \/>\n23.11.2019<br \/>\n.<br \/>\n<strong>Kirchenaustritte 2018: Der letzte Warnschuss<\/strong><br \/>\nDie Zahlen sind desastr\u00f6s: 216.078 Menschen sind im Jahr 2018 aus der katholischen Kirche in Deutschland ausgetreten, das ist eine Zunahme von knapp 30 Prozent gegen\u00fcber dem Vorjahr (167.504). \u00dcberhaupt nur einmal seit dem Ende des Zweiten Weltkriegs haben innerhalb eines Jahres noch mehr Menschen die Kirche verlassen: Das war 2014, auf dem H\u00f6hepunkt des Skandals um den Limburger Bischof Franz-Peter Tebartz-van Elst (217.716).<br \/>\n&#8230; Alles vom 19.7.2019 bitte lesen auf<br \/>\n<a href=\"https:\/\/www.katholisch.de\/artikel\/22383-kirchenaustritte-2018-der-letzte-warnschuss\">https:\/\/www.katholisch.de\/artikel\/22383-kirchenaustritte-2018-der-letzte-warnschuss<\/a><\/p>\n<p><a href=\"https:\/\/www.freiburg-schwarzwald.de\/blog\/religion\/katholisch\/maria20-uni-freiburg201905\/\" rel=\"attachment wp-att-73088\"><img loading=\"lazy\" decoding=\"async\" class=\"alignnone size-thumbnail wp-image-73088\" src=\"https:\/\/www.freiburg-schwarzwald.de\/blog\/wp-content\/uploads\/2012\/06\/maria20-uni-freiburg201905-156x180.jpg\" alt=\"maria20-uni-freiburg201905\" width=\"156\" height=\"180\" srcset=\"https:\/\/www.freiburg-schwarzwald.de\/blog\/wp-content\/uploads\/2012\/06\/maria20-uni-freiburg201905-156x180.jpg 156w, https:\/\/www.freiburg-schwarzwald.de\/blog\/wp-content\/uploads\/2012\/06\/maria20-uni-freiburg201905.jpg 477w\" sizes=\"auto, (max-width: 156px) 100vw, 156px\" \/><\/a>\u00a0 \u00a0 \u00a0 \u00a0 \u00a0 \u00a0 \u00a0 \u00a0 \u00a0 \u00a0 \u00a0\u00a0<a href=\"https:\/\/www.freiburg-schwarzwald.de\/blog\/seelsorge-gegen-kirchenaustritte\/jesus-marx201911\/\" rel=\"attachment wp-att-76277\"><img loading=\"lazy\" decoding=\"async\" class=\"size-thumbnail wp-image-76277\" src=\"https:\/\/www.freiburg-schwarzwald.de\/blog\/wp-content\/uploads\/2019\/11\/jesus-marx201911-141x180.jpg\" alt=\"Jesus Max in FR 7.11.2019\" width=\"141\" height=\"180\" srcset=\"https:\/\/www.freiburg-schwarzwald.de\/blog\/wp-content\/uploads\/2019\/11\/jesus-marx201911-141x180.jpg 141w, https:\/\/www.freiburg-schwarzwald.de\/blog\/wp-content\/uploads\/2019\/11\/jesus-marx201911.jpg 209w\" sizes=\"auto, (max-width: 141px) 100vw, 141px\" \/><\/a><br \/>\nMaria 20. mit <a title=\"Katholisch\" href=\"https:\/\/www.freiburg-schwarzwald.de\/blog\/religion\/katholisch\/\">Vulva<\/a> in FR 17.5.2019\u00a0 \u00a0 \u00a0 \u00a0 \u00a0 \u00a0Jesus Karl Marx in FR 7.11.2019<br \/>\n.<\/p>\n<p><strong>Freiburg: Fachschaft Katholische Theologie wirbt mit Karl Marx als \u201eJesus\u201c<\/strong><br \/>\nBei der Fachschaft Katholische Theologie in Freiburg (Schwarzwald) ist man Kummer gewohnt \u2013 etwa als dort unl\u00e4ngst f\u00fcr Maria 2.0 mit einem sexistischen Motiv bei der Darstellung der Madonna \u201egeworben\u201c wurde. (Siehe hier: <a href=\"https:\/\/charismatismus.wordpress.com\/?s=freiburg+maria)\">https:\/\/charismatismus.wordpress.com\/?s=freiburg+maria)<\/a><br \/>\nDamit nicht genug, geht diese Theologenschaft jetzt einen provokanten Schritt weiter und verunglimpft den auferstandenen Christus (siehe Foto). Das Reklameplakat f\u00fcr einen Vortrag des h\u00e4retischen Professors Magnus Striet am 18. November in Freiburg zeigt die Figur Jesu mit einer siegreichen Auferstehungsfahne in der Hand \u2013 sein Gesicht ersetzt durch das Konferfei von Karl Marx. In der wei\u00dfen Fahne ist das marxistische Hammer-und-Sichel-Symbol enthalten.<br \/>\n\u201eW\u00e4re Jesus Sozialist gewesen?\u201c \u2013 so lautet der Titel des Referats von Dr. Striet \u2013 wobei Marx allerdings nicht \u201enur\u201c Sozialist war, sondern Kommunist (so hei\u00dft auch sein bekanntes Manifest).<br \/>\n.<br \/>\nMan stelle sich nur vor, rechtsradikale Gruppen w\u00fcrden einen Vortrag zum Thema \u201eW\u00e4re Jesus ein Nationalsozialist gewesen?\u201c organisieren und das Haupt Christi durch ein Bild von Hitler oder Goebbels austauschen \u2013 die Emp\u00f6rung w\u00e4re zu Recht sehr gro\u00df: Passenderweise erw\u00e4hnt das Plakat \u2013 sei es als Reklame, sei es als Mit-Organisator \u2013 links unten auch die Jungsozialisten (Hochschulgruppe Freiburg) mit ihrem Logo. Dieser SPD-Jugendverband ist schon lange mehr marxistisch als sozialdemokratisch orientiert. Er wirbt jedenfalls begeistert f\u00fcr die Veranstaltung: <a href=\"https:\/\/www.facebook.com\/JusoHsG.Freiburg\/photos\/gm.930935243950529\/10159069117394816\/?type=3&amp;theater\">https:\/\/www.facebook.com\/JusoHsG.Freiburg\/photos\/gm.930935243950529\/10159069117394816\/?type=3&amp;theater<\/a><br \/>\nMan kann wohl davon ausgehen, da\u00df Prof. Striet dar\u00fcber im Bilde ist, auf welch blasphemische Weise f\u00fcr seinen Vortrag geworben wird. Andernfalls h\u00e4tte er sich von diesem Plakat \u00f6ffentlich distanzieren k\u00f6nnen.<br \/>\nZudem ist Bischof Burger von Freiburg jetzt gefordert \u2013 immerhin handelt es sich hier um eine katholische Theologenschaft, was ihn als verantwortlichen Oberhirten durchaus etwas angeht.<br \/>\n&#8230; Alles vom 16.11.2019 von Felizitas K\u00fcble bitte lesen auf<br \/>\n<a href=\"https:\/\/charismatismus.wordpress.com\/author\/charismatismus\/page\/3\/\">https:\/\/charismatismus.wordpress.com\/author\/charismatismus\/page\/3\/<br \/>\n<\/a>.<\/p>\n<p>Kommentare:<br \/>\n<strong>Beleidigung der Opfer<\/strong><br \/>\nEs sind in der letzten Zeit so manche Entscheidungen der kath. Kirche zu hinterfragen. Wer Karl Max als einen verkleideten Jesus darstellt, beleidigt indirekt die vielen 1.000 Opfer, die er mit zu verantworten hat . Karl Marx, ein Freund Friedrich Engels , war ein Schmarotzer, der auf der Tasche des Industriellen-Sohnes lag. Er liebte das Geld und ein gutes und kostspieliges Leben. Der Sozialismus ist in meinen Augen die Vorstufe zum Kommunismus. Die Fachkraft der kath. Theologie in Freiburg hat sich nicht ausreichend \u00fcber Marx informiert. Es ist auff\u00e4llig, dass hier ein unausgereifter Theologe am Werk war.<br \/>\n16.11.2019, Hai<br \/>\n.<br \/>\n<strong>Diese Fachschaft hat die Gottesmutter 2.0 auf ihr weibliches Genitale reduziert.<\/strong><br \/>\nUnd Bischof sowie der Pfarrer der Unikirche blieben in Deckung. Oh, es ist so schwierig heute Bischof zu sein! Die gef\u00e4hrlichsten Messer kommen \u00fcbrigens von den Br\u00fcdern im Geiste. Erst dann folgt der Pachapapa, hier als Luzifer Marx, das wahre Gesicht der Befreiungstheologie. An die R\u00e4nder gehen, sagt der Papst, und noch weiter.<br \/>\n16.11.2019, J.R.,<br \/>\n.<br \/>\n<strong>Die christlichen M\u00e4rtyrer,<\/strong><br \/>\ndie von den (National-) und sonstigen Sozialisten und Kommunisten , die in den Lagern (Gulags oder KZs) und sonstwo aufgrund ihres Glaubens ermordet wurden, werden nun nachtr\u00e4glich auch noch von Theologen der gleichen Glaubensrichtung verh\u00f6hnt. Bis 1942 gab es in deutschen KZs mehr Priester als Juden!<br \/>\n16.11.2019, Hum<br \/>\n.<br \/>\n<strong>Na ja&#8230; Aufgabe der Fundamentaltheologie ist es,<\/strong><br \/>\nGrundlagen zu schaffen und abzustecken. Fr\u00fcher nannte man das mal Apologetik, also Verteidiigung der Glaubensgrunds\u00e4tze gegen Einw\u00e4nde der Wissenschaft. oder sonstiger Religionskritik. Aber auch Abgrenzung gegen\u00fcber anderen Religionen und ggf. auch der Erweis von Irrt\u00fcmern in diesen, wobei da auch schon wieder andere theologische Disziplinen ber\u00fchrt werden. &#8211; Fundamentaltheologie ist also nur noch verw\u00e4sserte Apologetik, weichgesp\u00fclt wie alles in der katholischen Theologie der letzten 50 Jahre. &#8211; Und mittlerweile scheinen manche Theologen als Hauptaufgabe der Fundamentaltheologie das Aufsp\u00fcren gemeinsamer Grundlagen mit anderen Ideologien und Religionen zu verstehen. Dann kommt halt so ein Marx-Christus-Murx dabei heraus.<br \/>\n16.11.2019, M.v.L,<\/p>\n<p><strong>Christliches Forum<\/strong><br \/>\nDas Web-Magazin CHRISTLICHES FORUM bzw. CF wird herausgegeben vom Christoferuswerk (CHR) in M\u00fcnster. Das CHF ist eine Aktionsgemeinschaft katholischer und evangelischer Christen, die 1971 von G\u00fcnter Stiff gegr\u00fcndet wurde und dient der christlichen \u00d6ffentlichkeitsarbeit.<br \/>\n<a href=\"https:\/\/charismatismus.wordpress.com\/author\/charismatismus\/\">https:\/\/charismatismus.wordpress.com\/author\/charismatismus\/<\/a><\/p>\n","protected":false},"excerpt":{"rendered":"<p>216.078 Katholiken sind 2018 aus ihrer Kirche ausgetreten, nach eigenem Bekunden ein &#8222;Warnschuss&#8220; (s.u.). Doch was tun? &#8222;Die Kirche mu\u00df sich wieder ihrem eigentlichen Aufgabengebiet zuwenden: der Seelsorge&#8220; &#8211; so mein fr\u00fcherer Pfarrer Leonhard Grimm. &#8222;Seelsorge&#8220; &#8211; was f\u00fcr ein &hellip; <a href=\"https:\/\/www.freiburg-schwarzwald.de\/blog\/seelsorge-gegen-kirchenaustritt\/\">Weiterlesen <span class=\"meta-nav\">&rarr;<\/span><\/a><\/p>\n","protected":false},"author":2,"featured_media":0,"comment_status":"open","ping_status":"closed","sticky":false,"template":"","format":"standard","meta":{"footnotes":""},"categories":[21,58,400,238,261,61,13,19],"tags":[190,672,568,503,644],"class_list":["post-76274","post","type-post","status-publish","format-standard","hentry","category-dienste","category-familie","category-freiwillig","category-friedhoefe","category-katholisch","category-kinder","category-kultur","category-religion","tag-alter","tag-fluechtling","tag-jugend-2","tag-church","tag-krankheit"],"_links":{"self":[{"href":"https:\/\/www.freiburg-schwarzwald.de\/blog\/wp-json\/wp\/v2\/posts\/76274","targetHints":{"allow":["GET"]}}],"collection":[{"href":"https:\/\/www.freiburg-schwarzwald.de\/blog\/wp-json\/wp\/v2\/posts"}],"about":[{"href":"https:\/\/www.freiburg-schwarzwald.de\/blog\/wp-json\/wp\/v2\/types\/post"}],"author":[{"embeddable":true,"href":"https:\/\/www.freiburg-schwarzwald.de\/blog\/wp-json\/wp\/v2\/users\/2"}],"replies":[{"embeddable":true,"href":"https:\/\/www.freiburg-schwarzwald.de\/blog\/wp-json\/wp\/v2\/comments?post=76274"}],"version-history":[{"count":0,"href":"https:\/\/www.freiburg-schwarzwald.de\/blog\/wp-json\/wp\/v2\/posts\/76274\/revisions"}],"wp:attachment":[{"href":"https:\/\/www.freiburg-schwarzwald.de\/blog\/wp-json\/wp\/v2\/media?parent=76274"}],"wp:term":[{"taxonomy":"category","embeddable":true,"href":"https:\/\/www.freiburg-schwarzwald.de\/blog\/wp-json\/wp\/v2\/categories?post=76274"},{"taxonomy":"post_tag","embeddable":true,"href":"https:\/\/www.freiburg-schwarzwald.de\/blog\/wp-json\/wp\/v2\/tags?post=76274"}],"curies":[{"name":"wp","href":"https:\/\/api.w.org\/{rel}","templated":true}]}}