{"id":75964,"date":"2019-11-14T15:48:52","date_gmt":"2019-11-14T14:48:52","guid":{"rendered":"https:\/\/www.freiburg-schwarzwald.de\/blog\/?p=75964"},"modified":"2019-11-14T16:21:19","modified_gmt":"2019-11-14T15:21:19","slug":"martinsgans-und-laternengans","status":"publish","type":"post","link":"https:\/\/www.freiburg-schwarzwald.de\/blog\/martinsgans-und-laternengans\/","title":{"rendered":"Martinsgans und Laternengans"},"content":{"rendered":"<p>Der reiche Martin (hoch zu Ro\u00df) zerschneidet seinen Mantel und gibt eine H\u00e4lfte an einen <a title=\"Armut\" href=\"https:\/\/www.freiburg-schwarzwald.de\/blog\/selbsthilfe\/soziales\/armut\/\">armen<\/a> Bettler. St. Martin als Vorbild\u00a0in Sachen N\u00e4chstenliebe. Da der Bezug zu <a title=\"Christen\" href=\"https:\/\/www.freiburg-schwarzwald.de\/blog\/religion\/christen\/\">St<\/a>.Martin (Name wie Story) als <a title=\"Martinsumzug umbenennen\" href=\"https:\/\/www.freiburg-schwarzwald.de\/blog\/martinsumzug-umbenennen\/\">diskriminierend<\/a> und gar<a title=\"Traditionen\" href=\"https:\/\/www.freiburg-schwarzwald.de\/blog\/global\/deutschland\/deutsche-kultur\/traditionen\/\"> rassistisch<\/a> gilt, wird das Martinsfest (<a title=\"Brauchtum\" href=\"https:\/\/www.freiburg-schwarzwald.de\/blog\/regio\/heimat\/brauchtum\/\">Brauchtum<\/a>, <a title=\"Traditionen\" href=\"https:\/\/www.freiburg-schwarzwald.de\/blog\/global\/deutschland\/deutsche-kultur\/traditionen\/\">Tradition<\/a>) zum Laternenfest bzw. Lichterfest, der Martin z.B. zur <a title=\"Extinction\" href=\"https:\/\/www.freiburg-schwarzwald.de\/blog\/natur\/klima\/extinction\/\">Carola (Rackete)<\/a> und der Bettler zum <a title=\"Migration-Maenner\" href=\"https:\/\/www.freiburg-schwarzwald.de\/blog\/global\/migration\/migration-maenner\/\">Migranten<\/a> im<a title=\"EKD-Kirchenschiff \u2013 Schlepper\" href=\"https:\/\/www.freiburg-schwarzwald.de\/blog\/ekd-kirchenschiff-schlepper\/\"> Boot<\/a>\u00a0im <a title=\"Seenotrettung\" href=\"https:\/\/www.freiburg-schwarzwald.de\/blog\/global\/deutschland\/seenotrettung\/\">Mittelmeer<\/a> (siehe Leserbrief unten).\u00a0<!--more--><br \/>\n.<br \/>\nDie Diskussion ist alt: In der <a title=\"DDR\" href=\"https:\/\/www.freiburg-schwarzwald.de\/blog\/global\/deutschland\/ddr\/\">DDR<\/a> war Martin ideologisch korrekt eine <a title=\"Traditionen\" href=\"https:\/\/www.freiburg-schwarzwald.de\/blog\/global\/deutschland\/deutsche-kultur\/traditionen\/\">\u201cGefl\u00fcgelte Jahresendzeitfigur\u201d<\/a>, denn Religion war verp\u00f6nt.<br \/>\nIn NRW forderte die Linkspartei in NRW bereits am 2.11.2013 eine Umbenennung des Sankt-Martins-Umzuges in \u201cSonne, Mond und Sterne-Umzug\u201d, da das Fest f\u00fcr B\u00fcrger jeden Glaubens und auch f\u00fcr solche ohne Glauben offenstehe. Freiburgs Ex-Erzbischof Robert Zollitsch h\u00e4lt nichts davon, aus R\u00fccksichtnahme auf Muslime und <a title=\"Konfessionslosigkeit\" href=\"https:\/\/www.freiburg-schwarzwald.de\/blog\/religion\/konfessionslosigkeit\/\">Konfessionsfreie<\/a> auf die christliche Pr\u00e4gung traditioneller Feste zu verzichten. Bei seiner Sonntagspredigt am 24.11.2013 im Freiburger M\u00fcnster kritisierte er, <em>\u201cim Zuge falschverstandener Toleranz aus dem St.-Martins-Umzug ein Laternenfest zu machen oder den heiligen Bischof Nikolaus durch den amerikanischen Weihnachtsmann zu ersetzen\u201d<\/em>, denn Werte wie Solidarit\u00e4t und N\u00e4chstenliebe, Gerechtigkeit und Einsatz f\u00fcr Schw\u00e4chere seien das Fundament unserer freiheitlichen Gesellschaft. Mu\u00df man sich daf\u00fcr entschuldigen, dass die freiheitlich-demokratische Grundordnung nicht nur auf der <a title=\"Aufklaerung\" href=\"https:\/\/www.freiburg-schwarzwald.de\/blog\/kultur\/aufklaerung\/\">Aufkl\u00e4rung<\/a> fu\u00dft, sondern auch auf dem Christentum?<br \/>\nAnbiederung und Toleranz wertet der Islam als Schw\u00e4che. Das Martinsfest umbenennen zu m\u00fcssen, suggeriert ja geradezu, dass das Fest andere ausschlie\u00dfen w\u00fcrde &#8211; und gerade das macht das Fest mit seinen christlichen Wurzeln nicht.<br \/>\nNoch ein gewichtiger, weil kalorienbewu\u00dfter Aspekt f\u00fcrs kommende Jahr 2020 in Kurzform:<br \/>\nMartinsfest &#8211; Laternenfest und <em><strong>Martinsgans &#8211; Laternengans<\/strong><\/em>?<br \/>\n13.11.2019<br \/>\n.<br \/>\n&#8230; Damit Sie beim St.Martins-Umzug mitsingen k\u00f6nnen:<br \/>\n<a href=\"https:\/\/www.katholisch.de\/artikel\/1951-martinslieder\">https:\/\/www.katholisch.de\/artikel\/1951-martinslieder<\/a>\u00a0.<br \/>\n.<br \/>\n<a title=\"Martinsumzug umbenennen\" href=\"https:\/\/www.freiburg-schwarzwald.de\/blog\/martinsumzug-umbenennen\/\">Martinsumzug umbenennen<\/a> , 30.11.2013<br \/>\n<a title=\"Traditionen\" href=\"https:\/\/www.freiburg-schwarzwald.de\/blog\/global\/deutschland\/deutsche-kultur\/traditionen\/\">Laternenfest statt St.Martinsumzug \u2013 nein<\/a>,\u00a07.11.2019<br \/>\n.<br \/>\n<strong>Leserbrief eines Vaters zum Sankt-Martins-Fest in einer Grundschule<\/strong><br \/>\nSankt Martin-Fest (das immerhin noch so hie\u00df): Die Eltern sorgten im Schulhof f\u00fcr das leibliche Wohl mit allerlei Speisen und Getr\u00e4nken. Die Kinder hatten sch\u00f6ne Laternen gebastelt und zeigten sie voller Stolz. Die Musiker spielten Sankt Martin-Lieder. Direktorin und Kollegium begr\u00fc\u00dften die Kinder, Eltern und G\u00e4ste und stimmten diese auf eine moderne Version von St. Martin ein.<br \/>\nEine Gruppe Sch\u00fcler trat vor. Manche waren in gelbes \u00d6lzeug gekleidet und hatten eine Schifferm\u00fctze auf, andere kauerten sich neben diese auf den Boden. Eine Sch\u00fclerin begann die St. Martins Geschichte zu erz\u00e4hlen. Sankt Martin dieser edle Mann sei in unserer heutigen Zeit die \u201eKapit\u00e4nin\u201c Carola Rackete. Die Kinder schauten mit Ferngl\u00e4sern \u00fcber das \u201eMeer\u201c. Dort entdeckten sie Fl\u00fcchtlinge im Schlauchboot (die auf dem Boden kauernden Kinder), die ihnen zuriefen, sie seien krank und in Not.<br \/>\nStatt des geteilten Mantels wurden Rettungswesten verteilt. Ein Sch\u00fcler rief aus dem Off, ihr d\u00fcrft sie nicht in den Hafen bringen, das ist verboten. Die \u201eBesatzung\u201c beschloss gro\u00dfm\u00fctig, sich \u00fcber das ausgesprochene Verbot hinweg zu setzen.<br \/>\nSo endete unter gro\u00dfem Applaus des Publikums die Sankt Martin-Geschichte 2019 in einem gr\u00fcnen Bezirk in S\u00fcddeutschland.<br \/>\n&#8230; Alles vom 12.11.2019 bitte lesen auf<br \/>\n<a href=\"https:\/\/www.tichyseinblick.de\/daili-es-sentials\/aus-sankt-martin-wird-eine-schlepperkapitaenin\/\">https:\/\/www.tichyseinblick.de\/daili-es-sentials\/aus-sankt-martin-wird-eine-schlepperkapitaenin\/<br \/>\n<\/a>.<br \/>\nEinige Kommentare:<br \/>\n<strong>Mein Mantel oder die M\u00e4ntel anderer?<\/strong><br \/>\nEs ist ratsam, die Sch\u00fcler , die Lehrerin und auch den Schulrat darauf hinzuweisen : St. Martin hat s<em><strong>einen eigenen Mantel<\/strong><\/em> geteilt. Frau Rackete verteilt dagegen das <em><strong>Geld anderer Menschen<\/strong><\/em> (Steuerzahler). Als Elternteil w\u00fcrde ich mir das nicht gefallen lassen. Allerdings m\u00fcssen Sie dann wahrscheinlich mit \u00c4chtung im Dorf rechnen<br \/>\n12.11.2019, Of, TO<br \/>\n.<br \/>\n<strong>Kinder sind f\u00fcr Ideologen enorm wichtig<\/strong><br \/>\nOb Balilla, HJ, Komsomol oder FDJ oder diese Schule. Immer wird von Ideologen versucht, vor allem Kinder f\u00fcr die eigenen politischen Ansichten und Ziele zu gewinnen.<br \/>\n12.11.2019, Ch.M.,TO<br \/>\n.<br \/>\n<strong>Indoktrination durch die Medien?<\/strong><br \/>\nEs gibt nur eine Erkl\u00e4rung daf\u00fcr, dass eine so verlogene Indoktrination in einer Demokratie \u00fcberhaupt m\u00f6glich ist: das komplette Versagen der meinungsbildenden Medien.<br \/>\n12.11.2019, M.SCH<br \/>\n.<br \/>\n<strong>\u201eWer die Jugend hat, hat die Zukunft\u201c (Adolf Hitler)<\/strong><br \/>\nMit Sicherheit ist diese Erkenntnis so alt wie die Menschheit, aber ihre praktische Umsetzung durch die unterschiedlichsten Ideologien im 20. und 21. Jh. zu beobachten, ist immer wieder aufschlu\u00dfreich. Denn alle Ideologien handeln ihrem Selbstverst\u00e4ndnis nach grunds\u00e4tzlich selbstlos und aus den edelsten Motiven: 1. NS-Regime: Schutz des dt. Volkes vor der Vernichtung durch Weltjudentum und Bolschewismus. 2. Kommunisten: Schutz der Werkt\u00e4tigen und Bauern gegen ausbeuterische Kapitalisten. 3. Links-gr\u00fcne Bessermenschen (Neomarxisten): Schutz vor Klimakatstrophe und nationalem Egoismus, Rettung der gesamten Menschheit vor dem selbstverschuldeten Untergang.<br \/>\nFehlende gute Absichten waren noch nie das Erkennungsmerkmal totalit\u00e4rer Ideologien. Es sind ihr hermetisches und wirklichkeitsresistentes Gedankengeb\u00e4ude sowie ihre Methoden, an denen man sie fr\u00fchzeizig erkennen kann. Und ihre grunds\u00e4tzliche Ablehnung der Freiheit als Grundelement menschlichen Zusammenlebens, m\u00f6gen sie auch noch so oft das Wort Freiheit in den Mund nehmen.<br \/>\n12.11.2019,C.D., TO<br \/>\n.<br \/>\n<strong>Biegen und verdrehen bis die Balken brechen\u2026<\/strong><br \/>\n\u00dcbertragen wir mal das Schauspiel auf die St. Martin Geschichte:<br \/>\nRackete\/St. Martin rettet die Ertrinkenden, bzw. im Original: gibt Obdachlosen Teile seines Mantels. (Hier endet die Erz\u00e4hlung von St. Martin und die Verdrehung beginnt.) Nun ruft aber Gott (die Stimme aus dem Off, bei Rackete die ital. Regierung und in Deutschland Teile des Souver\u00e4n): \u201eDu darfst die Geretteten\/Obdachlosen nicht an Land bringen\/ihnen nicht auch noch das Geld deiner Mitmenschen schenken.\u201c W\u00e4re St. Martin dann ein Heiliger geworden? Er h\u00e4tte sich ja gegen Gott (und somit auch gegen die Kirche) gestellt\u2026<br \/>\nSagen wir doch einmal so:<br \/>\nRackete k\u00f6nnte mit St. Martin verglichen werden wenn: Sie die Geretteten an die nordafrikanische K\u00fcste bringen w\u00fcrde (sich also an die Gesetze und Richtlinien halten w\u00fcrde, wie St. Martin sich an das Gebot der N\u00e4chstenliebe hielt) und ihr Privatverm\u00f6gen (oder das ihrer Eltern) zur Versorgung der Geretteten einsetzen w\u00fcrde\u2026 Dann w\u00e4re der Vergleich zwar weit herkonstruiert aber verst\u00e4ndlich, aber so? Nein.<br \/>\n12.11.2019, Sn, TO<br \/>\n.<br \/>\n<strong>OMG! Gr\u00fcne, perfide Indoktrination, at it\u2019s best!<\/strong><br \/>\nDeutschland wird sehr bald im absoluten Chaos versinken. ABER es scheint, dieses reinigende Gewitter, welches als verheerende Krise daherkommen wird, zu ben\u00f6tigen. Damit die total verirrten gr\u00fcnlinken Gutmenschen endlich die Quittung f\u00fcr ihr absurdes Verhalten bekommen. Leider wird man selbst auch mit den Konsequenzen dieser unheilvollen Politik und daraus resultierenden gesellschaftlichen Entwicklungen der letzten Jahre konfrontiert und leben m\u00fcssen.<br \/>\n12.11.2019, D.H.<br \/>\n.<br \/>\n<strong>Dann ist man in dieser Schule doch schon mittendrin, in der (Meinungs)-Diktatur<\/strong>.<br \/>\nDie Staatsdiktatur zum Systemwechsel wird vorbereitet. Angefangen bei den Propaganda-Plakaten im Schuleingang bis hin zum Gruppenzwang, Sch\u00fcler, Eltern, Lehrkr\u00e4fte, auf dem Schulhof. Sozialismus ist wieder auf dem Vormarsch in Deutschland. War nie wirklich weg. Hat jetzt nur die Farbe von Hauptfarbe von rot auf gr\u00fcn gewechselt.<br \/>\n12.11.2019, hh,<br \/>\n.<br \/>\n<strong>Tradition &#8211; Migration<\/strong><br \/>\nDa die Schulb\u00e4nke mit massenhaft anders sozialisierten Kindern muslimischer Herkunft gedr\u00fcckt werden m\u00fcssen und diese sich nicht die Butter vom Brot nehmen lassen und auch gewaltt\u00e4tig deutlich machen, wer das Sagen in der Klasse hat: unsere Kinder lernen in ihren jungen Jahren in der ihnen zugemuteten Praxis mehr \u00fcber das kommende System und wie Chancen und Risiken verteilt sind als manche alte Oma gegen rechts. Es sollte mich wundern, wenn die als W\u00e4hler auf Dauer nach mehr Gr\u00fcn und Parteien schreien, die ihnen das eingebrockt haben \u2013 so dann noch gew\u00e4hlt werden darf. Apropos: Lehrer, die ja auch brutalst angegangen werden \u2013 wo stehen die?<br \/>\n12.11.2019, Ka<br \/>\n.<br \/>\n<strong>\u201eSo endete unter gro\u00dfem Applaus des Publikums<\/strong><br \/>\ndie Sankt Martin-Geschichte 2019 in einem gr\u00fcnen Bezirk in S\u00fcddeutschland.\u201c Was ist, wenn Eltern\/Geschwister nicht applaudieren? Wenn sie sich gar bei der Schulleitung ob dieser dreisten Indoktrination und linksgr\u00fcnen Ideologisierung ihrer Kinder beschweren? M\u00fcssen Lehrer dann zum Smartphone greifen und die Nummer des Extremismus-Telefons beim Verfassungsschutz w\u00e4hlen? Bei dem auf linksgr\u00fcn geb\u00fcrsteten St. Martins-Spiel fehlt mir \u00fcbrigens etwas. St. Martin hat seinen Mantel geteilt, die hl. Carola hat im Spiel Schwimmwesten verteilt. So weit, so gut. Notleidenden Menschen muss geholfen werden, das ist in zivilisierten Gesellschaften so. Aber wenn man im Bild bleiben wollte, m\u00fcsste es doch so dargestellt werden, dass der Bettler sich absichtlich fast nackt der K\u00e4lte aussetzt, um von St. Martin zu fordern, dass der ihn an einen warmen, \u00fcberdachten Ort bringt. Wobei der Bettler nur dann mitkommt und zufrieden ist, wenn er selbst den Zielort bestimmen und dort einen Antrag auf Vollalimentierung stellen kann.<br \/>\n12.11.2019, Lo, TO<br \/>\n.<br \/>\n<strong>\u201cSankt Martin war kein Linker, denn er hat seinen eigenen Mantel geteilt\u201c<\/strong><br \/>\nZitat von Harald Schmidt.<br \/>\n12.11.2019, E.K.<br \/>\n.<br \/>\n<strong>Konformismus der Linken zuliebe?<br \/>\n<\/strong>Das Problem ist: Selbst wenn ein paar Kinder die ideologische Erziehung durchschauen, w\u00e4re es sozialer Selbstmord, dagegen etwas zu sagen.<br \/>\nDie Kinderg\u00e4rtnerin w\u00fcrde jeden Sch\u00fcler mit abweichender Meinung \u00e4chten und blo\u00dfstellen, sprich den Kindergarten f\u00fcr diese Sch\u00fcler zur H\u00f6lle machen. Diesen Kindern wird \u201eabtrainiert\u201c ihre Meinung zu sagen (wenn nicht sogar ihre Meinung abrainiert wird). \u00c4hnlich hier: <a href=\"https:\/\/archiv.berliner-zeitung.de\/politik\/meinung\/klimastreik-schueler-unter-druck\u2014wer-nicht-mitmacht\u2013hat-ein-problem-33178602\">https:\/\/archiv.berliner-zeitung.de\/politik\/meinung\/klimastreik-schueler-unter-druck\u2014wer-nicht-mitmacht\u2013hat-ein-problem-33178602<\/a><\/p>\n<p>Wer dagegen die gr\u00fcne Ideologie vertritt, wird gef\u00f6rdert und bevorzugt, was dieses Verhalten best\u00e4rkt. Es wird schon lange kein \u201eSelbstst\u00e4ndiges Denken\u201c mehr gelehrt sondern \u201eideologischer Gehorsam\u201c<br \/>\n12.1.1.2019, FR95, TO<br \/>\n.<br \/>\n<strong>Das stimmt so nicht ganz, zumindestens habe ich es so in der DDR nicht erlebt<\/strong>.<br \/>\nIch war in der Schule von 600 Sch\u00fclern der einzige, der nicht bei den Pionieren, der FDJ und bei der Jugendweihe teilgenommen hat. Ja, mir bliess 10 Jahre ein scharfer Wind entgegen und meine Eltern haben mir tagt\u00e4glich Mut gemacht immer wider da hineinzugehen in die H\u00f6hle der L\u00f6wen. Genau das hat meine drei Geschwister und mich, so unterschiedlich wir auch von unseren Charakteren waren, durchg\u00e4ngig stark gemacht. Ich empfehle dazu das Buch von Uwe Holmer, der Mann der am Ende Honecker Asyl gab und dessen 10 Kinder in der DDR Spie\u00dfrutenlaufen gelernt hatten ohne Schaden daran zu nehmen. <a href=\"https:\/\/www.csv-verlag.de\/biografien\/12373-uwe-holmer-der-mann-bei-dem-honecker-wohnte.html\">https:\/\/www.csv-verlag.de\/biografien\/12373-uwe-holmer-der-mann-bei-dem-honecker-wohnte.html<\/a><br \/>\n12.11.2019, J.F., TO<br \/>\n.<br \/>\n<strong>&#8230; wieder auf einem t\u00f6dlichen Irrweg?<\/strong><br \/>\nWann wurde dem typischen Deutschen w\u00e4hrend der Zeit des dritten Reiches klar, dass etwas grundfalsch l\u00e4uft? Ich sch\u00e4tze mal, so ungef\u00e4hr nach Stalingrad k\u00f6nnte ein solcher Punkt sein.<br \/>\nUnd wann wurde klar, dass der Grund daf\u00fcr allein im Eigenen zu suchen war? So etwa ab 1946 aufw\u00e4rts (manche aber selbst 1970 noch nicht).<br \/>\nSo, und nun rechnen wir mal hoch, wann wohl mehrheitlich klar wird, dass sich das Land wieder auf einem t\u00f6dlichen Irrweg befindet, wo schon beim ersten Mal brennende St\u00e4dte und jede Nacht Luftsirenen dazu nicht gen\u00fcgten.<br \/>\n12.11.2019, Mi<br \/>\n.<br \/>\n<strong>Bei uns im Ort ist man da schon viel weiter:<\/strong><br \/>\nDer katholische Kindergarten St. sowieso feiert ein Lichterfest w\u00e4hrend der Ortsvorsteher f\u00fcr alle anderen einen Martinsumzug mit allem drum und dran organisiert! Man k\u00f6nnte ja unbesorgter sein, wenn die Eltern der Kinder nicht auch schon total \u201eh\u00f6rig\u201c der jeweiligen Institution folgen w\u00fcrden, statt Klartext zu reden und auch so zu handeln! Kulturbolschewismus in Reinkultur, betrieben von einer kirchlichen Einrichtung. Denen ist wirklich nicht mehr zu helfen!<br \/>\n12.11.2019, FP<br \/>\n.<br \/>\n<strong>Zwei Drittel sind gegen eine Umbenennung von Sankt-Martin<\/strong><br \/>\nSollte das Sankt-Martins-Fest umbenannt werden? Das sagen die Deutschen<br \/>\n2016 wurde aus dem Martinsfest am 11. November ein Politikum. Aus Sorge, der Bezug zu Sankt Martin k\u00f6nnte Migranten mit nicht-christlichem Hintergrund ausgrenzen, forderten einige eine Umbenennung in \u201eSonne, Mond, Sterne\u201c-Fest oder \u201eLichtfest\u201c. Nun ist es wieder so weit &#8211; und die Mehrheit der Deutschen hat offenbar kein Problem damit, dass das Fest immer noch Sankt-Martins-Fest hei\u00dft. Laut einer Insa-Umfrage ist nur jeder elfte Befragte (8,9 Prozent) daf\u00fcr ist, dass das Fest in \u201eLichterfest\u201c unbenannt wird, damit es weniger mit dem christlichen Glauben gekoppelt ist.<br \/>\nZwei Drittel der Befragten (66,3 Prozent) sind gegen eine Umbenennung des Sankt-Martin-Festes. Die Zustimmung zum traditionellen St.-Martins-Fest ist unabh\u00e4ngig von Alter, Geschlecht und Region immer sehr deutlich. Am entschiedensten gegen die Umbenennung sind die W\u00e4hler von FDP (85,1 Prozent), AfD (78 Prozent) und CDU\/CSU (74,9 Prozent).<br \/>\n&#8230; Alles vom 11.11.2019 bitte lesen auf<br \/>\n<a href=\"https:\/\/www.focus.de\/politik\/deutschland\/st-martin-sollte-das-religioese-fest-umbenannt-werden-insa-umfrage-klaert-auf_id_7823425.html\">https:\/\/www.focus.de\/politik\/deutschland\/st-martin-sollte-das-religioese-fest-umbenannt-werden-insa-umfrage-klaert-auf_id_7823425.html<br \/>\n<\/a>.<\/p>\n<p><strong>Sankt Martin in Rheydt nach \u00c4u\u00dferung &#8222;christliches Fest&#8220; entlassen<\/strong><br \/>\nDer Rheidter Sankt Martin ist raus. Er wird den Martinszug der Rheidter-Werth-Schule nicht wieder anf\u00fchren. Au\u00dferdem gab es vom Rheidter Ortsring, der den Martinszug vor Ort organisiert, eine \u00f6ffentliche Entschuldigung. Grund f\u00fcr diese drastische Ma\u00dfnahme ist eine \u00c4u\u00dferung des Sankt Martins, der offenbar bei der Ausgabe der Weckm\u00e4nner am 6. November laut und deutlich von sich gab, <em><strong>dass Sankt Martin doch ein christliches Fest sei.<\/strong><\/em><br \/>\nEine \u00c4u\u00dferung, die f\u00fcr die in direkter Nachbarschaft wartende muslimische Mutter mit ihren drei Kindern nicht zu \u00fcberh\u00f6ren war und bei ihr das Gef\u00fchl ausl\u00f6ste, sie sei unerw\u00fcnscht.<br \/>\nDass dann wohl weder der Bezirkspolizist noch die Schulleiterin noch der Ortsring Rheidt deutlich Stellung bezogen, veranlasste die Schw\u00e4gerin der betroffenen Mutter, den Vorfall in den sozialen Medien zu ver\u00f6ffentlichen.<br \/>\n&#8230; Alles vom 14.11.2019 bitte lesen auf<br \/>\n<a href=\"https:\/\/www.general-anzeiger-bonn.de\/region\/sieg-und-rhein\/niederkassel\/sankt-martin-in-rheidt-nach-umstrittener-aeusserung-entlassen_aid-47168255\">https:\/\/www.general-anzeiger-bonn.de\/region\/sieg-und-rhein\/niederkassel\/sankt-martin-in-rheidt-nach-umstrittener-aeusserung-entlassen_aid-47168255<\/a><\/p>\n<p>Einige Kommentare:<br \/>\n<strong>Ziel erreicht<\/strong><br \/>\n\u2026zeigte sich zufrieden: \u201eEs gab eine \u00f6ffentliche Entschuldigung und der Sankt Martin wird nie wieder in Rheidt auf dem Pferd sitzen.\u201c\u201c<br \/>\nZiel erreicht, sie wollen sich nicht integrieren, sie wollen hier als Mohammedaner leben und den Takt angeben. Die Deutschen und Deutschland sind ihnen egal, sie kennen weder Land noch Leute oder Sitten und Gebr\u00e4uche, die von den Deutschen erarbeiteten Sozialkosten nehmen sie jedoch ohne Furcht. Die Entschuldiger haben sich f\u00fcr ein Selbstverst\u00e4ndnis in einem christlich gepr\u00e4gtem Land entschuldigt und werden pflichtschuldig den Mohammedanern zum n\u00e4chsten ungesunden Ramadan gratulieren, weil dieses Fest ein urislamisches Fest ist. Was hatte doch der St. Martindarsteller gesagt, es sei ein christliches Fest, sicher und daf\u00fcr mu\u00df sich niemand entschuldigen, niemand. F\u00fcr Gef\u00fchle, die eine Aussage bei einem anderen Menschen ausl\u00f6st, mu\u00df sich niemand entschuldigen.<br \/>\n14.11.2019, Ya,JFO<br \/>\n.<br \/>\n<strong>Sankt Martin, der edle Ritter,<\/strong><br \/>\ndreht sich \u00fcber dieser Verleumdung und Verdrehung seines Andenkens im Grab rum: \u201eWas ihr getan habt einem von diesen meinen geringsten Br\u00fcdern, das habt ihr mir getan.\u201c Und Nikolaus, einst Bischof in Kleinasien, m\u00fc\u00dfte heute vor den T\u00fcrken um sein Leben f\u00fcrchten. Gibt es eigentlich organisierte Kirchenbesuche f\u00fcr mohammedanische Sch\u00fcler, so wie umgekehrt unsere Kinder zwangsweise in Moscheen geschleppt werden?<br \/>\n14.11.2019, C.K.<br \/>\n.<br \/>\n<strong>Wenn man nicht mehr sagen darf, dass der St. Martins-Brauch christlich ist,<\/strong><br \/>\ndarf man das beim Weihnachtsfest sicher auch nicht. Vielleicht sollten wir das Weihnachtsfest also besser umbenennen? Wie w\u00e4re es mit \u201eJahresendbeschenktwerden\u2018? Oder \u201eHochfest des Konsums\u201c? Ich bin sicher, die Moslems werden nachziehen und auch den Ramadan aus R\u00fccksicht auf uns umbenennen. Die k\u00f6nnten dann ja statt Ramadan \u201eIntervallfasten\u201c feiern. Ist doch eine realistische Betrachtungsweise, oder? Zumindest, was die Christen in diesem Lande betrifft.<br \/>\n14.11.2019, P.M.<br \/>\n.<br \/>\n<strong>Die Wahrheit?<\/strong><br \/>\nF\u00fcr die Feststellung einer unumst\u00f6\u00dflichen Tatsache (St Martin christlicher Heiliger, Fest christliches Fest) wird man gebannt. F\u00fcr die Feststellung der Tatsache, da\u00df Mohammed ein Kindersch\u00e4nder war, wird man bestraft (EGMR)? Weil diese Aussage geeignet sei, den \u201ereligi\u00f6sen Frieden zu st\u00f6ren\u201c. Nicht etwa, weil sie nicht wahr w\u00e4re. Und das wird so weitergehen. Merkt ihr was? Die Grundlagen werden zerst\u00f6rt. Die Wahrheit zu sagen wird sanktioniert. Wie kann eine Gesellschaft da noch Wissenschaft betreiben, sinnvolle Politik machen, sich selbst erkennen? Tabus, Dogmata und verbotene Wahrheiten sind der erste Schritt zum Untergang.<br \/>\n14.11.2019,E.SCH<br \/>\n.<br \/>\n<strong>Der christliche Glauben ist wohl doch nicht so stark und verteidigungsf\u00e4hig<\/strong>.<br \/>\nDa ist mir ein buddhistisches Oberhaupt wie Lama Ole Nydahl lieber der sich auch traut \u00f6ffentlich den Islam zu kritisieren und zu empfehlen die AfD zu w\u00e4hlen. Die christlichen F\u00fchrer in Westeuropa verschlimmern die Islamisierung noch indem sie ihre Gl\u00e4ubigen noch zu scheinheiligem Mitgef\u00fchl animieren.<br \/>\n14.11.2019, D.K.<br \/>\n.<br \/>\n<strong>Religionen wurden geschaffen, um die V\u00f6lker zu zerst\u00f6ren?<\/strong><br \/>\nImmer waren\/sind sie ein Zankapfel, egal wo. 30 j\u00e4hriger Krieg in Europa, im Orient die Schiiten, Sunniten, Alewiten, Kurden ect. V\u00f6lker werden nach Kriegen seit 150 Jahren von den Siegern und Kriegstreibern (FRanzosen, Engl\u00e4ndern, sp\u00e4ter den VSA) zerteilt, wie die Pashtunen, Kurden, Iraner, Deutschen. Das V\u00f6lkerrecht auf Selbstbestimmung steht nur auf dem Papier, heutzutage gibt es eine neue Methode, das Einsickern fremder Elemente in die kulturell gewachsenen europ\u00e4ischen V\u00f6lker- durch Korruption der handelnden Politiker.<br \/>\n14.11.2019,K.W.<br \/>\n.<br \/>\n<strong>Dem St.Martin gehts wie dem Bikini<\/strong><br \/>\nMan muss es als das bezeichnen, was es ist: Eine feindliche \u00dcbernahme. Mal schauen, wie lange sich die Leute das noch gefallen lassen. Dar\u00fcber hinaus wird das Ganze nat\u00fcrlich nicht bei Sankt Martin enden.<br \/>\nJemand, der bisher bspw. im Bikini oder mit \u2019ner Flasche Bier in der Hand friedlich im Freibad liegt, sollte nicht glauben Sankt Martin ginge sie \/ ihn nichts an.<br \/>\n14.11.2019,D.A.<\/p>\n<p>&nbsp;<\/p>\n","protected":false},"excerpt":{"rendered":"<p>Der reiche Martin (hoch zu Ro\u00df) zerschneidet seinen Mantel und gibt eine H\u00e4lfte an einen armen Bettler. St. Martin als Vorbild\u00a0in Sachen N\u00e4chstenliebe. Da der Bezug zu St.Martin (Name wie Story) als diskriminierend und gar rassistisch gilt, wird das Martinsfest &hellip; <a href=\"https:\/\/www.freiburg-schwarzwald.de\/blog\/martinsgans-und-laternengans\/\">Weiterlesen <span class=\"meta-nav\">&rarr;<\/span><\/a><\/p>\n","protected":false},"author":2,"featured_media":0,"comment_status":"open","ping_status":"closed","sticky":false,"template":"","format":"standard","meta":{"footnotes":""},"categories":[58,139,261,61,13,80,157,95],"tags":[409,511,577,488,721,503,693,726,585],"class_list":["post-75964","post","type-post","status-publish","format-standard","hentry","category-familie","category-heimat","category-katholisch","category-kinder","category-kultur","category-medien","category-oeffentlicher-raum","category-schulen","tag-armut","tag-brauchtum","tag-hilfe-2","tag-child","tag-kindergarten","tag-church","tag-konf","tag-oeffentlicher-raum","tag-schule"],"_links":{"self":[{"href":"https:\/\/www.freiburg-schwarzwald.de\/blog\/wp-json\/wp\/v2\/posts\/75964","targetHints":{"allow":["GET"]}}],"collection":[{"href":"https:\/\/www.freiburg-schwarzwald.de\/blog\/wp-json\/wp\/v2\/posts"}],"about":[{"href":"https:\/\/www.freiburg-schwarzwald.de\/blog\/wp-json\/wp\/v2\/types\/post"}],"author":[{"embeddable":true,"href":"https:\/\/www.freiburg-schwarzwald.de\/blog\/wp-json\/wp\/v2\/users\/2"}],"replies":[{"embeddable":true,"href":"https:\/\/www.freiburg-schwarzwald.de\/blog\/wp-json\/wp\/v2\/comments?post=75964"}],"version-history":[{"count":0,"href":"https:\/\/www.freiburg-schwarzwald.de\/blog\/wp-json\/wp\/v2\/posts\/75964\/revisions"}],"wp:attachment":[{"href":"https:\/\/www.freiburg-schwarzwald.de\/blog\/wp-json\/wp\/v2\/media?parent=75964"}],"wp:term":[{"taxonomy":"category","embeddable":true,"href":"https:\/\/www.freiburg-schwarzwald.de\/blog\/wp-json\/wp\/v2\/categories?post=75964"},{"taxonomy":"post_tag","embeddable":true,"href":"https:\/\/www.freiburg-schwarzwald.de\/blog\/wp-json\/wp\/v2\/tags?post=75964"}],"curies":[{"name":"wp","href":"https:\/\/api.w.org\/{rel}","templated":true}]}}