{"id":75850,"date":"2019-11-09T13:24:19","date_gmt":"2019-11-09T12:24:19","guid":{"rendered":"https:\/\/www.freiburg-schwarzwald.de\/blog\/?p=75850"},"modified":"2019-11-12T11:44:42","modified_gmt":"2019-11-12T10:44:42","slug":"akw-fessenheim-sicher-ade","status":"publish","type":"post","link":"https:\/\/www.freiburg-schwarzwald.de\/blog\/akw-fessenheim-sicher-ade\/","title":{"rendered":"AKW Fessenheim sicher ade?"},"content":{"rendered":"<p><em>&#8222;Die beiden <a title=\"AKW\" href=\"https:\/\/www.freiburg-schwarzwald.de\/blog\/energie\/akw\/\">Uralt-Reaktoren<\/a> in <a title=\"Fessenheim-Abschaltung 2020\" href=\"https:\/\/www.freiburg-schwarzwald.de\/blog\/fessenheim-abschaltung-2020\/\">Fessenheim<\/a> werden jetzt wohl ziemlich sicher im Jahr 2020 abgestellt&#8220;<\/em> konnte <a title=\"BUND\" href=\"https:\/\/www.freiburg-schwarzwald.de\/blog\/natur\/umwelt\/bund\/\">Axel Mayer<\/a> vom <a title=\"Atomkraftwerk Fessenheim bleibt\" href=\"https:\/\/www.freiburg-schwarzwald.de\/blog\/atomkraftwerk-fessenheim-bleibt\/\">BUND<\/a> am 4.11.2019 stolz verk\u00fcnden. Hoffen wir, dass er recht beh\u00e4lt. Es war schlie\u00dflich ein langer und m\u00fchsamer Weg von <a title=\"Wyhl\" href=\"https:\/\/www.freiburg-schwarzwald.de\/blog\/engagement\/buergerinitiativen\/wyhl\/\">Wyhl<\/a> bis Fessenheim &#8211; nicht r\u00e4umlich, man war ja sogar mit Pferdefuhrwerk und Kreuz unterwegs, sondern auch was die <a title=\"Badisch-Elsaessische-Buergerinitiativen\" href=\"https:\/\/www.freiburg-schwarzwald.de\/blog\/engagement\/buergerinitiativen\/badisch-elsaessische-buergerinitiativen\/\">ehrenamtliche<\/a> \u00dcberzeugungsarbeit (Veranstaltungen, Demos, Presseerkl\u00e4rungen, Infos) betraf.<br \/>\n.<br \/>\n<!--more--><br \/>\nUngekl\u00e4rte Fragen zum Atomkraftwerk bleiben:<br \/>\nWas hat es mit <a title=\"France\" href=\"https:\/\/www.freiburg-schwarzwald.de\/blog\/global\/france\/\">Meldungen<\/a> auf ich, nach denen in Fessenheim ein Zwischenlager, eine Wiederaufbereitungsanlage oder gar ein neuer moderner Reaktor errichtet werden soll &#8211; alles nur Fake News?<br \/>\nWann endlich werden die <a title=\"CH-Atommuell am D-Hochrhein\" href=\"https:\/\/www.freiburg-schwarzwald.de\/blog\/ch-atommuell-am-d-hochrhein\/\">Reaktoren<\/a> auf der <a title=\"Schweiz\" href=\"https:\/\/www.freiburg-schwarzwald.de\/blog\/global\/schweiz\/\">Schweizer<\/a> Seite des <a title=\"Hochrhein\" href=\"https:\/\/www.freiburg-schwarzwald.de\/blog\/regio\/hochrhein\/\">Hochrheins<\/a> stllgelegt?<\/p>\n<p><a href=\"https:\/\/www.freiburg-schwarzwald.de\/blog\/akw-fessenheim-sicher-ade\/mahnweg23pan070420-2\/\" rel=\"attachment wp-att-75851\"><img loading=\"lazy\" decoding=\"async\" class=\"alignnone size-full wp-image-75851\" src=\"https:\/\/www.freiburg-schwarzwald.de\/blog\/wp-content\/uploads\/2019\/11\/mahnweg23pan070420.jpg\" alt=\"mahnweg23pan070420\" width=\"604\" height=\"226\" srcset=\"https:\/\/www.freiburg-schwarzwald.de\/blog\/wp-content\/uploads\/2019\/11\/mahnweg23pan070420.jpg 604w, https:\/\/www.freiburg-schwarzwald.de\/blog\/wp-content\/uploads\/2019\/11\/mahnweg23pan070420-180x67.jpg 180w\" sizes=\"auto, (max-width: 604px) 100vw, 604px\" \/><\/a><br \/>\n.Mahnweg am 20.4.2007 um 18.30 Uhr: Blick nach Norden zum Batzenberg zwischen Pfaffenweiler und Kirchhofen<br \/>\n.<br \/>\nZur Erinnerung: Am 20.4.2007 machten wir auf dem Mahnweg von Wyhl nach Fessenheim in Freiburg am<a title=\"Muensterplatz\" href=\"https:\/\/www.freiburg-schwarzwald.de\/blog\/regio\/freiburg\/muensterplatz\/\"> M\u00fcnsterplatz<\/a> Station. Das Wetter war gut, der Anla\u00df (21. Tschernobyl-Gedenktag) war traurig.<\/p>\n<p><a href=\"https:\/\/www.freiburg-schwarzwald.de\/blog\/akw-fessenheim-sicher-ade\/mahnweg14-070420\/\" rel=\"attachment wp-att-75852\"><img loading=\"lazy\" decoding=\"async\" class=\"alignnone size-thumbnail wp-image-75852\" src=\"https:\/\/www.freiburg-schwarzwald.de\/blog\/wp-content\/uploads\/2019\/11\/mahnweg14-070420-180x139.jpg\" alt=\"mahnweg14-070420\" width=\"180\" height=\"139\" srcset=\"https:\/\/www.freiburg-schwarzwald.de\/blog\/wp-content\/uploads\/2019\/11\/mahnweg14-070420-180x139.jpg 180w, https:\/\/www.freiburg-schwarzwald.de\/blog\/wp-content\/uploads\/2019\/11\/mahnweg14-070420-640x495.jpg 640w, https:\/\/www.freiburg-schwarzwald.de\/blog\/wp-content\/uploads\/2019\/11\/mahnweg14-070420.jpg 642w\" sizes=\"auto, (max-width: 180px) 100vw, 180px\" \/><\/a><br \/>\nAuf der KaJo beim Martinstor. Auf dem Kreiz steht: &#8222;Wo die Sch\u00f6pfung gef\u00e4hrdet wird, wird Gott gekreuzigt&#8220;<br \/>\n.<br \/>\nMehr Infos dazu auf: <a href=\"https:\/\/www.freiburg-schwarzwald.de\/tschernobyl2007.htm\">https:\/\/www.freiburg-schwarzwald.de\/tschernobyl2007.htm<\/a><\/p>\n<p>8.11.2019<\/p>\n<p>.<\/p>\n<p><strong>Frankreich will neue Atomkraftwerke bauen, aber nicht in Fessenheim<\/strong><br \/>\nFrankreich plant, seine Atomkraftwerke zu modernisieren, das Elsass wird davon aber nicht betroffen sein. 2020 wird Fessenheim zwar abgeschaltet \u2013 eine Abkehr von der Atomkraft ist das aber lange nicht.<br \/>\n&#8230; Alles vom 11.11.2019 vonB\u00e4rbelN\u00fcckles bitte lesen auf<br \/>\n<a href=\"https:\/\/www.badische-zeitung.de\/elsass-x2x\/frankreich-will-neue-atomkraftwerke-bauen-aber-nicht-in-fessenheim--179271647.html\">https:\/\/www.badische-zeitung.de\/elsass-x2x\/frankreich-will-neue-atomkraftwerke-bauen-aber-nicht-in-fessenheim&#8211;179271647.html<\/a><br \/>\n.<br \/>\nEinige Kommentare:<br \/>\n<strong>&#8222;Der Bund f\u00fcr Umwelt und Naturschutz (BUND) S\u00fcdlicher Oberrhein<\/strong><br \/>\nhatte k\u00fcrzlich Gedankenspiele angestellt, ob nicht Fessenheim Standort eines neu zu errichtenden Atomkraftwerks sein k\u00f6nnte.&#8220; &#8211; Was hier als &#8222;Gedankenspiele&#8220; bezeichnet wird, war eher als &#8222;Bef\u00fcrchtung&#8220; gemeint. Es gibt mehrere Hinweise, dass der Tenor dieses Berichts (sprich, die Schlagzeile = Titel) stimmt.<br \/>\n1. &#8211; Brigitte Klinkert wird nicht m\u00fcde zu betonen, dass die Zukunft Fessenheims &#8222;nichtnuklear&#8220; gestaltet werden soll.<br \/>\n2. &#8211; Alle politischen deutsche Institutionen (Rath\u00e4user, Regierungspr\u00e4sidium, Landes- und Bundesumweltministerium) haben dem Bau eines &#8222;Techno-Centers&#8220; zur Verarbeitung radioaktiv belasteter Komponenten aus europ\u00e4ischen Atomkraftwerken eine eindeutige Absage erteilt.<br \/>\n3. &#8211; Und &#8211; last but not least &#8211; jeder Neubau von Reaktoren vom Typ EPR im Dreyeckland w\u00fcrde die seit Jahrzehnten gut organisierte und auch jetzt letztendlich ein Mal mehr erfolgreiche Antiatom-Protestbewegung auf den Plan bringen. Da ist Frankreich gut beraten, solche Pl\u00e4ne an Standorten zu verlegen, an denen weniger oder kaum Widerstand zu erwarten ist.<br \/>\nDas Elsass k\u00f6nnte schon l\u00e4ngst das Aush\u00e4ngeschild Frankreichs f\u00fcr den Umstieg von der Atomkraft auf die erneuerbaren Energien sein und kann das jetzt auch werden.<br \/>\n11.11.2019, Gustav Rosa, BZ<br \/>\n.<br \/>\n<strong>Ich war bis vor einem Jahr auch noch Atomkraftgegner &#8211; mittlerweile nicht mehr.<\/strong><br \/>\nUnd es werden zum Gl\u00fcck immer mehr, die so denken wie ich. Ich finde es v\u00f6llig richtig, dass Frankreich neue Reaktoren bauen will &#8211; aber auch, dass Fessenheim seine besten Tage erlebt hat. Vielleicht lernt auch die deutsche Bev\u00f6lkerung noch dazu und sch\u00e4tzt die neuen, zuk\u00fcnftigen Generation-4-Reaktoren um so mehr. Grunds\u00e4tzlich ist der Atomausstieg aber eine gravierende Fehlentscheidung, vor allem f\u00fcr die deutschen Reaktoren. Die \u00d6komoderne wird ihren Durchbruch schon noch erleben&#8230;. Von Fundi-Gr\u00fcnen und ihrer &#8222;Atomangst&#8220; habe ICH die Nase jedenfalls voll. Wir werden es bald zu sch\u00e4tzen wissen, was es bedeutet, verl\u00e4ssliche Energiequellen zu haben, die rund um die Uhr Strom liefern k\u00f6nnen. Erneuerbare in allen Ehren, aber bitte nur additiv. Technologieoffene Dekarbonisierung hat Priorit\u00e4t. &#8230;<br \/>\nich habe die Gr\u00fcnde f\u00fcr meinen Schwenk vor kurzem ausf\u00fchrlichst hier niedergeschrieben, denn ich musste das selbst erst unter die F\u00fc\u00dfe bekommen:<br \/>\n<a href=\"https:\/\/www.oekomodernismus.de\">https:\/\/www.oekomodernismus.de<\/a><br \/>\n11.11.2019, Johannes G\u00fcntert, BZ<br \/>\n.<br \/>\n<strong>Energie aus bereits angefallenem &#8222;Atomm\u00fcll&#8220; gewinnen?<\/strong><br \/>\n&#8222;Atomkraft? In Deutschland? Ist dieses Thema nicht sp\u00e4testens mit dem Ausstiegsbeschluss von 2011 endg\u00fcltig erledigt? Warum sollte sich das Land wieder Diskussionen \u00fcber Kernenergie antun? Ganz einfach: Weil wir mit der CO?-Bepreisung allein das Klima nicht retten werden. Und: Weil Physiker und Ingenieure in den vergangenen Jahren, unbemerkt von einer atomhysterischen \u00d6ffentlichkeit, gewaltige Fortschritte gemacht haben.<br \/>\nInzwischen gibt es moderne Reaktoren, die Energie aus bereits angefallenem &#8222;Atomm\u00fcll&#8220; gewinnen k\u00f6nnen. Allein aus den gebrauchten Brennelementen in den verschiedenen Zwischenlagern k\u00f6nnte Deutschland 250 Jahre lang komplett mit Strom versorgt werden. Die Reaktoren der sogenannten Generation IV w\u00fcrden damit nicht nur die Endlagerfrage l\u00f6sen, sie w\u00fcrden auch die Menge des nutzbaren Urans um das 50- bis 80-Fache strecken, sodass es f\u00fcr Zehntausende Jahre Stromerzeugung reichen w\u00fcrde &#8211; und das alles klimafreundlich und emissionsfrei.&#8220; Sehr <a title=\"Kernkraft\" href=\"https:\/\/www.freiburg-schwarzwald.de\/blog\/energie\/akw\/kernkraft\/\">lesenswert<\/a>: <a title=\"Klonovsky\" href=\"https:\/\/www.freiburg-schwarzwald.de\/blog\/kultur\/dichter\/klonovsky\/\">https:\/\/www.zeit.de\/2019\/41\/kernkraftwerke-atomkraft-energiewende-atommuell<\/a><br \/>\n11.11.2019,J.K., BZ<\/p>\n<p>&nbsp;<\/p>\n<p>&nbsp;<\/p>\n","protected":false},"excerpt":{"rendered":"<p>&#8222;Die beiden Uralt-Reaktoren in Fessenheim werden jetzt wohl ziemlich sicher im Jahr 2020 abgestellt&#8220; konnte Axel Mayer vom BUND am 4.11.2019 stolz verk\u00fcnden. Hoffen wir, dass er recht beh\u00e4lt. Es war schlie\u00dflich ein langer und m\u00fchsamer Weg von Wyhl bis &hellip; <a href=\"https:\/\/www.freiburg-schwarzwald.de\/blog\/akw-fessenheim-sicher-ade\/\">Weiterlesen <span class=\"meta-nav\">&rarr;<\/span><\/a><\/p>\n","protected":false},"author":2,"featured_media":0,"comment_status":"open","ping_status":"closed","sticky":false,"template":"","format":"standard","meta":{"footnotes":""},"categories":[164,355,191,11,172],"tags":[640,729,151,591,719],"class_list":["post-75850","post","type-post","status-publish","format-standard","hentry","category-akw","category-buergerinitiativen","category-elsass","category-regio","category-zukunft","tag-akw-2","tag-elsass","tag-erneuerbare-energien","tag-rhein","tag-umwelt"],"_links":{"self":[{"href":"https:\/\/www.freiburg-schwarzwald.de\/blog\/wp-json\/wp\/v2\/posts\/75850","targetHints":{"allow":["GET"]}}],"collection":[{"href":"https:\/\/www.freiburg-schwarzwald.de\/blog\/wp-json\/wp\/v2\/posts"}],"about":[{"href":"https:\/\/www.freiburg-schwarzwald.de\/blog\/wp-json\/wp\/v2\/types\/post"}],"author":[{"embeddable":true,"href":"https:\/\/www.freiburg-schwarzwald.de\/blog\/wp-json\/wp\/v2\/users\/2"}],"replies":[{"embeddable":true,"href":"https:\/\/www.freiburg-schwarzwald.de\/blog\/wp-json\/wp\/v2\/comments?post=75850"}],"version-history":[{"count":0,"href":"https:\/\/www.freiburg-schwarzwald.de\/blog\/wp-json\/wp\/v2\/posts\/75850\/revisions"}],"wp:attachment":[{"href":"https:\/\/www.freiburg-schwarzwald.de\/blog\/wp-json\/wp\/v2\/media?parent=75850"}],"wp:term":[{"taxonomy":"category","embeddable":true,"href":"https:\/\/www.freiburg-schwarzwald.de\/blog\/wp-json\/wp\/v2\/categories?post=75850"},{"taxonomy":"post_tag","embeddable":true,"href":"https:\/\/www.freiburg-schwarzwald.de\/blog\/wp-json\/wp\/v2\/tags?post=75850"}],"curies":[{"name":"wp","href":"https:\/\/api.w.org\/{rel}","templated":true}]}}