{"id":7575,"date":"2012-07-26T17:37:11","date_gmt":"2012-07-26T15:37:11","guid":{"rendered":"https:\/\/www.freiburg-schwarzwald.de\/blog\/?p=7575"},"modified":"2012-07-26T17:41:19","modified_gmt":"2012-07-26T15:41:19","slug":"12000-euro-spende-fuer-gruenes-klassenzimmer-kolleg-stegen","status":"publish","type":"post","link":"https:\/\/www.freiburg-schwarzwald.de\/blog\/12000-euro-spende-fuer-gruenes-klassenzimmer-kolleg-stegen\/","title":{"rendered":"12000 Euro Spende fuer &#8222;Gruenes Klassenzimmer&#8220; Kolleg Stegen"},"content":{"rendered":"<p>Bereits seit einiger Zeit wird es rege genutzt, das \u201eGr\u00fcne Klassenzimmer\u201c des Kollegs St. Sebastian in <a title=\"Stegen\" href=\"https:\/\/www.freiburg-schwarzwald.de\/blog\/regio\/orte\/stegen\/\">Stegen<\/a>. Finanziert wurde es durch einen Teil des Erl\u00f6ses, den der erste 24-Stunden-Lauf des Kollegs im Jahr 2010 erbracht hatte. Die stattliche Summe von 12.000.- Euro waren damals zusammen gekommen, die man zur H\u00e4lfte an die Januz-Korczak-Schule, die Stra\u00dfenschule Freiburg und IN VIA \u00fcbergeben hat. Mit den verbliebenen 6.000.- Euro wurde ein \u201eGr\u00fcnes Klassenzimmer\u201c auf dem Schulgel\u00e4nde errichtet, das einen Unterricht erm\u00f6glicht, <!--more-->der das ganze Schulgel\u00e4nde als Beobachtungsraum, Rohstofflieferant oder Gestaltungsraum einbezieht oder im Sommer einfach nur als herrliche Naturkulisse dient. Dank der planerischen, handwerklichen und finanziellen Unterst\u00fctzung des Architekturb\u00fcros M\u00f6hrle und der Firmen Steinhauser und Steinhart sowie zahlreichen weiteren Sponsoren konnte das in Anlehnung an ein griechisches Amphitheater gestaltete Projekt mithilfe ausdauernd mitarbeitender Eltern, Lehrer und Sch\u00fcler nun feierlich eingeweiht werden. \u201eDie Kinder lernen hier wie von selbst\u201c ist die erste Erfahrung der Lehrkr\u00e4fte und auch die Lehrer selbst freuen sich, an hei\u00dfen Tagen den Unterricht im k\u00fchlen Kollegspark, untermalt von Vogelgezwitscher, abhalten zu k\u00f6nnen. Im Rahmen des allj\u00e4hrlichen \u201eHocks am Teich\u201c zu dem Freunde, F\u00f6rderer und Ehemalige des Kollegs eingeladen waren, sollte die \u00dcbergabe des Gr\u00fcnen Klassenzimmers am Freitagabend in feierlichem Rahmen erfolgen. Doch das Wetter hat der Veranstaltung einen Strich durch die Rechnung gemacht und so wurde der Kollegs-Teich kurzerhand in Form eines hellblauen Wasserbassins in die Mitte der Turnhalle verlegt. Musikalisch umrahmt von der Jazztanz-AG, einer Africa-Percussion-Nummer und dem Bl\u00e4serkreis wurden die diesj\u00e4hrigen Sozialpreise vergeben und auch wenn es bei der offiziellen \u00dcbergabe nass und windig war, der n\u00e4chste Sommertag kommt bestimmt und das \u201eGr\u00fcne Klassenzimmer\u201c am Kolleg St. Sebastian wird sicherlich rege genutzt werden.<\/p>\n<div id=\"attachment_7578\" style=\"width: 190px\" class=\"wp-caption alignnone\"><a href=\"https:\/\/www.freiburg-schwarzwald.de\/blog\/12000-euro-spende-fuer-gruenes-klassenzimmer-kolleg-stegen\/stegen-gruenes-klassenzimmer1207\/\" rel=\"attachment wp-att-7578\"><img loading=\"lazy\" decoding=\"async\" aria-describedby=\"caption-attachment-7578\" class=\"size-thumbnail wp-image-7578\" title=\"stegen-gruenes-klassenzimmer1207\" src=\"https:\/\/www.freiburg-schwarzwald.de\/blog\/wp-content\/uploads\/2012\/07\/stegen-gruenes-klassenzimmer1207-180x136.jpg\" alt=\"\" width=\"180\" height=\"136\" srcset=\"https:\/\/www.freiburg-schwarzwald.de\/blog\/wp-content\/uploads\/2012\/07\/stegen-gruenes-klassenzimmer1207-180x136.jpg 180w, https:\/\/www.freiburg-schwarzwald.de\/blog\/wp-content\/uploads\/2012\/07\/stegen-gruenes-klassenzimmer1207.jpg 640w\" sizes=\"auto, (max-width: 180px) 100vw, 180px\" \/><\/a><p id=\"caption-attachment-7578\" class=\"wp-caption-text\">Sponsoren, Handwerker,flei\u00dfige Helfer - \u201eGr\u00fcne Klassenzimmer\u201c am Kolleg St. Sebastian Stegen im Juli 2012 - Bild: Gisela Heizler-Ries<\/p><\/div>\n<p>Sponsoren, Handwerker sowie zahlreiche flei\u00dfige Helfer, die das \u201eGr\u00fcne Klassenzimmer\u201c am Kolleg St. Sebastian verwirklicht haben.\u00a0 Zum Gruppenfoto traf man sich wegen des anhaltenden Regens zwar nicht im architektonisch reizvollen Gr\u00fcnen Klassenzimmer im Schulpark, doch der Freude \u00fcber das gemeinsam Erreichte, konnte auch das schlechte Wetter nichts anhaben.<br \/>\nGisela Heizler-Ries, 25.7.2012, <a href=\"https:\/\/www.dreisamtaeler.de\">www.dreisamtaeler.de<\/a><\/p>\n","protected":false},"excerpt":{"rendered":"<p>Bereits seit einiger Zeit wird es rege genutzt, das \u201eGr\u00fcne Klassenzimmer\u201c des Kollegs St. Sebastian in Stegen. Finanziert wurde es durch einen Teil des Erl\u00f6ses, den der erste 24-Stunden-Lauf des Kollegs im Jahr 2010 erbracht hatte. Die stattliche Summe von &hellip; <a href=\"https:\/\/www.freiburg-schwarzwald.de\/blog\/12000-euro-spende-fuer-gruenes-klassenzimmer-kolleg-stegen\/\">Weiterlesen <span class=\"meta-nav\">&rarr;<\/span><\/a><\/p>\n","protected":false},"author":4,"featured_media":0,"comment_status":"closed","ping_status":"closed","sticky":false,"template":"","format":"standard","meta":{"footnotes":""},"categories":[95,161],"tags":[270,328],"class_list":["post-7575","post","type-post","status-publish","format-standard","hentry","category-schulen","category-spende","tag-gift","tag-sponsoring"],"_links":{"self":[{"href":"https:\/\/www.freiburg-schwarzwald.de\/blog\/wp-json\/wp\/v2\/posts\/7575","targetHints":{"allow":["GET"]}}],"collection":[{"href":"https:\/\/www.freiburg-schwarzwald.de\/blog\/wp-json\/wp\/v2\/posts"}],"about":[{"href":"https:\/\/www.freiburg-schwarzwald.de\/blog\/wp-json\/wp\/v2\/types\/post"}],"author":[{"embeddable":true,"href":"https:\/\/www.freiburg-schwarzwald.de\/blog\/wp-json\/wp\/v2\/users\/4"}],"replies":[{"embeddable":true,"href":"https:\/\/www.freiburg-schwarzwald.de\/blog\/wp-json\/wp\/v2\/comments?post=7575"}],"version-history":[{"count":0,"href":"https:\/\/www.freiburg-schwarzwald.de\/blog\/wp-json\/wp\/v2\/posts\/7575\/revisions"}],"wp:attachment":[{"href":"https:\/\/www.freiburg-schwarzwald.de\/blog\/wp-json\/wp\/v2\/media?parent=7575"}],"wp:term":[{"taxonomy":"category","embeddable":true,"href":"https:\/\/www.freiburg-schwarzwald.de\/blog\/wp-json\/wp\/v2\/categories?post=7575"},{"taxonomy":"post_tag","embeddable":true,"href":"https:\/\/www.freiburg-schwarzwald.de\/blog\/wp-json\/wp\/v2\/tags?post=7575"}],"curies":[{"name":"wp","href":"https:\/\/api.w.org\/{rel}","templated":true}]}}