{"id":75742,"date":"2019-11-04T09:33:24","date_gmt":"2019-11-04T08:33:24","guid":{"rendered":"https:\/\/www.freiburg-schwarzwald.de\/blog\/?p=75742"},"modified":"2019-11-06T12:51:05","modified_gmt":"2019-11-06T11:51:05","slug":"queerfem-klimagerechtigkeit","status":"publish","type":"post","link":"https:\/\/www.freiburg-schwarzwald.de\/blog\/queerfem-klimagerechtigkeit\/","title":{"rendered":"Queerfem. Klimagerechtigkeit?"},"content":{"rendered":"<p><a title=\"Feminismus\" href=\"https:\/\/www.freiburg-schwarzwald.de\/blog\/selbsthilfe\/frauen\/feminismus\/\">Queerfeministische<\/a> <a title=\"Klimagerechtigkeit\" href=\"https:\/\/www.freiburg-schwarzwald.de\/blog\/natur\/klima\/klimagerechtigkeit\/\">Klimagerechtigkeit<\/a>?\u00a0Danisch.de ist der Blog eines Diplom-<a title=\"Informatik ist Allgemeinbildung\" href=\"https:\/\/www.freiburg-schwarzwald.de\/blog\/informatik-ist-allgemeinbildung\/\">Informatikers<\/a>, den man nicht m\u00f6gen mu\u00df, aber der nie langeweilig ist, zumal er sich <a title=\"Intellektuelle\" href=\"https:\/\/www.freiburg-schwarzwald.de\/blog\/global\/deutschland\/gesellschaft\/intellektuelle\/\">bem\u00fcht,<\/a> Fragen <em>&#8222;Leser fragen \u2013 Danisch wei\u00df es auch nicht&#8220;<\/em> zu beantworten. Und da darf auch mal eine <a title=\"Kritik und abweichende Meinung\" href=\"https:\/\/www.freiburg-schwarzwald.de\/blog\/kritik-und-abweichende-meinung\/\">abweichende Meinung<\/a>, oder <a title=\"Kritik\" href=\"https:\/\/www.freiburg-schwarzwald.de\/blog\/kultur\/medien\/kritik\/\">Kritik<\/a>, oder gar <a title=\"Ideologie\" href=\"https:\/\/www.freiburg-schwarzwald.de\/blog\/engagement\/zukunft\/ideologie\/\">Ideologie<\/a>-Kritik, auch an <a title=\"Gruene\" href=\"https:\/\/www.freiburg-schwarzwald.de\/blog\/vereine\/partei\/gruene\/\">Annalena<\/a>, Markus, <a title=\"CDU\" href=\"https:\/\/www.freiburg-schwarzwald.de\/blog\/vereine\/partei\/cdu\/\">Angela<\/a> &#8230; darunter sein. Oder <a title=\"Satire\" href=\"https:\/\/www.freiburg-schwarzwald.de\/blog\/kultur\/kunst\/satire\/\">Satire<\/a>. Oder eine ernste Frage wie &#8222;Was ist queerfeministische Klimagerechtigkeit?&#8220;<br \/>\n4.11.2019<br \/>\n.<!--more--><br \/>\n<em>GR\u00dcNE JUGEND@gruene_jugend: \u201cMit euch will ich gegen Antisemitismus eintreten, f\u00fcr queerfeministische Klimagerechtigkeit k\u00e4mpfen und Kapitalismus und Patriarchat \u00fcberwinden.\u201d Herzlichen Gl\u00fcckwunsch auch an @becciiu zur Wahl als Beisitzerin in den Bundesvorstand! #GJBuCo<br \/>\n<\/em>\u00a0.<br \/>\nWei\u00df ich nicht. Ich wei\u00df ja noch nicht mal, was die unter \u201eGerechtigkeit\u201d verstehen. Aber wahrscheinlich hat es wieder mal damit zu tun, sich einfach irgendeinen realit\u00e4tsfreien willk\u00fcrlichen Schwachsinn auszudenken und sich dann da reinzusteigern. Irgendwie geht es darum, alles, womit man sich nicht wohlf\u00fchlt, in einen gro\u00dfen Topf zu werfen und umzur\u00fchren,<br \/>\n<a title=\"Klimawandel\" href=\"https:\/\/www.freiburg-schwarzwald.de\/blog\/natur\/klima\/klimawandel\/\">Klimagerechtigkeit<\/a> hei\u00dft dann wohl, dass es \u00fcberall auf der Welt gleich viel regnet.<br \/>\nFeministisch muss dann wohl hei\u00dfen, dass Frauen durch Regen nicht benachteiligt werden.<br \/>\nUnd Queer muss dann wohl hei\u00dfen, dass Transen im Regen die Wimperntusche nicht davonflie\u00dft.<br \/>\n.<br \/>\nNee, ich wei\u00df es wirklich auch nicht, was der Quatsch bedeuten soll. Aber irgendwie meinen sie, dass das alles miteinander zusammenh\u00e4ngt.<br \/>\nWenn die w\u00fcssten, wie der Sozialismus mit der Umwelt umgegangen ist\u2026 Trabant, Bitterfeld und so. Tschernobyl.<br \/>\nQueerfeministische Klimagerechtigkeit.<br \/>\nNee, ich wei\u00df wirklich nicht, was das sein k\u00f6nnte.<br \/>\nIrgendwas sozialistisches oder kommunistisches mit Frauen muss es sein.<br \/>\n.<br \/>\nAber wenn ich so dr\u00fcber nachdenke: Es muss gar nichts bedeuten.<br \/>\nDas ist ja nicht f\u00fcr Leute wie mich gedacht. Das ist f\u00fcr die Gr\u00fcne Jugend. Die fragen nicht nach Sinn, Inhalt, Stringenz. Das haben die noch nie gemacht. Da geht\u2019s einfach nur um kommunistisches Bullshit-Bingo. Man schaue sich nochmal den Satz an:<br \/>\n\u201cMit euch will ich gegen Antisemitismus eintreten, f\u00fcr queerfeministische Klimagerechtigkeit k\u00e4mpfen und Kapitalismus und Patriarchat \u00fcberwinden\u201d<br \/>\nHerzlichen Gl\u00fcckwunsch auch an @becciiu zur Wahl als Beisitzerin in den Bundesvorstand!<br \/>\nIn nur einem einzigen, kurzen, twitterf\u00e4higen und die Aufmerksamkeitsspanne gr\u00fcner Jugend nur knapp \u00fcberfordernden Satz<br \/>\n&#8211; f\u00fcr<br \/>\n&#8211; gegen<br \/>\n&#8211; Antisemitismus<br \/>\n&#8211; Queer<br \/>\n&#8211; feministisch<br \/>\n&#8211; Klima<br \/>\n&#8211; Gerechtigkeit<br \/>\n&#8211; k\u00e4mpfen<br \/>\n&#8211; Kapitalismus<br \/>\n&#8211; Patriarchat<br \/>\n&#8211; \u00fcberwinden<br \/>\nDer komplette Geschw\u00e4tz- und Schwafel-Kladderadatsch in einem einzigen Satz. Darum geht\u2019s wohl.<br \/>\nZu meiner Zeit h\u00e4tte da Atomkraft und Pershing-20, vor 10 Jahren noch Freier Sex mit Kindern und vor 5 Jahren noch Homoehe, Geschlecht hinterfragen gestanden, bei gleichem Sinngehalt. N\u00e4mlich Null. Buzzwords blubbern. Bullshit-Bingo.<br \/>\nUnd ganz wichtig: Gesinnungsbekenntnis darlegen.<br \/>\n&#8230;. Alles vom 4.11.2019 bitte lesen auf<br \/>\n<a href=\"https:\/\/www.danisch.de\/blog\/2019\/11\/04\/queerfeministische-klimagerechtigkeit\">https:\/\/www.danisch.de\/blog\/2019\/11\/04\/queerfeministische-klimagerechtigkeit<br \/>\n<\/a>.<\/p>\n<p><strong>Noch ein Fund bei Danisch.de: Nach Deutschland rein oderraus?<\/strong><br \/>\nLeser fragen \u2013 Danisch wei\u00df es auch nicht.<br \/>\n&#8222;Ein Leser fragt an, wie sich innerhalb von nur 2 Tagen die Pressepropaganda so drehen kann:<br \/>\nDie WELT, 1.11.2019: 360.000 Jobs in der deutschen Autoindustrie gef\u00e4hrdet<br \/>\n<a href=\"https:\/\/www.welt.de\/wirtschaft\/article202844490\/BUND-360-000-Jobs-in-deutscher-Autoindustrie-gefaehrdet.html\">https:\/\/www.welt.de\/wirtschaft\/article202844490\/BUND-360-000-Jobs-in-deutscher-Autoindustrie-gefaehrdet.html<br \/>\n<\/a>\u00a0.<br \/>\nDie WELT, 3.11.2019: Deutscher Arbeitsmarkt braucht auf Dauer j\u00e4hrlich 400.000 <a title=\"Migration-Maenner\" href=\"https:\/\/www.freiburg-schwarzwald.de\/blog\/global\/migration\/migration-maenner\/\">Zuwanderer<\/a><br \/>\n<a href=\"https:\/\/www.welt.de\/wirtschaft\/article202866590\/IAB-Chef-Noetiges-Plus-von-400-000-Zuwanderern-nicht-einfach-zu-erreichen.html\">https:\/\/www.welt.de\/wirtschaft\/article202866590\/IAB-Chef-Noetiges-Plus-von-400-000-Zuwanderern-nicht-einfach-zu-erreichen.html<\/a><br \/>\n.<br \/>\nWei\u00df ich nicht. Befehl von oben?&#8220;<br \/>\n<a href=\"https:\/\/www.danisch.de\/blog\/2019\/11\/03\/in-nur-2-tagen\/\">https:\/\/www.danisch.de\/blog\/2019\/11\/03\/in-nur-2-tagen\/<\/a><br \/>\n3.11.2019<\/p>\n","protected":false},"excerpt":{"rendered":"<p>Queerfeministische Klimagerechtigkeit?\u00a0Danisch.de ist der Blog eines Diplom-Informatikers, den man nicht m\u00f6gen mu\u00df, aber der nie langeweilig ist, zumal er sich bem\u00fcht, Fragen &#8222;Leser fragen \u2013 Danisch wei\u00df es auch nicht&#8220; zu beantworten. Und da darf auch mal eine abweichende Meinung, &hellip; <a href=\"https:\/\/www.freiburg-schwarzwald.de\/blog\/queerfem-klimagerechtigkeit\/\">Weiterlesen <span class=\"meta-nav\">&rarr;<\/span><\/a><\/p>\n","protected":false},"author":2,"featured_media":0,"comment_status":"open","ping_status":"closed","sticky":false,"template":"","format":"standard","meta":{"footnotes":""},"categories":[36,162,13,80,172],"tags":[715,720,622,438],"class_list":["post-75742","post","type-post","status-publish","format-standard","hentry","category-engagement","category-internet","category-kultur","category-medien","category-zukunft","tag-klima","tag-medien","tag-migration","tag-zeitung"],"_links":{"self":[{"href":"https:\/\/www.freiburg-schwarzwald.de\/blog\/wp-json\/wp\/v2\/posts\/75742","targetHints":{"allow":["GET"]}}],"collection":[{"href":"https:\/\/www.freiburg-schwarzwald.de\/blog\/wp-json\/wp\/v2\/posts"}],"about":[{"href":"https:\/\/www.freiburg-schwarzwald.de\/blog\/wp-json\/wp\/v2\/types\/post"}],"author":[{"embeddable":true,"href":"https:\/\/www.freiburg-schwarzwald.de\/blog\/wp-json\/wp\/v2\/users\/2"}],"replies":[{"embeddable":true,"href":"https:\/\/www.freiburg-schwarzwald.de\/blog\/wp-json\/wp\/v2\/comments?post=75742"}],"version-history":[{"count":0,"href":"https:\/\/www.freiburg-schwarzwald.de\/blog\/wp-json\/wp\/v2\/posts\/75742\/revisions"}],"wp:attachment":[{"href":"https:\/\/www.freiburg-schwarzwald.de\/blog\/wp-json\/wp\/v2\/media?parent=75742"}],"wp:term":[{"taxonomy":"category","embeddable":true,"href":"https:\/\/www.freiburg-schwarzwald.de\/blog\/wp-json\/wp\/v2\/categories?post=75742"},{"taxonomy":"post_tag","embeddable":true,"href":"https:\/\/www.freiburg-schwarzwald.de\/blog\/wp-json\/wp\/v2\/tags?post=75742"}],"curies":[{"name":"wp","href":"https:\/\/api.w.org\/{rel}","templated":true}]}}