{"id":75695,"date":"2019-11-03T14:04:25","date_gmt":"2019-11-03T13:04:25","guid":{"rendered":"https:\/\/www.freiburg-schwarzwald.de\/blog\/?p=75695"},"modified":"2019-11-04T14:21:53","modified_gmt":"2019-11-04T13:21:53","slug":"seelsorge-aufgabe-der-kirche","status":"publish","type":"post","link":"https:\/\/www.freiburg-schwarzwald.de\/blog\/seelsorge-aufgabe-der-kirche\/","title":{"rendered":"Seelsorge &#8211; Aufgabe der Kirche"},"content":{"rendered":"<p>Zur <a title=\"Aufklaerung\" href=\"https:\/\/www.freiburg-schwarzwald.de\/blog\/kultur\/aufklaerung\/\">Trennung<\/a> von <a title=\"Kirche-Staat\" href=\"https:\/\/www.freiburg-schwarzwald.de\/blog\/religion\/kirche-staat\/\">Kirche und Staat<\/a>: Es tat noch nie gut in der deutschen Geschichte, wenn sich die <a title=\"Christen\" href=\"https:\/\/www.freiburg-schwarzwald.de\/blog\/religion\/christen\/\">christlichen<\/a> <a title=\"Kirchen\" href=\"https:\/\/www.freiburg-schwarzwald.de\/blog\/religion\/kirchen\/\">Kirchen<\/a> mit politischen Parteien bzw. der Regierung gemein gemacht haben. In den fr\u00fchen 50er Jahren beendete unser Pfarrer seine Predigt mit dem Rat, man m\u00fcsse als <a title=\"Katholisch\" href=\"https:\/\/www.freiburg-schwarzwald.de\/blog\/religion\/katholisch\/\">Katholik<\/a> die <a title=\"CDU\" href=\"https:\/\/www.freiburg-schwarzwald.de\/blog\/vereine\/partei\/cdu\/\">CDU<\/a> w\u00e4hlen &#8211; Entm\u00fcndigung der <a title=\"Buergerinitiativen\" href=\"https:\/\/www.freiburg-schwarzwald.de\/blog\/engagement\/buergerinitiativen\/\">B\u00fcrger<\/a>, jenseits der <a title=\"Religionsunterricht\" href=\"https:\/\/www.freiburg-schwarzwald.de\/blog\/religion\/religionsunterricht\/\">Seelsorge<\/a> als dem ureigenen Job von Kirche. Und heute? <!--more-->Der <a title=\"Evangelisch\" href=\"https:\/\/www.freiburg-schwarzwald.de\/blog\/religion\/evangelisch\/\">evangelische<\/a> Pfarrer Achijah Zorn gibt ein Beispiel aus dem Ruhrgebiet, das <a title=\"Kritik\" href=\"https:\/\/www.freiburg-schwarzwald.de\/blog\/kultur\/medien\/kritik\/\">nachdenklich<\/a> stimmt.<br \/>\n5.11.2019<\/p>\n<p><strong>Kirche als spiritueller Bettvorleger der Antifa<\/strong><br \/>\nVon Pfarrer Achijah Zorn<br \/>\nDie Evangelische Kirche hat sich f\u00fcr das Jahr 2019 eine wunderbare Jahreslosung gegeben: <em>\u201eSuche Frieden und jage ihm nach!\u201c<\/em> (Psalm 34,15). Jetzt hatte meine Kirche eine wunderbare Gelegenheit, f\u00fcr dieses Motto Farbe zu bekennen. Ende Oktober. Aufgeheizte Situation in ganz M\u00fclheim an der Ruhr.<br \/>\nAuf der einen Seite: B\u00fcrgerdialog der AfD in der Stadthalle mit Alice Weidel.<br \/>\nAuf der anderen Seite der <a title=\"Kampf-gegen-Rechts\" href=\"https:\/\/www.freiburg-schwarzwald.de\/blog\/kultur\/medien\/kampf-gegen-rechts\/\">\u201eKampf gegen Rechts\u201c<\/a>.<br \/>\nWas macht meine Kirche in dieser kniffligen Situation? Knifflige Situation, weil es auf beiden Seiten Licht und Schatten gibt. Doch die Kirche scheint diesen Konflikt gar nicht erst wahrzunehmen. Sie biedert sich einfach der gro\u00dfen Mehrheit an und verleugnet dabei mindestens dreifach ihren Herrn und ihre Jahreslosung.<br \/>\n.<br \/>\n<strong>Erste Verleugnung:<\/strong><br \/>\nBei ihrem Aufruf, sich der Antifa anzuschlie\u00dfen, verketzert die Kirche pauschal und umfassend die AfD. \u201eDie Politik der AfD ist mit unserem christlichen Menschenbild nicht vereinbar\u201c (Homepage Ev. Kirchenkreis an der Ruhr). Hier wird doch tats\u00e4chlich behauptet, dass die gesamte Politik der AfD unchristlich sei.<br \/>\nSchauen wir in das Grundsatzprogramm der AfD. Da wird auf den ersten Seiten mehr <a title=\"Demokratie\" href=\"https:\/\/www.freiburg-schwarzwald.de\/blog\/engagement\/zukunft\/demokratie\/\">Demokratie<\/a> gefordert: Mehr <a title=\"Direkte-Demokratie\" href=\"https:\/\/www.freiburg-schwarzwald.de\/blog\/engagement\/zukunft\/demokratie\/direkte-demokratie\/\">Volksabstimmungen<\/a> in wichtigen politischen Fragen; auch soll der Bundespr\u00e4sident vom Volk gew\u00e4hlt werden. Und das soll mit dem christlichen Menschenbild nicht vereinbar sein? Ich brauche gar nicht mehr weiter im Grundsatzprogramm der AfD zu lesen, denn allein schon mit diesem einzigen Gegenbeispiel wird deutlich: Die Kirche hat mit ihrer umfassenden populistischen Verketzerung der AfD nach dem Motto gehandelt: \u201eSuche die Unfairness und jage ihr nach.\u201c<br \/>\n.<br \/>\n<strong>Zweite Verleugnung:<\/strong><br \/>\nAm Abend des B\u00fcrgerdialogs stehe ich mit einem Pfarrkollegen vor der Stadthalle, dem Ort des Geschehens. Da kommt auch schon der gro\u00dfe \u201eantifaschistische\u201c und kirchenoffiziell unterst\u00fctzte Zug der Gegendemonstration (2.500 Personen) und darf in Ber\u00fchrungsweite an die Besucher der AfD-Veranstaltung heranr\u00fccken.<br \/>\nIch muss mit Entsetzen feststellen: Ich habe in meinem Leben noch nie so viel offenen und massenhaften Hass erlebt, wie in dieser Situation. Jetzt verstehe ich, warum 100 Polizisten uns 200 Besucher des B\u00fcrgerdialogs besch\u00fctzen m\u00fcssen. Und die Kirche als spiritueller Bettvorleger mittendrin im Hass, im Schreien, im Trillerpfeifenget\u00f6se; mittendrin in der f\u00fcnfst\u00fcndigen \u201eNazi-raus-Trance\u201c. Die Kirche hat nach dem Motto gehandelt: \u201eSuche den Hass und jage ihm nach.\u201c<br \/>\n.<br \/>\n<strong>Dritte Verleugnung:<\/strong><br \/>\nDie Bewegung \u201eM\u00fclheim stellt sich quer\u201c \u00fcbt an diesem Abend Gewalt aus. Da wird mit Gewalt der Zugang zum Parkplatz der Stadthalle blockiert, damit die B\u00fcrger erst gar nicht den \u201eb\u00f6sen Dialog\u201c erreichen k\u00f6nnen. Und leider war auch der eigentliche B\u00fcrgerdialog in der Stadthalle voller Gewalt. Alle 5-10 Minuten hat die Antifa kleine Alarmsirenen unter die Besucher geworfen. Das hat mit gut \u00fcber 100 dB einen H\u00f6llenl\u00e4rm gemacht. Und diese ohrenverletzenden Teile sind gar nicht so leicht auszuschalten. Der \u201eKampf gegen Rechts\u201c heiligt alle Mittel und seien sie noch so unmenschlich und grundgesetzwidrig.<br \/>\n.<br \/>\nWie gro\u00df muss die politische Unzufriedenheit in unserem Land sein, dass die Besucher im Raum sich von all diesen Schikanen der Gegenbewegung nicht abschrecken lassen?! Und wie blind muss eine Ev. Kirche sein, sich mit diesen gewaltt\u00e4tigen Gruppen zu solidarisieren. Als ob ihre Jahreslosung lauten w\u00fcrde: \u201eSuche Gewalt und jage ihr nach!\u201c<br \/>\n.<br \/>\n<strong>Happy End?<\/strong><br \/>\nBei der Verleugnung des Petrus geht es in der Bibel folgenderma\u00dfen weiter: \u201eUnd alsbald kr\u00e4hte der Hahn, da gedachte Petrus der Worte Jesu \u2026. Und er fing an zu weinen.\u201c Und \u00fcber den Weg der Bu\u00dfe und der Vers\u00f6hnung wird Petrus zu einem Fels der Kirche.<br \/>\n.<br \/>\nWie geht es in M\u00fclheim mit der Kirche weiter nach dem Abend des B\u00fcrgerdialogs?<br \/>\n\u201eUnd alsbald kr\u00e4hte der Hahn. Und die Kirche klopfte sich stolz auf die Schulter, wie tapfer (!) sie am Vorabend ein positives (!) Zeichen gesetzt hat, als die Rechten aufmarschiert (!) sind.\u201c Auch in der \u00d6ffentlichkeit wird die Kirche gelobt: \u201eDie evangelische und katholische Kirche in M\u00fclheim haben bei der Anti-AfD-Kundgebung viele Menschen mobilisiert \u2013 das ist auch der Eindruck der Organisatoren\u201c (WAZ, 31.10.2019).<br \/>\nJa, ich muss zugeben. Die ev. Kirche hat ihre Aufgabe als spiritueller Bettvorleger f\u00fcr die ach-so-gute Mehrheit prima erf\u00fcllt. Doch wann erinnert sie sich an die Worte ihres Herrn: \u201eSuche Frieden und jage ihm nach\u201c? (Psalm 34,15)<br \/>\n&#8230; Alles vom 3.11.2019 bitte lesen auf<br \/>\n<a href=\"https:\/\/vera-lengsfeld.de\/2019\/11\/03\/kirche-als-spiritueller-bettvorleger-der-antifa\/\">https:\/\/vera-lengsfeld.de\/2019\/11\/03\/kirche-als-spiritueller-bettvorleger-der-antifa\/<\/a><\/p>\n<p>&nbsp;<\/p>\n","protected":false},"excerpt":{"rendered":"<p>Zur Trennung von Kirche und Staat: Es tat noch nie gut in der deutschen Geschichte, wenn sich die christlichen Kirchen mit politischen Parteien bzw. der Regierung gemein gemacht haben. In den fr\u00fchen 50er Jahren beendete unser Pfarrer seine Predigt mit &hellip; <a href=\"https:\/\/www.freiburg-schwarzwald.de\/blog\/seelsorge-aufgabe-der-kirche\/\">Weiterlesen <span class=\"meta-nav\">&rarr;<\/span><\/a><\/p>\n","protected":false},"author":2,"featured_media":0,"comment_status":"open","ping_status":"closed","sticky":false,"template":"","format":"standard","meta":{"footnotes":""},"categories":[198,36,89,13,157,19,171],"tags":[150,281,633,503,626,525,631],"class_list":["post-75695","post","type-post","status-publish","format-standard","hentry","category-diakonie","category-engagement","category-kirchen","category-kultur","category-oeffentlicher-raum","category-religion","category-verbraucher","tag-buergerbegehren","tag-burgerinitiativen","tag-demokratie","tag-church","tag-partei","tag-politik","tag-staat"],"_links":{"self":[{"href":"https:\/\/www.freiburg-schwarzwald.de\/blog\/wp-json\/wp\/v2\/posts\/75695","targetHints":{"allow":["GET"]}}],"collection":[{"href":"https:\/\/www.freiburg-schwarzwald.de\/blog\/wp-json\/wp\/v2\/posts"}],"about":[{"href":"https:\/\/www.freiburg-schwarzwald.de\/blog\/wp-json\/wp\/v2\/types\/post"}],"author":[{"embeddable":true,"href":"https:\/\/www.freiburg-schwarzwald.de\/blog\/wp-json\/wp\/v2\/users\/2"}],"replies":[{"embeddable":true,"href":"https:\/\/www.freiburg-schwarzwald.de\/blog\/wp-json\/wp\/v2\/comments?post=75695"}],"version-history":[{"count":0,"href":"https:\/\/www.freiburg-schwarzwald.de\/blog\/wp-json\/wp\/v2\/posts\/75695\/revisions"}],"wp:attachment":[{"href":"https:\/\/www.freiburg-schwarzwald.de\/blog\/wp-json\/wp\/v2\/media?parent=75695"}],"wp:term":[{"taxonomy":"category","embeddable":true,"href":"https:\/\/www.freiburg-schwarzwald.de\/blog\/wp-json\/wp\/v2\/categories?post=75695"},{"taxonomy":"post_tag","embeddable":true,"href":"https:\/\/www.freiburg-schwarzwald.de\/blog\/wp-json\/wp\/v2\/tags?post=75695"}],"curies":[{"name":"wp","href":"https:\/\/api.w.org\/{rel}","templated":true}]}}