{"id":75576,"date":"2019-10-31T15:42:37","date_gmt":"2019-10-31T14:42:37","guid":{"rendered":"https:\/\/www.freiburg-schwarzwald.de\/blog\/?p=75576"},"modified":"2019-10-31T15:42:37","modified_gmt":"2019-10-31T14:42:37","slug":"kinderarbeit-in-afrika-handy","status":"publish","type":"post","link":"https:\/\/www.freiburg-schwarzwald.de\/blog\/kinderarbeit-in-afrika-handy\/","title":{"rendered":"Kinderarbeit in Afrika &#8211; Handy"},"content":{"rendered":"<p>In der Demokratischen Republik <a title=\"Afrika-Exodus\" href=\"https:\/\/www.freiburg-schwarzwald.de\/blog\/global\/afrika\/afrika-exodus\/\">Kongo<\/a> werden <a title=\"Kinder\" href=\"https:\/\/www.freiburg-schwarzwald.de\/blog\/selbsthilfe\/kinder\/\">Kinder<\/a> im Alter <a title=\"Kids\" href=\"https:\/\/www.freiburg-schwarzwald.de\/blog\/selbsthilfe\/kinder\/kids\/\">ab vier Jahren<\/a> ausgebeutet, um mit blo\u00dfen H\u00e4nden Kobalt f\u00fcr unsere <a title=\"E-Mobil\" href=\"https:\/\/www.freiburg-schwarzwald.de\/blog\/regio\/verkehr\/e-mobil\/\">E-Mobilit\u00e4t<\/a> (<a title=\"E-Mobil\" href=\"https:\/\/www.freiburg-schwarzwald.de\/blog\/regio\/verkehr\/e-mobil\/\">E-Autos<\/a>, Akkus und\u00a0<a title=\"Smartphone\" href=\"https:\/\/www.freiburg-schwarzwald.de\/blog\/kultur\/medien\/smartphone\/\">Smartphones<\/a> zu f\u00f6rdern. So die \u201eBild-Zeitung\u201c unter Berufung auf eigene Recherchen in Kolwezi im S\u00fcden des Kongos. Der Umfang der Kinderarbeit wird zunehmen.<br \/>\n31.10.2019<!--more--><\/p>\n<p><strong>Bundesentwicklungshilfeminister Gerd M\u00fcller (CSU) forderte Stop der Kinderarbeit<\/strong><br \/>\nGleichzeitig h\u00e4tten mehrere europ\u00e4ische Unternehmen best\u00e4tigt, dass in ihren Produkten weiterhin Kobolt aus dem Kongo genutzt werden k\u00f6nnte, das durch Kinder abgebaut wird. \u201eWir k\u00f6nnen zum jetzigen Zeitpunkt nicht ausschlie\u00dfen, dass noch Kobaltmaterial aus artisanalem Abbau aus der DR Kongo in unseren Produkten enthalten ist\u201c, teilte ein Sprecher von Volkswagen der Zeitung mit. Auch BMW habe auf Anfrage mitgeteilt, dass Menschenrechtsverletzungen nicht auszuschlie\u00dfen seien. Bundesentwicklungshilfeminister Gerd M\u00fcller (CSU) forderte, dass die Kinderarbeit gestoppt werden muss.<br \/>\n<em>\u201eUnsere Handys und Computer funktionieren nur mit Kobalt aus Afrika. Es ist ein Skandal, dass allein im S\u00fcd-Kongo 40.000 in einbruchgef\u00e4hrdeten Minen ihre Gesundheit und Leben aufs Spiel setzen, nur damit die Rohstoffe am Anfang der Lieferketten m\u00f6glichst g\u00fcnstig abgebaut werden k\u00f6nnen\u201c<\/em>, sagte M\u00fcller der Zeitung.<br \/>\nIn Deutschland m\u00fcsse jedem bewusst sein: \u201e<em>Jedes Jahr ein neues Handy, immer schneller, immer billiger bedeutet Ausbeutung von Mensch und Natur in anderen Teilen der Welt. Unser Wohlstand darf nicht zu Lasten der Entwicklungsl\u00e4nder gehen\u201c, so der CSU-Politiker weiter. Als erstes m\u00fcsse ausbeuterische Kinderarbeit gestoppt werden. \u201eEs ist doch unglaublich, dass im Jahr 2019 immer noch 150 Millionen Kinder arbeiten m\u00fcssen \u2013 das ist fast jedes zehnte Kind. Als deutscher Entwicklungsminister k\u00e4mpfe ich gegen diese Ungerechtigkeit\u201c<\/em>, sagte M\u00fcller der \u201eBild-Zeitung\u201c. (dts)<br \/>\n&#8230;. Alles vom 28.102019 bitte lesen auf <a href=\"https:\/\/www.bild.de\/politik\/kolumnen\/kolumne\/kommentar-blut-klebt-an-unseren-akkus-65692584.bild.html\">https:\/\/www.bild.de\/politik\/kolumnen\/kolumne\/kommentar-blut-klebt-an-unseren-akkus-65692584.bild.html<\/a><\/p>\n<p><strong>Kinderarbeit im Kongo<\/strong><br \/>\nFast alle gro\u00dfen Technik-Konzerne weltweit beziehen Rohstoffe aus der Demokratischen Republik Kongo. Sie sind angewiesen auf ein Mineral, dass in Lithium-Ionen-Akkus zwingend notwendig ist: Kobalt.<br \/>\nTrotz der immensen Bodensch\u00e4tze kommt vom Reichtum fast nichts bei den einfachen Leuten an. Sie m\u00fcssen in ihren Hinterh\u00f6fen bis zu 100 Meter tiefe Gruben buddeln, um wenigstens einmal am Tag etwas zu essen zu haben. Und Kinder helfen.<br \/>\n<a href=\"https:\/\/www.bild.de\/bild-plus\/news\/ausland\/news-ausland\/kinderarbeit-im-kongo-fuer-unsere-e-autos-muss-caleb-8-schuften-65646914,view=conversionToLogin.bild.html\">https:\/\/www.bild.de\/bild-plus\/news\/ausland\/news-ausland\/kinderarbeit-im-kongo-fuer-unsere-e-autos-muss-caleb-8-schuften-65646914,view=conversionToLogin.bild.html<\/a><br \/>\n.<br \/>\n<strong>Kongo: 4-J\u00e4hrige setzen f\u00fcr E-Autos Leben aufs Spiel \u2013 M\u00fcller fordert Konsequenzen<\/strong><br \/>\n<a href=\"https:\/\/www.epochtimes.de\/technik\/kongo-4-jaehrige-setzen-fuer-e-autos-leben-aufs-spiel-mueller-fordert-konsequenzen-a3049181.html\">https:\/\/www.epochtimes.de\/technik\/kongo-4-jaehrige-setzen-fuer-e-autos-leben-aufs-spiel-mueller-fordert-konsequenzen-a3049181.html<\/a><\/p>\n<p>Kommentare:<br \/>\n.<br \/>\n<strong>&#8230; es ist eine Schande<\/strong><br \/>\nHier f\u00fcr Umweltschutz und gegen Klimawandel protestieren und daf\u00fcr sogar die Schule schw\u00e4nzen (<a title=\"FridaysForFuture\" href=\"https:\/\/www.freiburg-schwarzwald.de\/blog\/natur\/klima\/fridaysforfuture\/\">Fridays for Future<\/a>). Woher die Rohstoffe f\u00fcr diesen Schutz kommen und unter welchen Bedingungen sie produziert werden, das interessiert keinen. Sch\u00e4big ist das. &#8230;<br \/>\nDas mit dem &#8220; Kobolt&#8220; haben weder Annalena noch Merkel als Physikerin kapiert. Anschliessend l\u00e4sst man dann die afrikanische Bev\u00f6lkerung hier einmarschieren, weil man das schlechte Gewissen erleichtern muss? Es ist einfach eine Schande, wie solche Dummk\u00f6pfe ein Land ungestraft zugrunde richten d\u00fcrfen und gleichzeitig t\u00e4glich Moral heucheln. Wann werden endlich Politiker f\u00fcr ihre Verbrechen zur Verantwortung gezogen ?<br \/>\n3010.2019, R.H.<br \/>\n.<br \/>\n<strong>&#8230; wir kaufen doch so gerne chinesische Tablets<\/strong><br \/>\nDas weitaus gr\u00f6\u00dfte Anteil des durch Kindersklaven im Kongo abgebauten Kobalts geht an chinesische Hersteller von Smartphones, Tablets, Digitalkameras und anderer &#8222;Devices&#8220; &#8211; nur dar\u00fcber regt sich keiner auf!<br \/>\n30.10.2019, p.F.<br \/>\n.<br \/>\n<strong>Alle MdBs in den Kongo<\/strong><br \/>\nEin nicht politisch-korrekter Vorschlag: ALLE Mitglieder des Deutschen Bundestages, die sich f\u00fcr die E-Mobilit\u00e4t ausgesprochen haben und t\u00e4glich mit den neuesten Handy am daddeln sind, f\u00fcr 2 Monate auf die kongolesischen M\u00fcllberge in Urlaub schicken. Erfahrung ist der beste Lehrmeister!!<br \/>\n30.10.2019, H.H., ETO<br \/>\n.<br \/>\n<strong>\u00dcberhaupt nicht mehr Auto fahren?<\/strong><br \/>\nstaatlich verordnet NUR NOCH E-Autos auf Deutschlands Stra\u00dfen fahren d\u00fcrfen, dann brauchen wir noch viel mehr Rohstoffe. Sehr viel mehr. Und dann sind es nicht nur die 4-J\u00e4hrigen, welche f\u00fcr die &#8222;gr\u00fcne Umwelt&#8220; in Deutschland ihr Leben aufs Spiel setzen. Das Geschrei wird noch gro\u00df sein von genau denen, welche jetzt E-Autos fordern. Wer ein wenig mitdenkt, der weiss, um was es den Gr\u00fcnen wirklich geht. Die wollen dass wir \u00fcberhaupt nicht mehr Auto fahren. Die wollen unserer Freiheit vollst\u00e4ndig eingeschr\u00e4nken. Die wollen uns und unser Leben vollst\u00e4ndig kontrollieren und steuern. Vielleicht haben die Th\u00fcringer schon mehr Verstand als man glaubt. Zumindest haben dort die Gr\u00fcnen nichts zu melden.<br \/>\n30.10.2019, TH62<br \/>\n.<br \/>\nNun ich pl\u00e4diere daf\u00fcr, all jene f\u00fcr ein Jahr dorthin zu schicken und auch arbeiten zu m\u00fcssen, die hier die E &#8211; Mobilit\u00e4t als Non plus Ultra hinstellen, die die dt. Wirtschaft in die Tonne treten und jeden Kritiker diffamieren und beschimpfen. Damit w\u00fcrden sie sehen, was sie da veranstalten &#8211; das n\u00e4chste sind Politiker, die sich den Forderungen von sog. Aktivisten anschlie\u00dfen &#8211; damit w\u00e4renzwei Fliegen mit einer Klappe geschlagen und hier k\u00f6nnte wieder mit Sachverstand gearbeitet werden. Das eine Wirtschaft, Produktanbieter sich so einem Hype nicht entziehen k\u00f6nnen\/wollen ist verst\u00e4ndlich, aber der Endverbraucher hat es in der Hand, doch den interessiert es schlichtweg nicht.<br \/>\n30.10.2019, L.L., ETO<\/p>\n","protected":false},"excerpt":{"rendered":"<p>In der Demokratischen Republik Kongo werden Kinder im Alter ab vier Jahren ausgebeutet, um mit blo\u00dfen H\u00e4nden Kobalt f\u00fcr unsere E-Mobilit\u00e4t (E-Autos, Akkus und\u00a0Smartphones zu f\u00f6rdern. So die \u201eBild-Zeitung\u201c unter Berufung auf eigene Recherchen in Kolwezi im S\u00fcden des Kongos. &hellip; <a href=\"https:\/\/www.freiburg-schwarzwald.de\/blog\/kinderarbeit-in-afrika-handy\/\">Weiterlesen <span class=\"meta-nav\">&rarr;<\/span><\/a><\/p>\n","protected":false},"author":2,"featured_media":0,"comment_status":"open","ping_status":"closed","sticky":false,"template":"","format":"standard","meta":{"footnotes":""},"categories":[52,14,162,61],"tags":[602,467,715,386,545],"class_list":["post-75576","post","type-post","status-publish","format-standard","hentry","category-einewelt","category-global","category-internet","category-kinder","tag-afrika","tag-handy","tag-klima","tag-smartphone","tag-www"],"_links":{"self":[{"href":"https:\/\/www.freiburg-schwarzwald.de\/blog\/wp-json\/wp\/v2\/posts\/75576","targetHints":{"allow":["GET"]}}],"collection":[{"href":"https:\/\/www.freiburg-schwarzwald.de\/blog\/wp-json\/wp\/v2\/posts"}],"about":[{"href":"https:\/\/www.freiburg-schwarzwald.de\/blog\/wp-json\/wp\/v2\/types\/post"}],"author":[{"embeddable":true,"href":"https:\/\/www.freiburg-schwarzwald.de\/blog\/wp-json\/wp\/v2\/users\/2"}],"replies":[{"embeddable":true,"href":"https:\/\/www.freiburg-schwarzwald.de\/blog\/wp-json\/wp\/v2\/comments?post=75576"}],"version-history":[{"count":0,"href":"https:\/\/www.freiburg-schwarzwald.de\/blog\/wp-json\/wp\/v2\/posts\/75576\/revisions"}],"wp:attachment":[{"href":"https:\/\/www.freiburg-schwarzwald.de\/blog\/wp-json\/wp\/v2\/media?parent=75576"}],"wp:term":[{"taxonomy":"category","embeddable":true,"href":"https:\/\/www.freiburg-schwarzwald.de\/blog\/wp-json\/wp\/v2\/categories?post=75576"},{"taxonomy":"post_tag","embeddable":true,"href":"https:\/\/www.freiburg-schwarzwald.de\/blog\/wp-json\/wp\/v2\/tags?post=75576"}],"curies":[{"name":"wp","href":"https:\/\/api.w.org\/{rel}","templated":true}]}}