{"id":75231,"date":"2019-10-15T18:04:58","date_gmt":"2019-10-15T16:04:58","guid":{"rendered":"https:\/\/www.freiburg-schwarzwald.de\/blog\/?p=75231"},"modified":"2019-10-16T21:19:20","modified_gmt":"2019-10-16T19:19:20","slug":"politisch-kontaminierte-hirse","status":"publish","type":"post","link":"https:\/\/www.freiburg-schwarzwald.de\/blog\/politisch-kontaminierte-hirse\/","title":{"rendered":"Politisch kontaminierte Hirse?"},"content":{"rendered":"<p>Eine <a title=\"Oekologie\" href=\"https:\/\/www.freiburg-schwarzwald.de\/blog\/engagement\/zukunft\/demokratie\/oekologie\/\">Biomarktkette<\/a> kann seinem Lieferanten von <a title=\"Hirse\" href=\"https:\/\/www.freiburg-schwarzwald.de\/blog\/natur\/ernaehrung\/getreide\/hirse\/\">Hirse<\/a> ohne Angabe von Gr\u00fcnden k\u00fcndigen, OK, Vertragsfreiheit in der Marktwirtschaft. Wenn sie aber als K\u00fcndigungsgrund die Mitgliedschaft in einer bestimmten <a title=\"Partei\" href=\"https:\/\/www.freiburg-schwarzwald.de\/blog\/vereine\/partei\/\">Partei<\/a> nennt und dies noch publik macht, um in Interviews dieser Partei zu schaden, dann stellt dies einen Versto\u00df gegen den Artikel 3 des <a title=\"Grundgesetz\" href=\"https:\/\/www.freiburg-schwarzwald.de\/blog\/engagement\/zukunft\/demokratie\/grundgesetz\/\">Grundgesetzes<\/a> dar:<br \/>\n<!--more--> <em>\u201eNiemand darf wegen seines Geschlechtes, seiner Abstammung, seiner Rasse, seiner Sprache, seiner Heimat und Herkunft, seines Glaubens, seiner religi\u00f6sen oder politischen Anschauungen benachteiligt oder bevorzugt werden. Niemand darf wegen seiner Behinderung benachteiligt werden.\u201c<br \/>\n<\/em>\u00a0.<br \/>\nDies gilt auch dann, wenn der Chef des Biomarktes bei den <a title=\"Gruene\" href=\"https:\/\/www.freiburg-schwarzwald.de\/blog\/vereine\/partei\/gruene\/\">Gr\u00fcnen<\/a> und der <a title=\"Muehlen\" href=\"https:\/\/www.freiburg-schwarzwald.de\/blog\/regio\/muehlen\/\">M\u00fchlenbesitzer<\/a> bei der <a title=\"AfD\" href=\"https:\/\/www.freiburg-schwarzwald.de\/blog\/vereine\/partei\/afd\/\">AfD<\/a> engagiert ist. In unserem <a title=\"Rechtsstaat\" href=\"https:\/\/www.freiburg-schwarzwald.de\/blog\/selbsthilfe\/soziales\/justiz\/rechtsstaat\/\">Rechtstaat<\/a> gilt dieser Gesetzesversto\u00df zu &#8222;politischen Anschauungen&#8220; in beiden Richtungen: So darf auch die Spreew\u00e4lder M\u00fchle die Lieferung ihrer Hirse an Biomare nicht aus dem Grund verweigern, weil dessen Chef Anh\u00e4nger von Annalena Baerbock und Robert Habeck ist.<br \/>\n.<br \/>\nNach der <a title=\"Rechtsstaat\" href=\"https:\/\/www.freiburg-schwarzwald.de\/blog\/selbsthilfe\/soziales\/justiz\/rechtsstaat\/\">rechtlichen<\/a> zur <a title=\"Medien\" href=\"https:\/\/www.freiburg-schwarzwald.de\/blog\/kultur\/medien\/\">medialen Ebene<\/a>, in der der Fall der AfD-Hirse noch delikater wird: Das <a title=\"GEZ-Medien\" href=\"https:\/\/www.freiburg-schwarzwald.de\/blog\/kultur\/medien\/gez-medien\/\">ZDF<\/a> sendete in ihrem Bericht zur AfD-Hirse ein Interview mit einer scheinbar ganz &#8222;normalen&#8220; Kundin des Biomare-Marktes, die sich sichtlich aufgebracht und vehement f\u00fcr die Entfernung der AfD-Hirse aus dem Sortiment des H\u00e4ndlers aussprach. Ein Tag nach der Sendung wurde aber \u00f6ffentlich, dass es sich um keine so &#8222;normale&#8220; Kundin handelte, sondern um die s\u00e4chsische <a title=\"Gruene\" href=\"https:\/\/www.freiburg-schwarzwald.de\/blog\/vereine\/partei\/gruene\/\">Gr\u00fcnen<\/a>-MdB Monika Lazar. Daraufhin hat das ZDF den Beitrag aus seiner Mediathek hurtig gel\u00f6scht.<br \/>\n.<br \/>\nHandelt es sich bei der AfD-Hirse nicht um eine Petitesse, \u00fcber die man scherzen oder hinwegsehen sollte? Dem gro\u00dfen <a title=\"GEZ-Medien\" href=\"https:\/\/www.freiburg-schwarzwald.de\/blog\/kultur\/medien\/gez-medien\/\">Presseecho<\/a> nach: Nein! So liest man wiederholt die Erinnerung an den furchtbaren Nazi-Slogan &#8222;Kauft nicht bei den Juden&#8220;. So sieht der <a title=\"Dresden\" href=\"https:\/\/www.freiburg-schwarzwald.de\/blog\/global\/deutschland\/dresden\/\">Dresdner<\/a> Schriftsteller <a title=\"Tellkamp \u2013 Diskussionskultur\" href=\"https:\/\/www.freiburg-schwarzwald.de\/blog\/tellkamp-diskussionskultur\/\">Uwe Tellkamp<\/a> (Der Turm) die AfD-Hirse als Indikator f\u00fcr zunehmende Illiberalit\u00e4t, &#8222;zweierlei Ma\u00df&#8220; und <a title=\"Badenweiler Literaturtage\" href=\"https:\/\/www.freiburg-schwarzwald.de\/blog\/badenweiler-literaturtage-2\/\">Gesinnungskorridore<\/a> in unserer <a title=\"Gesellschaft\" href=\"https:\/\/www.freiburg-schwarzwald.de\/blog\/global\/deutschland\/gesellschaft\/\">Gesellschaft<\/a>.<br \/>\n15.10.2019<br \/>\n.<br \/>\n<a title=\"Manipulation\" href=\"https:\/\/www.freiburg-schwarzwald.de\/blog\/kultur\/medien\/manipulation\/\">AfD-Hirse: ZDF stellt gr\u00fcne MdB als gew\u00f6hnliche Kundin dar<\/a> (15.10.2019)<br \/>\n.<\/p>\n<p><strong>ZDF l\u00f6scht Fake-Beitrag zu AfD-Hirse<\/strong><br \/>\nZuerst lie\u00df das ZDF Monika Lazar als scheinbar ganz gew\u00f6hnliche \u201eKundin\u201c als Beweis daf\u00fcr auftreten, die Kunden des Leipziger Bio-Supermarkts st\u00fcnden hinter der Entscheidung von Biomare-Gesch\u00e4ftsf\u00fchrer und Gr\u00fcnen-Mitglied Malte Reupert, die Hirse eines AfD-Politikers nicht mehr anzubieten. W\u00e4re diese Hirse noch im Sortiment gelistet, liefe sie Gefahr, diese versehentlich zu kaufen, aber \u201eAfD-Hirse\u201c wolle sie nicht essen. Was das ZDF verschwieg: Monika Lazar ist keine gew\u00f6hnliche Kundin, sondern s\u00e4chsische Bundestagsabgeordnete der Gr\u00fcnen und als solche der f\u00fchrende Kopf der Gr\u00fcnen im \u201eKampf gegen Rechts\u201d.<br \/>\n&#8230;. Alles vom 15.10.2019 bitte lesen auf<br \/>\n<a href=\"https:\/\/www.tichyseinblick.de\/feuilleton\/medien\/zdf-loescht-beitrag-verschaemt-lautlos\/\">https:\/\/www.tichyseinblick.de\/feuilleton\/medien\/zdf-loescht-beitrag-verschaemt-lautlos\/<\/a><br \/>\n.<br \/>\nEinige Kommentare;<br \/>\n<strong>&#8222;Den Klimawandel zu leugnen, ist keine Meinungs\u00e4u\u00dferung, sondern eine L\u00fcge\u201c<\/strong>,<br \/>\nso der Bio-Unternehmer Malte Reupert in einem Gespr\u00e4ch mit dem Handelsblatt. Diese \u00c4u\u00dferung d\u00fcrfte an Dummheit und Arroganz wohl kaum zu \u00fcberbieten sein. Im Klartext: \u201cWas Meinungsfreiheit ist bestimmen wir!\u201c<br \/>\nDass die Leipziger Links-Gr\u00fcne Szene nicht unbedingt die hellsten Kerzen auf der Torte sind, ist ja bereits hinsichtlich erwiesen, aber diese Anma\u00dfung hat schon ein ganz besonderes \u201eGeschm\u00e4ckle.\u201c Frei nach Brecht: Der Scho\u00df ist fruchtbar noch, aus dem das kroch\u2026\u2026<br \/>\n15.10.2019, E.K., TO<br \/>\n.<br \/>\n<strong>ARD bis ZDF mit den \u201eGr\u00fcnen\u201c verzahnt<\/strong><br \/>\nDie Aufdeckung der Manipulation des ZDF in diesem Fall beweist einmal mehr, wie eng verzahnt ARD bis ZDF mittlerweile mit den \u201eGr\u00fcnen\u201c sind und damit vors\u00e4tzlich gegen den Rundfunkstaatsvertrag verstossen. Obwohl die \u201eGr\u00fcnen\u201c die kleinste Oppositionpartei sind, bekommen sie im Vergleich zum Oppositionsf\u00fchrer ein Vielfaches der Sendezeit zur Selbstdarstellung gewidmet, was bei Talk-Shows besonders auff\u00e4llig ist. Die \u201eGr\u00fcnen\u201c sehen den Staatsfunk mittlerweile als ihren Haussender an und verhalten sich auch entsprechend, wie zuletzt deren Emp\u00f6rung nach dem Interview des ZDF mit Meuthen zu Halle gezeigt hat.<br \/>\n15.10.2019, San, TO<br \/>\n.<br \/>\n<strong>\u201eDer Schwarze Kanal\u201c ?<\/strong><br \/>\nJa, er ist wieder da: \u201eDer Schwarze Kanal\u201c, nur viel radikaler aber daf\u00fcr um so mehr geheuchelt, viel ideologisierter und um so mehr verlogen, wie es sich ein Eduard von Schnitzler (uns Sudel Ede) je h\u00e4tte pr\u00e4sentieren k\u00f6nnen. Und das Ekel Paket auch noch zum Vorzugspreis von 17,50 Netto als Zwangsgeb\u00fchr. So unverfroren widerlich waren selbst Sudels Mitstreiter nicht. Erstaunlich auch, wie viele Sudel Enkel sich inzwischen in all den Kan\u00e4len tummeln, manch eine hat ihr Handwerk noch an der Karl Marx Uni zu Leipzig \u2013 DDR Sprech: \u201eRotes Kloster\u201c erworben, Qualit\u00e4t setzt sich wohl hier auch durch.<br \/>\n15.10.2019, 89-e, TO<br \/>\n.<br \/>\n<strong>GEZ-Geb\u00fchren als Wahlkampfspende f\u00fcr die Gr\u00fcnen absetzbar?<\/strong><br \/>\nDie Unterst\u00fctzung der durch Zwangsgeb\u00fchren finanzierten \u00d6R-Sender f\u00fcr die Gr\u00fcnen ist nicht nur bei diesem Betrag erkennbar. Man kann zwischenzeitlich die GEZ-Geb\u00fchren als Wahlkampfspende f\u00fcr die Gr\u00fcnen sehen, ohne das man sie absetzen kann.<br \/>\n15.10.2019, Stn<br \/>\n.<br \/>\n<strong>Leute wie Du und ich &#8211; oder doch nicht?<\/strong><br \/>\nTypisch \u00d6R! In die Polit-Talkrunden sind auch schon oft \u201eLeute wie Du und ich\u201c eingeladen und als Gymnasiasten, Hausfrauen u.\u00e4. vorgestellt worden. Googelte man dann die betreffende Person, ergab sich ein ganz anderes Bild (z.B. Jakob Blasel bei Hart aber Fair im Februar \u2013 nicht nur Sch\u00fcler aus Kiel, sondern auch im Vorstand der Gr\u00fcnen Jugend Kiel und f\u00fchrender Kopf des deutschen Ablegers von FFF). Wenn das keine Beeinflussung ist, dann wei\u00df ich auch nicht mehr\u2026.<br \/>\n15.10.2019, Rem<br \/>\n.<br \/>\n.<br \/>\n<strong>Aber bitte ohne AfD-Hirse<\/strong><br \/>\nUnd so k\u00fcndigt Reupert (Chef des Leipziger Bio-Marktes Biomare) dem Hirse-M\u00fcller (Chef der Spreewalder Hirsem\u00fchle) mit AfD-Parteibuch per Email die Vertr\u00e4ge. Woher wir das wissen? Der Bio-Marktler stellt den Emailverkehr kurzerhand ins Internet, weil er so \u00fcberzeugt davon ist, dass er es dem Hirse-Spreew\u00e4lder mal so richtig eingeschenkt hat im Kampf gegen Rechts: \u201eMit Ihrer Mitgliedschaft in der AfD geben Sie ein klares politisches und menschliches Statement ab. Sie stellen sich damit gegen die wichtigsten Ziele von Biomare. Sie machen sich selbst als \u00f6kologischer Unternehmer h\u00f6chst unglaubw\u00fcrdig. Dies macht uns eine weitere Zusammenarbeit mit Ihnen unm\u00f6glich. Wir listen daher Ihre Produkte aus unserem Sortiment aus. &#8230;&#8220;<br \/>\nWohlgemerkt, es geht um Hirse. Um ein Getreide. Und das ist jetzt im Regal untragbar geworden, weil es von einem AfD-Kreisvorstand produziert und also politisch kontaminiert wird. Weil der Anbau und die Verarbeitung von Hirse \u00f6kologisch \u201eh\u00f6chst unglaubw\u00fcrdig\u201c ist, wenn man der AfD zugetan ist. Einer omni\u00f6sen Transparenz geschuldet, geh\u00f6rt so eine d\u00fcstere Entdeckung selbstredend dann auch an den Bio-Pranger.<br \/>\n&#8230;.<br \/>\nSo betrachtet muss dieser antidemokratische, dieser denunziatorische, dieser diffamierende wie diskreditierende Akt des Leipziger Bio-Marxisten in eine Reihe gestellt werden mit beispielsweise<br \/>\nder Ausladung von AfD-Politikern vom evangelischen Kirchentag und der gleichzeitigen Stigmatisierung als \u201eGottlose\u201c ,<br \/>\nder Entschuldigung der ZEIT f\u00fcr einen Artikel einer Autorin, die es gewagt hatte, die so genannte Seenotrettung kritisch zu beschreiben \u2013<br \/>\nund der Entlassung des Chefs der Filmf\u00f6rderung Hessen, weil der mit einem AfD-Politiker Mittag gegessen hatte.<br \/>\n.<br \/>\nNur drei Beispiele von vielen, die Spuren hinterlassen. Die in Summe in eine Richtung weisen, die sich von der Demokratie, wie wir sie kannten, entfernt. Hin\u00fcber zu einer Art \u00d6ko-Demokratie, wie sie uns TE-Autor Klaus-R\u00fcdiger Mai gerade dankenswerterweise so klug als Dystopie dechiffriert hat.<br \/>\n&#8230; Alles vom 5.10.2019 von Alexaner Wallasch bitt lsen auf<br \/>\n<a href=\"https:\/\/www.tichyseinblick.de\/kolumnen\/alexander-wallasch-heute\/aber-bitte-ohne-afd-hirse\/\">https:\/\/www.tichyseinblick.de\/kolumnen\/alexander-wallasch-heute\/aber-bitte-ohne-afd-hirse\/<\/a><\/p>\n<p>&nbsp;<\/p>\n<p>.<\/p>\n<p><strong>Das ZDF und die L\u00fcgenlawine<\/strong><br \/>\n<em>Gr\u00fcner mit \u00d6ko-Kette listet Hirse aus, weil Bauer falsches Parteibuch hat \u2013 ZDF verkauft Gr\u00fcnen-MdB als \u00bbKundin\u00ab, die sich vor \u00bbAfD-Hirse\u00ab ekelt \u2013 und wird dabei erwischt, haha! Es ist hochnotpeinlich, ja, aber nicht denen.<\/em><br \/>\n&#8230;.<br \/>\nDank Social Media und freier Medien wurde bald publik, dass die angebliche \u00bbKundin\u00ab, die sich so vor der Unreinheit der \u00bbAfD-Hirse\u00ab zu ekeln scheint, in Wahrheit eine Bundestagsabgeordnete der Gr\u00fcnen ist \u2013 man k\u00f6nnte sie eine linksgr\u00fcne 150-Prozentige nennen, mit strammer Haltung im \u00bbKampf gegen Rechts\u00ab, wohl mit Sympathien f\u00fcr die Ex-Stasi-Stiftung, im hei\u00dfen Kampf gegen \u00bbHate Speech\u00ab et cetera (siehe etwa monika-lazar.de, 3.3.2016).<br \/>\n<a href=\"https:\/\/www.monika-lazar.de\/im-parlament\/anfragen\/anfragen-detailansicht\/massnahmen-von-bundesregierung-und-unternehmen-gegen-hassreden-hate-speech-und-weitere-strafbare-meinungsaeusserungen-im-internet\/\">https:\/\/www.monika-lazar.de\/im-parlament\/anfragen\/anfragen-detailansicht\/massnahmen-von-bundesregierung-und-unternehmen-gegen-hassreden-hate-speech-und-weitere-strafbare-meinungsaeusserungen-im-internet\/<\/a><br \/>\nIm Staatsfunk wird sie eben als die von der AfD-Hirse angeekelte \u00bbKundin\u00ab verkauft. Nachdem man in den Sozialen sowie Freien Medien von der Fake-Kundin h\u00f6rte, nahm das ZDF den Beitrag erst still und heimlich offline, um ihn etwa einen Tag sp\u00e4ter wieder mit einer kleinen \u00c4nderung hochzuladen.<br \/>\nDer Inhalt ist wohl derselbe, doch bei Lazar steht jetzt \u00bbBundestagsabgeordnete\u00ab drunter und die Partei neben dem Namen. \u2013 Ein Zyniker w\u00fcrde eine perfide Strategie vermuten: Zur besten Sendezeit propagandistisch mit der Wahrheit jonglieren, und wenn man erwischt wird, es aber die breite Masse nicht mehr interessiert, kurz kommentarlos l\u00f6schen und das kleinste m\u00f6gliche Detail korrigieren.<br \/>\nAuch bei der \u00bbkorrigierten\u00ab Version wird nat\u00fcrlich weiterhin nicht erw\u00e4hnt, dass auch der b\u00e4rtige Biomarkt-Chef, der im Bericht so auffallend gut wegkommt, ein Gr\u00fcnen-Politiker ist \u2013 es w\u00e4re eh egal, gesendet ist gesendet (siehe etwa tichyseinblick,de, 15.10.2019).<br \/>\n<a href=\"https:\/\/www.tichyseinblick.de\/feuilleton\/medien\/zdf-loescht-beitrag-verschaemt-lautlos\/\">https:\/\/www.tichyseinblick.de\/feuilleton\/medien\/zdf-loescht-beitrag-verschaemt-lautlos\/<br \/>\n<\/a>\u00a0.<br \/>\n&#8230;. Alles vom 16.10.2019 von Dushan Wegner bitte lesen auf<br \/>\n<a href=\"https:\/\/dushanwegner.com\/luegenlawine\/\">https:\/\/dushanwegner.com\/luegenlawine\/<\/a><\/p>\n","protected":false},"excerpt":{"rendered":"<p>Eine Biomarktkette kann seinem Lieferanten von Hirse ohne Angabe von Gr\u00fcnden k\u00fcndigen, OK, Vertragsfreiheit in der Marktwirtschaft. Wenn sie aber als K\u00fcndigungsgrund die Mitgliedschaft in einer bestimmten Partei nennt und dies noch publik macht, um in Interviews dieser Partei zu &hellip; <a href=\"https:\/\/www.freiburg-schwarzwald.de\/blog\/politisch-kontaminierte-hirse\/\">Weiterlesen <span class=\"meta-nav\">&rarr;<\/span><\/a><\/p>\n","protected":false},"author":2,"featured_media":0,"comment_status":"open","ping_status":"closed","sticky":false,"template":"","format":"standard","meta":{"footnotes":""},"categories":[154,53,23,162,80,12,171,172],"tags":[360,633,431,549,87,653,626,525],"class_list":["post-75231","post","type-post","status-publish","format-standard","hentry","category-ernaehrung","category-fairerhandel","category-handel","category-internet","category-medien","category-natur","category-verbraucher","category-zukunft","tag-bio","tag-demokratie","tag-gerecht","tag-gesetz","tag-lokal-handeln","tag-oeko","tag-partei","tag-politik"],"_links":{"self":[{"href":"https:\/\/www.freiburg-schwarzwald.de\/blog\/wp-json\/wp\/v2\/posts\/75231","targetHints":{"allow":["GET"]}}],"collection":[{"href":"https:\/\/www.freiburg-schwarzwald.de\/blog\/wp-json\/wp\/v2\/posts"}],"about":[{"href":"https:\/\/www.freiburg-schwarzwald.de\/blog\/wp-json\/wp\/v2\/types\/post"}],"author":[{"embeddable":true,"href":"https:\/\/www.freiburg-schwarzwald.de\/blog\/wp-json\/wp\/v2\/users\/2"}],"replies":[{"embeddable":true,"href":"https:\/\/www.freiburg-schwarzwald.de\/blog\/wp-json\/wp\/v2\/comments?post=75231"}],"version-history":[{"count":0,"href":"https:\/\/www.freiburg-schwarzwald.de\/blog\/wp-json\/wp\/v2\/posts\/75231\/revisions"}],"wp:attachment":[{"href":"https:\/\/www.freiburg-schwarzwald.de\/blog\/wp-json\/wp\/v2\/media?parent=75231"}],"wp:term":[{"taxonomy":"category","embeddable":true,"href":"https:\/\/www.freiburg-schwarzwald.de\/blog\/wp-json\/wp\/v2\/categories?post=75231"},{"taxonomy":"post_tag","embeddable":true,"href":"https:\/\/www.freiburg-schwarzwald.de\/blog\/wp-json\/wp\/v2\/tags?post=75231"}],"curies":[{"name":"wp","href":"https:\/\/api.w.org\/{rel}","templated":true}]}}