{"id":74935,"date":"2019-09-17T17:54:57","date_gmt":"2019-09-17T15:54:57","guid":{"rendered":"https:\/\/www.freiburg-schwarzwald.de\/blog\/?p=74935"},"modified":"2019-09-27T18:09:11","modified_gmt":"2019-09-27T16:09:11","slug":"gewalt-ab-dem-ersten-schultag","status":"publish","type":"post","link":"https:\/\/www.freiburg-schwarzwald.de\/blog\/gewalt-ab-dem-ersten-schultag\/","title":{"rendered":"Gewalt ab dem ersten Schultag"},"content":{"rendered":"<p>18 Streifenwagen der <a title=\"Polizei\" href=\"https:\/\/www.freiburg-schwarzwald.de\/blog\/selbsthilfe\/soziales\/justiz\/polizei\/\">Polizei<\/a>, eine handfeste Schl\u00e4gerei unter <a title=\"Migration-Maenner\" href=\"https:\/\/www.freiburg-schwarzwald.de\/blog\/global\/migration\/migration-maenner\/\">Deutsch-Irakern<\/a>, eine Stichwunde aufgrund einer <a title=\"Messerstecher\" href=\"https:\/\/www.freiburg-schwarzwald.de\/blog\/selbsthilfe\/soziales\/justiz\/messerstecher\/\">Messerattacke<\/a> und der massive Einsatz von Pfefferspray. Was auf den ersten Blick so aussieht wie ein Gro\u00dfeinsatz der GSG 9, ist in Wirklichkeit die <a title=\"Schulen \u2013 Unruhe statt Bildung\" href=\"https:\/\/www.freiburg-schwarzwald.de\/blog\/schulen-unruhe-statt-bildung\/\">Einschulung<\/a> von <a title=\"Grundschule\" href=\"https:\/\/www.freiburg-schwarzwald.de\/blog\/bildung\/schulen\/grundschule\/\">Erstkl\u00e4sslern<\/a> in Deutschland am 14.92019, genauer in Heidelberg.<br \/>\nKein Aufschrei. Kein Protest. <!--more--><br \/>\n.<br \/>\nSind uns unsere Erstkl\u00e4ssler inzwischen so gleichg\u00fcltig? Mu\u00df wieder die <a title=\"Einzelfall\" href=\"https:\/\/www.freiburg-schwarzwald.de\/blog\/selbsthilfe\/soziales\/justiz\/einzelfall\/\">Einzelfall<\/a>-L\u00fcge herhalten? Ist es nicht ein Fortschritt (Sicherheit, friedliches Schulklima), wenn der erste Schultag der Grundsch\u00fcler stets unter Polizeiaufsicht stattfinden wird? F\u00fcr eine tolerante Schule!<br \/>\n17.9.2019<\/p>\n<p><strong>POL-MA: Heidelberg-Emmertsgrund: Auseinandersetzung zwischen zwei Familien bei Einschulungs-veranstaltung, Einsatz von 18 Funkwagenbesatzungen, eine Polizeibeamtin durch Messerstich leicht verletzt.<\/strong><br \/>\nAm Freitagvormittag fand an einer Grundschule im Stadtteil Emmertsgrund eine Einschulungsfeier der Erstkl\u00e4ssler statt. Eine Vielzahl der anwesenden Eltern, Verwandten, Bekannten und Kindern sollten jedoch nicht nur den besonderen Tag ihrer Einschulung ihrer Spr\u00f6sslinge feiern, sondern auch Zeuge werden, wie sich Erwachsene untereinander zivilisiert verhalten k\u00f6nnen. Im Rahmen der Feierlichkeiten befanden sich gegen 11.40 Uhr zahlreiche Elternteile auf dem Vorplatz der Schule, w\u00e4hrend sich die Erstkl\u00e4ssler sowie weitere Schulklassen in ihren Klassenzimmern befanden. Als ein 35-j\u00e4hriger deutsch-irakischer Kindsvater sich den Feierlichkeiten hinzugesellte, kam es zwischen ihm und der von ihm getrennt lebenden 26-j\u00e4hrigen deutsch-irakischen Kindsmutter zun\u00e4chst zu verbalen Auseinandersetzung. Als sich eine 33-j\u00e4hrige Verwandte der Kindsmutter in den Streit einmischte, soll der 35-J\u00e4hrige diese k\u00f6rperlich angegangen haben. Hierauf wurde die Polizei verst\u00e4ndigt, eine Streifenwagenbesatzung traf kurze Zeit sp\u00e4ter ein. W\u00e4hrend die Beamten den Sachverhalt abkl\u00e4rten, kam pl\u00f6tzlich weitere Familienangeh\u00f6rige beider Parteien hinzu. F\u00fcnf m\u00e4nnliche Personen griffen den 35-J\u00e4hrige trotz Pr\u00e4senz der Polizei an und traktierten diesen mit Schl\u00e4gen und Tritten. Nachdem der 35-J\u00e4hrige zu Boden gegangen war, trat insbesondere ein 37-j\u00e4hriger Mann gegen den Kopf des am Boden liegenden Mannes.<br \/>\nEine Polizeibeamtin eilte hinzu und wollte den 35-J\u00e4hrigen von seinen Angreifern wegziehen. Hierbei stach der 35-J\u00e4hrige mit einem kleinen Messer, die von hinten an ihm ziehende Polizeibeamtin in den Oberschenkel. Offenbar konnte der 35-J\u00e4hrige zu diesem Zeitpunkt nicht erkennen, dass eine Polizeibeamtin hinter ihm stand und ihm helfen wollte. Die Polizeibeamtin zog sich eine oberfl\u00e4chige Stichwunde zu. Die Beamtin musste in der Folge mit einem Rettungswagen in einen Krankenhaus gefahren werden. Sie wurde leicht verletzt, konnte ihren Dienst jedoch nicht fortsetzen.<br \/>\nAngeh\u00f6rige des Kindsvaters und der Kindsmutter gerieten im weiteren Verlauf aneinander, so dass insgesamt 18 Funkwagenbesatzungen aus dem Pr\u00e4sidialbereich zusammengezogen wurden. Die eingesetzten Einsatzkr\u00e4fte setzten zur Lagebereinigung Pfefferspray ein und mussten bei den vorl\u00e4ufigen Festnahmen k\u00f6rperliche Gewalt gegen die Personen anwenden. Gegen Einzelne, nicht unmittelbar handgreiflich Beteiligte wurden Platzverweise erteilt. Insgesamt wurden drei M\u00e4nner vorl\u00e4ufig festgenommen und nach Abschluss aller polizeilichen Ma\u00dfnahmen wieder auf freien Fu\u00df gesetzt.<br \/>\nDer Schulleitung wurden f\u00fcr die Folgewoche entsprechende Betreuungsangebote f\u00fcr ihre Schulkinder durch speziell geschulte Beamte des Polizeirevier Heidelberg-S\u00fcd angeboten. Der Polizeiposten Emmertsgrund ermittelt nun u.a. wegen K\u00f6rperverletzung, gef\u00e4hrlicher K\u00f6rperverletzung und t\u00e4tlichen Angriff gegen Polizeibeamte.<br \/>\nR\u00fcckfragen bitte an:<br \/>\nPolizeipr\u00e4sidium Mannheim, Stabsstelle \u00d6ffentlichkeitsarbeit<br \/>\nChristoph Kunkel, Telefon: 0621 174-1104<br \/>\nE-Mail: mannheim.pp.stab.oe@polizei.bwl.de<br \/>\n<a href=\"https:\/\/www.polizei-bw.de\/\">https:\/\/www.polizei-bw.de\/<br \/>\n<\/a>.<br \/>\n<a href=\"https:\/\/www.presseportal.de\/blaulicht\/pm\/14915\/4375069\">https:\/\/www.presseportal.de\/blaulicht\/pm\/14915\/4375069<\/a><br \/>\n14.9.2019<br \/>\n.<\/p>\n<p><strong>Migranten aus Irak: Schl\u00e4gerei bei Einschulungsfeier in Heidelberg<\/strong><br \/>\n\u201eUnser Land wird sich \u00e4ndern, und zwar drastisch. Und ich freue mich drauf!\u201c Dieser Satz, mit dem die gr\u00fcne Bundestags-Fraktionsvorsitzende Katrin G\u00f6ring-Eckardt bekanntlich vor vier Jahren die zuwanderungsfreundliche Stimmung befeuern wollte, wird immer noch gern und oft zitiert &#8230;. F\u00fcr die Betroffenen z\u00e4hlt der kulturelle Wandel, insbesondere in der Austragung von allt\u00e4glichen Konflikten. Zum Beispiel bei einer Einschulungsfeier in Heidelberg-Emmertsgrund. Es gilt dort bestimmt noch als ungew\u00f6hnlich, dass der Schulbeginn f\u00fcr Erstkl\u00e4ssler einen Polizeieinsatz von 18 Funkwagenbesatzungen n\u00f6tig macht. Doch um dieses Schlaglicht auf die deutschen Ver\u00e4nderungen nicht mit falschem Zungenschlag zu erz\u00e4hlen, sei hier die n\u00fcchterne Polizeimeldungs-Prosa \u00fcber besagte Einschulungsfeier vom letzten Samstag zitiert &#8211; s.u.:<br \/>\n&#8230;. Alles vom 17.9.2019 bitte lesen auf<br \/>\n<a href=\"https:\/\/www.achgut.com\/artikel\/einschulung_in_emmertsgrund\">https:\/\/www.achgut.com\/artikel\/einschulung_in_emmertsgrund<br \/>\n<\/a>.<br \/>\nKommentare:<br \/>\n<strong>Warum hat man die Neub\u00fcrger nicht einfach mal machen lassen,<\/strong><br \/>\ndamit sie ihr Problem selbst l\u00f6sen k\u00f6nnen? Das Einmischen der Polizei best\u00e4tigt eigentlich nur wieder ihr mangelndes kultursensibles Verst\u00e4ndnis.<br \/>\n17.9.2019, ST.H., AO<br \/>\n.<br \/>\n<strong>Gewaltmonopol abgegeben?<\/strong><br \/>\n&gt;&gt; \u201cNachdem der 35-J\u00e4hrige zu Boden gegangen war, trat insbesondere ein 37-j\u00e4hriger Mann gegen den Kopf des am Boden liegenden Mannes. Eine Polizeibeamtin eilte hinzu und wollte den 35-J\u00e4hrigen von seinen Angreifern wegziehen.\u201d &lt;&lt;<br \/>\nV\u00f6llig falsche Vorgehensweise. Die Polizei ist die Inkarnation des Gewaltmonopols. Wenn ein Polizist Zeuge wird, wie ein Mensch in T\u00f6tungsabsicht einem anderen Menschen gegen den Kopf tritt, ist der Zeitpunkt gekommen, die Dienstwaffe zu ziehen und mit einem Warnschu\u00df klarzumachen, wer befugt ist, zur Kl\u00e4rung der Situation Gewalt einzusetzen und wer nicht! Wenn die unmittelbaren Gewalttaten gestoppt sind, kann man immer noch anfangen, zu de-eskalieren.<br \/>\n17.9.2019, H.ST, AO<br \/>\n.<br \/>\n<strong>Ein Bekannter war j\u00fcngst in Dubai<\/strong>.<br \/>\nEr berichtete von einer sehr angenehmen Atmosph\u00e4re, alles sauber, keine P\u00f6beleien, Schl\u00e4gereien usw. Wer sich nicht benimmt wird einkassiert und bekommt t\u00e4glich Stockschl\u00e4ge\u2026. Jetzt ahne ich warum die angeblichen Fl\u00fcchtlinge alle zu uns wollen\u2026.<br \/>\n17.9.2019, A.B.,<br \/>\n.<br \/>\n<strong>Versehentlicher Messerstich<\/strong><br \/>\nAch ja, interessant auch die Sache mit dem \u201cversehentlichen\u201d Messerstich gegen die Polizistin, der als solches \u201cVersehen\u201d offenbar sogar den Weg in offizielle Mitteilungen der Polizei (!) fand, die Tat bagatellisierend. Was hatte der Ausf\u00fchrende denn stattdessen mit dem Messer vor? Wollte er sich wom\u00f6glich soeben ein Schinkenbrot schmieren? Deutschland ist weit gekommen, wenn nun schon Polizeiberichte geframed werden.<br \/>\n19.7.2019, R.M., AO<br \/>\n.<br \/>\n<strong>Es muss noch viel schlimmer kommen<\/strong><br \/>\nund das wird es auch, bis die Menschen in Deutschland m\u00fcssen aufwachen und den Koalierenden und unf\u00e4higen Politschmarotzern endlich klar und deutlich mitteilen, dass sie das Feld r\u00e4umen m\u00fcssen. Das wird kommen und der Weg dazu wird soeben durch die wirtschaftlichen Einbr\u00fcche begleitet und hoffentlich beschleunigt. Ob es eine Umkehr gibt, nachdem wir ja wissen, dass es noch viele andere, ebenso wichtige unangetastete Baustellen gibt? EU-Rettung, \u20ac Rettung Welt-Rettung, Energiewende etc. Ich wage es zu bezweifeln.<br \/>\n17.9.2019. B.SCH<br \/>\n.<br \/>\n<strong>Vielfalt<\/strong><br \/>\nWarum beschlich mich beim Lesen des Artikels das Gef\u00fchl, dass Emmertsgrund nicht das Villenviertel von Heidelberg ist? Ein Blick in die Wikipedia verschafft Klarheit: \u201cDer Stadtteil entstand ab 1970 als Wohnungsbauprojekt der Neuen Heimat, die dort Wohnraum f\u00fcr ungef\u00e4hr 7.000 Menschen in Form einer Gro\u00dfwohnsiedlung schuf.\u201d Und: \u201cDie [&#8230;] Grundschule Emmertsgrund ist die einzige Schule im Stadtteil. [&#8230;] Die Sch\u00fcler kommen aus 25 Nationen und haben zu 63,8 % einen Migrationshintergrund.\u201d<br \/>\nJa, die Vielfalt ist was tolles, egal ob in Emmertsgrund, Duisburg-Marxloh, Malm\u00f6-Roseng\u00e5rd, Br\u00fcssel-Molenbeek oder den Pariser Banlieues &#8211; \u00fcberall dasselbe. Lernen wir etwas daraus? Z.B. warum niemand neben Boateng wohnen m\u00f6chte, insofern er nicht muss? Nein, darf man nicht sagen. Und was werden die Kids in ihren Schult\u00fcten finden (so sie denn eine haben), wenn ihnen die Eltern so etwas vorleben? Messer, Nunchakus und Wurfsterne?<br \/>\n17-9-219, B.A., AO<br \/>\n.<br \/>\n<strong>Erst kunter-bunt &#8211; dann monoton-rot<\/strong><br \/>\nEs wird kunterbunt in Deutschland. Und die Geschichte lehrt: Haben die Kunterbunten erst mal die Oberhand, k\u00f6nnte es unifarbig dunkel werden in Deutschland und Europa\u2026 Im Grunde siehst fast jeder diese Entwicklung kommen, aber solange man nicht unmittelbar tangiert ist, zuckt man halt mit den Schultern. Nicht die Revolution ist gef\u00e4hrlich, sondern die schleichende Zersetzung.<br \/>\n17.92019, M.M.<br \/>\n.<br \/>\n<strong>\u201eUnser Land wird sich \u00e4ndern, und zwar drastisch. Und ich freue mich drauf!\u201c (KGE),<\/strong><br \/>\nund \u201cDieses Experiment kann zu Verwerfungen f\u00fchren!\u201d (Yasha Mounk).<br \/>\nDrastische Verwerfungen, wie man allerorten sieht, zur Freude von Katrin G\u00f6ring-Eckardt. Ist das nun Sadismus, Masochismus oder die Lust am eigenen Untergang?<br \/>\n17.9.2019, K-E.K., AO<br \/>\n.<br \/>\n<strong>Beschwichtigung<\/strong><br \/>\n\u201eDie Polizeibeamtin zog sich eine oberfl\u00e4chige Stichwunde zu. Die Beamtin musste in der Folge mit einem Rettungswagen in einen Krankenhaus gefahren werden. Sie wurde leicht verletzt, konnte ihren Dienst jedoch nicht fortsetzen.\u201c In drei S\u00e4tzen zweimal Beschwichtigung: \u201eoberfl\u00e4chliche Stichwunde\u201c und \u201eleicht verletzt\u201c. Also alles halb so schlimm. Weiter im Protokoll: \u201e[&#8230;]mussten bei den vorl\u00e4ufigen Festnahmen k\u00f6rperliche Gewalt gegen die Personen anwenden.\u201c Also eine Entschuldigung daf\u00fcr, dass die Polizei ihre Pflicht gegen\u00fcber unbescholtenen B\u00fcrgern und dem Rechtsstaat erf\u00fcllt hat. Und zum Schluss: \u201eDer Schulleitung wurden f\u00fcr die Folgewoche entsprechende Betreuungsangebote f\u00fcr ihre Schulkinder durch speziell geschulte Beamte des Polizeirevier Heidelberg-S\u00fcd angeboten.\u201c Ja, so ist es, wenn das Zusammenleben t\u00e4glich neu ausgehandelt werden muss und die biodeutschen Armleuchter immer wieder neu die A\u2026karte ziehen. \/\/ Der Islam und seine Gefolgsleute geh\u00f6ren nicht zu Deutschland. Diese mittelalterliche Kultur hat in Westeuropa nichts zu suchen.<br \/>\n17.9.2019, I-G.G., AO<\/p>\n","protected":false},"excerpt":{"rendered":"<p>18 Streifenwagen der Polizei, eine handfeste Schl\u00e4gerei unter Deutsch-Irakern, eine Stichwunde aufgrund einer Messerattacke und der massive Einsatz von Pfefferspray. Was auf den ersten Blick so aussieht wie ein Gro\u00dfeinsatz der GSG 9, ist in Wirklichkeit die Einschulung von Erstkl\u00e4sslern &hellip; <a href=\"https:\/\/www.freiburg-schwarzwald.de\/blog\/gewalt-ab-dem-ersten-schultag\/\">Weiterlesen <span class=\"meta-nav\">&rarr;<\/span><\/a><\/p>\n","protected":false},"author":2,"featured_media":0,"comment_status":"open","ping_status":"closed","sticky":false,"template":"","format":"standard","meta":{"footnotes":""},"categories":[210,155,61,95],"tags":[732,622,585],"class_list":["post-74935","post","type-post","status-publish","format-standard","hentry","category-gewalt","category-integration","category-kinder","category-schulen","tag-gewalt","tag-migration","tag-schule"],"_links":{"self":[{"href":"https:\/\/www.freiburg-schwarzwald.de\/blog\/wp-json\/wp\/v2\/posts\/74935","targetHints":{"allow":["GET"]}}],"collection":[{"href":"https:\/\/www.freiburg-schwarzwald.de\/blog\/wp-json\/wp\/v2\/posts"}],"about":[{"href":"https:\/\/www.freiburg-schwarzwald.de\/blog\/wp-json\/wp\/v2\/types\/post"}],"author":[{"embeddable":true,"href":"https:\/\/www.freiburg-schwarzwald.de\/blog\/wp-json\/wp\/v2\/users\/2"}],"replies":[{"embeddable":true,"href":"https:\/\/www.freiburg-schwarzwald.de\/blog\/wp-json\/wp\/v2\/comments?post=74935"}],"version-history":[{"count":0,"href":"https:\/\/www.freiburg-schwarzwald.de\/blog\/wp-json\/wp\/v2\/posts\/74935\/revisions"}],"wp:attachment":[{"href":"https:\/\/www.freiburg-schwarzwald.de\/blog\/wp-json\/wp\/v2\/media?parent=74935"}],"wp:term":[{"taxonomy":"category","embeddable":true,"href":"https:\/\/www.freiburg-schwarzwald.de\/blog\/wp-json\/wp\/v2\/categories?post=74935"},{"taxonomy":"post_tag","embeddable":true,"href":"https:\/\/www.freiburg-schwarzwald.de\/blog\/wp-json\/wp\/v2\/tags?post=74935"}],"curies":[{"name":"wp","href":"https:\/\/api.w.org\/{rel}","templated":true}]}}