{"id":74856,"date":"2019-09-25T15:54:00","date_gmt":"2019-09-25T13:54:00","guid":{"rendered":"https:\/\/www.freiburg-schwarzwald.de\/blog\/?p=74856"},"modified":"2019-09-25T16:10:26","modified_gmt":"2019-09-25T14:10:26","slug":"d-dummheit-und-c-cleverness","status":"publish","type":"post","link":"https:\/\/www.freiburg-schwarzwald.de\/blog\/d-dummheit-und-c-cleverness\/","title":{"rendered":"D-Dummheit und C-Cleverness"},"content":{"rendered":"<p>Bei Auslandsreisen (nicht nur <a title=\"EU\" href=\"https:\/\/www.freiburg-schwarzwald.de\/blog\/global\/eu\/\">EU<\/a> mit F, I und Polen, sondern auch USA, Chile, S\u00fcdafrika, <a title=\"China\" href=\"https:\/\/www.freiburg-schwarzwald.de\/blog\/global\/china\/\">China<\/a>, Neuseeland, Russland) stets die gleiche Erfahrung: Die Bewunderung der Deutschen (Wirtschaftswunder, Soziale Marktwirtschaft, Made in Germany, <a title=\"DDR2.0\" href=\"https:\/\/www.freiburg-schwarzwald.de\/blog\/global\/deutschland\/ddr2-0\/\">Mauerfall<\/a>) ist der\u00a0Verwunderung gewichen: &#8222;Seid Ihr verr\u00fcckt geworden?&#8220; oder einfach &#8222;How stupid&#8220;. Das Attribut <a title=\"Dummheit\" href=\"https:\/\/www.freiburg-schwarzwald.de\/blog\/engagement\/zukunft\/dummheit\/\">Dummheit<\/a> ist wohl das h\u00e4ufigste <!--more-->&#8211; neben Verwunderung (wie kann man ein seit Humboldt so vorz\u00fcgliches\u00a0<a title=\"Bildung\" href=\"https:\/\/www.freiburg-schwarzwald.de\/blog\/bildung\/\">Schul-\/Bildungssystem<\/a>\u00a0derart herunterwirtschaften) zuweilen auch etwas Schadensfreude (die deutsche <a title=\"Export\" href=\"https:\/\/www.freiburg-schwarzwald.de\/blog\/business\/export\/\">Export<\/a>-Konkurrenz schwindet).<br \/>\n.<br \/>\nDie Dummheit, unsere <a title=\"Demokratie\" href=\"https:\/\/www.freiburg-schwarzwald.de\/blog\/engagement\/zukunft\/demokratie\/\">Demokratie<\/a> in eine Diktatur zu verwandeln: Die Massen jubeln <a title=\"Gr\u00f6nemeyer: Diktieren Diktatur\" href=\"https:\/\/www.freiburg-schwarzwald.de\/blog\/groenemeyer-diktieren-diktatur\/\">Herbert Gr\u00f6nemeyer<\/a> zu, wenn er schreit: &#8222;Dann liegt es an uns zu diktieren, wie ne Gesellschaft auszusehen hat\u201d. Dar\u00fcber aber braucht man sich mit <a title=\"Debatte links mit rechts fehlt\" href=\"https:\/\/www.freiburg-schwarzwald.de\/blog\/debatte-links-mit-rechts-fehlt\/\">Karlheinz Wei\u00dfmann<\/a> nicht aufregen: &#8222;Die Irritation \u00fcber Herbert Gr\u00f6nemeyers Tagtraum, da\u00df er und seinesgleichen &#8218;diktieren&#8216; werden, wie es in diesem Land weitergeht, ist ganz \u00fcberfl\u00fcssig. Der Mann war schon f\u00fcr einseitige Abr\u00fcstung und Nato-Austritt und gegen die Wiedervereinigung. Was erwartet man?&#8220;<br \/>\n.<br \/>\nDie <a title=\"Verdummung unserer Kinder\" href=\"https:\/\/www.freiburg-schwarzwald.de\/blog\/verdummung-unserer-kinder\/\">Dummheit<\/a>, Unfreiheit und Totalitarismus herbeizuw\u00fcnschen: &#8222;Man k\u00f6nnte zu diesen Fridays for Brainwatch-Aufm\u00e4rschen und \u00fcber die Berichterstattung dazu nat\u00fcrlich verdammt viel sagen. Aber das &#8230; ist das Verst\u00e4ndnis dieser Radikalen von dem Verh\u00e4ltnis zwischen B\u00fcrgern und Staat. Da marschieren Menschen auf, die den Staat dazu aufrufen, Steuern zu erh\u00f6hen, Verbote zu verh\u00e4ngen und in die pers\u00f6nliche Lebensweise der Bev\u00f6lkerung bis ins kleinste Detail einzugreifen. Ein solches Ausma\u00df des Wunsches nach totalit\u00e4rer Staatsf\u00fchrung und Unfreiheit ist schlichtweg be\u00e4ngstigend&#8220; (einer von so vielen Facebook-Eintr\u00e4gen).<br \/>\n25.9.2019<\/p>\n<p><strong>Fridays for Future im Blick von China<\/strong><br \/>\nIch versuche mir freilich immer auszumalen, wie man aus China auf die europ\u00e4ischen Kinderkreuzz\u00fcgler schaut. Der Diplomat und Autor Albrecht Rothacher, Gr\u00fcnder des Asia Europe Journal und Leitender Verwaltungsrat f\u00fcr Wirtschaftsfragen im Europ\u00e4ischen Ausw\u00e4rtigen Dienst (EAD), schreibt in der aktuellen Jungen Freiheit (Printausgabe 20.9.2019, S. 2): &#8222;Neben dem Ziel, Rohstoffquellen weltweit zu kontrollieren und Technologien zu stehlen, hat es der chinesischen F\u00fchrung die Verkehrsinfrastruktur angetan. Die chinesischen Ambitionen sind kein Staatsgeheimnis. Bis 2025 will es in zehn Schl\u00fcsselindustrien (&#8218;Made in China 2025&#8216;) weltf\u00fchrend werden: in Hochtechnologien wie der <a title=\"Lust auf Innovation in China\" href=\"https:\/\/www.freiburg-schwarzwald.de\/blog\/lust-auf-innovation-in-china\/\">Robotik<\/a>, der <a title=\"Kuenstliche Intelligenz und Go\" href=\"https:\/\/www.freiburg-schwarzwald.de\/blog\/kuenstliche-intelligenz-und-go\/\">k\u00fcnstlichen Intelligenz<\/a> durch die Fusion aller Datenbanken in China, der Luft- und Raumfahrt, der Elektromobilit\u00e4t (da man die deutschen Dieselmotoren nicht schlagen kann) und genetischer Medikamente. Dazu will China den Zugang zu ihren Rohstoffquellen direkt kontrollieren&#8220;.<br \/>\nIm Kyoto-Protokoll haben sich s\u00e4mtliche westliche Industrienationen zur Limitierung ihres CO2-Aussto\u00dfes verpflichtet. Ausgenommen sind China und Russland; die d\u00fcrfen sogar noch zulegen.<br \/>\nDie europ\u00e4ische Jugend, die Internet- und Smartphone-Jugend, die Vielflieger-Jugend, die Unsesco-Jugend fordert derweil den technologischen R\u00fcckbau ihres Kontinents (<a title=\"Deindustrialisierung\" href=\"https:\/\/www.freiburg-schwarzwald.de\/blog\/business\/industrie\/deindustrialisierung\/\">Deindustrialisierung<\/a>). Die europ\u00e4ische Konkurrenz schafft sich ab, zuvor wird ihr Know how noch kr\u00e4ftig abgesch\u00f6pft.<br \/>\nJugendliche sind ziemlich dumm, aus dem objektiven Grund, dass sie eben nur wenig wissen und wenig erfahren haben \u2013 wer diese Aussage bezweifelt, m\u00f6ge mir einen in die Jahre Gekommenen zeigen, der sich nicht ein bisschen daf\u00fcr sch\u00e4mt, was er als junger Mensch getan und geglaubt hat, ja der behauptet, als junger Mensch kl\u00fcger gewesen zu sein \u2013, und speziell junge Deutsche haben sich \u00fcber Generationen als verl\u00e4ssliche n\u00fctzliche Idioten erwiesen, doch ich kann mir schwer vorstellen, dass die Chinesen nicht ein bisschen ihre Finger im deutschen Randfeld des New Great Game haben.<br \/>\nW\u00e4hrend China seinen sozialistischen Staatskapitalismus durchzieht, streben progressive Europ\u00e4er zum dekarbonisierten \u00d6ko-Sozialismus. Ein Staatsrelikt des Realsozialismus weist schon mal die Perspektive:<br \/>\n&#8230; Alles vom 20.9.2019 bitte lesen auf<br \/>\n<a href=\"https:\/\/michael-klonovsky.de\/acta-diurna\">https:\/\/michael-klonovsky.de\/acta-diurna<\/a><\/p>\n","protected":false},"excerpt":{"rendered":"<p>Bei Auslandsreisen (nicht nur EU mit F, I und Polen, sondern auch USA, Chile, S\u00fcdafrika, China, Neuseeland, Russland) stets die gleiche Erfahrung: Die Bewunderung der Deutschen (Wirtschaftswunder, Soziale Marktwirtschaft, Made in Germany, Mauerfall) ist der\u00a0Verwunderung gewichen: &#8222;Seid Ihr verr\u00fcckt geworden?&#8220; &hellip; <a href=\"https:\/\/www.freiburg-schwarzwald.de\/blog\/d-dummheit-und-c-cleverness\/\">Weiterlesen <span class=\"meta-nav\">&rarr;<\/span><\/a><\/p>\n","protected":false},"author":2,"featured_media":0,"comment_status":"open","ping_status":"closed","sticky":false,"template":"","format":"standard","meta":{"footnotes":""},"categories":[18,52,5,36,40,80,95],"tags":[633,341,549,649,525,631,504],"class_list":["post-74856","post","type-post","status-publish","format-standard","hentry","category-bildung","category-einewelt","category-energie","category-engagement","category-klima","category-medien","category-schulen","tag-demokratie","tag-export","tag-gesetz","tag-links","tag-politik","tag-staat","tag-weiterbildung"],"_links":{"self":[{"href":"https:\/\/www.freiburg-schwarzwald.de\/blog\/wp-json\/wp\/v2\/posts\/74856","targetHints":{"allow":["GET"]}}],"collection":[{"href":"https:\/\/www.freiburg-schwarzwald.de\/blog\/wp-json\/wp\/v2\/posts"}],"about":[{"href":"https:\/\/www.freiburg-schwarzwald.de\/blog\/wp-json\/wp\/v2\/types\/post"}],"author":[{"embeddable":true,"href":"https:\/\/www.freiburg-schwarzwald.de\/blog\/wp-json\/wp\/v2\/users\/2"}],"replies":[{"embeddable":true,"href":"https:\/\/www.freiburg-schwarzwald.de\/blog\/wp-json\/wp\/v2\/comments?post=74856"}],"version-history":[{"count":0,"href":"https:\/\/www.freiburg-schwarzwald.de\/blog\/wp-json\/wp\/v2\/posts\/74856\/revisions"}],"wp:attachment":[{"href":"https:\/\/www.freiburg-schwarzwald.de\/blog\/wp-json\/wp\/v2\/media?parent=74856"}],"wp:term":[{"taxonomy":"category","embeddable":true,"href":"https:\/\/www.freiburg-schwarzwald.de\/blog\/wp-json\/wp\/v2\/categories?post=74856"},{"taxonomy":"post_tag","embeddable":true,"href":"https:\/\/www.freiburg-schwarzwald.de\/blog\/wp-json\/wp\/v2\/tags?post=74856"}],"curies":[{"name":"wp","href":"https:\/\/api.w.org\/{rel}","templated":true}]}}