{"id":74775,"date":"2019-09-20T19:36:11","date_gmt":"2019-09-20T17:36:11","guid":{"rendered":"https:\/\/www.freiburg-schwarzwald.de\/blog\/?p=74775"},"modified":"2019-10-07T19:45:49","modified_gmt":"2019-10-07T17:45:49","slug":"fridays-demo-22-9-in-freiburg","status":"publish","type":"post","link":"https:\/\/www.freiburg-schwarzwald.de\/blog\/fridays-demo-22-9-in-freiburg\/","title":{"rendered":"Fridays Demo 22.9. in Freiburg"},"content":{"rendered":"<p>Die von <a title=\"FridaysForFuture\" href=\"https:\/\/www.freiburg-schwarzwald.de\/blog\/natur\/klima\/fridaysforfuture\/\">Fridays for Future<\/a> (FfF) organisierte <a title=\"Demonstrationsrecht\" href=\"https:\/\/www.freiburg-schwarzwald.de\/blog\/engagement\/buergerinitiativen\/demonstrationsrecht\/\">Demo<\/a> am 20.9.2019 war mit \u00fcber 20.000 Teilnehmern die sicher gr\u00f6\u00dfte in Freiburg seit den 1968-ern und seit der <a title=\"Freiburg-Schwarzwald.de 20 Jahre\" href=\"https:\/\/www.freiburg-schwarzwald.de\/blog\/freiburg-schwarzwald-de-20-jahre\/\">B31<\/a> um 2000. Eine so gro\u00dfe Demo hat etwas Erfreuliches und auch etwas Bedrohliches an sich &#8211; an beide Seiten eine Aufforderung zum <a title=\"Diskussionskultur\" href=\"https:\/\/www.freiburg-schwarzwald.de\/blog\/kultur\/medien\/diskussionskultur\/\">demokratischen Diskurs<\/a> und Streit. Gut so, wir m\u00fcssen miteinander <a title=\"Kritik\" href=\"https:\/\/www.freiburg-schwarzwald.de\/blog\/kultur\/medien\/kritik\/\">reden<\/a>, auch bei <a title=\"Kritik und abweichende Meinung\" href=\"https:\/\/www.freiburg-schwarzwald.de\/blog\/kritik-und-abweichende-meinung\/\">abweichender Meinung<\/a>!<br \/>\n<!--more-->Nicht gut ist, wenn Trittbrettfahrer wie Antifa und Extinction Rebellion die FfF-Demo f\u00fcr ihre eigenen Zwecke benutzen. Und gar nicht gut ist, wenn dumme Erwachsene ihre kleinen Kinder mi\u00dfbrauchen, indem sie die 5-j\u00e4hrige Tochter mit einem Schild &#8222;Ich habe Angst vor meiner Zukunft&#8220; ausstaffieren. Dies sollte man Diktaturen \u00fcberlassen.<br \/>\n.<br \/>\nFazit: Die FfF-Demo hat ihr Ziel erreicht, wenn sie dazu beitr\u00e4gt, die in Deutschland seit <a title=\"Grenz\u00f6ffnung2015\" href=\"https:\/\/www.freiburg-schwarzwald.de\/blog\/global\/deutschland\/grenzoeffnung2015\/\">2015<\/a> besch\u00e4digte Diskussionskultur wieder zu beleben: Offene Diskussion \u00fcber <a title=\"Klimawandel\" href=\"https:\/\/www.freiburg-schwarzwald.de\/blog\/natur\/klima\/klimawandel\/\">Klimawandel<\/a>, Umwelt und Energie, wobei Bev\u00f6lkerungswachstum und Migration als &#8222;Mutter aller Probleme&#8220; (Horst Seehofer) einbezogen werden.<br \/>\nVor der Zukunft habe ich keine Angst. Wohl aber vor Eltern, die ihre Kleinkinder mit dem Schild &#8222;Ich habe Angst&#8220; auf die Stra\u00dfe schicken. Das sind keine m\u00fcndigen, sondern infantile B\u00fcrger &#8211; und Infantilit\u00e4t (jenseits der Pubert\u00e4t) ist der Feind jeder Demokratie.<br \/>\n20.9.2019<\/p>\n<div id=\"attachment_74790\" style=\"width: 610px\" class=\"wp-caption alignnone\"><a href=\"https:\/\/www.freiburg-schwarzwald.de\/blog\/fridays-demo-22-9-in-freiburg\/fridays20190920pan_105730\/\" rel=\"attachment wp-att-74790\"><img loading=\"lazy\" decoding=\"async\" aria-describedby=\"caption-attachment-74790\" class=\"size-full wp-image-74790\" src=\"https:\/\/www.freiburg-schwarzwald.de\/blog\/wp-content\/uploads\/2019\/09\/fridays20190920pan_105730.jpg\" alt=\"Fridays for Future-Demo in Freiburg am 20.9.2019\" width=\"600\" height=\"264\" srcset=\"https:\/\/www.freiburg-schwarzwald.de\/blog\/wp-content\/uploads\/2019\/09\/fridays20190920pan_105730.jpg 600w, https:\/\/www.freiburg-schwarzwald.de\/blog\/wp-content\/uploads\/2019\/09\/fridays20190920pan_105730-180x79.jpg 180w\" sizes=\"auto, (max-width: 600px) 100vw, 600px\" \/><\/a><p id=\"caption-attachment-74790\" class=\"wp-caption-text\">Fridays for Future-Demo in Freiburg am 20.9.2019<\/p><\/div>\n<p>&nbsp;<\/p>\n<p>Was f\u00fcr Kontrast \u2013\u00a0<a title=\"Zukunft: Angst und Euphorie\" href=\"https:\/\/www.freiburg-schwarzwald.de\/blog\/zukunft-angst-und-euphorie\/\">Angst und Euphorie<\/a>:<br \/>\nAuf dem Platz der Alten Synagoge in Freiburg zeigen\u00a0<a title=\"Fridays Demo 22.9. in Freiburg\" href=\"https:\/\/www.freiburg-schwarzwald.de\/blog\/fridays-demo-22-9-in-freiburg\/\">20000-30000 Jugendliche<\/a>\u00a0zu \u201cWer nicht h\u00fcpft der ist ein Nazi\u201d ihre Angst und Panik zum Klima.<br \/>\nAuf dem Platz der Wei\u00dfen Rose in Freiburg informieren sich <a title=\"Fraunhofer-Institute 70 Jahre\" href=\"https:\/\/www.freiburg-schwarzwald.de\/blog\/fraunhofer-institute-70-jahre\/\">ein paar Hundert Jugendliche<\/a> zu Zukunftstechnologien der Fraunhofer-Institute.<br \/>\nIn China zeigen\u00a0<a title=\"Zukunft: Angst und Euphorie\" href=\"https:\/\/www.freiburg-schwarzwald.de\/blog\/zukunft-angst-und-euphorie\/\">40.000 Sch\u00fcler ihre \u201cLust auf Innovation\u201d<\/a>\u00a0(Yanga Yogeshwar) bei einer einer Vorf\u00fchrung selbstgebauter\u00a0\u00a0Drohnen-Roboter.<\/p>\n<p>&nbsp;<\/p>\n<p>.<br \/>\n<a href=\"https:\/\/www.freiburg-schwarzwald.de\/blog\/fridays-demo-22-9-in-freiburg\/fridays20190920_104039\/\" rel=\"attachment wp-att-74778\"><img loading=\"lazy\" decoding=\"async\" class=\"alignnone size-thumbnail wp-image-74778\" src=\"https:\/\/www.freiburg-schwarzwald.de\/blog\/wp-content\/uploads\/2019\/09\/fridays20190920_104039-180x101.jpg\" alt=\"fridays20190920_104039\" width=\"180\" height=\"101\" srcset=\"https:\/\/www.freiburg-schwarzwald.de\/blog\/wp-content\/uploads\/2019\/09\/fridays20190920_104039-180x101.jpg 180w, https:\/\/www.freiburg-schwarzwald.de\/blog\/wp-content\/uploads\/2019\/09\/fridays20190920_104039-640x360.jpg 640w, https:\/\/www.freiburg-schwarzwald.de\/blog\/wp-content\/uploads\/2019\/09\/fridays20190920_104039.jpg 800w\" sizes=\"auto, (max-width: 180px) 100vw, 180px\" \/><\/a>\u00a0 \u00a0 \u00a0 \u00a0 \u00a0\u00a0<a href=\"https:\/\/www.freiburg-schwarzwald.de\/blog\/fridays-demo-22-9-in-freiburg\/fridays20190920_104405\/\" rel=\"attachment wp-att-74779\"><img loading=\"lazy\" decoding=\"async\" class=\"alignnone size-thumbnail wp-image-74779\" src=\"https:\/\/www.freiburg-schwarzwald.de\/blog\/wp-content\/uploads\/2019\/09\/fridays20190920_104405-180x101.jpg\" alt=\"fridays20190920_104405\" width=\"180\" height=\"101\" srcset=\"https:\/\/www.freiburg-schwarzwald.de\/blog\/wp-content\/uploads\/2019\/09\/fridays20190920_104405-180x101.jpg 180w, https:\/\/www.freiburg-schwarzwald.de\/blog\/wp-content\/uploads\/2019\/09\/fridays20190920_104405-640x359.jpg 640w, https:\/\/www.freiburg-schwarzwald.de\/blog\/wp-content\/uploads\/2019\/09\/fridays20190920_104405.jpg 801w\" sizes=\"auto, (max-width: 180px) 100vw, 180px\" \/><\/a>\u00a0 \u00a0 \u00a0 \u00a0 \u00a0\u00a0<a href=\"https:\/\/www.freiburg-schwarzwald.de\/blog\/fridays-demo-22-9-in-freiburg\/fridays20190920_104709\/\" rel=\"attachment wp-att-74780\"><img loading=\"lazy\" decoding=\"async\" class=\"alignnone size-thumbnail wp-image-74780\" src=\"https:\/\/www.freiburg-schwarzwald.de\/blog\/wp-content\/uploads\/2019\/09\/fridays20190920_104709-180x101.jpg\" alt=\"fridays20190920_104709\" width=\"180\" height=\"101\" srcset=\"https:\/\/www.freiburg-schwarzwald.de\/blog\/wp-content\/uploads\/2019\/09\/fridays20190920_104709-180x101.jpg 180w, https:\/\/www.freiburg-schwarzwald.de\/blog\/wp-content\/uploads\/2019\/09\/fridays20190920_104709-640x359.jpg 640w, https:\/\/www.freiburg-schwarzwald.de\/blog\/wp-content\/uploads\/2019\/09\/fridays20190920_104709.jpg 801w\" sizes=\"auto, (max-width: 180px) 100vw, 180px\" \/><\/a><br \/>\n.<br \/>\n<a href=\"https:\/\/www.freiburg-schwarzwald.de\/blog\/fridays-demo-22-9-in-freiburg\/fridays20190920_105337\/\" rel=\"attachment wp-att-74781\"><img loading=\"lazy\" decoding=\"async\" class=\"alignnone size-thumbnail wp-image-74781\" src=\"https:\/\/www.freiburg-schwarzwald.de\/blog\/wp-content\/uploads\/2019\/09\/fridays20190920_105337-180x101.jpg\" alt=\"fridays20190920_105337\" width=\"180\" height=\"101\" srcset=\"https:\/\/www.freiburg-schwarzwald.de\/blog\/wp-content\/uploads\/2019\/09\/fridays20190920_105337-180x101.jpg 180w, https:\/\/www.freiburg-schwarzwald.de\/blog\/wp-content\/uploads\/2019\/09\/fridays20190920_105337-640x359.jpg 640w, https:\/\/www.freiburg-schwarzwald.de\/blog\/wp-content\/uploads\/2019\/09\/fridays20190920_105337.jpg 801w\" sizes=\"auto, (max-width: 180px) 100vw, 180px\" \/><\/a>\u00a0 \u00a0 \u00a0 \u00a0 \u00a0\u00a0<a href=\"https:\/\/www.freiburg-schwarzwald.de\/blog\/fridays-demo-22-9-in-freiburg\/fridays20190920_105730\/\" rel=\"attachment wp-att-74782\"><img loading=\"lazy\" decoding=\"async\" class=\"alignnone size-thumbnail wp-image-74782\" src=\"https:\/\/www.freiburg-schwarzwald.de\/blog\/wp-content\/uploads\/2019\/09\/fridays20190920_105730-180x101.jpg\" alt=\"fridays20190920_105730\" width=\"180\" height=\"101\" srcset=\"https:\/\/www.freiburg-schwarzwald.de\/blog\/wp-content\/uploads\/2019\/09\/fridays20190920_105730-180x101.jpg 180w, https:\/\/www.freiburg-schwarzwald.de\/blog\/wp-content\/uploads\/2019\/09\/fridays20190920_105730-640x360.jpg 640w, https:\/\/www.freiburg-schwarzwald.de\/blog\/wp-content\/uploads\/2019\/09\/fridays20190920_105730.jpg 800w\" sizes=\"auto, (max-width: 180px) 100vw, 180px\" \/><\/a>\u00a0 \u00a0 \u00a0 \u00a0 \u00a0\u00a0<a href=\"https:\/\/www.freiburg-schwarzwald.de\/blog\/fridays-demo-22-9-in-freiburg\/fridays20190920_105954\/\" rel=\"attachment wp-att-74783\"><img loading=\"lazy\" decoding=\"async\" class=\"alignnone size-thumbnail wp-image-74783\" src=\"https:\/\/www.freiburg-schwarzwald.de\/blog\/wp-content\/uploads\/2019\/09\/fridays20190920_105954-180x101.jpg\" alt=\"fridays20190920_105954\" width=\"180\" height=\"101\" srcset=\"https:\/\/www.freiburg-schwarzwald.de\/blog\/wp-content\/uploads\/2019\/09\/fridays20190920_105954-180x101.jpg 180w, https:\/\/www.freiburg-schwarzwald.de\/blog\/wp-content\/uploads\/2019\/09\/fridays20190920_105954-640x359.jpg 640w, https:\/\/www.freiburg-schwarzwald.de\/blog\/wp-content\/uploads\/2019\/09\/fridays20190920_105954-1024x575.jpg 1024w, https:\/\/www.freiburg-schwarzwald.de\/blog\/wp-content\/uploads\/2019\/09\/fridays20190920_105954.jpg 1260w\" sizes=\"auto, (max-width: 180px) 100vw, 180px\" \/><\/a><br \/>\n.<a title=\"Platz-der-Alten-Synagoge\" href=\"https:\/\/www.freiburg-schwarzwald.de\/blog\/regio\/freiburg\/platz-der-alten-synagoge\/\">Platz der alten Synagoge<\/a> in FR<br \/>\n<a href=\"https:\/\/www.freiburg-schwarzwald.de\/blog\/fridays-demo-22-9-in-freiburg\/fridays20190920_111022\/\" rel=\"attachment wp-att-74784\"><img loading=\"lazy\" decoding=\"async\" class=\"alignnone size-thumbnail wp-image-74784\" src=\"https:\/\/www.freiburg-schwarzwald.de\/blog\/wp-content\/uploads\/2019\/09\/fridays20190920_111022-180x101.jpg\" alt=\"fridays20190920_111022\" width=\"180\" height=\"101\" srcset=\"https:\/\/www.freiburg-schwarzwald.de\/blog\/wp-content\/uploads\/2019\/09\/fridays20190920_111022-180x101.jpg 180w, https:\/\/www.freiburg-schwarzwald.de\/blog\/wp-content\/uploads\/2019\/09\/fridays20190920_111022-640x359.jpg 640w, https:\/\/www.freiburg-schwarzwald.de\/blog\/wp-content\/uploads\/2019\/09\/fridays20190920_111022-1024x575.jpg 1024w, https:\/\/www.freiburg-schwarzwald.de\/blog\/wp-content\/uploads\/2019\/09\/fridays20190920_111022.jpg 1259w\" sizes=\"auto, (max-width: 180px) 100vw, 180px\" \/><\/a>\u00a0 \u00a0 \u00a0 \u00a0 \u00a0 \u00a0<a href=\"https:\/\/www.freiburg-schwarzwald.de\/blog\/fridays-demo-22-9-in-freiburg\/fridays20190920_113107\/\" rel=\"attachment wp-att-74786\"><img loading=\"lazy\" decoding=\"async\" class=\"alignnone size-thumbnail wp-image-74786\" src=\"https:\/\/www.freiburg-schwarzwald.de\/blog\/wp-content\/uploads\/2019\/09\/fridays20190920_113107-180x101.jpg\" alt=\"fridays20190920_113107\" width=\"180\" height=\"101\" srcset=\"https:\/\/www.freiburg-schwarzwald.de\/blog\/wp-content\/uploads\/2019\/09\/fridays20190920_113107-180x101.jpg 180w, https:\/\/www.freiburg-schwarzwald.de\/blog\/wp-content\/uploads\/2019\/09\/fridays20190920_113107-640x359.jpg 640w, https:\/\/www.freiburg-schwarzwald.de\/blog\/wp-content\/uploads\/2019\/09\/fridays20190920_113107-1024x575.jpg 1024w, https:\/\/www.freiburg-schwarzwald.de\/blog\/wp-content\/uploads\/2019\/09\/fridays20190920_113107.jpg 1259w\" sizes=\"auto, (max-width: 180px) 100vw, 180px\" \/><\/a>\u00a0 \u00a0 \u00a0 \u00a0 \u00a0<a href=\"https:\/\/www.freiburg-schwarzwald.de\/blog\/fridays-demo-22-9-in-freiburg\/fridays20190920_111951\/\" rel=\"attachment wp-att-74785\"><img loading=\"lazy\" decoding=\"async\" class=\"alignnone size-thumbnail wp-image-74785\" src=\"https:\/\/www.freiburg-schwarzwald.de\/blog\/wp-content\/uploads\/2019\/09\/fridays20190920_111951-101x180.jpg\" alt=\"fridays20190920_111951\" width=\"101\" height=\"180\" srcset=\"https:\/\/www.freiburg-schwarzwald.de\/blog\/wp-content\/uploads\/2019\/09\/fridays20190920_111951-101x180.jpg 101w, https:\/\/www.freiburg-schwarzwald.de\/blog\/wp-content\/uploads\/2019\/09\/fridays20190920_111951-359x640.jpg 359w, https:\/\/www.freiburg-schwarzwald.de\/blog\/wp-content\/uploads\/2019\/09\/fridays20190920_111951.jpg 398w\" sizes=\"auto, (max-width: 101px) 100vw, 101px\" \/><br \/>\n<\/a>\u00a0.<br \/>\n<a href=\"https:\/\/www.freiburg-schwarzwald.de\/blog\/fridays-demo-22-9-in-freiburg\/friedays20190920_111254\/\" rel=\"attachment wp-att-74787\"><img loading=\"lazy\" decoding=\"async\" class=\"alignnone size-thumbnail wp-image-74787\" src=\"https:\/\/www.freiburg-schwarzwald.de\/blog\/wp-content\/uploads\/2019\/09\/friedays20190920_111254-180x101.jpg\" alt=\"friedays20190920_111254\" width=\"180\" height=\"101\" srcset=\"https:\/\/www.freiburg-schwarzwald.de\/blog\/wp-content\/uploads\/2019\/09\/friedays20190920_111254-180x101.jpg 180w, https:\/\/www.freiburg-schwarzwald.de\/blog\/wp-content\/uploads\/2019\/09\/friedays20190920_111254-640x359.jpg 640w, https:\/\/www.freiburg-schwarzwald.de\/blog\/wp-content\/uploads\/2019\/09\/friedays20190920_111254.jpg 801w\" sizes=\"auto, (max-width: 180px) 100vw, 180px\" \/><\/a>\u00a0 \u00a0 \u00a0 \u00a0 \u00a0 \u00a0<a href=\"https:\/\/www.freiburg-schwarzwald.de\/blog\/fridays-demo-22-9-in-freiburg\/fridays-fr20190920_103634\/\" rel=\"attachment wp-att-74788\"><img loading=\"lazy\" decoding=\"async\" class=\"alignnone size-thumbnail wp-image-74788\" src=\"https:\/\/www.freiburg-schwarzwald.de\/blog\/wp-content\/uploads\/2019\/09\/fridays-FR20190920_103634-101x180.jpg\" alt=\"fridays-FR20190920_103634\" width=\"101\" height=\"180\" srcset=\"https:\/\/www.freiburg-schwarzwald.de\/blog\/wp-content\/uploads\/2019\/09\/fridays-FR20190920_103634-101x180.jpg 101w, https:\/\/www.freiburg-schwarzwald.de\/blog\/wp-content\/uploads\/2019\/09\/fridays-FR20190920_103634-360x640.jpg 360w, https:\/\/www.freiburg-schwarzwald.de\/blog\/wp-content\/uploads\/2019\/09\/fridays-FR20190920_103634.jpg 426w\" sizes=\"auto, (max-width: 101px) 100vw, 101px\" \/><\/a>\u00a0 \u00a0 \u00a0 \u00a0 \u00a0 \u00a0 \u00a0 \u00a0 \u00a0 \u00a0 \u00a0 \u00a0 \u00a0 \u00a0 \u00a0 \u00a0 \u00a0\u00a0<a href=\"https:\/\/www.freiburg-schwarzwald.de\/blog\/fridays-demo-22-9-in-freiburg\/fridays-israel20190920_112515\/\" rel=\"attachment wp-att-74789\"><img loading=\"lazy\" decoding=\"async\" class=\"alignnone size-thumbnail wp-image-74789\" src=\"https:\/\/www.freiburg-schwarzwald.de\/blog\/wp-content\/uploads\/2019\/09\/fridays-israel20190920_112515-101x180.jpg\" alt=\"fridays-israel20190920_112515\" width=\"101\" height=\"180\" srcset=\"https:\/\/www.freiburg-schwarzwald.de\/blog\/wp-content\/uploads\/2019\/09\/fridays-israel20190920_112515-101x180.jpg 101w, https:\/\/www.freiburg-schwarzwald.de\/blog\/wp-content\/uploads\/2019\/09\/fridays-israel20190920_112515-359x640.jpg 359w, https:\/\/www.freiburg-schwarzwald.de\/blog\/wp-content\/uploads\/2019\/09\/fridays-israel20190920_112515.jpg 398w\" sizes=\"auto, (max-width: 101px) 100vw, 101px\" \/><\/a><\/p>\n<p>&nbsp;<\/p>\n<p><strong>Freiburg erlebt mit Fridays for Future eine Rekord-Demo<\/strong><br \/>\nSo viele Menschen auf einmal hat Freiburgs neuer Platz der alten Synagoge noch nie gesehen. Zwischen 20 000 und 30 000 Menschen sind dem Aufruf von Fridays for Future gefolgt, am Tag der Vorstellung des Klimaschutzpakets f\u00fcr Klimaschutz und f\u00fcr Klimagerechtigkeit zu demonstrieren.<br \/>\nDer Kapitalismus, so die Sprecherin von Fridays for Future, werde Klimagerechtigkeit nicht herstellen. Dass die drei Punkte zusammenh\u00e4ngen, erkl\u00e4rt eine Aktivistin am Beispiel des Elektroautos. Solange es mit Strom betrieben werde, der in Deutschland zu \u00fcber einem Drittel aus Kohlekraftwerken stamme, diene es lediglich als klimapolitisches Feigenblatt. Aber selbst wenn es mit 100 Prozent \u00d6ko-Strom betrieben w\u00fcrde, sei es h\u00f6chstens klimaschonend, nicht aber klimagerecht. Denn die Herstellung basiere auf einem System, das den globalen S\u00fcden ausbeute. Der Kapitalismus, so die Sprecherin, k\u00f6nne und werde Klimagerechtigkeit nicht herstellen. Trotz solcher Schlussfolgerungen grenzt Fridays for Future sich von einigen radikalen Gruppen ab.<br \/>\n&#8230;. Alles vom 21.9.2019 von Manuel Fritsch bitte lesen auf<br \/>\n<a href=\"https:\/\/www.badische-zeitung.de\/freiburg-erlebt-mit-fridays-for-future-eine-rekord-demo--177481486.html\">https:\/\/www.badische-zeitung.de\/freiburg-erlebt-mit-fridays-for-future-eine-rekord-demo&#8211;177481486.html<br \/>\n<\/a>.<\/p>\n<p>Der Kapitalismus schafft das also nicht&#8230; Als es noch die DDR gab, war diese doch sozialistisch! Aber in Sachen Industrie und Umweltgifte Weltmeister. Als dann der ach so b\u00f6se Kapitalismus kam, gingen die weltmeisterlichen Schmutzwerte rapide nach unten. Wer also, schafft das nicht? Hier noch ein interessantes Video aus 2007 (darin schildert der d\u00e4nische Prof Bj\u00f6rn Lomberg die vom IPCC verbreitete Klima-Hysterie):<br \/>\n<a href=\"https:\/\/youtu.be\/wsaPBX2xnQY\">https:\/\/youtu.be\/wsaPBX2xnQY<\/a><br \/>\n21.9.2019, H.C.K., BZO<br \/>\n.<br \/>\nWie die Fridays-Sprecherin im o.a. Artikel offen gesteht, geht es Fridays-for-Future sehr wohl um die Abschaffung unseres auf den Kapitalismus basierenden Systems (wie immer man es nennt: Soziale Marktwirtschaft, Freiheitlich demokratische Grundordnung, Im Grundgesetz verankerter Verfassungsstaat). So war auch nicht verwunderlich, dass bei der Demo viele linksextreme Gruppen mitliefen, auch die Marxistisch Leninistische Partei (MLP).<br \/>\n21.9.2019<\/p>\n<p><strong>Ideologiegetriebene oder wissenschaftsorientierte Diskussion<\/strong><br \/>\nDie meisten Demo-Teilnehmer glauben an den menschengemachten Klimawandel bzw. an die durch CO2-Emissionen verursachte Erderw\u00e4rmung &#8211; stets h\u00f6rt man den Zusatz, da\u00df dies &#8222;wissenschaftlich bewiesen&#8220; sei. Und hier hapert es: Wissenschaftliche Basis ist die <a title=\"Hockeystick-Klimakurve unwahr\" href=\"https:\/\/www.freiburg-schwarzwald.de\/blog\/hockeystick-klimakurve-unwahr\/\">Hockey-stick-Kurve von Prof Michael Mann<\/a>, die eine Korrelation von menschlichem CO2-Aussto\u00df und Erw\u00e4rmung grafisch veranschaulicht. Dass dieses Modell nach mehrj\u00e4hrigem Verfahren im August 2019 von einem kanadischen Gericht als unwissenschaftlich abqualifiziert wurde (Prof Mann konnte die Modell-Pr\u00e4missen nicht benennen) und er dem Verfahrensgegner Prof Tim Ball im Rechtsstreit unterlag, wird in Deutschland von Medien wie \u00d6R ignoriert.<br \/>\n&#8222;Ein Modell gilt so lange als wahr, bis es falsifiziert ist&#8220; &#8211; so funktioniert Wissenschaft weltweit, nur nicht in Deutschland. An die Aussage &#8222;Die Welt ist eine Scheibe&#8220; glaubte man, sie galt solange als wahr, bis sie falsifiziert wurde.<\/p>\n<p><a href=\"https:\/\/www.freiburg-schwarzwald.de\/blog\/hockeystick-klimakurve-unwahr\/klima-hockey-stick20190821-2\/\" rel=\"attachment wp-att-74674\"><img loading=\"lazy\" decoding=\"async\" class=\"alignnone size-full wp-image-74674\" src=\"https:\/\/www.freiburg-schwarzwald.de\/blog\/wp-content\/uploads\/2019\/09\/klima-hockey-stick20190821.jpg\" alt=\"klima-hockey-stick20190821\" width=\"608\" height=\"420\" srcset=\"https:\/\/www.freiburg-schwarzwald.de\/blog\/wp-content\/uploads\/2019\/09\/klima-hockey-stick20190821.jpg 608w, https:\/\/www.freiburg-schwarzwald.de\/blog\/wp-content\/uploads\/2019\/09\/klima-hockey-stick20190821-180x124.jpg 180w\" sizes=\"auto, (max-width: 608px) 100vw, 608px\" \/><\/a><br \/>\n&#8222;Fridays for Future. Die erwarten heute bis zu 20000 Teilnehmer, von etwa 10 bis 14 Uhr wird die Innenstadt weitgehend lahmgelegt sein. Evangelische Kirchen lassen um 11.55 Uhr ihre Glocken l\u00e4uten&#8220; (BZ vom 20.9.). Das Glockenl\u00e4uten der Protestanten gilt also einem Glaubenssatz, nicht aber einer wissenschaftlich begr\u00fcndeten Aussage: Ideologie bzw. Glauben vor Wissenschaft bzw. Know-How, schade &#8211; das hilft niemand weiter.<br \/>\n21.9.2019<\/p>\n<p>&nbsp;<\/p>\n<p>&nbsp;<\/p>\n","protected":false},"excerpt":{"rendered":"<p>Die von Fridays for Future (FfF) organisierte Demo am 20.9.2019 war mit \u00fcber 20.000 Teilnehmern die sicher gr\u00f6\u00dfte in Freiburg seit den 1968-ern und seit der B31 um 2000. Eine so gro\u00dfe Demo hat etwas Erfreuliches und auch etwas Bedrohliches &hellip; <a href=\"https:\/\/www.freiburg-schwarzwald.de\/blog\/fridays-demo-22-9-in-freiburg\/\">Weiterlesen <span class=\"meta-nav\">&rarr;<\/span><\/a><\/p>\n","protected":false},"author":2,"featured_media":0,"comment_status":"open","ping_status":"closed","sticky":false,"template":"","format":"standard","meta":{"footnotes":""},"categories":[355,52,5,40,157,95,172],"tags":[325,633,239,151,715],"class_list":["post-74775","post","type-post","status-publish","format-standard","hentry","category-buergerinitiativen","category-einewelt","category-energie","category-klima","category-oeffentlicher-raum","category-schulen","category-zukunft","tag-demo","tag-demokratie","tag-energiesparen","tag-erneuerbare-energien","tag-klima"],"_links":{"self":[{"href":"https:\/\/www.freiburg-schwarzwald.de\/blog\/wp-json\/wp\/v2\/posts\/74775","targetHints":{"allow":["GET"]}}],"collection":[{"href":"https:\/\/www.freiburg-schwarzwald.de\/blog\/wp-json\/wp\/v2\/posts"}],"about":[{"href":"https:\/\/www.freiburg-schwarzwald.de\/blog\/wp-json\/wp\/v2\/types\/post"}],"author":[{"embeddable":true,"href":"https:\/\/www.freiburg-schwarzwald.de\/blog\/wp-json\/wp\/v2\/users\/2"}],"replies":[{"embeddable":true,"href":"https:\/\/www.freiburg-schwarzwald.de\/blog\/wp-json\/wp\/v2\/comments?post=74775"}],"version-history":[{"count":0,"href":"https:\/\/www.freiburg-schwarzwald.de\/blog\/wp-json\/wp\/v2\/posts\/74775\/revisions"}],"wp:attachment":[{"href":"https:\/\/www.freiburg-schwarzwald.de\/blog\/wp-json\/wp\/v2\/media?parent=74775"}],"wp:term":[{"taxonomy":"category","embeddable":true,"href":"https:\/\/www.freiburg-schwarzwald.de\/blog\/wp-json\/wp\/v2\/categories?post=74775"},{"taxonomy":"post_tag","embeddable":true,"href":"https:\/\/www.freiburg-schwarzwald.de\/blog\/wp-json\/wp\/v2\/tags?post=74775"}],"curies":[{"name":"wp","href":"https:\/\/api.w.org\/{rel}","templated":true}]}}