{"id":74710,"date":"2019-09-17T13:12:25","date_gmt":"2019-09-17T11:12:25","guid":{"rendered":"https:\/\/www.freiburg-schwarzwald.de\/blog\/?p=74710"},"modified":"2019-09-23T18:41:12","modified_gmt":"2019-09-23T16:41:12","slug":"groenemeyer-diktieren-diktatur","status":"publish","type":"post","link":"https:\/\/www.freiburg-schwarzwald.de\/blog\/groenemeyer-diktieren-diktatur\/","title":{"rendered":"Gr\u00f6nemeyer: Diktieren Diktatur"},"content":{"rendered":"<p>Als<a title=\"Liedermacher\" href=\"https:\/\/www.freiburg-schwarzwald.de\/blog\/kultur\/dichter\/liedermacher\/\"> Herbert Gr\u00f6nemeyer<\/a> in <a title=\"Oesterreich\" href=\"https:\/\/www.freiburg-schwarzwald.de\/blog\/global\/oesterreich\/\">Wien<\/a> am 12.9.2019 <a title=\"Fanatismus\" href=\"https:\/\/www.freiburg-schwarzwald.de\/blog\/engagement\/zukunft\/demokratie\/fanatismus\/\">gr\u00f6lt<\/a> <em>\u201eDann liegt es an uns zu diktieren, wie ne Gesellschaft auszusehen hat&#8220;<\/em>, jubeln die Massen im Saal zu. Er spricht offen <a title=\"Faschismus\" href=\"https:\/\/www.freiburg-schwarzwald.de\/blog\/engagement\/zukunft\/demokratie\/faschismus\/\">totalit\u00e4r<\/a> vom <em>&#8222;diktieren&#8220;<\/em>, also nicht etwa vom &#8222;<em>verteidigen&#8220;<\/em> unserer <a title=\"Keine Zeit f\u00fcr Demokratie\" href=\"https:\/\/www.freiburg-schwarzwald.de\/blog\/keine-zeit-fuer-demokratie\/\">demokratischer Teilhabe<\/a>. Der Autor der <a title=\"Gruen-Links\" href=\"https:\/\/www.freiburg-schwarzwald.de\/blog\/engagement\/zukunft\/demokratie\/gruen-links\/\">linken<\/a> Sammlungsbewegung \u201eAufstehen\u201c Bernd Stegmann twittert: \u201eDer Tonfall, mit dem Gr\u00f6nemeyer sein Publikum <a title=\"Guter Hass versus b\u00f6ser Hass\" href=\"https:\/\/www.freiburg-schwarzwald.de\/blog\/guter-hass-versus-boeser-hass\/\">politisch anheizt<\/a>, macht ein wenig <a title=\"Angst\" href=\"https:\/\/www.freiburg-schwarzwald.de\/blog\/engagement\/zukunft\/angst\/\">Angst<\/a>. <!--more-->Ich sags ungern, aber er klingt wie ein Redner vor <a title=\"Nazi\" href=\"https:\/\/www.freiburg-schwarzwald.de\/blog\/religion\/juden\/nazi\/\">1945<\/a>\u201c &#8211; und wie er posten viele User die gro\u00dfe Ahnlichkeit im Duktus von Gr\u00f6nemeyer und Goebbels. Schauen Sie sich das Video einfach mal an.<br \/>\n17.9.2019<br \/>\n.<br \/>\n<strong>Aussenminister Maas lobt Gr\u00f6nemeyers revolution\u00e4ren Elan<\/strong><br \/>\n<em>\u201eDann liegt es an uns zu diktieren, wie eine Gesellschaft auszusehen hat\u201c<\/em>, br\u00fcllt Herbert Gr\u00f6nemeyer in den Saal. Ein Video von einem Konzert, welches er am 12. September in Wien im Zuge der \u201eTumult Tour 2019\u201c gegeben hat, macht die Runde.<br \/>\nDer deutsche Au\u00dfenminster Maas verbreitet dieses fanatische, entfesselte Gegr\u00f6le und bedankt sich auch noch daf\u00fcr. An wen und an was das erinnert, erkennt jeder, der sich das Video ansieht.<br \/>\n15.9.2019, Joachim Nikolaus Steinh\u00f6fel, <a href=\"https:\/\/www.achgut.com\/artikel\/fundstueck_maas_lobt_groenemeyer\">https:\/\/www.achgut.com\/artikel\/fundstueck_maas_lobt_groenemeyer<\/a><br \/>\n.<br \/>\n<strong>Heiko Maas auf Twitter:<\/strong><br \/>\nEs liegt an uns, f\u00fcr eine freie Gesellschaft einzutreten und die Demokratie gemeinsam zu verteidigen. Danke an Herbert #Groenemeyer und allen anderen, die das jeden Tag tun.<br \/>\n<a href=\"https:\/\/twitter.com\/HeikoMaas\/status\/1173139512576360448\">https:\/\/twitter.com\/HeikoMaas\/status\/1173139512576360448<\/a><br \/>\n.<br \/>\n#knowYourHistory<br \/>\nWenn ich mir die Rhetorik Gr\u00f6nemeyers anh\u00f6rte, und dann lese, dass Sie das als deutscher Politiker gut hei\u00dfen, dann wird mir Angst! <strong><em>Solche Rhetorik gabs in Deutschland vor 80 Jahren bereits (Goebbels\/Sportpalast) und wir sollten eigentlich wissen, was diese mit Menschenmassen tur!<\/em><\/strong><br \/>\n.<br \/>\nAgnes:<br \/>\nHerr Maas, ich sage es gerne nochmal, Sie sind an Peinlichkeit, nicht mehr zu \u00fcbertreffen. Sie bejubeln hier eine Rede, die im Duktus an eine Zeit erinnert (Goebbels im Sportpalast), die ich in diesem Land nicht mehr erleben m\u00f6chte!<br \/>\n.<br \/>\nKindome Come:<br \/>\nMerken Sie tats\u00e4chlich nicht, dass #Groenemeyer die gleiche Demagogie wie Hitler und G\u00f6bbels verwendet, Hass sch\u00fcrt und zu einem totalit\u00e4ren Denken aufruft? Wenn Humanit\u00e4t so durchgesetzt werden soll, ist es keine.<\/p>\n<p>.<br \/>\n<strong>Groenemeyer in Wien l\u00f6st Emp\u00f6rung aus<\/strong><br \/>\n\u201eDer Tonfall, mit dem Gr\u00f6nemeyer sein Publikum politisch anheizt, macht ein wenig Angst\u201c, twitterte der deutsche Autor Bernd Stegemann. Der Unterst\u00fctzer der linken Sammlungsbewegung \u201eAufstehen\u201c f\u00fcgte an: \u201eIch sags ungern, aber er klingt wie ein Redner vor 1945.\u201c<br \/>\nAuch inhaltlich gibt es Kritik am S\u00e4nger, der die meiste Zeit mit seiner Familie in London lebt. Der Satz \u201eDann liegt es an uns zu diktieren, wie ne Gesellschaft auszusehen hat\u201c wird mit \u201everst\u00f6rend\u201c, \u201egruselig\u201c oder \u201eDas war eine Entgleisung\u201c kommentiert. Auch der Vergleich zu Goebbels f\u00e4llt.<br \/>\n&#8230;. Alles vom 16.9.2019 bitte lesen auf<br \/>\n<a href=\"https:\/\/www.welt.de\/vermischtes\/article200310230\/Herbert-Groenemeyer-in-Wien-Aufruf-gegen-rechts-loest-Empoerung-aus.html\">https:\/\/www.welt.de\/vermischtes\/article200310230\/Herbert-Groenemeyer-in-Wien-Aufruf-gegen-rechts-loest-Empoerung-aus.html<\/a><\/p>\n<p><strong>Das dialektische Prinzip<\/strong><br \/>\nH\u00e4tte diesen Satz: &#8222;Dann liegt es an uns zu diktieren, wie ne Gesellschaft auszusehen hat.&#8220; ein Bj\u00f6rn H\u00f6cke gesagt, dann w\u00e4re das eine Aufforderung zur Diktatur und zur Zerst\u00f6rung der Demokratie. Es h\u00e4tte Anzeigen nur so gehagelt.<br \/>\nDie Gefahr besteht \u00fcberall, zu meinen, man sei auf der richtigen Seite und dann seien Zwangsma\u00dfnahmen gerechtfertigt. Nicht nur rechts &#8211; auch links. Aufpassen Herr Gr\u00f6nemeyer &#8211; mal reflektieren!<br \/>\n16.9.2019, D.D.P., WO<br \/>\n&#8211;<br \/>\n<strong>Diktatur<\/strong><br \/>\nDiktieren, Diktat&#8230;. Diktatur. Dieser linke Zeitgeist macht mir langsam Angst.<br \/>\n17.9.2019, F.S., WO<br \/>\n.<br \/>\nMaas &#8211; schwanzwedelnd hinterherlaufender Politiker<br \/>\nHerr Gr\u00f6nemeyer ist ein freier K\u00fcnstler und diese sagen ohnehin was nach deren Selbstverst\u00e4ndnis zu sein hat. Kann man gut finden oder eben auch nicht. Wenn jedoch der dt. Au\u00dfenminister dahinter klar Position bezieht dann wird&#8217;s bedenklich. Unsere Politiker sind leider nicht daf\u00fcr bekannt, den n\u00f6tigen, gegebenen und erforderlichen sachlichen Abstand in derlei Diskussionen einzubringen. Viel lieber laufen sie schwanzwedelnd den prominenten Populisten hinterher.<br \/>\n16.9.2019,A.D., WO<br \/>\n.<br \/>\n<strong>&#8230; das Video unbedingt im Original ansehen: erschreckend!<\/strong><br \/>\nNachdem ich den Auftritt von H.G. gesehen habe, empfinde ich die Darstellung hier im Video stark abgeschw\u00e4cht. Bisher mochte ich ihn gern, aber die Art und Weise, wie er sich hier ge\u00e4u\u00dfert hat, war wirklich erschreckend &#8211; hier w\u00e4re ein Ausschnitt aus der tats\u00e4chlichen Ansprache erforderlich, um einen richtigen Eindruck abzugeben. Ich kann nur jedem empfehlen, sich das Original anzuschauen und das mal mit der Darstellung hier abzugleichen.<br \/>\n16.9.2019, S.N.<br \/>\n<a href=\"https:\/\/www.musikexpress.de\/herbert-groenemeyers-anti-rechts-rede-in-wien-koennt-ihr-ihn-hoeren-1342609\/\">https:\/\/www.musikexpress.de\/herbert-groenemeyers-anti-rechts-rede-in-wien-koennt-ihr-ihn-hoeren-1342609\/<\/a><br \/>\n.<br \/>\n<a href=\"https:\/\/twitter.com\/groenemeyer\/media\">https:\/\/twitter.com\/groenemeyer\/media<\/a><\/p>\n<p><strong>Linke Gesinnungsethik<\/strong><br \/>\nWas da zu h\u00f6ren war machte mir echt Angst und erinnerte auch mich an rechte oder linke Kampfrhetorik aus den schlimmsten Zeiten des vergangenen Jahrhunderts. Dann kam noch Herr Krumbiegel ins Radio mit der Aussage das alle Antifaschisten auch Demokraten sind. Wenn diese Herren mal beim Herrn K.R.Popper nachlesen w\u00fcrden m\u00fcssten sie feststellen dass sie so eben nicht mehr K\u00e4mpfer f\u00fcr die offene Gesellschaft sind. Aber so einfach ist die Gesinnungsethik&#8230;<br \/>\n16.9.2019, G.B., WO<br \/>\n.<br \/>\n<strong>Gr\u00f6nemeyer als Populist<\/strong><br \/>\nIch denke, Herr Gr\u00f6nemeyer sollte einen Moment innehalten und dar\u00fcber nachdenken, welche Wirkung seine Worte und sein Gestus haben. In meinen Augen versch\u00e4rft er die Spaltung in unserer Gesellschaft. Viele B\u00fcrger sehen die ungeregelte Einwanderung der letzten Jahre nach Deutschland mit gro\u00dfer Sorge. Diesen Menschen Fremdenfeindlichkeit vorzuwerfen und sie in die rechtsradikale Ecke zu stellen, ist ein Akt der Ausgrenzung und Dialogverweigerung, den ich f\u00fcr verh\u00e4ngnisvoll halte.<br \/>\nHerr Gr\u00f6nemeyer verh\u00e4lt sich spiegelbildlich zu den Populisten, die er zu kritisieren vorgibt. In seiner Kompromi\u00dflosigkeit erscheint mir der S\u00e4nger typisch deutsch zu sein.<br \/>\n16.9.2019, M.J., WO<br \/>\n.<br \/>\n<strong>Gr\u00f6nemeyer erweist der Demokratie einen B\u00e4rendienst<\/strong><br \/>\n&#8222;Dann liegt es an uns zu diktieren, wie ne Gesellschaft auszusehen hat.&#8220; Tats\u00e4chlich gibt es hier Foristen, die einen solchen dummen Spruch noch verteidigen, weil er sich ja gegen die B\u00f6sen Rechten richtet und somit nur gut sein kann. Herr Gr\u00f6nemeyer bek\u00e4mpft aber hier das B\u00f6se mit dem B\u00f6sen. Es liegt im Wesen totalit\u00e4rer Staatsformen bestimmen zu d\u00fcrfen, wie ein B\u00fcrger zu denken und eine Gesellschaft auszusehen hat. Gemein ist ihnen, dass sie dabei davon ausgehen, das vermeintlich Richtige zu tun.<br \/>\nUnserer Demokratie beweist Gr\u00f6nemeyer damit einen B\u00e4rendienst, st\u00fctzt er doch damit die These der Rechten, dass wir in einer Gesinnungsdiktatur leben. In der Gesellschaft, der Herr Gr\u00f6nemeyer diktieren m\u00f6chte wie sie zu denken hat, m\u00f6chte ich als liberal erzogener Mensch nicht leben.<br \/>\n16.9.2019, I.W., WO<br \/>\n.<br \/>\n<strong>Die Diktatur wird von den Massen wie von Maas johlend beklatscht<\/strong><br \/>\n&#8222;\u201eEs liegt an uns, f\u00fcr eine freie Gesellschaft einzutreten und die Demokratie gemeinsam zu verteidigen. Danke an Herbert #Gr\u00f6nemeyer und allen anderen, die das jeden Tag tun.\u201c Das unser AU\u00dfENMINISTER das Diktieren des linken Spektrums als Verteidigung der Demokratie verharmlost, macht seinen autorit\u00e4ren Geist unter dem demokratischen Schafspelz sichtbar. Es ist nicht nur erschreckend, da\u00df es Gr\u00f6nemeyers mit ihren totalit\u00e4ren Ansichten gibt. Es ist vor allem erschreckend, da\u00df sie in unserer Gesellschaft von hohen politischen Funktion\u00e4ren als Verteidiger des Guten dargestellt, akzeptiert und vom Publikum johlend beklatscht werden. Diese Entwicklung sollte so langsam jedem Angst machen.<br \/>\n16.9.2019, HOC, WO<\/p>\n<p><strong> Kampf gegen rechts heiligt alle Mittel<\/strong><br \/>\nEs ist halt die Frage, was man aus der Geschichte so gelernt hat. Die einen haben nur gelernt, da\u00df rechts b\u00f6se ist und meinen, der Kampf gegen rechts heilige alle Mittel. Die freuen sich \u00fcber so einen Auftritt. Offenbar auch der Hr. Maas.<br \/>\nAndere haben gelernt, da\u00df die von den Nazis benutzten und optimierten Methoden der Verf\u00fchrung der Massen genauso kritisch zu sehen sind wie die Ideologie dahinter. Die sehen solche Auftritte kritisch, genauso wie sie irgendwelche #wirsindmehr-m\u00e4ssigen Fischfilet-Anpreisungen kritisch sehen.<br \/>\nUnd dann gibt&#8217;s die echten Rechten, die sich diebisch daran erfreuen, wenn ihre Gegenspieler sich so offensichtlich aus dem Massenmanipulationsbaukasten der Nazis bedienen. Wobei erstere die zweiteren in diese dritte Kategorie verordnen, damit ihr Weltbild wieder stimmt. Eigentlich nichts Neues tief im Westen.<br \/>\nFakt ist, da\u00df neben der Aussage &#8222;diktieren&#8220; der Duktus von Hr. Gr\u00f6nemeyer &#8211; und die Reaktion des Publikums &#8211; sehr nahe an den historischen Aufnahmen aus dem Sportpalast sind. So wie die FFF \u00fcberkreuzten Arme in Wien am Film &#8222;1984&#8220;. Das finde ich besorgniserregend. Haben die alle &#8222;Die Welle&#8220;, &#8222;1984&#8220; und &#8222;Animal Farm&#8220; nicht verstanden?<br \/>\n16.9.019, H.N., WO<br \/>\n.<br \/>\n<strong>Ich f\u00fcrchte mich<\/strong><br \/>\nIch lebe in einem freien Deutschland. Seit 30 Jahren lebt auch der \u00f6stliche Teil Deutschlands in Freiheit. Das ist gut so. Zu dieser, unserer Freiheit geh\u00f6rt unter anderem, dass jeder, ja auch HG, seine Meinung offen und frei, ohne Angst vor negativen Konsequenzen, kund tun darf.<br \/>\nEs ist allerdings genau das Gegenteil von Freiheit, wenn mir DIKTIERT wird, wie ich zu leben habe, wie die Gesellschaft auszusehen hat, in der ich leben soll\/darf\/muss. &#8222;Und so geht die Freiheit zugrunde &#8211; mit donnerndem Applaus.&#8220; [Padme Amidala, SW III] Das hatten wir 33 schon einmal, 45 wieder. Und nun (am 12.9.2019)?<br \/>\nIch f\u00fcrchte mich.<br \/>\n16.9.2019, M.N., WO<br \/>\n.<br \/>\n<strong>Aussenminister Maas sch\u00fcrt \u00c4ngste<\/strong><br \/>\nZweiter Versuch: Nat\u00fcrlich hat Herr Gr\u00f6nemeyer das Recht sich zu \u00e4u\u00dfern. Aber ob ein deutscher Minister hier sich bei Herr Gr\u00f6nemeyer bedankt ist eine andere Nummer. Nein eine Aussage: &#8222;Dann liegt es an uns zu diktieren, wie ne Gesellschaft auszusehen hat\u201c, sollte ein deutscher Minister, zu mal der Aussenminister nicht beklatschen. Es sch\u00fcrrt \u00c4ngste und bewirkt das Gegenteil: super Reklame f\u00fcr die AFD.<br \/>\n16.9.2019,B.M., WO<br \/>\n.<br \/>\n<strong>Verunglimpfung des Wortes &#8222;rechts&#8220;<\/strong><br \/>\nEin Problem mit Gr\u00f6nemeyers Aussage ist, dass &#8222;rechts&#8220; mal wieder mit &#8222;rechtsextrem&#8220; gleichgesetzt wird (, was sehr wenig intellektuell ist) und dadurch jede konservative Haltung \u2013 genau genommen dann rechte Haltung \u2013 diskriminiert wird. Denn: nicht alles, was konservativ\/rechts ist, ist automatisch schlecht oder zielt auf die Herabsetzung anderer Menschen. Und so gut wie jeder selbstst\u00e4ndig denkende Mensch, wird teilweise linke UND teilweise rechte Meinungen haben zu verschiedenen Themen.<br \/>\nIch kann mich beispielsweise zu Drogenh\u00e4ndlern im G\u00f6rlitzer Park anders positionieren als zu friedfertigen Fl\u00fcchtlingen und deren w\u00fcnschenswerte Integration. Wenn ich die Drogenh\u00e4ndler im G\u00f6rlitzer Park raushaben will, um Drogen nicht im Stra\u00dfenbild zu haben, w\u00fcrde das von manchen Personen als &#8222;rechts&#8220; eingestuft. Wenn ich gleichzeitig Fl\u00fcchtlingen, die sich auf dem Grund unseres Rechtssystems bewegen, eine gute Integration w\u00fcnsche, k\u00f6nnte man das als links einstufen. Genauso kann ich ein gut funktionierendes Sozialsystem unterst\u00fctzen (links), dabei aber einfordern, dass dieses nicht \u00fcberspannt wird und die Leistungstr\u00e4ger nicht benachteiligt werden (rechts).<br \/>\nWir sollten im Sinne einer guten Debatte also vorsichtiger sein mit der Verunglimpfung des Wortes &#8222;rechts&#8220;. Das kann umso mehr f\u00fcr einen Multiplikator wie Gr\u00f6nemeyer gelten. Der, nebenbei, vermutlich auch f\u00fcr sich die (konservative\/rechte) Haltung vertritt, dass sein sein Besitzstand in gleich mehreren L\u00e4ndern doch gewahrt bleiben m\u00f6ge.<br \/>\n16.9.2019, R.S., WO<br \/>\n.<br \/>\n<strong>&#8230; mir eine eigene Meinung bilden<\/strong><br \/>\nIch m\u00f6chte nicht, dass mir irgendjemand diktiert, was ich gut zu finden habe. Ich m\u00f6chte bitte selber denken d\u00fcrfen und mir einen eigene Meinung bilden. Und ob ich dann zu dem Schluss komme dass &#8222;rechts&#8220; besser als &#8222;links&#8220; ist, dann ist das eben meine Meinung und genauso legitim wie die Meinung von Herrn Gr\u00f6nemeyer, dass &#8222;links&#8220; besser ist. In einer zivilisierten Gesellschaft w\u00fcrde man jetzt einen Kompromiss aushandeln, um einen gemeinsamen Konsens zu finden. Herr Gr\u00f6nemeyer m\u00f6chte aber stattdessen lieber seine Meinung diktieren und als alleing\u00fcltig darstellen.<br \/>\nDass das nicht funktioniert und in Krieg und Elend endet, hat die Geschichte ja in den letzten Jahrhunderten mehrfach gezeigt. Aber anscheinend haben viele vermeintlich zivilisierte Menschen nicht wirklich aus der Geschichte gelernt.<br \/>\n16.9.2019, U.G., WO<br \/>\n.<br \/>\n<strong>Ein satter Staatsk\u00fcnstler<\/strong><br \/>\nWarum die Aufregung? Ein satter Staatsk\u00fcnstler suhlt sich in Konformismus auf seiner &#8222;Tumult&#8220;-Tour. Ergebenheitsadressen von K\u00fcnstlern gab es ja auch in der DDR, wennn auch nicht so oft wie derzeit. Von den negativen Folgen der Politik ist ein Million\u00e4r ja auch nicht betroffen. Das sieht bei vielen seiner Konzertbesucher anders aus.<br \/>\n16.9.2019,L.R., WO<br \/>\n.<br \/>\n<strong>Volksverhetzung und Hass von links<\/strong><br \/>\nNe, jetzt mal ehrlich: das geht doch nicht, oder? Da findet doch Volksverhetzung und Hass in Reinkultur statt. Er will &#8222;diktieren&#8220;! Und wen meint er eigentlich mit &#8222;diese Leuten&#8220;? Menschen, die eine andere Meinung haben? Menschen, welche die Migrationspolitik der Regierung kritisch sehen? Darf man das denn nicht mehr?<br \/>\nEinfach nur be\u00e4ngstigend.<br \/>\n16.9.2019, V.G., WO<\/p>\n<p>.<br \/>\n<strong>Herbert Gr\u00f6nemeyer in Wien: Totalitarismus pur<\/strong><br \/>\n\u201d \u2026 wenn Politiker schw\u00e4cheln, dann liegt es an uns, zu diktieren, wie die Gesellschaft auszusehen hat. \u201d<br \/>\nFocus berichtet \u00fcber den inzwischen skandaltr\u00e4chtigen Auftritt: \u201cDeutsch-Pop Star Herbert Gr\u00f6nemeyer hat bei einem Konzert in Wien eine politische Ansprache gehalten und sich klar gegen rechtes Gedankengut positioniert.\u201d und weiter (inklusive Dativ\/Akkusativ-Fehler von Maas):<br \/>\n\u201cF\u00fcr sein Engagement bekam er nun auch Unterst\u00fctzung von Au\u00dfenminister Heiko Maas. Zitat:\u2019Es liegt an uns, f\u00fcr eine freie Gesellschaft einzutreten und die Demokratie gemeinsam zu verteidigen. Danke an Herbert #Gr\u00f6nemeyer und allen anderen, die das jeden Tag tun.&#8217;\u201d<br \/>\n.<br \/>\nDer Focus-Bericht enth\u00e4lt einen sehenswerten Videoausschnitt des Wiener Auftritts. <a href=\"https:\/\/www.focus.de\/politik\/afd-politiker-vergleichen-mit-nazi-propaganda-herbert-groenemeyer-positioniert-sich-bei-konzert-klar-gegen-rechts_id_11145384.html\">https:\/\/www.focus.de\/politik\/afd-politiker-vergleichen-mit-nazi-propaganda-herbert-groenemeyer-positioniert-sich-bei-konzert-klar-gegen-rechts_id_11145384.html<\/a><br \/>\nIch habe versucht, trotz der \u201ctraditionell\u201d schlecht verst\u00e4ndlichen Sprechweise Gr\u00f6nemeyers ein Transskript zu erzeugen (kursiv) und zu kommentieren.<br \/>\n\u201c\u2026 und ich kann mich nicht erinnern in meinem Leben in Zeiten \u2013 ich kannte das nur vom H\u00f6rensagen \u2013 in Zeiten zu leben, die so zerbrechlich, so br\u00fcchig und so d\u00fcnnes Eis sind; und ich glaube, es muss uns klar sein: auch wenn Politiker schw\u00e4cheln \u2013 und das ist, glaube ich, in \u00d6sterreich nicht anders als in Deutschland \u2013 (Jubel), dann liegt es an uns, dann liegt es an uns, zu diktieren, wie die Gesellschaft auszusehen hat. \u201d<br \/>\nGr\u00f6nemeyer fordert also seine Sympathisanten auf, zu diktieren, wie die Gesellschaft auszusehen hat. Das ist unverhohlen das Gegenteil von demokratischer Teilhabe, es ist offen totalit\u00e4r. Auch die Sprechweise ist totalit\u00e4r: Wie die Gesellschaft \u201causzusehen hat\u201d \u2013 zack zack, das ist kein Vorschlag, das ist ein Befehl.<br \/>\n&#8211;<br \/>\nUnd was sind \u201cschw\u00e4chelnde Politiker\u201d? Damit kann Gr\u00f6nemeyer nur die gegenw\u00e4rtig Regierenden, also CDU, SPD, Gr\u00fcne, Linke und FDP meinen. Sie sollen nicht kritisiert oder abgew\u00e4hlt werden, nein, da hilft nur eine Diktatur der Gr\u00f6nemeyer-Massen.<br \/>\n\u201cUnd wer versucht, eine Situation der Unsicherheit zu nutzen f\u00fcr rechtes Geschwafel, f\u00fcr Ausgrenzung, Rassismus und Hetze, der ist fehl am Platze. \u201d<br \/>\n\u201cFehl am Platze\u201d? Nicht etwa eine Meinung ist fehl am Platze, nein der Mensch selbst ist \u201cfehl am Platze\u201d. Was hei\u00dft das praktisch? Der \u201crechte Schwafler\u201d soll also \u201craus\u201d. In diesem Ungeist wird Anderdsdenkenden in Deutschland immer wieder empfohlen, doch das Land zu verlassen.<br \/>\n\u201cDiese Gesellschaft ist offen, humanistisch, bietet Menschen Schutz und Teilnehme. Und wir m\u00fcssen diesen Leuten so schnell wie m\u00f6glich und ganz ruhig den Spa\u00df daran austreiben. Keinen Millimeter nach rechts, (Stimme \u00fcberschl\u00e4gt sich) keinen einzigen Millimeter nach rechts!\u201d<br \/>\n.<br \/>\nFocus berichtet zum Schluss: \u201cAuf Twitter gab es Stimmen von AfD-Politikern, die Gr\u00f6nemeyers teilweise herausgebr\u00fcllten Aufruf mit Nazi-Propaganda verglichen.\u201d<br \/>\nSollten tats\u00e4chlich nur AfD-Politikern die \u00c4hnlichkeiten in Form und Inhalt auffallen?<br \/>\n&#8230; Alles vom 17.9.2019 von Dr. Wolfgang Hintze bitte lesen auf<br \/>\n<a href=\"https:\/\/vera-lengsfeld.de\/2019\/09\/17\/herbert-groenemeyer-in-wien-totalitarismus-pur\/\">https:\/\/vera-lengsfeld.de\/2019\/09\/17\/herbert-groenemeyer-in-wien-totalitarismus-pur\/<\/a><\/p>\n<p>&nbsp;<\/p>\n<p>.<\/p>\n<p><strong>Gr\u00f6nemeier: Die linke Currywurst<\/strong><br \/>\nLinks ist die neue Mitte. Alles jenseits davon schon rechts. Die urspr\u00fcngliche Mitte wurde aufgel\u00f6st. Sie muss sich entscheiden. Linke Deutungshoheit \u00fcbernehmen oder Nazi sein. Die politischen Koordinaten verschieben sich seit geraumer Zeit m\u00e4chtig. Vor allem Journalisten der sogenannten \u201eQualit\u00e4tsmedien\u201c haben mit ihrer Art der Themensetzung und Aufarbeitung in den letzten Jahren einen essenziellen Beitrag zu dieser Verschiebung geleistet.<br \/>\nEs wird deutlich: Nicht das tats\u00e4chlich recht kleine Spektrum von ohnehin gesellschaftlich isolierten Rechtsextremen treibt die Polarisierung der Gesellschaft voran, sondern linke Schreih\u00e4lse wie Herbert Gr\u00f6nemeyer, deren extreme Ansichten wiederum prominente Unterst\u00fctzung erhalten und von einer Mehrheit der deutschen Journalisten und Politiker auch noch als politische Mitte bezeichnet werden.<br \/>\n&#8230;<br \/>\nDenn es ging nicht um Gr\u00f6nemeyers Positionierung gegen \u201eHass und Ausgrenzung\u201c, wie es immer so sch\u00f6n hei\u00dft, wenn es darum geht, deutlich zu machen, dass jeder, der sich nicht auf die gleiche Seite stellt, automatisch f\u00fcr Hass und Ausgrenzung ist oder das, was die neue linke \u201eMitte\u201c daf\u00fcr h\u00e4lt. Es ging auch nicht um seine Aussage \u201ekeinen Millimeter nach rechts\u201c r\u00fccken wollen, oder die Bef\u00fcrchtung, dass sich ein wachsender Teil der Gesellschaft, offen f\u00fcr rechtsau\u00dfen zeigt, die ich im \u00dcbrigen teile. Nein, es ging explizit um die Aussage, \u201ediktieren zu wollen, wie `ne Gesellschaft auszusehen hat.\u201c Darum, dass ihm seine Fans v\u00f6llig ekstatisch und vollkommen unkritisch zujubelten, w\u00e4hrend sich seine Stimme \u00fcberschlug. Darum, dass der Bundesau\u00dfenminister ihm daraufhin f\u00fcr seine Worte dankt. Dass von den Stimmen, die in diesem Land \u00f6ffentliches Gewicht besitzen, keine mehr zu erkennen scheint, dass Links- und Rechtsextremismus zwei Seiten derselben Medaille sind. Dass es bei Gr\u00f6nemeyer und Co. nicht um die Mitte gegen Rechts geht, sondern wieder einmal um die Durchsetzung einer einzig \u201ewahren\u201c Weltsicht und folglich die Bek\u00e4mpfung all jener, die diese nicht teilen. Und dass das sowohl im Nationalsozialismus als auch in der DDR zu Zwang, Unfreiheit, Menschenverachtung und Gewalt gef\u00fchrt hat.<br \/>\nMoral ist und bleibt ein subjektiver Wert. Eine dem Zeitgeist unterliegende Anschauung, die genau deshalb nicht zur Pr\u00e4misse politischer Leitlinien werden darf. Die immer von einigen geteilt und von anderen abgelehnt wird und so der freien, pluralistischen Gesellschaft niemals Rechnung tr\u00e4gt. Der Anspruch, eine \u201ewahre\u201c Moral oder Weltanschauung durchsetzen zu wollen, endet folglich immer im Zwang, an dessen Ende die Unfreiheit aller und die Gewalt gegen\u00fcber jenen steht, die diese Moral nicht teilen. Wer das nicht versteht, sollte wahlweise weder schreiben, noch Politik betreiben oder in Bezug auf Herbert Gr\u00f6nemeyer besser wieder \u00fcber Currywurst singen.<br \/>\n&#8230; Alles vom 17.9.2019 von Anbel Schunke bitte lesen auf<br \/>\n<a href=\"https:\/\/www.achgut.com\/artikel\/die_linke_currywurst\">https:\/\/www.achgut.com\/artikel\/die_linke_currywurst<\/a><br \/>\n.<br \/>\nIch danke Gr\u00f6nemeyer f\u00fcr die klare Aussage. Er hat es \u00fcberdeutlich gesagt, was die linke Mischpoke will. Sie will diktieren.<br \/>\n17.9.2019, P.F.H., AO<br \/>\n.<br \/>\n<strong>Alter Million\u00e4r<\/strong><br \/>\nEin alternder K\u00fcnstler, dem das Publikum wegbricht, versucht sich bei den Greta-Anh\u00e4ngern ein neues zu rekrutieren. Ein Million\u00e4r der in London in Saus und Braus lebt, gibt f\u00fcr Deutschland die Parolen vor? Und hier springen sofort Tausende \u00fcber das St\u00f6ckchen. Ich glaub es einfach nicht.<br \/>\n17.9.2019, G.SCH. AO<br \/>\n.<br \/>\n<strong>AfD w\u00e4hlen &#8211; aus Notwehr<\/strong><br \/>\nAls ehemals aktiver Jungsozialist und Willi Brandt Verehrer ordne ich mich auch heute noch politisch links der Mitte ein. Wenn ich die Artikel und die Kommentare auf der Achse lese genie\u00dfe ich das Niveau der Auseinandersetzung mit der b\u00fcrgerlichen Mitte und finde weitgehende \u00dcbereinstimmung (wie eigentlich immer schon). Aber selbstverst\u00e4ndlich w\u00e4hle ich AfD. Das ist pure Notwehr. Umso weniger verstehe ich, da\u00df politisch denkende Menschen, wie hier, sich zieren die \u201eRechten\u201c zu w\u00e4hlen &#8211; weil &#8230; ? Wer sich weiter ziert erkl\u00e4rt sich mit dem derzeitigen Mainstream einverstanden. Meckern allein bringt keine Ver\u00e4nderung. Wenn ich von einer R\u00e4uberbande angegriffen werde ist es mir v\u00f6llig egal wer mir hilft zu \u00fcberleben. Dar\u00fcber denke ich nach wenn ich den Angriff \u00fcberlebt habe &#8211; und zwar nur dann.<br \/>\n17.9.2019, R.M., AO<br \/>\nAls Psychotherapeut erlebe ich immer wieder , wie es innerhalb von Familien und Freundeskreisen zu heftigen Zerw\u00fcrfnissen kommt. Ausl\u00f6ser ist fast immer die unterschiedliche Beurteilung der Fl\u00fcchtlingsfrage und der Migration. Die F\u00e4higkeit, unterschiedliche Standpunkte zu akzeptieren und auszuhalten, ist bei vielen abhanden gekommen. Mir f\u00e4llt dabei auf , dass der Bruch der Beziehung fast immer von den linken ausgeht, wohingegen Kritiker der Fl\u00fcchtlingspolitik zumindest bei meinen Beobachtungen Opfer sind, aber selber nicht ausgrenzen und Freundschaftskontakte abbrechen. In meiner Wahlheimat Frankreich habe ich derartiges in meinem Umfeldnoch nicht erlebt.<br \/>\n17.9.2019, K.H., AO<br \/>\n.<br \/>\n<strong>Kritik als Gr\u00f6nemeyer wie H\u00f6cke wird als faschistisch abgetan<\/strong><br \/>\nVielen Dank f\u00fcr die \u00dcberlegungen und Hinweise. Jenseits aller pawlowschen Reflexe. Was sie aber damit sagen, ist im Ergebnis doch folgendes: Der Angriff gilt der offenen Gesellschaft, ob er nun von H\u00f6cke kommt oder von Gr\u00f6le. Darum geht es, auch wenn einige Kommentatoren, auch auf der Achse, versuchen, genau diesen Aspekt unter den Teppich zu kehren. Nat\u00fcrlich ist es v\u00f6llig wurscht, was dieser br\u00fcllende Spinner von sich gibt in politischer Hinsicht. Dass allerdings ein Minister der Bundesrepublik das als beispielhaft verbreitet, das die Medien den Satz \u201ckeinen Millimeter nach links\u201d feiern, als w\u00e4re es eine Offenbarung &#8211; das ist es doch, was den ideologiekritischen Menschen die Stirn runzeln l\u00e4sst. In der Tat muss sich Deutschland neu besinnen und neu positionieren, der Kampf \u201clinks gegen rechts\u201d ist in Wahrheit Vergangenheit. Die Frontlinien laufen heute woanders, weil die Frontlinien an den Problemen entlanglaufen und die Probleme k\u00fcmmern sich nicht um Ideologien der Vergangenheit. Was Leute wie H\u00f6cke versuchen, sich an die Nazi-Ideologie dranzukleben als Schreckgestalt der \u201cLinksliberalgr\u00fcnen\u201d um f\u00fcr gewollte Aufregung und damit Aufmerksamkeit zu sorgen, ist kaum etwas anders als die Provokationen dieses Br\u00fcllaffen. Dessen \u201cLinks\u201d ist so falsch und so verlogen und so obsolet wie das \u201cRechts\u201d eines H\u00f6cke. Beide sitzen in der Ideologiefalle. Und wollen uns weismachen, dass der Mensch sich auch heute noch zu entscheiden hat, in welcher der beiden Fallen er sich gef\u00e4lligst hinein zu begeben hat. Da muss man klar sagen: Das wollen wir nicht, das machen wir nicht mit, wir lassen uns nicht von Br\u00fcllern und Provokateuren in die Ecke dr\u00e4ngen und entm\u00fcndigen. Aber genau das geschieht nicht, wie an diesem Beispiel deutlich zu erkennen. Es geht nicht um den Br\u00fcllaffen, sondern darum, dass die Kritik am Br\u00fcllaffen nicht als Ideologiekritik hingestellt wird, die sie eben auch ist, sondern als Bekenntnis zum Faschismus.<br \/>\n17.9.2019, A.R., AO<br \/>\n.<br \/>\nNoch vor gar nicht all zu vielen Jahren war eine lebhafte Diskussion, etwa im Sozialkunde- oder Geschichtsunterricht erw\u00fcnscht, Ja, wurde gef\u00f6rdert. Unterschiedliche Standpunkte waren erw\u00fcnscht. Wenn m\u00f6glich, sollte sich das gesamte politische Spektrum in den Diskussionen der Sch\u00fcler widerspiegeln. Das nannte man Erlernen der Demokratie, der demokratischen Spielregeln. Man lernte, eine andere Meinung zu respektieren und dieser ausschlie\u00dflich mithilfe des besseren Argumentes zu begegnen. Der Lehrer blieb so neutral wie irgend m\u00f6glich. Ein guter Lehrer zeichnete sich auch dadurch aus, dass man seine politische Meinung nicht erahnen konnte. Er moderierte die Diskussion und besorgte die Quellen, anhand derer etwa ein historisches Ereignis er\u00f6rtert wurde. Nat\u00fcrlich kam auch die Wissensvermittlung nicht zu kurz. Aber alles spielte sich in einem offenen, h\u00f6chst spannenden Rahmen ab, der zun\u00e4chst ergebnisoffen erschien. So stelle ich mir guten Unterricht vor. Gibt es einen solchen eigentlich heute noch?<br \/>\n17.9.2019, W.A.<br \/>\n.<br \/>\nFrau Schunke bringt das Bedenkliche an dieser Sache auf den Punkt \u2013 die Auslassung des \u201cdiktieren\u201d-Zitats in weiten Teilen der Berichterstattung. Will Gr\u00f6nemeyer so etwas wie eine Diktatur der Guten? Kritische Journalisten m\u00fcssten da eigentlich nachhaken und ihn fragen, was er mit \u201cdiktieren\u201d und mit \u201cRechts\u201d genau meint. Eine kritische Debatte \u00fcber sein Demokratieverst\u00e4ndnis findet aber in diesen Medien nicht statt, stattdessen werden die Kritiker des Auftritts denunziert. Dass ein deutscher Au\u00dfenminister jemanden, der von \u201cdiktieren\u201d schwafelt, unterst\u00fctzt, w\u00e4re ebenfalls ein Grund, sehr kritisch nachzuhaken, wenn nicht seinen R\u00fccktritt zu fordern.<br \/>\n17.9.2019, M.B, AO<br \/>\n.<br \/>\nDie \u201cZeit\u201d glaubte eine Rechtfertigung f\u00fcr diesen katastrophalen Auftritt von \u201cGr\u00f6hlemeyer\u201d unbedingt schreiben zu m\u00fcssen und l\u00f6schte Kommentare von Menschen, die sowohl den an diesem Tag von allen guten Geistern verlassenen S\u00e4nger ais auch den Beitrag kritisierten. Soviel zur Meinungsfreiheit, was schon schlimm genug ist, aber noch schlimmer ist die erschreckende Tatsache, dass viele unserer Journalisten aus irgendwelchen Gr\u00fcnden die glasklaren Realit\u00e4ten ausblenden, (wieder) den falschen \u201cG\u00f6tzen\u201d folgen und ganz normale Menschen als \u201cRechtsextreme\u201d diffamieren. Das Video weckte in mir Erinnerungen an das bestialische Gebr\u00fcll der Richterin B. im Amtsgericht Tiergarten, als es um eine nicht begangene Ordnungswidrigkeit ging, die pl\u00f6tzlich zu einer begangenen Straftat wurde. Keine Sau hat sich daf\u00fcr interessiert.<br \/>\n17.9.2019, H.J., AO<br \/>\n.<br \/>\nEinen anderen Teil dieser unglaublichen Wutrede Gr\u00f6nemeyers halte ich aber ebenfalls f\u00fcr h\u00f6chst bedenklich: \u201cWenn (demokratisch gew\u00e4hlte) Politiker schw\u00e4cheln\u2026\u201d. Wenn die Volksvertreter also nicht das tun, was man selbst von Ihnen erwartet, dann muss man die Dinge eben selber in die Hand nehmen. Man stelle sich vor, das h\u00e4tte einer vom rechten Spektrum gesagt. Die Medien h\u00e4tten es quasi als Aufruf zum Volksaufstand hochgeschrieben. Auf dem linken Auge ist man eben blind gegen\u00fcber derartigen Fehlentwicklungen. Es ist ja die eigene Meinung. War \u201cdamals\u201d nicht anders. Da ignorierte man auch die ersten Anzeichen\u2026<br \/>\n17.9.2019, F.L., AO<br \/>\n.<br \/>\n<strong>Beutelsbacher Konsens gilt nicht mehr?<\/strong><br \/>\nSeit 1976 gilt der <a title=\"Politische-Bildung\" href=\"https:\/\/www.freiburg-schwarzwald.de\/blog\/bildung\/politische-bildung\/\">Beutelsbacher Konsens<\/a> als Grundsatz f\u00fcr den sozialwissenschaftlichen Unterricht in unserem demokratischen Land: Die Sch\u00fcler d\u00fcrfen nicht mit einer politischen Meinung \u00fcberw\u00e4ltigt werden; es soll im Unterricht kontrovers erscheinen, was in Politik und Wissenschaft kontrovers diskutiert wird; die Sch\u00fcler sollen in die Lage versetzt werden, die politische Situation der Gesellschaft und die eigene Position zu analysieren und sich aktiv am politischen Prozess zu beteiligen. &#8211; Und nun verbreitet Au\u00dfenminister Heiko Maas (SPD) mit Dank an Gr\u00f6nemeyer dessen Aufruf, dass eine Gruppe diktieren soll, wie eine Gesellschaft auszusehen hat, samt fanatischem Gegr\u00f6le. &#8211; So werden Jahrzehnte demokratischer Erziehung in Schulen von unserer Regierung unterminiert, statt auf die historischen Parallelen zu Veranstaltungen manipulierter Massenhysterie hinzuweisen, die in die dunkelsten Phasen deutscher Geschichte f\u00fchrten.<br \/>\n17.9.2019,E.F., AO<\/p>\n","protected":false},"excerpt":{"rendered":"<p>Als Herbert Gr\u00f6nemeyer in Wien am 12.9.2019 gr\u00f6lt \u201eDann liegt es an uns zu diktieren, wie ne Gesellschaft auszusehen hat&#8220;, jubeln die Massen im Saal zu. Er spricht offen totalit\u00e4r vom &#8222;diktieren&#8220;, also nicht etwa vom &#8222;verteidigen&#8220; unserer demokratischer Teilhabe. &hellip; <a href=\"https:\/\/www.freiburg-schwarzwald.de\/blog\/groenemeyer-diktieren-diktatur\/\">Weiterlesen <span class=\"meta-nav\">&rarr;<\/span><\/a><\/p>\n","protected":false},"author":2,"featured_media":0,"comment_status":"open","ping_status":"closed","sticky":false,"template":"","format":"standard","meta":{"footnotes":""},"categories":[18,355,13,97,80,120,157,172],"tags":[633,720,525],"class_list":["post-74710","post","type-post","status-publish","format-standard","hentry","category-bildung","category-buergerinitiativen","category-kultur","category-liedermacher","category-medien","category-musik","category-oeffentlicher-raum","category-zukunft","tag-demokratie","tag-medien","tag-politik"],"_links":{"self":[{"href":"https:\/\/www.freiburg-schwarzwald.de\/blog\/wp-json\/wp\/v2\/posts\/74710","targetHints":{"allow":["GET"]}}],"collection":[{"href":"https:\/\/www.freiburg-schwarzwald.de\/blog\/wp-json\/wp\/v2\/posts"}],"about":[{"href":"https:\/\/www.freiburg-schwarzwald.de\/blog\/wp-json\/wp\/v2\/types\/post"}],"author":[{"embeddable":true,"href":"https:\/\/www.freiburg-schwarzwald.de\/blog\/wp-json\/wp\/v2\/users\/2"}],"replies":[{"embeddable":true,"href":"https:\/\/www.freiburg-schwarzwald.de\/blog\/wp-json\/wp\/v2\/comments?post=74710"}],"version-history":[{"count":0,"href":"https:\/\/www.freiburg-schwarzwald.de\/blog\/wp-json\/wp\/v2\/posts\/74710\/revisions"}],"wp:attachment":[{"href":"https:\/\/www.freiburg-schwarzwald.de\/blog\/wp-json\/wp\/v2\/media?parent=74710"}],"wp:term":[{"taxonomy":"category","embeddable":true,"href":"https:\/\/www.freiburg-schwarzwald.de\/blog\/wp-json\/wp\/v2\/categories?post=74710"},{"taxonomy":"post_tag","embeddable":true,"href":"https:\/\/www.freiburg-schwarzwald.de\/blog\/wp-json\/wp\/v2\/tags?post=74710"}],"curies":[{"name":"wp","href":"https:\/\/api.w.org\/{rel}","templated":true}]}}