{"id":7466,"date":"2012-07-24T16:33:37","date_gmt":"2012-07-24T14:33:37","guid":{"rendered":"https:\/\/www.freiburg-schwarzwald.de\/blog\/?p=7466"},"modified":"2012-08-02T13:17:29","modified_gmt":"2012-08-02T11:17:29","slug":"kartaus-letzter-rundgang-vor-dem-umbau-zum-bosch-college","status":"publish","type":"post","link":"https:\/\/www.freiburg-schwarzwald.de\/blog\/kartaus-letzter-rundgang-vor-dem-umbau-zum-bosch-college\/","title":{"rendered":"Kartaus &#8211; Letzter Rundgang vor dem Umbau zum Bosch-College"},"content":{"rendered":"<p>&#8222;Mit einer letzten Kloster-Gartenparty haben die Bewohner der <a title=\"Kartaus\" href=\"https:\/\/www.freiburg-schwarzwald.de\/blog\/natur\/garten\/kartaus\/\">Kartaus<\/a> nun schon mal Abschied genommen. Sie m\u00fcssen Platz f\u00fcr das &#8222;<a title=\"UWC-Freiburg\" href=\"https:\/\/www.freiburg-schwarzwald.de\/blog\/bildung\/schulen\/uwc-freiburg\/\">United World College<\/a>&#8220; machen, das Neu- und Umbauten erfordert. 2014 will das internationale Internat er\u00f6ffnen, die Vorbereitung l\u00e4uft. Heute soll der Gemeinderat \u00fcber die \u00fcberarbeiteten Pl\u00e4ne entscheiden. W\u00e4hrend Einigkeit \u00fcber das gro\u00dfe Ganze herrscht, gibt\u2019s Kritik am Detail: Die Neubauten, die neben der historischen Klosteranlage geplant sind, gefallen nicht allen.&#8220; So meldet es die BZ vom 24.7.2012<br \/>\n<a href=\"https:\/\/www.badische-zeitung.de\/freiburg\/beim-kloster-projekt-steckt-der-teufel-im-detail--61933740.html\">https:\/\/www.badische-zeitung.de\/freiburg\/beim-kloster-projekt-steckt-der-teufel-im-detail&#8211;61933740.html<\/a>.\u00a0Die Bauarbeiten sollen Herbst 2012 beginnen,\u00a0denn die Robert-Bosch-Stiftung will das College zu ihrem 50. Jubil\u00e4um im Herbst 2014 er\u00f6ffnen. So war der &#8222;letzte Rundgang&#8220; schon von Wehmut und Abschiedsschmerz gepr\u00e4gt.<\/p>\n<p><!--more-->Kartaus-Rundgang<\/p>\n<p align=\"left\">\u00a0<div id='gallery-1' class='gallery galleryid-7466 gallery-columns-3 gallery-size-thumbnail'><dl class='gallery-item'>\n\t\t\t<dt class='gallery-icon landscape'>\n\t\t\t\t<a href='https:\/\/www.freiburg-schwarzwald.de\/blog\/kartaus-letzter-rundgang-vor-dem-umbau-zum-bosch-college\/kartaus1fuehrung120722\/'><img loading=\"lazy\" decoding=\"async\" width=\"180\" height=\"135\" src=\"https:\/\/www.freiburg-schwarzwald.de\/blog\/wp-content\/uploads\/2012\/07\/kartaus1fuehrung120722-180x135.jpg\" class=\"attachment-thumbnail size-thumbnail\" alt=\"\" aria-describedby=\"gallery-1-7471\" srcset=\"https:\/\/www.freiburg-schwarzwald.de\/blog\/wp-content\/uploads\/2012\/07\/kartaus1fuehrung120722-180x135.jpg 180w, https:\/\/www.freiburg-schwarzwald.de\/blog\/wp-content\/uploads\/2012\/07\/kartaus1fuehrung120722.jpg 640w\" sizes=\"auto, (max-width: 180px) 100vw, 180px\" \/><\/a>\n\t\t\t<\/dt>\n\t\t\t\t<dd class='wp-caption-text gallery-caption' id='gallery-1-7471'>\n\t\t\t\tKartaus 22.7.2012: Start des Rudngangs mit Eva-Maria Sch\u00fcle, Frank L\u00f6bbecke und Joachim Scheck\n\t\t\t\t<\/dd><\/dl><dl class='gallery-item'>\n\t\t\t<dt class='gallery-icon landscape'>\n\t\t\t\t<a href='https:\/\/www.freiburg-schwarzwald.de\/blog\/kartaus-letzter-rundgang-vor-dem-umbau-zum-bosch-college\/kartaus2innenhof120722\/'><img loading=\"lazy\" decoding=\"async\" width=\"180\" height=\"135\" src=\"https:\/\/www.freiburg-schwarzwald.de\/blog\/wp-content\/uploads\/2012\/07\/kartaus2innenhof120722-180x135.jpg\" class=\"attachment-thumbnail size-thumbnail\" alt=\"\" aria-describedby=\"gallery-1-7472\" srcset=\"https:\/\/www.freiburg-schwarzwald.de\/blog\/wp-content\/uploads\/2012\/07\/kartaus2innenhof120722-180x135.jpg 180w, https:\/\/www.freiburg-schwarzwald.de\/blog\/wp-content\/uploads\/2012\/07\/kartaus2innenhof120722.jpg 640w\" sizes=\"auto, (max-width: 180px) 100vw, 180px\" \/><\/a>\n\t\t\t<\/dt>\n\t\t\t\t<dd class='wp-caption-text gallery-caption' id='gallery-1-7472'>\n\t\t\t\tKartaus 22.7.2012: Blick nach S\u00fcden im Innenhof\n\t\t\t\t<\/dd><\/dl><dl class='gallery-item'>\n\t\t\t<dt class='gallery-icon landscape'>\n\t\t\t\t<a href='https:\/\/www.freiburg-schwarzwald.de\/blog\/kartaus-letzter-rundgang-vor-dem-umbau-zum-bosch-college\/kartaus3innenhof120722\/'><img loading=\"lazy\" decoding=\"async\" width=\"180\" height=\"135\" src=\"https:\/\/www.freiburg-schwarzwald.de\/blog\/wp-content\/uploads\/2012\/07\/kartaus3innenhof120722-180x135.jpg\" class=\"attachment-thumbnail size-thumbnail\" alt=\"\" aria-describedby=\"gallery-1-7473\" srcset=\"https:\/\/www.freiburg-schwarzwald.de\/blog\/wp-content\/uploads\/2012\/07\/kartaus3innenhof120722-180x135.jpg 180w, https:\/\/www.freiburg-schwarzwald.de\/blog\/wp-content\/uploads\/2012\/07\/kartaus3innenhof120722.jpg 640w\" sizes=\"auto, (max-width: 180px) 100vw, 180px\" \/><\/a>\n\t\t\t<\/dt>\n\t\t\t\t<dd class='wp-caption-text gallery-caption' id='gallery-1-7473'>\n\t\t\t\tKartaus 22.7.2012: Frank L\u00f6bbecke, Rafaela Sch\u00fcle und Joachim Scheck\n\t\t\t\t<\/dd><\/dl><br style=\"clear: both\" \/><dl class='gallery-item'>\n\t\t\t<dt class='gallery-icon landscape'>\n\t\t\t\t<a href='https:\/\/www.freiburg-schwarzwald.de\/blog\/kartaus-letzter-rundgang-vor-dem-umbau-zum-bosch-college\/kartaus4hansjakob-wohnung120722\/'><img loading=\"lazy\" decoding=\"async\" width=\"180\" height=\"135\" src=\"https:\/\/www.freiburg-schwarzwald.de\/blog\/wp-content\/uploads\/2012\/07\/kartaus4hansjakob-wohnung120722-180x135.jpg\" class=\"attachment-thumbnail size-thumbnail\" alt=\"\" aria-describedby=\"gallery-1-7474\" srcset=\"https:\/\/www.freiburg-schwarzwald.de\/blog\/wp-content\/uploads\/2012\/07\/kartaus4hansjakob-wohnung120722-180x135.jpg 180w, https:\/\/www.freiburg-schwarzwald.de\/blog\/wp-content\/uploads\/2012\/07\/kartaus4hansjakob-wohnung120722.jpg 640w\" sizes=\"auto, (max-width: 180px) 100vw, 180px\" \/><\/a>\n\t\t\t<\/dt>\n\t\t\t\t<dd class='wp-caption-text gallery-caption' id='gallery-1-7474'>\n\t\t\t\tKartaus 22.7.2012: Die Wohnung von Heinrich Hansjakob im 1.OG\n\t\t\t\t<\/dd><\/dl><dl class='gallery-item'>\n\t\t\t<dt class='gallery-icon portrait'>\n\t\t\t\t<a href='https:\/\/www.freiburg-schwarzwald.de\/blog\/kartaus-letzter-rundgang-vor-dem-umbau-zum-bosch-college\/kartaus5treppe120722\/'><img loading=\"lazy\" decoding=\"async\" width=\"135\" height=\"180\" src=\"https:\/\/www.freiburg-schwarzwald.de\/blog\/wp-content\/uploads\/2012\/07\/kartaus5treppe120722-135x180.jpg\" class=\"attachment-thumbnail size-thumbnail\" alt=\"\" aria-describedby=\"gallery-1-7475\" srcset=\"https:\/\/www.freiburg-schwarzwald.de\/blog\/wp-content\/uploads\/2012\/07\/kartaus5treppe120722-135x180.jpg 135w, https:\/\/www.freiburg-schwarzwald.de\/blog\/wp-content\/uploads\/2012\/07\/kartaus5treppe120722.jpg 480w\" sizes=\"auto, (max-width: 135px) 100vw, 135px\" \/><\/a>\n\t\t\t<\/dt>\n\t\t\t\t<dd class='wp-caption-text gallery-caption' id='gallery-1-7475'>\n\t\t\t\tKartaus 22.7.2012: Wundersch\u00f6ne Treppe an der Westseite des Innenhofs &#8211; einladend, sagt die Geomantin\n\t\t\t\t<\/dd><\/dl><dl class='gallery-item'>\n\t\t\t<dt class='gallery-icon landscape'>\n\t\t\t\t<a href='https:\/\/www.freiburg-schwarzwald.de\/blog\/kartaus-letzter-rundgang-vor-dem-umbau-zum-bosch-college\/kartaus6innenhof120722\/'><img loading=\"lazy\" decoding=\"async\" width=\"180\" height=\"135\" src=\"https:\/\/www.freiburg-schwarzwald.de\/blog\/wp-content\/uploads\/2012\/07\/kartaus6innenhof120722-180x135.jpg\" class=\"attachment-thumbnail size-thumbnail\" alt=\"\" aria-describedby=\"gallery-1-7476\" srcset=\"https:\/\/www.freiburg-schwarzwald.de\/blog\/wp-content\/uploads\/2012\/07\/kartaus6innenhof120722-180x135.jpg 180w, https:\/\/www.freiburg-schwarzwald.de\/blog\/wp-content\/uploads\/2012\/07\/kartaus6innenhof120722.jpg 640w\" sizes=\"auto, (max-width: 180px) 100vw, 180px\" \/><\/a>\n\t\t\t<\/dt>\n\t\t\t\t<dd class='wp-caption-text gallery-caption' id='gallery-1-7476'>\n\t\t\t\tKartaus 22.7.2012: Blick nach Osten im Innenhof mit den Blauglockenb\u00e4umen\n\t\t\t\t<\/dd><\/dl><br style=\"clear: both\" \/><dl class='gallery-item'>\n\t\t\t<dt class='gallery-icon landscape'>\n\t\t\t\t<a href='https:\/\/www.freiburg-schwarzwald.de\/blog\/kartaus-letzter-rundgang-vor-dem-umbau-zum-bosch-college\/kartaus8kueche-wasserkanal120722\/'><img loading=\"lazy\" decoding=\"async\" width=\"180\" height=\"138\" src=\"https:\/\/www.freiburg-schwarzwald.de\/blog\/wp-content\/uploads\/2012\/07\/kartaus8kueche-wasserkanal120722-180x138.jpg\" class=\"attachment-thumbnail size-thumbnail\" alt=\"\" aria-describedby=\"gallery-1-7477\" srcset=\"https:\/\/www.freiburg-schwarzwald.de\/blog\/wp-content\/uploads\/2012\/07\/kartaus8kueche-wasserkanal120722-180x138.jpg 180w, https:\/\/www.freiburg-schwarzwald.de\/blog\/wp-content\/uploads\/2012\/07\/kartaus8kueche-wasserkanal120722.jpg 639w\" sizes=\"auto, (max-width: 180px) 100vw, 180px\" \/><\/a>\n\t\t\t<\/dt>\n\t\t\t\t<dd class='wp-caption-text gallery-caption' id='gallery-1-7477'>\n\t\t\t\tKartaus 22.7.2012: Wasserkanal im Boden der Konventk\u00fcche\n\t\t\t\t<\/dd><\/dl><dl class='gallery-item'>\n\t\t\t<dt class='gallery-icon landscape'>\n\t\t\t\t<a href='https:\/\/www.freiburg-schwarzwald.de\/blog\/kartaus-letzter-rundgang-vor-dem-umbau-zum-bosch-college\/kartaus9kueche-decke120722\/'><img loading=\"lazy\" decoding=\"async\" width=\"180\" height=\"135\" src=\"https:\/\/www.freiburg-schwarzwald.de\/blog\/wp-content\/uploads\/2012\/07\/kartaus9kueche-decke120722-180x135.jpg\" class=\"attachment-thumbnail size-thumbnail\" alt=\"\" aria-describedby=\"gallery-1-7478\" srcset=\"https:\/\/www.freiburg-schwarzwald.de\/blog\/wp-content\/uploads\/2012\/07\/kartaus9kueche-decke120722-180x135.jpg 180w, https:\/\/www.freiburg-schwarzwald.de\/blog\/wp-content\/uploads\/2012\/07\/kartaus9kueche-decke120722.jpg 640w\" sizes=\"auto, (max-width: 180px) 100vw, 180px\" \/><\/a>\n\t\t\t<\/dt>\n\t\t\t\t<dd class='wp-caption-text gallery-caption' id='gallery-1-7478'>\n\t\t\t\tKartaus 22.7.2012: Konventk\u00fcche &#8211; Frank L\u00f6bbecke erkl\u00e4rt\n\t\t\t\t<\/dd><\/dl><dl class='gallery-item'>\n\t\t\t<dt class='gallery-icon portrait'>\n\t\t\t\t<a href='https:\/\/www.freiburg-schwarzwald.de\/blog\/kartaus-letzter-rundgang-vor-dem-umbau-zum-bosch-college\/kartaus10kueche120722\/'><img loading=\"lazy\" decoding=\"async\" width=\"135\" height=\"180\" src=\"https:\/\/www.freiburg-schwarzwald.de\/blog\/wp-content\/uploads\/2012\/07\/kartaus10kueche120722-135x180.jpg\" class=\"attachment-thumbnail size-thumbnail\" alt=\"\" aria-describedby=\"gallery-1-7479\" srcset=\"https:\/\/www.freiburg-schwarzwald.de\/blog\/wp-content\/uploads\/2012\/07\/kartaus10kueche120722-135x180.jpg 135w, https:\/\/www.freiburg-schwarzwald.de\/blog\/wp-content\/uploads\/2012\/07\/kartaus10kueche120722.jpg 480w\" sizes=\"auto, (max-width: 135px) 100vw, 135px\" \/><\/a>\n\t\t\t<\/dt>\n\t\t\t\t<dd class='wp-caption-text gallery-caption' id='gallery-1-7479'>\n\t\t\t\tKartaus 22.7.2012: S\u00e4ulen, B\u00f6gen, Licht und Schatten in der Konventk\u00fcche\n\t\t\t\t<\/dd><\/dl><br style=\"clear: both\" \/><dl class='gallery-item'>\n\t\t\t<dt class='gallery-icon landscape'>\n\t\t\t\t<a href='https:\/\/www.freiburg-schwarzwald.de\/blog\/kartaus-letzter-rundgang-vor-dem-umbau-zum-bosch-college\/kartaus11kirche-erdbeben120722\/'><img loading=\"lazy\" decoding=\"async\" width=\"180\" height=\"144\" src=\"https:\/\/www.freiburg-schwarzwald.de\/blog\/wp-content\/uploads\/2012\/07\/kartaus11kirche-erdbeben120722-180x144.jpg\" class=\"attachment-thumbnail size-thumbnail\" alt=\"\" aria-describedby=\"gallery-1-7480\" srcset=\"https:\/\/www.freiburg-schwarzwald.de\/blog\/wp-content\/uploads\/2012\/07\/kartaus11kirche-erdbeben120722-180x144.jpg 180w, https:\/\/www.freiburg-schwarzwald.de\/blog\/wp-content\/uploads\/2012\/07\/kartaus11kirche-erdbeben120722.jpg 636w\" sizes=\"auto, (max-width: 180px) 100vw, 180px\" \/><\/a>\n\t\t\t<\/dt>\n\t\t\t\t<dd class='wp-caption-text gallery-caption' id='gallery-1-7480'>\n\t\t\t\tKartaus 22.7.2012: Ehem. Kirche &#8211; Joachim Scheck und Iso Himmelsbach zeigen das M\u00fcnster beim Erdbeben\n\t\t\t\t<\/dd><\/dl><dl class='gallery-item'>\n\t\t\t<dt class='gallery-icon portrait'>\n\t\t\t\t<a href='https:\/\/www.freiburg-schwarzwald.de\/blog\/kartaus-letzter-rundgang-vor-dem-umbau-zum-bosch-college\/kartaus12kirche120722\/'><img loading=\"lazy\" decoding=\"async\" width=\"135\" height=\"180\" src=\"https:\/\/www.freiburg-schwarzwald.de\/blog\/wp-content\/uploads\/2012\/07\/kartaus12kirche120722-135x180.jpg\" class=\"attachment-thumbnail size-thumbnail\" alt=\"\" aria-describedby=\"gallery-1-7481\" srcset=\"https:\/\/www.freiburg-schwarzwald.de\/blog\/wp-content\/uploads\/2012\/07\/kartaus12kirche120722-135x180.jpg 135w, https:\/\/www.freiburg-schwarzwald.de\/blog\/wp-content\/uploads\/2012\/07\/kartaus12kirche120722.jpg 482w\" sizes=\"auto, (max-width: 135px) 100vw, 135px\" \/><\/a>\n\t\t\t<\/dt>\n\t\t\t\t<dd class='wp-caption-text gallery-caption' id='gallery-1-7481'>\n\t\t\t\tKartaus 22.7.2012: Geomantin Rafaela Sch\u00fcle &#8211; Der Pfarrer kam aus der Erde in die Kirche hoch\n\t\t\t\t<\/dd><\/dl><dl class='gallery-item'>\n\t\t\t<dt class='gallery-icon landscape'>\n\t\t\t\t<a href='https:\/\/www.freiburg-schwarzwald.de\/blog\/kartaus-letzter-rundgang-vor-dem-umbau-zum-bosch-college\/kartaus13kirche120722\/'><img loading=\"lazy\" decoding=\"async\" width=\"180\" height=\"135\" src=\"https:\/\/www.freiburg-schwarzwald.de\/blog\/wp-content\/uploads\/2012\/07\/kartaus13kirche120722-180x135.jpg\" class=\"attachment-thumbnail size-thumbnail\" alt=\"\" aria-describedby=\"gallery-1-7482\" srcset=\"https:\/\/www.freiburg-schwarzwald.de\/blog\/wp-content\/uploads\/2012\/07\/kartaus13kirche120722-180x135.jpg 180w, https:\/\/www.freiburg-schwarzwald.de\/blog\/wp-content\/uploads\/2012\/07\/kartaus13kirche120722.jpg 640w\" sizes=\"auto, (max-width: 180px) 100vw, 180px\" \/><\/a>\n\t\t\t<\/dt>\n\t\t\t\t<dd class='wp-caption-text gallery-caption' id='gallery-1-7482'>\n\t\t\t\tKartaus 22.7.2012: Kirche Blick nach Osten\n\t\t\t\t<\/dd><\/dl><br style=\"clear: both\" \/><dl class='gallery-item'>\n\t\t\t<dt class='gallery-icon portrait'>\n\t\t\t\t<a href='https:\/\/www.freiburg-schwarzwald.de\/blog\/kartaus-letzter-rundgang-vor-dem-umbau-zum-bosch-college\/kartaus14kirche-beichtstuhl120722\/'><img loading=\"lazy\" decoding=\"async\" width=\"135\" height=\"180\" src=\"https:\/\/www.freiburg-schwarzwald.de\/blog\/wp-content\/uploads\/2012\/07\/kartaus14kirche-beichtstuhl120722-135x180.jpg\" class=\"attachment-thumbnail size-thumbnail\" alt=\"\" aria-describedby=\"gallery-1-7483\" srcset=\"https:\/\/www.freiburg-schwarzwald.de\/blog\/wp-content\/uploads\/2012\/07\/kartaus14kirche-beichtstuhl120722-135x180.jpg 135w, https:\/\/www.freiburg-schwarzwald.de\/blog\/wp-content\/uploads\/2012\/07\/kartaus14kirche-beichtstuhl120722.jpg 480w\" sizes=\"auto, (max-width: 135px) 100vw, 135px\" \/><\/a>\n\t\t\t<\/dt>\n\t\t\t\t<dd class='wp-caption-text gallery-caption' id='gallery-1-7483'>\n\t\t\t\tKartaus 22.7.2012: Maria Sch\u00fcle im Beichtstuhl\n\t\t\t\t<\/dd><\/dl><dl class='gallery-item'>\n\t\t\t<dt class='gallery-icon portrait'>\n\t\t\t\t<a href='https:\/\/www.freiburg-schwarzwald.de\/blog\/kartaus-letzter-rundgang-vor-dem-umbau-zum-bosch-college\/kartaus15kirche-beichtstuhl120722\/'><img loading=\"lazy\" decoding=\"async\" width=\"135\" height=\"180\" src=\"https:\/\/www.freiburg-schwarzwald.de\/blog\/wp-content\/uploads\/2012\/07\/kartaus15kirche-beichtstuhl120722-135x180.jpg\" class=\"attachment-thumbnail size-thumbnail\" alt=\"\" aria-describedby=\"gallery-1-7484\" srcset=\"https:\/\/www.freiburg-schwarzwald.de\/blog\/wp-content\/uploads\/2012\/07\/kartaus15kirche-beichtstuhl120722-135x180.jpg 135w, https:\/\/www.freiburg-schwarzwald.de\/blog\/wp-content\/uploads\/2012\/07\/kartaus15kirche-beichtstuhl120722.jpg 480w\" sizes=\"auto, (max-width: 135px) 100vw, 135px\" \/><\/a>\n\t\t\t<\/dt>\n\t\t\t\t<dd class='wp-caption-text gallery-caption' id='gallery-1-7484'>\n\t\t\t\tKartaus 22.7.2012: Maria Sch\u00fcle verl\u00e4sst den Beichtstuhl\n\t\t\t\t<\/dd><\/dl><dl class='gallery-item'>\n\t\t\t<dt class='gallery-icon landscape'>\n\t\t\t\t<a href='https:\/\/www.freiburg-schwarzwald.de\/blog\/kartaus-letzter-rundgang-vor-dem-umbau-zum-bosch-college\/kartaus16kirche-beichtstuhl120722\/'><img loading=\"lazy\" decoding=\"async\" width=\"180\" height=\"135\" src=\"https:\/\/www.freiburg-schwarzwald.de\/blog\/wp-content\/uploads\/2012\/07\/kartaus16kirche-beichtstuhl120722-180x135.jpg\" class=\"attachment-thumbnail size-thumbnail\" alt=\"\" aria-describedby=\"gallery-1-7485\" srcset=\"https:\/\/www.freiburg-schwarzwald.de\/blog\/wp-content\/uploads\/2012\/07\/kartaus16kirche-beichtstuhl120722-180x135.jpg 180w, https:\/\/www.freiburg-schwarzwald.de\/blog\/wp-content\/uploads\/2012\/07\/kartaus16kirche-beichtstuhl120722.jpg 640w\" sizes=\"auto, (max-width: 180px) 100vw, 180px\" \/><\/a>\n\t\t\t<\/dt>\n\t\t\t\t<dd class='wp-caption-text gallery-caption' id='gallery-1-7485'>\n\t\t\t\tKartaus 22.7.2012: Was aus dem Beichtstuhl nun wohl wird?\n\t\t\t\t<\/dd><\/dl><br style=\"clear: both\" \/><dl class='gallery-item'>\n\t\t\t<dt class='gallery-icon landscape'>\n\t\t\t\t<a href='https:\/\/www.freiburg-schwarzwald.de\/blog\/kartaus-letzter-rundgang-vor-dem-umbau-zum-bosch-college\/kartaus17nordseite120722\/'><img loading=\"lazy\" decoding=\"async\" width=\"180\" height=\"135\" src=\"https:\/\/www.freiburg-schwarzwald.de\/blog\/wp-content\/uploads\/2012\/07\/kartaus17nordseite120722-180x135.jpg\" class=\"attachment-thumbnail size-thumbnail\" alt=\"\" aria-describedby=\"gallery-1-7486\" srcset=\"https:\/\/www.freiburg-schwarzwald.de\/blog\/wp-content\/uploads\/2012\/07\/kartaus17nordseite120722-180x135.jpg 180w, https:\/\/www.freiburg-schwarzwald.de\/blog\/wp-content\/uploads\/2012\/07\/kartaus17nordseite120722.jpg 640w\" sizes=\"auto, (max-width: 180px) 100vw, 180px\" \/><\/a>\n\t\t\t<\/dt>\n\t\t\t\t<dd class='wp-caption-text gallery-caption' id='gallery-1-7486'>\n\t\t\t\tKartaus 22.7.2012: Blick nach Osten an der Nordseite &#8211; K\u00fcche der Stiftung\n\t\t\t\t<\/dd><\/dl><dl class='gallery-item'>\n\t\t\t<dt class='gallery-icon portrait'>\n\t\t\t\t<a href='https:\/\/www.freiburg-schwarzwald.de\/blog\/kartaus-letzter-rundgang-vor-dem-umbau-zum-bosch-college\/kartaus18wasserstollen120722\/'><img loading=\"lazy\" decoding=\"async\" width=\"135\" height=\"180\" src=\"https:\/\/www.freiburg-schwarzwald.de\/blog\/wp-content\/uploads\/2012\/07\/kartaus18wasserstollen120722-135x180.jpg\" class=\"attachment-thumbnail size-thumbnail\" alt=\"\" aria-describedby=\"gallery-1-7487\" srcset=\"https:\/\/www.freiburg-schwarzwald.de\/blog\/wp-content\/uploads\/2012\/07\/kartaus18wasserstollen120722-135x180.jpg 135w, https:\/\/www.freiburg-schwarzwald.de\/blog\/wp-content\/uploads\/2012\/07\/kartaus18wasserstollen120722.jpg 480w\" sizes=\"auto, (max-width: 135px) 100vw, 135px\" \/><\/a>\n\t\t\t<\/dt>\n\t\t\t\t<dd class='wp-caption-text gallery-caption' id='gallery-1-7487'>\n\t\t\t\tKartaus 22.7.2012: Der westliche der drei Wasserstollen\n\t\t\t\t<\/dd><\/dl><dl class='gallery-item'>\n\t\t\t<dt class='gallery-icon portrait'>\n\t\t\t\t<a href='https:\/\/www.freiburg-schwarzwald.de\/blog\/kartaus-letzter-rundgang-vor-dem-umbau-zum-bosch-college\/kartaus19wasserstollen120722\/'><img loading=\"lazy\" decoding=\"async\" width=\"135\" height=\"180\" src=\"https:\/\/www.freiburg-schwarzwald.de\/blog\/wp-content\/uploads\/2012\/07\/kartaus19wasserstollen120722-135x180.jpg\" class=\"attachment-thumbnail size-thumbnail\" alt=\"\" aria-describedby=\"gallery-1-7488\" srcset=\"https:\/\/www.freiburg-schwarzwald.de\/blog\/wp-content\/uploads\/2012\/07\/kartaus19wasserstollen120722-135x180.jpg 135w, https:\/\/www.freiburg-schwarzwald.de\/blog\/wp-content\/uploads\/2012\/07\/kartaus19wasserstollen120722.jpg 480w\" sizes=\"auto, (max-width: 135px) 100vw, 135px\" \/><\/a>\n\t\t\t<\/dt>\n\t\t\t\t<dd class='wp-caption-text gallery-caption' id='gallery-1-7488'>\n\t\t\t\tKartaus 22.7.2012: Eingang zum westlichen Wasserstollen\n\t\t\t\t<\/dd><\/dl><br style=\"clear: both\" \/><dl class='gallery-item'>\n\t\t\t<dt class='gallery-icon landscape'>\n\t\t\t\t<a href='https:\/\/www.freiburg-schwarzwald.de\/blog\/kartaus-letzter-rundgang-vor-dem-umbau-zum-bosch-college\/kartaus20kreuzgang120722\/'><img loading=\"lazy\" decoding=\"async\" width=\"180\" height=\"135\" src=\"https:\/\/www.freiburg-schwarzwald.de\/blog\/wp-content\/uploads\/2012\/07\/kartaus20kreuzgang120722-180x135.jpg\" class=\"attachment-thumbnail size-thumbnail\" alt=\"\" aria-describedby=\"gallery-1-7489\" srcset=\"https:\/\/www.freiburg-schwarzwald.de\/blog\/wp-content\/uploads\/2012\/07\/kartaus20kreuzgang120722-180x135.jpg 180w, https:\/\/www.freiburg-schwarzwald.de\/blog\/wp-content\/uploads\/2012\/07\/kartaus20kreuzgang120722.jpg 640w\" sizes=\"auto, (max-width: 180px) 100vw, 180px\" \/><\/a>\n\t\t\t<\/dt>\n\t\t\t\t<dd class='wp-caption-text gallery-caption' id='gallery-1-7489'>\n\t\t\t\tKartaus 22.7.2012: Blick nach Osten zum Garten, der \u00fcber dem frueheren Kreuzgang liegt\n\t\t\t\t<\/dd><\/dl><dl class='gallery-item'>\n\t\t\t<dt class='gallery-icon landscape'>\n\t\t\t\t<a href='https:\/\/www.freiburg-schwarzwald.de\/blog\/kartaus-letzter-rundgang-vor-dem-umbau-zum-bosch-college\/kartaus21kreuzgang120722\/'><img loading=\"lazy\" decoding=\"async\" width=\"180\" height=\"135\" src=\"https:\/\/www.freiburg-schwarzwald.de\/blog\/wp-content\/uploads\/2012\/07\/kartaus21kreuzgang120722-180x135.jpg\" class=\"attachment-thumbnail size-thumbnail\" alt=\"\" aria-describedby=\"gallery-1-7493\" srcset=\"https:\/\/www.freiburg-schwarzwald.de\/blog\/wp-content\/uploads\/2012\/07\/kartaus21kreuzgang120722-180x135.jpg 180w, https:\/\/www.freiburg-schwarzwald.de\/blog\/wp-content\/uploads\/2012\/07\/kartaus21kreuzgang120722.jpg 640w\" sizes=\"auto, (max-width: 180px) 100vw, 180px\" \/><\/a>\n\t\t\t<\/dt>\n\t\t\t\t<dd class='wp-caption-text gallery-caption' id='gallery-1-7493'>\n\t\t\t\tKartaus 22.7.2012: (20) Auf der Gartentreppe\n\t\t\t\t<\/dd><\/dl><dl class='gallery-item'>\n\t\t\t<dt class='gallery-icon landscape'>\n\t\t\t\t<a href='https:\/\/www.freiburg-schwarzwald.de\/blog\/kartaus-letzter-rundgang-vor-dem-umbau-zum-bosch-college\/kartaus22kreuzgang120722\/'><img loading=\"lazy\" decoding=\"async\" width=\"180\" height=\"135\" src=\"https:\/\/www.freiburg-schwarzwald.de\/blog\/wp-content\/uploads\/2012\/07\/kartaus22kreuzgang120722-180x135.jpg\" class=\"attachment-thumbnail size-thumbnail\" alt=\"\" aria-describedby=\"gallery-1-7494\" srcset=\"https:\/\/www.freiburg-schwarzwald.de\/blog\/wp-content\/uploads\/2012\/07\/kartaus22kreuzgang120722-180x135.jpg 180w, https:\/\/www.freiburg-schwarzwald.de\/blog\/wp-content\/uploads\/2012\/07\/kartaus22kreuzgang120722.jpg 640w\" sizes=\"auto, (max-width: 180px) 100vw, 180px\" \/><\/a>\n\t\t\t<\/dt>\n\t\t\t\t<dd class='wp-caption-text gallery-caption' id='gallery-1-7494'>\n\t\t\t\tKartaus 22.7.2012: (22) \n\t\t\t\t<\/dd><\/dl><br style=\"clear: both\" \/><dl class='gallery-item'>\n\t\t\t<dt class='gallery-icon portrait'>\n\t\t\t\t<a href='https:\/\/www.freiburg-schwarzwald.de\/blog\/kartaus-letzter-rundgang-vor-dem-umbau-zum-bosch-college\/kartaus23kreuzgang-wasserstollen120722\/'><img loading=\"lazy\" decoding=\"async\" width=\"135\" height=\"180\" src=\"https:\/\/www.freiburg-schwarzwald.de\/blog\/wp-content\/uploads\/2012\/07\/kartaus23kreuzgang-wasserstollen120722-135x180.jpg\" class=\"attachment-thumbnail size-thumbnail\" alt=\"\" aria-describedby=\"gallery-1-7495\" srcset=\"https:\/\/www.freiburg-schwarzwald.de\/blog\/wp-content\/uploads\/2012\/07\/kartaus23kreuzgang-wasserstollen120722-135x180.jpg 135w, https:\/\/www.freiburg-schwarzwald.de\/blog\/wp-content\/uploads\/2012\/07\/kartaus23kreuzgang-wasserstollen120722.jpg 480w\" sizes=\"auto, (max-width: 135px) 100vw, 135px\" \/><\/a>\n\t\t\t<\/dt>\n\t\t\t\t<dd class='wp-caption-text gallery-caption' id='gallery-1-7495'>\n\t\t\t\tKartaus 22.7.2012: (23) Der mittlere Wasserstollen im Garten &#8211; Blick nach Norden\n\t\t\t\t<\/dd><\/dl><dl class='gallery-item'>\n\t\t\t<dt class='gallery-icon portrait'>\n\t\t\t\t<a href='https:\/\/www.freiburg-schwarzwald.de\/blog\/kartaus-letzter-rundgang-vor-dem-umbau-zum-bosch-college\/kartaus24kreuzgang-geomantie120722\/'><img loading=\"lazy\" decoding=\"async\" width=\"127\" height=\"180\" src=\"https:\/\/www.freiburg-schwarzwald.de\/blog\/wp-content\/uploads\/2012\/07\/kartaus24kreuzgang-geomantie120722-127x180.jpg\" class=\"attachment-thumbnail size-thumbnail\" alt=\"\" aria-describedby=\"gallery-1-7496\" srcset=\"https:\/\/www.freiburg-schwarzwald.de\/blog\/wp-content\/uploads\/2012\/07\/kartaus24kreuzgang-geomantie120722-127x180.jpg 127w, https:\/\/www.freiburg-schwarzwald.de\/blog\/wp-content\/uploads\/2012\/07\/kartaus24kreuzgang-geomantie120722.jpg 453w\" sizes=\"auto, (max-width: 127px) 100vw, 127px\" \/><\/a>\n\t\t\t<\/dt>\n\t\t\t\t<dd class='wp-caption-text gallery-caption' id='gallery-1-7496'>\n\t\t\t\tKartaus 22.7.2012: (24) Der Arch\u00e4ologe und die Geomantin\n\t\t\t\t<\/dd><\/dl><dl class='gallery-item'>\n\t\t\t<dt class='gallery-icon landscape'>\n\t\t\t\t<a href='https:\/\/www.freiburg-schwarzwald.de\/blog\/kartaus-letzter-rundgang-vor-dem-umbau-zum-bosch-college\/kartaus25kreuzgang-perueckenbaum120722\/'><img loading=\"lazy\" decoding=\"async\" width=\"180\" height=\"135\" src=\"https:\/\/www.freiburg-schwarzwald.de\/blog\/wp-content\/uploads\/2012\/07\/kartaus25kreuzgang-perueckenbaum120722-180x135.jpg\" class=\"attachment-thumbnail size-thumbnail\" alt=\"\" aria-describedby=\"gallery-1-7497\" srcset=\"https:\/\/www.freiburg-schwarzwald.de\/blog\/wp-content\/uploads\/2012\/07\/kartaus25kreuzgang-perueckenbaum120722-180x135.jpg 180w, https:\/\/www.freiburg-schwarzwald.de\/blog\/wp-content\/uploads\/2012\/07\/kartaus25kreuzgang-perueckenbaum120722.jpg 640w\" sizes=\"auto, (max-width: 180px) 100vw, 180px\" \/><\/a>\n\t\t\t<\/dt>\n\t\t\t\t<dd class='wp-caption-text gallery-caption' id='gallery-1-7497'>\n\t\t\t\tKartaus 22.7.2012: (25) Per\u00fcckenbaum im Garten hinter der Kartaus\n\t\t\t\t<\/dd><\/dl><br style=\"clear: both\" \/><dl class='gallery-item'>\n\t\t\t<dt class='gallery-icon landscape'>\n\t\t\t\t<a href='https:\/\/www.freiburg-schwarzwald.de\/blog\/kartaus-letzter-rundgang-vor-dem-umbau-zum-bosch-college\/kartaus26kreuzgang-mauer120722\/'><img loading=\"lazy\" decoding=\"async\" width=\"180\" height=\"135\" src=\"https:\/\/www.freiburg-schwarzwald.de\/blog\/wp-content\/uploads\/2012\/07\/kartaus26kreuzgang-mauer120722-180x135.jpg\" class=\"attachment-thumbnail size-thumbnail\" alt=\"\" aria-describedby=\"gallery-1-7501\" srcset=\"https:\/\/www.freiburg-schwarzwald.de\/blog\/wp-content\/uploads\/2012\/07\/kartaus26kreuzgang-mauer120722-180x135.jpg 180w, https:\/\/www.freiburg-schwarzwald.de\/blog\/wp-content\/uploads\/2012\/07\/kartaus26kreuzgang-mauer120722.jpg 640w\" sizes=\"auto, (max-width: 180px) 100vw, 180px\" \/><\/a>\n\t\t\t<\/dt>\n\t\t\t\t<dd class='wp-caption-text gallery-caption' id='gallery-1-7501'>\n\t\t\t\tKartaus am 22.7.2012: Blick nach Osten im Garten\n\t\t\t\t<\/dd><\/dl><dl class='gallery-item'>\n\t\t\t<dt class='gallery-icon landscape'>\n\t\t\t\t<a href='https:\/\/www.freiburg-schwarzwald.de\/blog\/kartaus-letzter-rundgang-vor-dem-umbau-zum-bosch-college\/kartaus27kreuzgang-ursulabank120722\/'><img loading=\"lazy\" decoding=\"async\" width=\"180\" height=\"135\" src=\"https:\/\/www.freiburg-schwarzwald.de\/blog\/wp-content\/uploads\/2012\/07\/kartaus27kreuzgang-ursulabank120722-180x135.jpg\" class=\"attachment-thumbnail size-thumbnail\" alt=\"\" aria-describedby=\"gallery-1-7502\" srcset=\"https:\/\/www.freiburg-schwarzwald.de\/blog\/wp-content\/uploads\/2012\/07\/kartaus27kreuzgang-ursulabank120722-180x135.jpg 180w, https:\/\/www.freiburg-schwarzwald.de\/blog\/wp-content\/uploads\/2012\/07\/kartaus27kreuzgang-ursulabank120722.jpg 640w\" sizes=\"auto, (max-width: 180px) 100vw, 180px\" \/><\/a>\n\t\t\t<\/dt>\n\t\t\t\t<dd class='wp-caption-text gallery-caption' id='gallery-1-7502'>\n\t\t\t\tKartaus am 22.7.2012: (27) Die Ursula-Bank beim ehem. Kr\u00e4utergarten\n\t\t\t\t<\/dd><\/dl><dl class='gallery-item'>\n\t\t\t<dt class='gallery-icon landscape'>\n\t\t\t\t<a href='https:\/\/www.freiburg-schwarzwald.de\/blog\/kartaus-letzter-rundgang-vor-dem-umbau-zum-bosch-college\/kartaus28kreuzgang-kirche120722\/'><img loading=\"lazy\" decoding=\"async\" width=\"180\" height=\"135\" src=\"https:\/\/www.freiburg-schwarzwald.de\/blog\/wp-content\/uploads\/2012\/07\/kartaus28kreuzgang-kirche120722-180x135.jpg\" class=\"attachment-thumbnail size-thumbnail\" alt=\"\" aria-describedby=\"gallery-1-7503\" srcset=\"https:\/\/www.freiburg-schwarzwald.de\/blog\/wp-content\/uploads\/2012\/07\/kartaus28kreuzgang-kirche120722-180x135.jpg 180w, https:\/\/www.freiburg-schwarzwald.de\/blog\/wp-content\/uploads\/2012\/07\/kartaus28kreuzgang-kirche120722.jpg 640w\" sizes=\"auto, (max-width: 180px) 100vw, 180px\" \/><\/a>\n\t\t\t<\/dt>\n\t\t\t\t<dd class='wp-caption-text gallery-caption' id='gallery-1-7503'>\n\t\t\t\tKartaus am 22.7.2012: Blick nach S\u00fcden zur Klosterkirche\n\t\t\t\t<\/dd><\/dl><br style=\"clear: both\" \/><dl class='gallery-item'>\n\t\t\t<dt class='gallery-icon landscape'>\n\t\t\t\t<a href='https:\/\/www.freiburg-schwarzwald.de\/blog\/kartaus-letzter-rundgang-vor-dem-umbau-zum-bosch-college\/kartaus29kreuzgang-geomantie120722\/'><img loading=\"lazy\" decoding=\"async\" width=\"180\" height=\"135\" src=\"https:\/\/www.freiburg-schwarzwald.de\/blog\/wp-content\/uploads\/2012\/07\/kartaus29kreuzgang-geomantie120722-180x135.jpg\" class=\"attachment-thumbnail size-thumbnail\" alt=\"\" aria-describedby=\"gallery-1-7504\" srcset=\"https:\/\/www.freiburg-schwarzwald.de\/blog\/wp-content\/uploads\/2012\/07\/kartaus29kreuzgang-geomantie120722-180x135.jpg 180w, https:\/\/www.freiburg-schwarzwald.de\/blog\/wp-content\/uploads\/2012\/07\/kartaus29kreuzgang-geomantie120722.jpg 640w\" sizes=\"auto, (max-width: 180px) 100vw, 180px\" \/><\/a>\n\t\t\t<\/dt>\n\t\t\t\t<dd class='wp-caption-text gallery-caption' id='gallery-1-7504'>\n\t\t\t\tKartaus am 22.7.2012: (29) Zwei Templer und die Geomantin\n\t\t\t\t<\/dd><\/dl><dl class='gallery-item'>\n\t\t\t<dt class='gallery-icon landscape'>\n\t\t\t\t<a href='https:\/\/www.freiburg-schwarzwald.de\/blog\/kartaus-letzter-rundgang-vor-dem-umbau-zum-bosch-college\/kartaus30kreuzgang120722\/'><img loading=\"lazy\" decoding=\"async\" width=\"180\" height=\"135\" src=\"https:\/\/www.freiburg-schwarzwald.de\/blog\/wp-content\/uploads\/2012\/07\/kartaus30kreuzgang120722-180x135.jpg\" class=\"attachment-thumbnail size-thumbnail\" alt=\"\" aria-describedby=\"gallery-1-7505\" srcset=\"https:\/\/www.freiburg-schwarzwald.de\/blog\/wp-content\/uploads\/2012\/07\/kartaus30kreuzgang120722-180x135.jpg 180w, https:\/\/www.freiburg-schwarzwald.de\/blog\/wp-content\/uploads\/2012\/07\/kartaus30kreuzgang120722.jpg 640w\" sizes=\"auto, (max-width: 180px) 100vw, 180px\" \/><\/a>\n\t\t\t<\/dt>\n\t\t\t\t<dd class='wp-caption-text gallery-caption' id='gallery-1-7505'>\n\t\t\t\tKartaus am 22.7.2012: (30) Blick nach Norden im Kartausgarten\n\t\t\t\t<\/dd><\/dl><dl class='gallery-item'>\n\t\t\t<dt class='gallery-icon landscape'>\n\t\t\t\t<a href='https:\/\/www.freiburg-schwarzwald.de\/blog\/kartaus-letzter-rundgang-vor-dem-umbau-zum-bosch-college\/kartaus31ostseite120722\/'><img loading=\"lazy\" decoding=\"async\" width=\"180\" height=\"135\" src=\"https:\/\/www.freiburg-schwarzwald.de\/blog\/wp-content\/uploads\/2012\/07\/kartaus31ostseite120722-180x135.jpg\" class=\"attachment-thumbnail size-thumbnail\" alt=\"\" aria-describedby=\"gallery-1-7506\" srcset=\"https:\/\/www.freiburg-schwarzwald.de\/blog\/wp-content\/uploads\/2012\/07\/kartaus31ostseite120722-180x135.jpg 180w, https:\/\/www.freiburg-schwarzwald.de\/blog\/wp-content\/uploads\/2012\/07\/kartaus31ostseite120722.jpg 640w\" sizes=\"auto, (max-width: 180px) 100vw, 180px\" \/><\/a>\n\t\t\t<\/dt>\n\t\t\t\t<dd class='wp-caption-text gallery-caption' id='gallery-1-7506'>\n\t\t\t\tKartaus am 22.7.2012: (31) Die Ostseite der Kartaus &#8211; Kirche rechts\n\t\t\t\t<\/dd><\/dl><br style=\"clear: both\" \/><dl class='gallery-item'>\n\t\t\t<dt class='gallery-icon landscape'>\n\t\t\t\t<a href='https:\/\/www.freiburg-schwarzwald.de\/blog\/kartaus-letzter-rundgang-vor-dem-umbau-zum-bosch-college\/kartaus32suedseite-waschhaus120722\/'><img loading=\"lazy\" decoding=\"async\" width=\"180\" height=\"135\" src=\"https:\/\/www.freiburg-schwarzwald.de\/blog\/wp-content\/uploads\/2012\/07\/kartaus32suedseite-waschhaus120722-180x135.jpg\" class=\"attachment-thumbnail size-thumbnail\" alt=\"\" aria-describedby=\"gallery-1-7507\" srcset=\"https:\/\/www.freiburg-schwarzwald.de\/blog\/wp-content\/uploads\/2012\/07\/kartaus32suedseite-waschhaus120722-180x135.jpg 180w, https:\/\/www.freiburg-schwarzwald.de\/blog\/wp-content\/uploads\/2012\/07\/kartaus32suedseite-waschhaus120722.jpg 640w\" sizes=\"auto, (max-width: 180px) 100vw, 180px\" \/><\/a>\n\t\t\t<\/dt>\n\t\t\t\t<dd class='wp-caption-text gallery-caption' id='gallery-1-7507'>\n\t\t\t\tKartaus am 22.7.2012: (32) Blick nach Norden &#8211; rechts das ehem. Waschhaus (Spielmobil war hier)\n\t\t\t\t<\/dd><\/dl><dl class='gallery-item'>\n\t\t\t<dt class='gallery-icon landscape'>\n\t\t\t\t<a href='https:\/\/www.freiburg-schwarzwald.de\/blog\/kartaus-letzter-rundgang-vor-dem-umbau-zum-bosch-college\/kartaus33gartenmauer120722\/'><img loading=\"lazy\" decoding=\"async\" width=\"180\" height=\"135\" src=\"https:\/\/www.freiburg-schwarzwald.de\/blog\/wp-content\/uploads\/2012\/07\/kartaus33gartenmauer120722-180x135.jpg\" class=\"attachment-thumbnail size-thumbnail\" alt=\"\" aria-describedby=\"gallery-1-7508\" srcset=\"https:\/\/www.freiburg-schwarzwald.de\/blog\/wp-content\/uploads\/2012\/07\/kartaus33gartenmauer120722-180x135.jpg 180w, https:\/\/www.freiburg-schwarzwald.de\/blog\/wp-content\/uploads\/2012\/07\/kartaus33gartenmauer120722.jpg 640w\" sizes=\"auto, (max-width: 180px) 100vw, 180px\" \/><\/a>\n\t\t\t<\/dt>\n\t\t\t\t<dd class='wp-caption-text gallery-caption' id='gallery-1-7508'>\n\t\t\t\tKartaus am 22.7.2012: (33) An der Mauer zum Klostergarten\n\t\t\t\t<\/dd><\/dl><dl class='gallery-item'>\n\t\t\t<dt class='gallery-icon landscape'>\n\t\t\t\t<a href='https:\/\/www.freiburg-schwarzwald.de\/blog\/kartaus-letzter-rundgang-vor-dem-umbau-zum-bosch-college\/kartaus34gartenmauer120722\/'><img loading=\"lazy\" decoding=\"async\" width=\"180\" height=\"142\" src=\"https:\/\/www.freiburg-schwarzwald.de\/blog\/wp-content\/uploads\/2012\/07\/kartaus34gartenmauer120722-180x142.jpg\" class=\"attachment-thumbnail size-thumbnail\" alt=\"\" aria-describedby=\"gallery-1-7509\" srcset=\"https:\/\/www.freiburg-schwarzwald.de\/blog\/wp-content\/uploads\/2012\/07\/kartaus34gartenmauer120722-180x142.jpg 180w, https:\/\/www.freiburg-schwarzwald.de\/blog\/wp-content\/uploads\/2012\/07\/kartaus34gartenmauer120722.jpg 638w\" sizes=\"auto, (max-width: 180px) 100vw, 180px\" \/><\/a>\n\t\t\t<\/dt>\n\t\t\t\t<dd class='wp-caption-text gallery-caption' id='gallery-1-7509'>\n\t\t\t\tKartaus am 22.7.2012:  (34) An der Klostergartenmauer &#8211; Frank L\u00f6bbecke erkl\u00e4rt\n\t\t\t\t<\/dd><\/dl><br style=\"clear: both\" \/><dl class='gallery-item'>\n\t\t\t<dt class='gallery-icon portrait'>\n\t\t\t\t<a href='https:\/\/www.freiburg-schwarzwald.de\/blog\/kartaus-letzter-rundgang-vor-dem-umbau-zum-bosch-college\/kartaus35-tor-templer120722\/'><img loading=\"lazy\" decoding=\"async\" width=\"135\" height=\"180\" src=\"https:\/\/www.freiburg-schwarzwald.de\/blog\/wp-content\/uploads\/2012\/07\/kartaus35-tor-templer120722-135x180.jpg\" class=\"attachment-thumbnail size-thumbnail\" alt=\"\" aria-describedby=\"gallery-1-7510\" srcset=\"https:\/\/www.freiburg-schwarzwald.de\/blog\/wp-content\/uploads\/2012\/07\/kartaus35-tor-templer120722-135x180.jpg 135w, https:\/\/www.freiburg-schwarzwald.de\/blog\/wp-content\/uploads\/2012\/07\/kartaus35-tor-templer120722.jpg 480w\" sizes=\"auto, (max-width: 135px) 100vw, 135px\" \/><\/a>\n\t\t\t<\/dt>\n\t\t\t\t<dd class='wp-caption-text gallery-caption' id='gallery-1-7510'>\n\t\t\t\tKartaus am 22.7.2012: (35) Die Templer im Tor zum Garten\n\t\t\t\t<\/dd><\/dl><dl class='gallery-item'>\n\t\t\t<dt class='gallery-icon landscape'>\n\t\t\t\t<a href='https:\/\/www.freiburg-schwarzwald.de\/blog\/kartaus-letzter-rundgang-vor-dem-umbau-zum-bosch-college\/kartaus36klostergarten20722\/'><img loading=\"lazy\" decoding=\"async\" width=\"180\" height=\"135\" src=\"https:\/\/www.freiburg-schwarzwald.de\/blog\/wp-content\/uploads\/2012\/07\/kartaus36klostergarten20722-180x135.jpg\" class=\"attachment-thumbnail size-thumbnail\" alt=\"\" aria-describedby=\"gallery-1-7511\" srcset=\"https:\/\/www.freiburg-schwarzwald.de\/blog\/wp-content\/uploads\/2012\/07\/kartaus36klostergarten20722-180x135.jpg 180w, https:\/\/www.freiburg-schwarzwald.de\/blog\/wp-content\/uploads\/2012\/07\/kartaus36klostergarten20722.jpg 640w\" sizes=\"auto, (max-width: 180px) 100vw, 180px\" \/><\/a>\n\t\t\t<\/dt>\n\t\t\t\t<dd class='wp-caption-text gallery-caption' id='gallery-1-7511'>\n\t\t\t\tKartaus am 22.7.2012: (36) Blick von der Mauer nach S\u00fcdosten \u00fcber den Klostergarten\n\t\t\t\t<\/dd><\/dl><dl class='gallery-item'>\n\t\t\t<dt class='gallery-icon portrait'>\n\t\t\t\t<a href='https:\/\/www.freiburg-schwarzwald.de\/blog\/kartaus-letzter-rundgang-vor-dem-umbau-zum-bosch-college\/kartaus37mauer20722\/'><img loading=\"lazy\" decoding=\"async\" width=\"135\" height=\"180\" src=\"https:\/\/www.freiburg-schwarzwald.de\/blog\/wp-content\/uploads\/2012\/07\/kartaus37mauer20722-135x180.jpg\" class=\"attachment-thumbnail size-thumbnail\" alt=\"\" aria-describedby=\"gallery-1-7512\" srcset=\"https:\/\/www.freiburg-schwarzwald.de\/blog\/wp-content\/uploads\/2012\/07\/kartaus37mauer20722-135x180.jpg 135w, https:\/\/www.freiburg-schwarzwald.de\/blog\/wp-content\/uploads\/2012\/07\/kartaus37mauer20722.jpg 480w\" sizes=\"auto, (max-width: 135px) 100vw, 135px\" \/><\/a>\n\t\t\t<\/dt>\n\t\t\t\t<dd class='wp-caption-text gallery-caption' id='gallery-1-7512'>\n\t\t\t\tKartaus am 22.7.2012: (37) Joachim Scheck, Frank L\u00f6bbecke, Iso Himmelsbach (von rechts)\n\t\t\t\t<\/dd><\/dl><br style=\"clear: both\" \/><dl class='gallery-item'>\n\t\t\t<dt class='gallery-icon landscape'>\n\t\t\t\t<a href='https:\/\/www.freiburg-schwarzwald.de\/blog\/kartaus-letzter-rundgang-vor-dem-umbau-zum-bosch-college\/kartaus38mauer20722\/'><img loading=\"lazy\" decoding=\"async\" width=\"180\" height=\"154\" src=\"https:\/\/www.freiburg-schwarzwald.de\/blog\/wp-content\/uploads\/2012\/07\/kartaus38mauer20722-180x154.jpg\" class=\"attachment-thumbnail size-thumbnail\" alt=\"\" aria-describedby=\"gallery-1-7513\" srcset=\"https:\/\/www.freiburg-schwarzwald.de\/blog\/wp-content\/uploads\/2012\/07\/kartaus38mauer20722-180x154.jpg 180w, https:\/\/www.freiburg-schwarzwald.de\/blog\/wp-content\/uploads\/2012\/07\/kartaus38mauer20722.jpg 599w\" sizes=\"auto, (max-width: 180px) 100vw, 180px\" \/><\/a>\n\t\t\t<\/dt>\n\t\t\t\t<dd class='wp-caption-text gallery-caption' id='gallery-1-7513'>\n\t\t\t\tKartaus am 22.7.2012: (38) An der Mauer zwischen Klostergarten und Kloster\n\t\t\t\t<\/dd><\/dl><dl class='gallery-item'>\n\t\t\t<dt class='gallery-icon landscape'>\n\t\t\t\t<a href='https:\/\/www.freiburg-schwarzwald.de\/blog\/kartaus-letzter-rundgang-vor-dem-umbau-zum-bosch-college\/kartaus39klostergarten20722\/'><img loading=\"lazy\" decoding=\"async\" width=\"180\" height=\"135\" src=\"https:\/\/www.freiburg-schwarzwald.de\/blog\/wp-content\/uploads\/2012\/07\/kartaus39klostergarten20722-180x135.jpg\" class=\"attachment-thumbnail size-thumbnail\" alt=\"\" aria-describedby=\"gallery-1-7514\" srcset=\"https:\/\/www.freiburg-schwarzwald.de\/blog\/wp-content\/uploads\/2012\/07\/kartaus39klostergarten20722-180x135.jpg 180w, https:\/\/www.freiburg-schwarzwald.de\/blog\/wp-content\/uploads\/2012\/07\/kartaus39klostergarten20722.jpg 640w\" sizes=\"auto, (max-width: 180px) 100vw, 180px\" \/><\/a>\n\t\t\t<\/dt>\n\t\t\t\t<dd class='wp-caption-text gallery-caption' id='gallery-1-7514'>\n\t\t\t\tKartaus am 22.7.2012: (39) Blick nach Norden im Kartausgarten\n\t\t\t\t<\/dd><\/dl><dl class='gallery-item'>\n\t\t\t<dt class='gallery-icon portrait'>\n\t\t\t\t<a href='https:\/\/www.freiburg-schwarzwald.de\/blog\/kartaus-letzter-rundgang-vor-dem-umbau-zum-bosch-college\/kartaus40klostergarten120722\/'><img loading=\"lazy\" decoding=\"async\" width=\"135\" height=\"180\" src=\"https:\/\/www.freiburg-schwarzwald.de\/blog\/wp-content\/uploads\/2012\/07\/kartaus40klostergarten120722-135x180.jpg\" class=\"attachment-thumbnail size-thumbnail\" alt=\"\" aria-describedby=\"gallery-1-7515\" srcset=\"https:\/\/www.freiburg-schwarzwald.de\/blog\/wp-content\/uploads\/2012\/07\/kartaus40klostergarten120722-135x180.jpg 135w, https:\/\/www.freiburg-schwarzwald.de\/blog\/wp-content\/uploads\/2012\/07\/kartaus40klostergarten120722.jpg 480w\" sizes=\"auto, (max-width: 135px) 100vw, 135px\" \/><\/a>\n\t\t\t<\/dt>\n\t\t\t\t<dd class='wp-caption-text gallery-caption' id='gallery-1-7515'>\n\t\t\t\tKartaus am 22.7.2012: Maria Sch\u00fcle (links) im Kartausgarten\n\t\t\t\t<\/dd><\/dl><br style=\"clear: both\" \/><dl class='gallery-item'>\n\t\t\t<dt class='gallery-icon landscape'>\n\t\t\t\t<a href='https:\/\/www.freiburg-schwarzwald.de\/blog\/kartaus-letzter-rundgang-vor-dem-umbau-zum-bosch-college\/kartaus41wasserschloessle120722\/'><img loading=\"lazy\" decoding=\"async\" width=\"180\" height=\"135\" src=\"https:\/\/www.freiburg-schwarzwald.de\/blog\/wp-content\/uploads\/2012\/07\/kartaus41wasserschloessle120722-180x135.jpg\" class=\"attachment-thumbnail size-thumbnail\" alt=\"\" aria-describedby=\"gallery-1-7516\" srcset=\"https:\/\/www.freiburg-schwarzwald.de\/blog\/wp-content\/uploads\/2012\/07\/kartaus41wasserschloessle120722-180x135.jpg 180w, https:\/\/www.freiburg-schwarzwald.de\/blog\/wp-content\/uploads\/2012\/07\/kartaus41wasserschloessle120722.jpg 640w\" sizes=\"auto, (max-width: 180px) 100vw, 180px\" \/><\/a>\n\t\t\t<\/dt>\n\t\t\t\t<dd class='wp-caption-text gallery-caption' id='gallery-1-7516'>\n\t\t\t\tKartaus am 22.7.2012: (41) Blick nach S\u00fcdosten \u00fcbers Wasserschl\u00f6ssle\n\t\t\t\t<\/dd><\/dl><dl class='gallery-item'>\n\t\t\t<dt class='gallery-icon portrait'>\n\t\t\t\t<a href='https:\/\/www.freiburg-schwarzwald.de\/blog\/kartaus-letzter-rundgang-vor-dem-umbau-zum-bosch-college\/kartaus-mauer1-120722\/'><img loading=\"lazy\" decoding=\"async\" width=\"143\" height=\"180\" src=\"https:\/\/www.freiburg-schwarzwald.de\/blog\/wp-content\/uploads\/2012\/07\/kartaus-mauer1-120722-143x180.jpg\" class=\"attachment-thumbnail size-thumbnail\" alt=\"\" aria-describedby=\"gallery-1-8229\" srcset=\"https:\/\/www.freiburg-schwarzwald.de\/blog\/wp-content\/uploads\/2012\/07\/kartaus-mauer1-120722-143x180.jpg 143w, https:\/\/www.freiburg-schwarzwald.de\/blog\/wp-content\/uploads\/2012\/07\/kartaus-mauer1-120722.jpg 511w\" sizes=\"auto, (max-width: 143px) 100vw, 143px\" \/><\/a>\n\t\t\t<\/dt>\n\t\t\t\t<dd class='wp-caption-text gallery-caption' id='gallery-1-8229'>\n\t\t\t\tKartaus-Mauer am 22.7.2012 &#8211; Iso Himmelsbach, Frank L\u00f6bbecke, Ekkehard Kaier\n\t\t\t\t<\/dd><\/dl>\n\t\t\t<br style='clear: both' \/>\n\t\t<\/div>\n<\/p>\n<p align=\"left\">&#8222;12 Uhr Treffpunkt Kartauspforte&#8220;, so stand es im Programm des Gartenfestes, zu dem Eva-Maria Sch\u00fcle\u00a0und Wolfram Seitz-Sch\u00fcle in die Kartaus eingeladen hatten. Viele kamen zur hohen Mauer zwischen dem Klosterarten und der Alten Kartaus,\u00a0und alle waren gespannt, zumal es Frau Sch\u00fcle gelang, die besten Kartaus-Kenner f\u00fcr diesen Rundgang zu engagieren:<\/p>\n<ul>\n<li>\n<div align=\"left\"><span style=\"font-family: Calibri;\"><span style=\"font-family: Calibri,Italic;\">Frank L\u00f6bbecke M.A.,<\/span><span style=\"font-family: Calibri;\"> Mittelalterarch\u00e4ologe und Kunsthistoriker, B\u00fcro Baukern in Furtwangen, <a href=\"https:\/\/www.baukern.de\">www.baukern.de<\/a> , <a href=\"mailto:loebbecke@baukern.de\">loebbecke@baukern.de<\/a><\/span><\/span><\/div>\n<\/li>\n<li>\n<div align=\"left\"><span style=\"font-family: Calibri;\"><span style=\"font-family: Calibri,Italic;\">Joachim Scheck<\/span><span style=\"font-family: Calibri;\">, Stadtf\u00fchrer, vistatour, <a href=\"https:\/\/www.vistatour.de\">www.vistatour.de<\/a>, <a href=\"mailto:vistatour@web.de\">vistatour@web.de<\/a><\/span><\/span><\/div>\n<\/li>\n<li>\n<div align=\"left\"><span style=\"font-family: Calibri;\"><span style=\"font-family: Calibri,Italic;\">Rafaela Sch\u00fcle<\/span><span style=\"font-family: Calibri;\">, Architektin + Geomantin, <a href=\"mailto:rafaela.schule@t-online.de\">rafaela.schule@t-online.de<\/a><\/span><\/span><\/div>\n<\/li>\n<\/ul>\n<p>Die Erwartungen wurden nicht entt\u00e4uscht. Man erfuhr viel Interessantes, auch \u00dcberraschendes und sehr Pers\u00f6nliches. Es war wohl der letzte Rundgang durch die Gem\u00e4uer und G\u00e4rten &#8211; Erinnerungen, so manche Gedanken\u00a0und Wehmut\u00a0 pr\u00e4gten die zweist\u00fcndige F\u00fchrung: Mauer, Eingangspforte, Innenhof, Hansjakob-Wohnung von aussen, Konventk\u00fcche,\u00a0Klosterkirche, Wasserstollen, Gartengel\u00e4nde auf dem zugesch\u00fctteten Kreuzgang, Kr\u00e4uterg\u00e4rtlein mit Ursulabank, Waschhaus (Spielmobil), Kartausgeb\u00e4ude und zur\u00fcck zur Mauer.\u00a0Tolle Idee, dass bei jeder Station nach den Ausf\u00fchrungen zu\u00a0Baugeschichte (Frank L\u00f6bbecke) und Drum Herum (Joachim Scheck) Rafaela Sch\u00fcle als Geomantin\u00a0ihre Sicht der Dinge erl\u00e4uterte. So gleich zu Beginn im Innenhof: Der hufeiserne Hof ist genauso angeordnet wie die umliegenden Wiesen (fr\u00fcher) bzw. W\u00e4lder (heute) &#8211; Sie \u00f6ffnen sich nach S\u00fcden, die Hausform entspricht der landschaftsform. Nach zwei kurzweiligen Stunden gab es Viel Applaus und herzlichen Dank an das Rundgangf\u00fchrerInnen-Trio.<\/p>\n<p align=\"left\"><span style=\"font-family: Calibri;\"><span style=\"font-family: Calibri;\">Nach dem Rundgang gegen 14 Uhr gings runter zum Gartenfest am Wasserschl\u00f6ssle:<br \/>\n<a href=\"https:\/\/www.freiburg-schwarzwald.de\/blog\/gartenfest-an-der-kartaus-beim-wasserschloessle\/\">https:\/\/www.freiburg-schwarzwald.de\/blog\/gartenfest-an-der-kartaus-beim-wasserschloessle\/<\/a>\u00a0<\/span><\/span><\/p>\n<p align=\"left\"><span style=\"font-family: Calibri;\"><span style=\"font-family: Calibri;\">&#8230;..<\/span><\/span><\/p>\n<p align=\"left\">\u00a0<\/p>\n","protected":false},"excerpt":{"rendered":"<p>&#8222;Mit einer letzten Kloster-Gartenparty haben die Bewohner der Kartaus nun schon mal Abschied genommen. Sie m\u00fcssen Platz f\u00fcr das &#8222;United World College&#8220; machen, das Neu- und Umbauten erfordert. 2014 will das internationale Internat er\u00f6ffnen, die Vorbereitung l\u00e4uft. Heute soll der &hellip; <a href=\"https:\/\/www.freiburg-schwarzwald.de\/blog\/kartaus-letzter-rundgang-vor-dem-umbau-zum-bosch-college\/\">Weiterlesen <span class=\"meta-nav\">&rarr;<\/span><\/a><\/p>\n","protected":false},"author":4,"featured_media":0,"comment_status":"closed","ping_status":"closed","sticky":false,"template":"","format":"standard","meta":{"footnotes":""},"categories":[49,140,235,89],"tags":[149],"class_list":["post-7466","post","type-post","status-publish","format-standard","hentry","category-freiburg","category-garten","category-geschichte","category-kirchen","tag-kartaus"],"_links":{"self":[{"href":"https:\/\/www.freiburg-schwarzwald.de\/blog\/wp-json\/wp\/v2\/posts\/7466","targetHints":{"allow":["GET"]}}],"collection":[{"href":"https:\/\/www.freiburg-schwarzwald.de\/blog\/wp-json\/wp\/v2\/posts"}],"about":[{"href":"https:\/\/www.freiburg-schwarzwald.de\/blog\/wp-json\/wp\/v2\/types\/post"}],"author":[{"embeddable":true,"href":"https:\/\/www.freiburg-schwarzwald.de\/blog\/wp-json\/wp\/v2\/users\/4"}],"replies":[{"embeddable":true,"href":"https:\/\/www.freiburg-schwarzwald.de\/blog\/wp-json\/wp\/v2\/comments?post=7466"}],"version-history":[{"count":0,"href":"https:\/\/www.freiburg-schwarzwald.de\/blog\/wp-json\/wp\/v2\/posts\/7466\/revisions"}],"wp:attachment":[{"href":"https:\/\/www.freiburg-schwarzwald.de\/blog\/wp-json\/wp\/v2\/media?parent=7466"}],"wp:term":[{"taxonomy":"category","embeddable":true,"href":"https:\/\/www.freiburg-schwarzwald.de\/blog\/wp-json\/wp\/v2\/categories?post=7466"},{"taxonomy":"post_tag","embeddable":true,"href":"https:\/\/www.freiburg-schwarzwald.de\/blog\/wp-json\/wp\/v2\/tags?post=7466"}],"curies":[{"name":"wp","href":"https:\/\/api.w.org\/{rel}","templated":true}]}}