{"id":7458,"date":"2012-07-24T09:53:24","date_gmt":"2012-07-24T07:53:24","guid":{"rendered":"https:\/\/www.freiburg-schwarzwald.de\/blog\/?p=7458"},"modified":"2012-07-24T10:03:13","modified_gmt":"2012-07-24T08:03:13","slug":"envirotrek-clean-up-schauinsland-50-engagierte-sammeln-500-kg-muell","status":"publish","type":"post","link":"https:\/\/www.freiburg-schwarzwald.de\/blog\/envirotrek-clean-up-schauinsland-50-engagierte-sammeln-500-kg-muell\/","title":{"rendered":"Envirotrek-Clean up Schauinsland &#8211; 50 Engagierte sammeln 500 kg Muell"},"content":{"rendered":"<ol>\n<li>Mehr als 50 Teilnehmerinnen und Teilnehmer hatten zehn Euro &#8222;Antrittsgeld&#8220; investiert, kamen am Samstag 21.7.2012 auf den <a title=\"Berge\" href=\"https:\/\/www.freiburg-schwarzwald.de\/blog\/regio\/berge\/\">Schauinsland<\/a> und f\u00fcllten engagiert und <a title=\"Engagement\" href=\"https:\/\/www.freiburg-schwarzwald.de\/blog\/engagement\/\">ehrenamtlich<\/a> insgesamt 70 S\u00e4cke mit Abfall aus den W\u00e4ldern um den Gipfel. Dieses &#8222;Clean up&#8220; wurde gemeinsam organisiert von der Stiftung Respect the Mountains, ihrem Sponsor Keen Footwear, dem Forstamt der Stadt Freiburg und der Interessengemeinschaft Natur- und Landschaftsschutzgebiet Schauinsland (IGS).<!--more-->Mit der Schauinslandbahn erreichten die Teilnehmer die Bergstation. Vormittags wurden zwei Stunden lang gro\u00dfe Mengen an M\u00fcll eingesammelt, darunter Autoreifen, Batterien, Plastikm\u00fcll aller Art, Dosen, alte Skier und eine noch unge\u00f6ffnete Flasche Sekt. Die F\u00f6rster Stefan Lehmann (IGS), Philipp Schell und Andreas Sch\u00e4fer (beide vom Forstamt) erz\u00e4hlten den Teilnehmern, darunter viele Familien mit Kindern, von der Geschichte und Natur des Gebietes. Nach der M\u00fcllsammlung hatte das Team des Bergrestaurants Schauinsland ein Salatbuffet und Gegrilltes vorbereitet. Der Preis f\u00fcr das originellste Abfallst\u00fcck ging an den Finder eines Kuscheltiers, das \u00fcber die Jahre mit Moos \u00fcberwachsen war. Die IGS, das Forstamt und &#8222;Respect the Mountains&#8220; waren mit dem Ergebnis dieses Tages sehr zufrieden und wollen auch n\u00e4chstes Jahr einen Envirotrek veranstalten.<br \/>\n24.7.2012<\/li>\n<li><a href=\"https:\/\/www.keenfootwear.com\/de\/de\/envirotrek\/\">https:\/\/www.keenfootwear.com\/de\/de\/envirotrek\/<\/a>\u00a0<br \/>\n<a href=\"https:\/\/www.adventure-company-freiburg.de\/doc\/Keen_Envirotrek%20Poster%20A3_Schwarzwald_WT.pdf\">https:\/\/www.adventure-company-freiburg.de\/doc\/Keen_Envirotrek%20Poster%20A3_Schwarzwald_WT.pdf<\/a><\/li>\n<\/ol>\n","protected":false},"excerpt":{"rendered":"<p>Mehr als 50 Teilnehmerinnen und Teilnehmer hatten zehn Euro &#8222;Antrittsgeld&#8220; investiert, kamen am Samstag 21.7.2012 auf den Schauinsland und f\u00fcllten engagiert und ehrenamtlich insgesamt 70 S\u00e4cke mit Abfall aus den W\u00e4ldern um den Gipfel. Dieses &#8222;Clean up&#8220; wurde gemeinsam organisiert &hellip; <a href=\"https:\/\/www.freiburg-schwarzwald.de\/blog\/envirotrek-clean-up-schauinsland-50-engagierte-sammeln-500-kg-muell\/\">Weiterlesen <span class=\"meta-nav\">&rarr;<\/span><\/a><\/p>\n","protected":false},"author":4,"featured_media":0,"comment_status":"closed","ping_status":"closed","sticky":false,"template":"","format":"standard","meta":{"footnotes":""},"categories":[36,180,68],"tags":[169,328],"class_list":["post-7458","post","type-post","status-publish","format-standard","hentry","category-engagement","category-hochschwarzwald","category-umwelt","tag-mull","tag-sponsoring"],"_links":{"self":[{"href":"https:\/\/www.freiburg-schwarzwald.de\/blog\/wp-json\/wp\/v2\/posts\/7458","targetHints":{"allow":["GET"]}}],"collection":[{"href":"https:\/\/www.freiburg-schwarzwald.de\/blog\/wp-json\/wp\/v2\/posts"}],"about":[{"href":"https:\/\/www.freiburg-schwarzwald.de\/blog\/wp-json\/wp\/v2\/types\/post"}],"author":[{"embeddable":true,"href":"https:\/\/www.freiburg-schwarzwald.de\/blog\/wp-json\/wp\/v2\/users\/4"}],"replies":[{"embeddable":true,"href":"https:\/\/www.freiburg-schwarzwald.de\/blog\/wp-json\/wp\/v2\/comments?post=7458"}],"version-history":[{"count":0,"href":"https:\/\/www.freiburg-schwarzwald.de\/blog\/wp-json\/wp\/v2\/posts\/7458\/revisions"}],"wp:attachment":[{"href":"https:\/\/www.freiburg-schwarzwald.de\/blog\/wp-json\/wp\/v2\/media?parent=7458"}],"wp:term":[{"taxonomy":"category","embeddable":true,"href":"https:\/\/www.freiburg-schwarzwald.de\/blog\/wp-json\/wp\/v2\/categories?post=7458"},{"taxonomy":"post_tag","embeddable":true,"href":"https:\/\/www.freiburg-schwarzwald.de\/blog\/wp-json\/wp\/v2\/tags?post=7458"}],"curies":[{"name":"wp","href":"https:\/\/api.w.org\/{rel}","templated":true}]}}