{"id":74517,"date":"2019-08-21T11:46:48","date_gmt":"2019-08-21T09:46:48","guid":{"rendered":"https:\/\/www.freiburg-schwarzwald.de\/blog\/?p=74517"},"modified":"2025-10-17T13:36:03","modified_gmt":"2025-10-17T11:36:03","slug":"bauwerk-schwarzwaldhof","status":"publish","type":"post","link":"https:\/\/www.freiburg-schwarzwald.de\/blog\/bauwerk-schwarzwaldhof\/","title":{"rendered":"Bauwerk Schwarzwaldhof"},"content":{"rendered":"<p>Kennzeichen des <a title=\"Hochschwarzwald\" href=\"https:\/\/www.freiburg-schwarzwald.de\/blog\/regio\/hochschwarzwald\/\">Hochschwarzwaldes<\/a> mit seinen Bergen und W\u00e4ldern sind die Bauernh\u00f6fe mit ihren riesigen D\u00e4chern, unter denen <a title=\"Alte-Hochschwarzwaelder\" href=\"https:\/\/www.freiburg-schwarzwald.de\/blog\/regio\/hochschwarzwald\/alte-hochschwarzwaelder\/\">Wohnung<\/a>, Stall und Scheune Schutz finden. Diese Eindachh\u00f6fe als <a title=\"Bauernhof und Denkmalschutz\" href=\"https:\/\/www.freiburg-schwarzwald.de\/blog\/bauernhof-und-denkmalschutz\/\">Kulturgut<\/a> zu erhalten hat sich <a title=\"Hochschwarzwald\" href=\"https:\/\/www.freiburg-schwarzwald.de\/blog\/regio\/hochschwarzwald\/\">&#8222;Bauwerk Schwarzwald&#8220;<\/a> als gemeinn\u00fctziger Verein zum Ziel gesetzt. Geplant ist ein Kompetenzzentrum f\u00fcr Schwarzw\u00e4lder Baukultur, <a title=\"Holzbau\" href=\"https:\/\/www.freiburg-schwarzwald.de\/blog\/business\/handwerk\/holzbau\/\">Handwerk<\/a> und <a title=\"Architekt\" href=\"https:\/\/www.freiburg-schwarzwald.de\/blog\/business\/dienste\/architekt\/\">Design<\/a>.<!--more--><\/p>\n<p>Von den <a title=\"Bauernhof\" href=\"https:\/\/www.freiburg-schwarzwald.de\/blog\/bauernhof\/\">Schwarzwaldh\u00f6fen<\/a> kann man viel lernen. Der <a title=\"Schniederlihof am Schauinsland\" href=\"https:\/\/www.freiburg-schwarzwald.de\/blog\/schniederlihof-am-schauinsland\/\">Schniederlihof<\/a>\u00a0oben am <a title=\"Schauinsland\" href=\"https:\/\/www.freiburg-schwarzwald.de\/blog\/regio\/berge\/schauinsland\/\">Schauinsland<\/a> zeigt, wie man durch den doppelwandigen Vorbau zur Bergseite hin ganzj\u00e4hrig &#8222;flie\u00dfendes Wasser&#8220; hatte, auch bei Schnee und Frost.<br \/>\nIm Jahr 2007 hat die Firma Wandres in Buchenbach-Wagensteig ein modernes Industriegeb\u00e4ude in Holzbauweise als Eindachhof gebaut.<\/p>\n<h5><a href=\"https:\/\/www.freiburg-schwarzwald.de\/blog\/bauwerk-schwarzwaldhof\/wagensteig-wandres-hof100703\/\" rel=\"attachment wp-att-74518\"><img loading=\"lazy\" decoding=\"async\" class=\"alignnone size-thumbnail wp-image-74518\" src=\"https:\/\/www.freiburg-schwarzwald.de\/blog\/wp-content\/uploads\/2019\/08\/wagensteig-wandres-hof100703-180x135.jpg\" alt=\"wagensteig-wandres-hof100703\" width=\"180\" height=\"135\" srcset=\"https:\/\/www.freiburg-schwarzwald.de\/blog\/wp-content\/uploads\/2019\/08\/wagensteig-wandres-hof100703-180x135.jpg 180w, https:\/\/www.freiburg-schwarzwald.de\/blog\/wp-content\/uploads\/2019\/08\/wagensteig-wandres-hof100703.jpg 640w\" sizes=\"auto, (max-width: 180px) 100vw, 180px\" \/><\/a>\u00a0 \u00a0Neubau Wandres 2007 &#8211; \u00a0<a href=\"https:\/\/www.freiburg-schwarzwald.de\/wandres.htm\">https:\/\/www.freiburg-schwarzwald.de\/wandres.htm<\/a><\/h5>\n<p>&nbsp;<\/p>\n<p>Die Sanierung des 1754 erbauten <a title=\"Fussehof\" href=\"https:\/\/www.freiburg-schwarzwald.de\/blog\/bauernhof\/fussehof\/\">Fu\u00dfehof<\/a> in Geroldstal bzw. <a title=\"Dietenbach\" href=\"https:\/\/www.freiburg-schwarzwald.de\/blog\/regio\/orte\/kirchzarten\/dietenbach\/\">Dietenbach<\/a> zwischen Kirchzarten und Oberried wurde im Jahr 2018 abgeschlossen: Modernes Wohnen im uralten Eindachhof..<\/p>\n<h5><a href=\"https:\/\/www.freiburg-schwarzwald.de\/blog\/bauernhof\/fussehof\/fussenhof1-20190821\/\" rel=\"attachment wp-att-74550\"><img loading=\"lazy\" decoding=\"async\" class=\"alignnone size-thumbnail wp-image-74550\" src=\"https:\/\/www.freiburg-schwarzwald.de\/blog\/wp-content\/uploads\/2012\/04\/fussenhof1-20190821-180x101.jpg\" alt=\"fussenhof1-20190821\" width=\"180\" height=\"101\" srcset=\"https:\/\/www.freiburg-schwarzwald.de\/blog\/wp-content\/uploads\/2012\/04\/fussenhof1-20190821-180x101.jpg 180w, https:\/\/www.freiburg-schwarzwald.de\/blog\/wp-content\/uploads\/2012\/04\/fussenhof1-20190821.jpg 640w\" sizes=\"auto, (max-width: 180px) 100vw, 180px\" \/><\/a>\u00a0 \u00a0Fussenhof am 21.8.2019\u00a0 \u00a0 \u00a0\u00a0<a href=\"https:\/\/www.freiburg-schwarzwald.de\/blog\/bauernhof\/fussehof\/fussehof140530\/\" rel=\"attachment wp-att-48347\"><img loading=\"lazy\" decoding=\"async\" class=\"alignnone size-thumbnail wp-image-48347\" src=\"https:\/\/www.freiburg-schwarzwald.de\/blog\/wp-content\/uploads\/2012\/04\/fussehof140530-180x135.jpg\" alt=\"fussehof140530\" width=\"180\" height=\"135\" srcset=\"https:\/\/www.freiburg-schwarzwald.de\/blog\/wp-content\/uploads\/2012\/04\/fussehof140530-180x135.jpg 180w, https:\/\/www.freiburg-schwarzwald.de\/blog\/wp-content\/uploads\/2012\/04\/fussehof140530.jpg 640w\" sizes=\"auto, (max-width: 180px) 100vw, 180px\" \/><\/a>\u00a0 \u00a0 am 30.5.2014<\/h5>\n<p>.<br \/>\nDie Firma <a title=\"Domiziel\" href=\"https:\/\/www.freiburg-schwarzwald.de\/blog\/business\/dienste\/immobilien\/domiziel\/\">Domiziel<\/a> von <a title=\"Banksches Haus Kirchzarten denkwuerdig saniert von Silli Sutter\" href=\"https:\/\/www.freiburg-schwarzwald.de\/blog\/banksches-haus-kirchzarten-denkwuerdig-saniert-von-silli-sutter\/\">Willi Sutter<\/a> hat sich zur Aufgabe gesetzt, alte Schwarzwaldh\u00f6fe zu erhalten durch behutsame Komplettsanierung: <a title=\"Birklehof Hinterzarten sanieren\" href=\"https:\/\/www.freiburg-schwarzwald.de\/blog\/birklehof-hinterzarten-sanieren\/\">Behinderten-WG<\/a>, Seiniorenwohnen, Handwerksbetrieb, &#8230;. Aktuelles Beispiel ist der <a title=\"Kartaus Meierhof \u2013 Abriss Erhalt\" href=\"https:\/\/www.freiburg-schwarzwald.de\/blog\/kartaus-meierhof-abriss-erhalt\/\">Maierhof<\/a> der alten Kartause in Freiburg-Oberau, der nun doch nicht abgerissen wird.<br \/>\n21.8.2019.<br \/>\n.<br \/>\nEnde von Beitrag &#8222;Bauwerk Schwarzwaldhof&#8220;<br \/>\n==============================================================<br \/>\nBeginn von Anlagen (1) &#8211; (2)<br \/>\n.<\/p>\n<p>&#8222;Holzbaukultur Nordschwarzwald&#8220; Handbuch,<br \/>\nHerausgeber LEADER-Aktionsgruppe<br \/>\n<a href=\"https:\/\/www.Holzplanwerk.de\">https:\/\/www.Holzplanwerk.de<\/a><br \/>\n<a href=\"https:\/\/www.naturpark-sudschwarzwald.de\/eip\/pages\/aktuelle-projekte.php\">https:\/\/www.naturpark-sudschwarzwald.de\/eip\/pages\/aktuelle-projekte.php<br \/>\n<\/a>.<br \/>\n.<\/p>\n<p><strong>(1) Den Schwarzwaldhof als Kulturgut erhalten<\/strong><br \/>\nDer Schwarzwaldhof ist Zeuge einer \u00fcber Jahrhunderte gewachsenen Kultur und Tradition. Schwarzwaldwaldtypisch ist nicht nur die Form, die sich an Klima und Lage angepasst hat, schwarzwaldtypisch sind Materialien und Rohstoffe wie Holz, sowie das Wissen und die Handlungskompetenz, die sich \u00fcber Jahrhunderte entwickelt haben. Den Schwarzwaldhof zu erhalten, ist Aufgabe heutiger Generationen.<br \/>\nAllerdings zeichnen sich einige Herausforderungen ab, die den Erhalt des Kulturguts Schwarzwaldhof erschweren. Welche diese sind und wie sich regionale Initiativen den damit zusammenh\u00e4ngenden Fragen annehmen, wird an sp\u00e4terer Stelle im Text gezeigt. Zun\u00e4chst werfen wir jedoch einen genaueren Blick auf den Schwarzwaldhof und seine Charakteristika.<br \/>\nWohn- und Wirtschaftsteil unter einem Dach Mit dem \u201eSchwarzwaldhof\u201c ist meist der traditionelle Eindachhof gemeint, wie er vor allem im mittleren und s\u00fcdlichen Schwarzwald zu finden ist. Dabei lassen sich unterschiedliche Haustypen wie das \u201eZartener Haus\u201c oder das \u201eHotzenhaus\u201c unterscheiden. Allen gemein ist, dass sich Wohn- und Wirtschaftsteile unter einem Dach befinden und Mensch und Tier somit im selben Haus leben. Das bot fr\u00fcher vor allem in langen kalten Wintermonaten einige Vorteile. Man stelle sich vor, dass bei gro\u00dfen Schneemassen mancherorts das Haus f\u00fcr mehrere Tage oder Wochen nicht verlassen werden konnte. Da war es geschickt, dass man vom Wohnbereich aus den Stall und das Lager direkt erreichen konnte. Wird ein Schwarzwaldhaus von au\u00dfen betrachtet, f\u00e4llt sofort das riesige Dach auf. An den Giebelseiten ist es heruntergezogen und bildet das sogenannte Walm- oder Kr\u00fcppelwalmdach. Die Fenster setzen sich aus kleinen Glasscheiben zusammen und lassen unter der Dachfl\u00e4che nur wenig Licht ins Haus. Dies sch\u00fctzte die Bewohnerinnen und Bewohner vor K\u00e4lte.<br \/>\nIn vielen F\u00e4llen sind die H\u00f6fe au\u00dferdem an einen Hang gebaut, das zus\u00e4tzlichen Schutz vor Wind bot und von Erdw\u00e4rme profitieren lie\u00df. Dort wo der Abstand zwischen Haus und Hang am geringsten ist, findet sich \u00fcber eine Wiederkehr eine Zufahrt ins Dach. Auf vielen H\u00f6fen wird diese noch heute genutzt um Stroh und Heu auf direktem Weg im Dachstuhl einzulagern. Das Lager und der darunterliegende Stall bilden den Wirtschaftsteil, der eine Haush\u00e4lfte des Eindachhofs einnimmt. Daran grenzt in der anderen H\u00e4lfte der Wohnbereich der Bauernfamilie an. Dort befinden sich im Erdgeschoss die Stube und die K\u00fcche.<br \/>\nDie K\u00fcche ist im Haus zentral gelegen und dient als W\u00e4rmespender f\u00fcr die weiteren R\u00e4ume. \u00dcber der Koch- und Feuerstelle gibt es einen Rauchfang, der zum einen die Funktion einer R\u00e4ucherkammer \u00fcbernimmt und zum anderen verhindert, dass Funken das Dach und die Holzkonstruktion zum Brennen bringen. Im zweiten Geschoss befinden sich die Schlafr\u00e4ume der Bauernfamilie und Knechte. Grundger\u00fcst des Schwarzwaldhofs ist eine Holzkonstruktion. Die Fassade wurde meist mit Holzschindeln verkleidet, die sp\u00e4ter teils von Faserzementtafeln abgel\u00f6st wurden. Die D\u00e4cher waren einst mit Stroh bedeckt. Jedoch wurde dies im 18. Jahrhundert aufgrund des Brandrisikos verboten, sodass Ziegel und Schindeln eingesetzt wurden.<br \/>\nHerausforderungen f\u00fcr den Schwarzwaldhof:\u00a0 Der Eindachhof \u2013 er erm\u00f6glichte einst die Selbstversorgung der Landwirtsfamilie rund ums Jahr. Mit dem Einsetzen der Industrialisierung und des damit zusammenh\u00e4ngenden Strukturwandels \u00e4nderten sich jedoch auch f\u00fcr die Schwarzw\u00e4lder die Lebens- und Arbeitsbedingungen.<br \/>\n&#8230; Alles von Roland Sch\u00f6ttle und Christina Cammerer vom 4.8.2019 bitte lesen in der Zeitschrift &#8222;Schwarzwald&#8220; 3\/2019, Seite 4f.<br \/>\n<a href=\"https:\/\/www.schwarzwaldverein.de\/cms_upload\/files\/pdf\/zeitschrift\/2019_03.pdf\">https:\/\/www.schwarzwaldverein.de\/cms_upload\/files\/pdf\/zeitschrift\/2019_03.pdf<br \/>\n<\/a>.<\/p>\n<p><strong>(2) Bauwerk Schwarzwald &#8211; Info<\/strong><br \/>\nVerein <a title=\"Hochschwarzwald\" href=\"https:\/\/www.freiburg-schwarzwald.de\/blog\/regio\/hochschwarzwald\/\">Bauwerk Schwarzwald<\/a> will charakteristische Architektur zeitgem\u00e4\u00df weiterentwickeln \/ Werben um Mitglieder f\u00fcr Gr\u00fcndung. &#8211; Das Bewusstsein f\u00fcrs Bauen st\u00e4rken<br \/>\nUnter dem Motto &#8222;Mitmachen und den Schwarzwald gemeinsam gestalten&#8220; fanden k\u00fcrzlich Informationsveranstaltungen in Kirchzarten und in Freudenstadt statt. Ziel war neben der Information vor allem das Werben f\u00fcr eine Mitgliedschaft in dem noch zu gr\u00fcndenden Verein Bauwerk Schwarzwald. Mehr als 150 Personen aus Architektur, Handwerk, Bauindustrie, Gewerbe sowie kommunale Vertreter kamen um sich zu informieren, teilte der Naturpark S\u00fcdschwarzwald mit.<br \/>\n\u00dcber Generationen hat sich die bebaute Umwelt im Schwarzwald entwickelt. Bauweisen und -techniken sind fortgeschritten, und die Anspr\u00fcche an Geb\u00e4ude, Einrichtung oder Design haben sich ge\u00e4ndert. Der Mensch bebaut seine Umwelt, in der er lebt, und diese ist f\u00fcr ihn wiederum heimat- und identit\u00e4tsstiftend. Angesichts zunehmender &#8222;austauschbarer Bebauung&#8220; stelle sich jedoch die Frage, wie die charakteristische Baukultur im Schwarzwald erhalten bleiben und gleichzeitig zeitgem\u00e4\u00df, mit neuem Wissen und Technologien weiterentwickelt werden kann, hei\u00dft es weiter.<br \/>\nVor diesem Hintergrund hat sich der Gr\u00fcndungsgedanke des Kompetenzzentrums Bauwerk Schwarzwald entwickelt. Bauwerk Schwarzwald soll die regionsspezifische Bau- und Handwerkskultur f\u00f6rdern, Netzwerk f\u00fcr Fachleute und Anlaufstelle f\u00fcr Bauherren und Interessierte sein. Eine rund 22-k\u00f6pfige Projektgruppe hat dazu 2018 ein Gr\u00fcndungskonzept erarbeitet, das 2019 an Peter Hauk, dem baden-w\u00fcrttembergischen Minister f\u00fcr L\u00e4ndlichen Raum und Verbraucherschutz, \u00fcbergeben wurde. Das Land Baden-W\u00fcrttemberg unterst\u00fctzte die Erstellung des Konzeptes, die von den Naturparken S\u00fcdschwarzwald und Schwarzwald Mitte\/Nord getragen wurde. Laut Gr\u00fcndungskonzept soll Bauwerk Schwarzwald von einem gemeinn\u00fctzigen Verein getragen werden. Mitglieder k\u00f6nnen Unternehmen, Verb\u00e4nde, Vereine, Initiativen aus den Bereichen Architektur, Handwerk, Design und Bauindustrie sowie Kammern, Gebietsk\u00f6rperschaften und Land sein.<\/p>\n<p>Die Moderatoren Roland Sch\u00f6ttle und Christina Cammerer vom Naturpark S\u00fcdschwarzwald stellten bei den Infoveranstaltungen die Inhalte des Gr\u00fcndungskonzepts vor. In einer anschlie\u00dfenden Talk-Runde mit Vertretern aus Handwerk, Architektur, Gewerbe, Tourismus und Kommunen wurde diskutiert, welchen Nutzen Bauwerk Schwarzwald f\u00fcr die Region, aber auch f\u00fcr den Einzelnen, wie Unternehmen, Kommunen oder Bauherren haben kann. &#8222;Einer der wichtigsten Punkte ist, das Bewusstsein f\u00fcr Bauen im Schwarzwald zu st\u00e4rken. In Zeiten von Instagram und Co. schafft dies Identit\u00e4t und Verwurzelung in der Region&#8220;, sagte Adrian Probst, B\u00fcrgermeister von St. Blasien. Der Leiter des Amts f\u00fcr Stadtentwicklung der Stadt Freudenstadt, Rudolf M\u00fcller, betonte, dass es nicht darum gehe, ein Einheitsbild zu schaffen, vielmehr gelte es, die Besonderheiten der Regionen herauszubilden.<\/p>\n<p>Fragen, wo wir herkommen und wo wir hingehen<br \/>\nNachhaltiges und \u00f6kologisches Bauen ist letztlich seit Jahrhunderten Thema im Schwarzwald. &#8222;Wir sollten uns fragen, wo wir herkommen und wo wir hingehen. Wenn wir die Kr\u00e4fte im Schwarzwald b\u00fcndeln, sind wir auf einem guten Weg&#8220;, erg\u00e4nzte Projektentwickler Stefan Kudermann von Holzbau Bruno Kaiser aus Bernau. Gemeinsames Ergebnis der Talk-Runde war, dass mit Bauwerk Schwarzwald die vielf\u00e4ltigen Kompetenzen in Architektur, Handwerk und Technik geb\u00fcndelt, Partnerschaften gebildet und der Schwarzwald als Qualit\u00e4tsregion sowie Arbeits- und Wohnort langfristig gest\u00e4rkt werden. &#8222;Jetzt ist der richtige Zeitpunkt, um diese Chance zu nutzen und Bauwerk Schwarzwald zu gr\u00fcnden&#8220;, bekr\u00e4ftige Sch\u00f6ttle.<br \/>\nDie Anwesenden h\u00e4tten in der Diskussion gro\u00dfes Interesse an der Gr\u00fcndung des Kompetenzzentrums gezeigt. Es wurde festgestellt, dass gro\u00dfer Bedarf nach einer derartigen Einrichtung f\u00fcr den gesamten Schwarzwald besteht, vor allem wenn es darum geht, die Baukultur und das Handwerk im Spannungsfeld zwischen Tradition und Moderne einen bedeutenden Schritt voranzubringen, wie das beispielsweise im Bregenzerwald beeindruckend geschehen ist.<\/p>\n<p>Die Gr\u00fcndungsversammlung von <a title=\"Hochschwarzwald\" href=\"https:\/\/www.freiburg-schwarzwald.de\/blog\/regio\/hochschwarzwald\/\">Bauwerk Schwarzwald<\/a> wird voraussichtlich Ende 2019 oder Anfang 2020 stattfinden \u2013 sobald rund 50 Absichtserkl\u00e4rungen f\u00fcr den Beitritt zu dem Verein vorliegen. Interessierte Unternehmen, Verb\u00e4nde, Vereine, Initiativen, Kammern und Gebietsk\u00f6rperschaften sind eingeladen, diese beim Naturpark S\u00fcdschwarzwald einzureichen.<\/p>\n<p>Ein Formblatt f\u00fcr eine Absichtserkl\u00e4rung f\u00fcr den Beitritt zum Verein Bauwerk Schwarzwald findet sich im Internet auf der Website <a href=\"https:\/\/www.bauwerk-schwarzwald.de\">https:\/\/www.bauwerk-schwarzwald.de<\/a><\/p>\n","protected":false},"excerpt":{"rendered":"<p>Kennzeichen des Hochschwarzwaldes mit seinen Bergen und W\u00e4ldern sind die Bauernh\u00f6fe mit ihren riesigen D\u00e4chern, unter denen Wohnung, Stall und Scheune Schutz finden. Diese Eindachh\u00f6fe als Kulturgut zu erhalten hat sich &#8222;Bauwerk Schwarzwald&#8220; als gemeinn\u00fctziger Verein zum Ziel gesetzt. Geplant &hellip; <a href=\"https:\/\/www.freiburg-schwarzwald.de\/blog\/bauwerk-schwarzwaldhof\/\">Weiterlesen <span class=\"meta-nav\">&rarr;<\/span><\/a><\/p>\n","protected":false},"author":2,"featured_media":0,"comment_status":"open","ping_status":"closed","sticky":false,"template":"","format":"standard","meta":{"footnotes":""},"categories":[233,36,354,22,180,90,13,201,141,91],"tags":[250,277,716,557,301],"class_list":["post-74517","post","type-post","status-publish","format-standard","hentry","category-architekt","category-engagement","category-genossenschaften","category-handwerk","category-hochschwarzwald","category-immobilien","category-kultur","category-landwirt","category-nachhaltigkeit","category-wohnen","tag-architektur","tag-bauer","tag-bauernhof","tag-baustelle","tag-culture"],"_links":{"self":[{"href":"https:\/\/www.freiburg-schwarzwald.de\/blog\/wp-json\/wp\/v2\/posts\/74517","targetHints":{"allow":["GET"]}}],"collection":[{"href":"https:\/\/www.freiburg-schwarzwald.de\/blog\/wp-json\/wp\/v2\/posts"}],"about":[{"href":"https:\/\/www.freiburg-schwarzwald.de\/blog\/wp-json\/wp\/v2\/types\/post"}],"author":[{"embeddable":true,"href":"https:\/\/www.freiburg-schwarzwald.de\/blog\/wp-json\/wp\/v2\/users\/2"}],"replies":[{"embeddable":true,"href":"https:\/\/www.freiburg-schwarzwald.de\/blog\/wp-json\/wp\/v2\/comments?post=74517"}],"version-history":[{"count":3,"href":"https:\/\/www.freiburg-schwarzwald.de\/blog\/wp-json\/wp\/v2\/posts\/74517\/revisions"}],"predecessor-version":[{"id":140222,"href":"https:\/\/www.freiburg-schwarzwald.de\/blog\/wp-json\/wp\/v2\/posts\/74517\/revisions\/140222"}],"wp:attachment":[{"href":"https:\/\/www.freiburg-schwarzwald.de\/blog\/wp-json\/wp\/v2\/media?parent=74517"}],"wp:term":[{"taxonomy":"category","embeddable":true,"href":"https:\/\/www.freiburg-schwarzwald.de\/blog\/wp-json\/wp\/v2\/categories?post=74517"},{"taxonomy":"post_tag","embeddable":true,"href":"https:\/\/www.freiburg-schwarzwald.de\/blog\/wp-json\/wp\/v2\/tags?post=74517"}],"curies":[{"name":"wp","href":"https:\/\/api.w.org\/{rel}","templated":true}]}}