{"id":74316,"date":"2019-08-07T22:02:06","date_gmt":"2019-08-07T20:02:06","guid":{"rendered":"https:\/\/www.freiburg-schwarzwald.de\/blog\/?p=74316"},"modified":"2019-08-08T12:21:20","modified_gmt":"2019-08-08T10:21:20","slug":"kritik-und-abweichende-meinung","status":"publish","type":"post","link":"https:\/\/www.freiburg-schwarzwald.de\/blog\/kritik-und-abweichende-meinung\/","title":{"rendered":"Kritik und abweichende Meinung"},"content":{"rendered":"<p><a title=\"Demokratie\" href=\"https:\/\/www.freiburg-schwarzwald.de\/blog\/engagement\/zukunft\/demokratie\/\">Demokratie<\/a> ohne <a title=\"Kritik\" href=\"https:\/\/www.freiburg-schwarzwald.de\/blog\/kultur\/medien\/kritik\/\">Kritik<\/a> geht nicht. Die abweichende Meinung mu\u00df in der \u00d6ffentlichkeit frei ge\u00e4u\u00dfert und in den <a title=\"Medienvielfalt\" href=\"https:\/\/www.freiburg-schwarzwald.de\/blog\/kultur\/medien\/medienvielfalt\/\">Medien<\/a>\u00a0<a title=\"Meinungsvielfalt Medienvielfalt\" href=\"https:\/\/www.freiburg-schwarzwald.de\/blog\/meinungsvielfalt-medienvielfalt\/\">frei publiziert<\/a> werden k\u00f6nnen. <a title=\"Meinungsfreiheit\" href=\"https:\/\/www.freiburg-schwarzwald.de\/blog\/kultur\/medien\/meinungsfreiheit\/\">Abweichende Meinungen<\/a>\u00a0von links und rechts, pro und contra, progressiv und konservativ, weise und <a title=\"Dummheit\" href=\"https:\/\/www.freiburg-schwarzwald.de\/blog\/engagement\/zukunft\/dummheit\/\">dumm<\/a>, innovativ und disruptiv, gut und b\u00f6se bzw. &#8222;von diesem und jenem&#8220; sind Kennzeichen der <a title=\"Diskussionskultur\" href=\"https:\/\/www.freiburg-schwarzwald.de\/blog\/kultur\/medien\/diskussionskultur\/\">Diskussionskultur<\/a> &#8211; und ohne diese Kultur wird Demokratie zur Scheindemokratie bzw. <a title=\"Faschismus\" href=\"https:\/\/www.freiburg-schwarzwald.de\/blog\/engagement\/zukunft\/demokratie\/faschismus\/\">Diktatur<\/a>.<br \/>\n.<!--more--><br \/>\nNach dem Todessto\u00df eines 8-j\u00e4hrigen Buben durch einen Eritr\u00e4er in <a title=\"Bahnsteig\" href=\"https:\/\/www.freiburg-schwarzwald.de\/blog\/global\/deutschland\/bahnsteig\/\">Frankfurt Hbf<\/a> am 29.7.2019, einer 34-j\u00e4hrigen Mutter einer 13-j\u00e4hrigen Tochter durch einen Serben kosovarischer Herkunft in <a title=\"Bahnsteig\" href=\"https:\/\/www.freiburg-schwarzwald.de\/blog\/global\/deutschland\/bahnsteig\/\">Voerde<\/a> am 21.7.2019 und nach dem Schwertmord in <a title=\"Stuttgart-Schwertmord\" href=\"https:\/\/www.freiburg-schwarzwald.de\/blog\/global\/deutschland\/stuttgart-schwertmord\/\">Stuttgart<\/a> durch einen Syrer am 31.7.2019 &#8211; eine Straftat zu beschreiben und Ursachen zu hinterfragen, bedeutet nicht, dass man diese verallgemeinert. Es bedeutet auch nicht, dass man R\u00fcckschl\u00fcsse zieht, etwa auf Landsleute einer Person, die sich <a title=\"Kriminalstatistik\" href=\"https:\/\/www.freiburg-schwarzwald.de\/blog\/selbsthilfe\/krise\/gewalt\/kriminalstatistik\/\">kriminell<\/a> verh\u00e4lt. Wer randalierende Migranten im Freibad benennt, erweist sich dadurch nicht als Fremdenfeind. Allenfalls kritisiert er die T\u00e4ter. Und diese <a title=\"Kritik\" href=\"https:\/\/www.freiburg-schwarzwald.de\/blog\/kultur\/medien\/kritik\/\">Kritik<\/a> muss selbstverst\u00e4ndlich erlaubt sein. Sie muss ihm zugestanden werden, ohne ihm gleichzeitig zu unterstellen, er habe grunds\u00e4tzlich etwas gegen Angeh\u00f6rige der Nationen, die am Gleissto\u00dfen, <a title=\"Messerstecher\" href=\"https:\/\/www.freiburg-schwarzwald.de\/blog\/selbsthilfe\/soziales\/justiz\/messerstecher\/\">Messerstechen<\/a> und <a title=\"Gewalt\" href=\"https:\/\/www.freiburg-schwarzwald.de\/blog\/selbsthilfe\/krise\/gewalt\/\">Randalieren<\/a> beteiligt waren.<br \/>\n.<br \/>\nWer f\u00fcr das Anleinen von bei\u00dfw\u00fctigen Hunden ist, outet sich doch nicht als Hundehasser. Ist es der eigene latent vorhandene <a title=\"Rassismus\" href=\"https:\/\/www.freiburg-schwarzwald.de\/blog\/engagement\/rassismus\/\">Rassismus<\/a>, der die Verfechter der grenzenlosen Willkommenskultur seit <a title=\"Budapest-Dublin2015\" href=\"https:\/\/www.freiburg-schwarzwald.de\/blog\/global\/eu\/budapest-dublin2015\/\">9\/2015<\/a> wieder und wieder zu solchen <a title=\"Moral2015\" href=\"https:\/\/www.freiburg-schwarzwald.de\/blog\/global\/deutschland\/moral2015\/\">Gleichsetzungen<\/a> und Schlussfolgerungen anstiftet? Oder liegt ein anderer Grund vor f\u00fcr die Unf\u00e4higkeit, Kritik und abweichende Meinungen zur akzeptieren? Wer die Auswirkungen der ungesteuerten Immigration seit Budapest 9\/20195 auf unseren Sozialstaat beschreibt und kritisiert, ist deswegen weder ein Rassist, noch ein Ausl\u00e4nderfeind, noch ein Rechtsextremist, noch ein Populist, noch ein Nazi, noch ein &#8222;Rechter&#8220; (als erfundener \u00dcberbegriff zu all diesen). Solche Gleichsetzungen sind bestenfalls der eigenen Dummheit, zumeist aber der absichtlichen Irref\u00fchrung geschuldet &#8211; will man damit ablenken von den eigenen Fehlleistungen in der Migrationspolitik?<br \/>\n.<br \/>\nAuch der Verweis darauf, dass die <a title=\"Kriminalstatistik\" href=\"https:\/\/www.freiburg-schwarzwald.de\/blog\/selbsthilfe\/krise\/gewalt\/kriminalstatistik\/\">Gewaltkriminalit\u00e4t im \u00f6ffentlichen Raum<\/a> seit der <a title=\"Grenz\u00f6ffnung2015\" href=\"https:\/\/www.freiburg-schwarzwald.de\/blog\/global\/deutschland\/grenzoeffnung2015\/\">Grenz\u00f6ffnung 9\/2015<\/a> zugenommen hat in einem Ausma\u00df, wie sie seit 70 Jahren in <a title=\"Deutschland-Hoffnung\" href=\"https:\/\/www.freiburg-schwarzwald.de\/blog\/global\/deutschland\/deutschland-hoffnung\/\">Deutschland<\/a> fast g\u00e4nzlich unbekannt war, hat nichts mit Rassismus bzw. <a title=\"Generalverdacht\" href=\"https:\/\/www.freiburg-schwarzwald.de\/blog\/generalverdacht\/\">Generalverdacht<\/a> zu tun. Fr\u00fcher brauchte man an Bahnsteigen keine Bef\u00fcrchtungen haben, ins Gleis gesto\u00dfen zu werden &#8211; heute ja. Fr\u00fcher spielten Messer, Schwert und Machete als Mordwerkzeuge keine Rolle &#8211; heute ja. Fr\u00fcher war der Begriff der <a title=\"Gruppenvergewaltigung\" href=\"https:\/\/www.freiburg-schwarzwald.de\/blog\/selbsthilfe\/krise\/sexuellermissbrauch\/gruppenvergewaltigung\/\">Gruppenvergewaltigung<\/a> unbekannt &#8211; heute wird er auf Wikipedia immer wieder neu &#8222;\u00fcberarbeitet&#8220;. Fr\u00fcher gab es keine <a title=\"Zusammenrottung\" href=\"https:\/\/www.freiburg-schwarzwald.de\/blog\/selbsthilfe\/krise\/gewalt\/zusammenrottung\/\">Freibadschlie\u00dfungen<\/a> nachmittags wegen der Zusammenrottung von aufs\u00e4ssigen jungen M\u00e4nnern &#8211; heute ja.<br \/>\nDie Sicherheit im <a title=\"Oeffentlicher-Raum\" href=\"https:\/\/www.freiburg-schwarzwald.de\/blog\/kultur\/oeffentlicher-raum\/\">\u00f6ffentlichen Raum<\/a> hat abgenommen, viele vertraute Orte sind nicht mehr in gewohnter Freiheit und Selbstverst\u00e4ndlichkeit zug\u00e4nglich. Und dies zu benennen bzw. dar\u00fcber zu reden, hat nichts mit Panikmache, Hetze oder Feindlichkeit gegen\u00fcber Migranten, Ausl\u00e4ndern bzw. Fremden zu tun. Sondern damit, da\u00df immer mehr B\u00fcrger sich ihre gewohnte, allt\u00e4gliche Sicherheit und Freiheit wieder herbeiw\u00fcnschen. Und den <a title=\"Buergerkrieg\" href=\"https:\/\/www.freiburg-schwarzwald.de\/blog\/global\/deutschland\/buergerkrieg\/\">inneren Frieden<\/a> im Land schwinden sehen.<br \/>\n.<br \/>\nWer Kritik als vermeintlich sch\u00e4digende <a title=\"Kritik\" href=\"https:\/\/www.freiburg-schwarzwald.de\/blog\/kultur\/medien\/kritik\/\">abweichende Meinung<\/a>\u00a0ignoriert bzw. im &#8222;<a title=\"Kampf-gegen-Rechts\" href=\"https:\/\/www.freiburg-schwarzwald.de\/blog\/kultur\/medien\/kampf-gegen-rechts\/\">Kampf gegen rechts&#8220;<\/a>\u00a0aussondert, handelt im Widerspruch zu unserer <a title=\"Grundgesetz\" href=\"https:\/\/www.freiburg-schwarzwald.de\/blog\/engagement\/zukunft\/demokratie\/grundgesetz\/\">freiheitlichen demokratischen Grundordnung<\/a>. Denn in dieser sind abweichende Meinungen auszuhalten und als Diskussionsgrundlage willkommen. Gerade die 2015 ausgerufene <a title=\"Willkommenskultur\" href=\"https:\/\/www.freiburg-schwarzwald.de\/blog\/global\/integration\/willkommenskultur\/\">Willkommenskultur<\/a> darf abweichende Meinungen nicht beklagen, sondern sie mu\u00df sie willkommen hei\u00dfen als Aufforderung zur Debatte.<br \/>\n7.8.2019<\/p>\n","protected":false},"excerpt":{"rendered":"<p>Demokratie ohne Kritik geht nicht. Die abweichende Meinung mu\u00df in der \u00d6ffentlichkeit frei ge\u00e4u\u00dfert und in den Medien\u00a0frei publiziert werden k\u00f6nnen. Abweichende Meinungen\u00a0von links und rechts, pro und contra, progressiv und konservativ, weise und dumm, innovativ und disruptiv, gut und &hellip; <a href=\"https:\/\/www.freiburg-schwarzwald.de\/blog\/kritik-und-abweichende-meinung\/\">Weiterlesen <span class=\"meta-nav\">&rarr;<\/span><\/a><\/p>\n","protected":false},"author":2,"featured_media":0,"comment_status":"open","ping_status":"closed","sticky":false,"template":"","format":"standard","meta":{"footnotes":""},"categories":[18,210,155,80,157,9,172],"tags":[633,106,682,520,725,720,622,726],"class_list":["post-74316","post","type-post","status-publish","format-standard","hentry","category-bildung","category-gewalt","category-integration","category-medien","category-oeffentlicher-raum","category-soziales","category-zukunft","tag-demokratie","tag-freibad","tag-freiheit","tag-frieden","tag-integration","tag-medien","tag-migration","tag-oeffentlicher-raum"],"_links":{"self":[{"href":"https:\/\/www.freiburg-schwarzwald.de\/blog\/wp-json\/wp\/v2\/posts\/74316","targetHints":{"allow":["GET"]}}],"collection":[{"href":"https:\/\/www.freiburg-schwarzwald.de\/blog\/wp-json\/wp\/v2\/posts"}],"about":[{"href":"https:\/\/www.freiburg-schwarzwald.de\/blog\/wp-json\/wp\/v2\/types\/post"}],"author":[{"embeddable":true,"href":"https:\/\/www.freiburg-schwarzwald.de\/blog\/wp-json\/wp\/v2\/users\/2"}],"replies":[{"embeddable":true,"href":"https:\/\/www.freiburg-schwarzwald.de\/blog\/wp-json\/wp\/v2\/comments?post=74316"}],"version-history":[{"count":0,"href":"https:\/\/www.freiburg-schwarzwald.de\/blog\/wp-json\/wp\/v2\/posts\/74316\/revisions"}],"wp:attachment":[{"href":"https:\/\/www.freiburg-schwarzwald.de\/blog\/wp-json\/wp\/v2\/media?parent=74316"}],"wp:term":[{"taxonomy":"category","embeddable":true,"href":"https:\/\/www.freiburg-schwarzwald.de\/blog\/wp-json\/wp\/v2\/categories?post=74316"},{"taxonomy":"post_tag","embeddable":true,"href":"https:\/\/www.freiburg-schwarzwald.de\/blog\/wp-json\/wp\/v2\/tags?post=74316"}],"curies":[{"name":"wp","href":"https:\/\/api.w.org\/{rel}","templated":true}]}}