{"id":73930,"date":"2019-07-24T11:03:09","date_gmt":"2019-07-24T09:03:09","guid":{"rendered":"https:\/\/www.freiburg-schwarzwald.de\/blog\/?p=73930"},"modified":"2019-08-05T09:41:35","modified_gmt":"2019-08-05T07:41:35","slug":"polizei-im-geordneten-rueckzug","status":"publish","type":"post","link":"https:\/\/www.freiburg-schwarzwald.de\/blog\/polizei-im-geordneten-rueckzug\/","title":{"rendered":"Polizei im geordneten R\u00fcckzug"},"content":{"rendered":"<p>Am 4.7.2019 erkl\u00e4rt der Gemeinderat Saarbr\u00fccken zum &#8222;sicheren Hafen f\u00fcr <a title=\"Fluechtlinge\" href=\"https:\/\/www.freiburg-schwarzwald.de\/blog\/global\/integration\/fluechtlinge\/\">Fl\u00fcchtlinge<\/a>&#8222;, d.h. die Stadt (178.000 Einwohner ) m\u00f6chte \u201eso viele Fl\u00fcchtlinge wie m\u00f6glich aufnehmen\u201c. Gut so. Im 25 km entfernten Saarlouis (37.000 Einwohner) geschieht das genaue Gegenteil: <a title=\"Migration-Zahlen\" href=\"https:\/\/www.freiburg-schwarzwald.de\/blog\/global\/migration\/migration-zahlen\/\">Migranten<\/a> verwandeln die Stadt in einen &#8222;unsicheren Hafen&#8220;: Am 18.7.2019 schreibt Saarlouis&#8216; OB Peter Demmer (SPD) einen &#8222;Brandbrief&#8220; an die Landesregierung: <!--more-->.<br \/>\n.<br \/>\n&#8222;<em>In der angrenzenden Altstadt kam es in den fr\u00fchen Morgenstunden der Festtage immer wieder zu massiven Problemen mit <a title=\"Migration-Maenner\" href=\"https:\/\/www.freiburg-schwarzwald.de\/blog\/global\/migration\/migration-maenner\/\">Jugendbanden<\/a>, die allesamt <a title=\"Migration\" href=\"https:\/\/www.freiburg-schwarzwald.de\/blog\/global\/migration\/\">Migrationshintergrund<\/a> haben. In einem Fall<\/em><br \/>\n<em><strong>musste die Polizei den ,geordneten R\u00fcckzug\u2019 antreten, <\/strong><\/em><br \/>\n<em><strong>da das polizeiliche Gegen\u00fcber derart in der \u00dcberzahl war, <\/strong><\/em><br \/>\n<em><strong>dass die Unversehrtheit der Beamtinnen und Beamten gef\u00e4hrdet war.<\/strong><\/em><br \/>\n<em><strong>Und das, obwohl die eingesetzten Kr\u00e4fte Angeh\u00f6rige der Operativen Einheit (OpE) waren<\/strong><\/em>.&#8220;.<br \/>\n.<br \/>\nIm Klartext: Wenn sich die <a title=\"Polizei\" href=\"https:\/\/www.freiburg-schwarzwald.de\/blog\/selbsthilfe\/soziales\/justiz\/polizei\/\">Polizei<\/a> incl. der im Strassenkampf geschulten OPE gegen\u00fcber <a title=\"Fluechtlinge-Kriminalitaet\" href=\"https:\/\/www.freiburg-schwarzwald.de\/blog\/global\/integration\/fluechtlinge-kriminalitaet\/\">gewaltt\u00e4tigen Migranten<\/a> zur\u00fcckzieht, dann ist sie \u00fcberfl\u00fcssig. Wenn die Exekutive unseres <a title=\"Rechtsstaat\" href=\"https:\/\/www.freiburg-schwarzwald.de\/blog\/selbsthilfe\/soziales\/justiz\/rechtsstaat\/\">Rechtsstaates<\/a> das ihr zustehende <a title=\"Sieferle\" href=\"https:\/\/www.freiburg-schwarzwald.de\/blog\/global\/deutschland\/sieferle\/\">Gewaltmonopol<\/a> nicht mehr aus\u00fcben kann oder will, dann liegt <a title=\"Staatsversagen\" href=\"https:\/\/www.freiburg-schwarzwald.de\/blog\/engagement\/zukunft\/demokratie\/staatsversagen\/\">Staatsversagen<\/a> vor. Die B\u00fcrger haben auf ihr Recht auf Selbstverteidigung verzichtet und dem Staat das Gewaltmonopol \u00fcbertragen, damit dieser ihnen Schutz, Sicherheit und Ordnung zu gew\u00e4hrt. So funktioniert unsere freiheitlich <a title=\"Demokratie\" href=\"https:\/\/www.freiburg-schwarzwald.de\/blog\/engagement\/zukunft\/demokratie\/\">demokratische<\/a> Grundordnung &#8211; oder m\u00fcssen wir nach den vielen, vielen &#8218;Einzelf\u00e4llen&#8216; gewaltt\u00e4tiger Migranten &#8222;funktioniert&#8220; ersetzen durch &#8222;funktionierte&#8220;?<br \/>\n.<\/p>\n<p>Der Oberb\u00fcrgermeister von Saarlouis spricht vom <em><strong>&#8222;geordneten R\u00fcckzug&#8220;<\/strong><\/em> der Polizei vor den jungen Migranten. Wie in <a title=\"Ellwangen: Gewaltmonopol ade\" href=\"https:\/\/www.freiburg-schwarzwald.de\/blog\/ellwangen-gewaltmonopol-ade\/\">Ellwangen<\/a> k\u00fcrzlich. D\u00fcrfen beim B\u00fcrger da keine <a title=\"Angst\" href=\"https:\/\/www.freiburg-schwarzwald.de\/blog\/engagement\/zukunft\/angst\/\">Angstgef\u00fchle<\/a> aufkommen, wo man die folgenden Zahlen doch kennt?<br \/>\nVon den seit <a title=\"Grenz\u00f6ffnung2015\" href=\"https:\/\/www.freiburg-schwarzwald.de\/blog\/global\/deutschland\/grenzoeffnung2015\/\">Budapest 9\/2015<\/a> ins Land gekommenen Migranten sind 80% alleinstehende junge M\u00e4nner, also mindestens 2 Mio. Diese Zahl vergr\u00f6\u00dfert sich tagt\u00e4glich aufgrund der offenen Grenzen um 500 oder mehr.<br \/>\nVon den 180.000 Bundeswehrangeh\u00f6rigen sind nur ein Bruchteil kampferprobte Soldaten.<br \/>\nDie Forderung nach mehr Polizei bzw. mehr Soldaten ist &#8211; da diese nicht zu haben sind (bzw. allenfalls nach 3-j\u00e4hriger Ausbildung) &#8211; weder aufrichtig noch realisierbar. Deshalb mu\u00df die Forderung nicht lauten &#8218;mehr Polizisten&#8216;, sondern &#8218;weniger Migranten&#8216;: Ausweisung aller illegaler Migranten, Kontrolle der Grenzen, \u00c4nderung der Asylgesetzgebung EU-einheitlich.<br \/>\n24.7.2019<br \/>\n.<\/p>\n<p><strong>Entsetzen \u00fcber Gewalt nach Stadtfest &#8211; Polizei zog sich teilweise hilflos zur\u00fcck<\/strong><br \/>\nBeispiellose Aggression nach dem Stadtfest \u201eEmmes\u201c, Probleme im Freibad: Der OB von Saarlouis schl\u00e4gt Alarm. Nach der \u201eEmmes\u201c trieben Jugendbanden ihr Unwesen, die Polizei war teilweise hilflos und zog sich zur\u00fcck. Von Johannes Werres<br \/>\nMit gro\u00dfer Sorge hat der Oberb\u00fcrgermeister von Saarlouis, Peter Demmer, mehr Polizei f\u00fcr das Saarland gefordert, \u201edamit wir auch noch in Jahren Herr der Lage in unseren St\u00e4dten und Gemeinden sind\u201c. Nur ein \u201eMehr an Beamten auf der Stra\u00dfe bringt ein Mehr an Sicherheit\u201c und die Gew\u00e4hr, Herr der Lage zu bleiben, schreibt Demmer in einem Brief an Innenminister Klaus Bouillon. Bouillon solle \u201eschnell und unb\u00fcrokratisch\u201c zus\u00e4tzliche Stellen in der Vollzugspolizei schaffen.<br \/>\nDemmer schrieb diesen Brief unter dem Eindruck von Erfahrungen nach der j\u00fcngsten Emmes (diese endete Anfang Juni) und an einem der hei\u00dfen Wochenenden im Freibad Steinrausch. Demmer in dem Schreiben:<br \/>\n\u201eSchmerzliche Erfahrungen mussten wir an unserem gr\u00f6\u00dften Fest, der Emmes, in diesem Jahr machen. In der angrenzenden Altstadt kam es in den fr\u00fchen Morgenstunden der Festtage immer wieder zu massiven Problemen mit Jugendbanden, die allesamt Migrationshintergrund haben. In einem Fall musste die Polizei den ,geordneten R\u00fcckzug\u2019 antreten, da das polizeiliche Gegen\u00fcber derart in der \u00dcberzahl war, dass die Unversehrtheit der Beamtinnen und Beamten gef\u00e4hrdet war. Und das, obwohl die eingesetzten Kr\u00e4fte Angeh\u00f6rige der Operativen Einheit (OpE) waren. Was dies auf die B\u00fcrgerinnen und B\u00fcrger, die das Ganze mitbekommen haben, f\u00fcr einen Eindruck macht, braucht nicht extra erw\u00e4hnt zu werden.\u201c<br \/>\nDemmer kann diese Eindr\u00fccke einordnen, er war selbst 39 Jahre bei der Polizei. \u201eWenn dann noch ehemalige Kolleginnen und Kollegen die Gew\u00e4hrleistung der Sicherheit in der Stadt in Frage stellen, gehen bei mir alle Alarmglocken an.\u201c Viele Beschwerden \u201eaus den Reihen der Gewerbetreibenden in der Stadt hinsichtlich dieser Jugendbanden\u201c, schreibt er an den Innenminister, \u201eeine gef\u00fchlte Zunahme von schweren Straftaten im Bereich Zentraler Busbahnhof und Hauptbahnhof, runden das negative Bild ab. Von den Problemen, die wir hier im Kreis bei Sommerwetter in unseren Freib\u00e4dern mit franz\u00f6sischen Jugendlichen haben, will ich erst gar nicht berichten. Dies konnte man vor 14 Tagen in der Zeitung ausf\u00fchrlich verfolgen. Auch hier sind kostenintensive Ma\u00dfnahmen erforderlich.\u201c<br \/>\nDie Gew\u00e4hrleistung der Sicherheit sei vorrangige Aufgabe des Staates und im Grundgesetz festgeschrieben, unterstreicht Demmer. \u201eBei allem Verst\u00e4ndnis zu den Sparbem\u00fchungen des Landes kann ich den Stabilit\u00e4tsrat nicht anrufen, wenn ich einen Einbrecher im Hause habe, dann brauche ich eine gut aufgestellte Polizei vor Ort.\u201c<br \/>\n&#8230; alles vom 18.7.2019 bitte lesen auf<br \/>\n<a href=\"https:\/\/www.pfaelzischer-merkur.de\/region\/saarlous-ob-demmer-fordert-dringend-mehr-ordnungshueter_aid-44185471\">https:\/\/www.pfaelzischer-merkur.de\/region\/saarlous-ob-demmer-fordert-dringend-mehr-ordnungshueter_aid-44185471<\/a><\/p>\n<p>Einige Kommentare:\u00a0.<br \/>\n<strong>Unglaublich, dass sich die Polizei vor gewaltt\u00e4tigen Migranten zur\u00fcckzieht<\/strong><br \/>\nund damit die Sicherheit der Bev\u00f6lkerung und Festbesucher aufs Spiel setzt. Das ist ja kein Einzelfall, sondern absolutes Staatsversagen. Wenn nicht endlich konsequent entgegen gesteuert wird, ist dies nur ein Vorgeschmack.<br \/>\n18.7.2019, FO<br \/>\n.<br \/>\n<strong>&#8222;Nicht einmal Spezialeinheiten der Polizei sind der Lage gewachsen.&#8220;<\/strong><br \/>\nIst doch klar. Das sind alles K\u00e4mpfer. F\u00fcr mich ist nicht einer von denen ein Fl\u00fcchtling, sondern ein K\u00e4mpfer einer Armee. Wir haben uns den Feind direkt ins Land geholt. Wenn die sich richtig organisiert haben, ist hier Schluss mit lustig.<br \/>\n18.7.2019, CW<br \/>\n.<br \/>\n<strong>180.000 schlecht ausger\u00fcstete Soldaten der Bundeswehr<\/strong><br \/>\n&#8230; davon sind aber nur ein minimaler Bruchteil echte Kampfeinheiten\u2026 der Rest ist nur Versorgung und andere wehrunf\u00e4hige Einheiten. Die Durchhaltef\u00e4higkeit der Bundeswehr ist nur (f\u00fcr einen schwachen Gegner) f\u00fcr wenige Tage gew\u00e4hrleistet. Dann w\u00fcrde der Nachschub einbrechen. Also wenn Merkels Mio. illegale Asylanten aus dem Ausland, in allen deutschen St\u00e4dten gleichzeitig Terror verbreiten, k\u00f6nnten die Sicherheitsbeh\u00f6rden nichts ausrichten.. Einen effektiven Grenzschutz gibt es auch nicht\u2026<br \/>\nMachen wir uns nichts vor.. Wir sind dem Terror und der Gewalt dieser Mio. illegalen Asylanten schon l\u00e4ngst schutzlos und wehrlos ausgeliefert. Diese Politik hat es m\u00f6glich gemacht.<br \/>\n18.7.2019, DP<br \/>\n&#8222;Halten wir fest: Selbst Sondereinheiten der Polizei, die f\u00fcr speziell f\u00fcr solche Lagen geschaffen wurden und f\u00fcr den Stra\u00dfenkampf sowohl ausgebildet, als auch entsprechend ausger\u00fcstet sind, mussten vor der zahlenm\u00e4\u00dfigen \u00dcberlegenheit und Brutalit\u00e4t des polizeilichen Gegen\u00fcbers die Flucht ergreifen, pardon, den \u201egeordneten R\u00fcckzug antreten&#8220;&#8220;.<br \/>\nAuf vielen Demos, bei denen ich in letzter Zeit war, sah ich unglaublich viele junge 50-kg-M\u00e4dchen. Nix auf den Rippen au\u00dfer voller Polizeimonteur.<br \/>\n18.7.2019, FI<br \/>\n.<br \/>\n<strong>&#8222;Die Zust\u00e4nde sind so gravierend<\/strong>,<br \/>\ndass der SPD Oberb\u00fcrgermeister einen Brandbrief an den Innenminister des Saarlandes, Klaus Bouillon (CDU), schrieb und eine schnelle und unb\u00fcrokratische Aufstockung der Polizei forderte&#8220;<br \/>\nEine v\u00f6llig verkehrte Forderung des B\u00fcrgermeisters, da die B\u00fcrger und Steuerzahler dieses Landes schon genug ausgebeutet werden, &#8230; Der B\u00fcrgermeister h\u00e4tte an seinen Innenminister schreiben m\u00fcssen:<br \/>\n\u201eNehmt all die Migranten in Euren Privatwohnungen auf und versorgt sie auch mit Eurem Geld&#8230;.\u201c<br \/>\n18.7.2019, PA,<\/p>\n<p>SPD-OB Demmer ist ein ebensolcher Wirklichkeitsverschwurbeler und Nichtwahrheitssager wie alle anderen Mandatstr\u00e4ger vom Ortsvorsteher bis hin zu unserem BuPr\u00e4 auch. Von \u201eFranzosen\u201c und \u201eMigrationshintergrund\u201c zu sprechen ist eine Unverfrorenheit sondergleichen. Eine riesige Nebelkerze. Immer und \u00fcberall in ganz Deutschland, wo es zu \u00dcbergriffen auf wei\u00dfe, christliche Inl\u00e4nder kommt \u2013 und diese Taten sind massiv, allt\u00e4glich und allgegenw\u00e4rtig, so dass es jeden von uns jederzeit an jedem Ort treffen kann \u2013 greift dasselbe Muster: Muslime, egal, ob hier geboren oder nicht, und egal, ob vom Hindukusch oder aus Nigeria, attackieren Menschen \u201eminderwertigen\u201c Glaubens. Diese Spinner haben alle einen Koranchip im Kopf, der bisher noch nicht gefunden wurde. Und die L\u00f6sung sollen mehr Polizisten sein?! Welch ein Irrsinn! Wir brauchen in den n\u00e4chsten 10 Jahren ein mohammedanisches Netto-Migrationsminus von mindestens zwei Millionen Menschen, sonst wird es rapide den Bach runtergehen.<br \/>\nWurde bisher mal von \u00e4hnlichen Taten durch Peruaner, Schweden, Japaner oder Vietnamesen berichtet? Man stelle sich vor, die deutsche Bev\u00f6lkerungsmehrheit w\u00e4re gegen\u00fcber ihren \u201eG\u00e4sten\u201c \u00e4hnlich kriminell und \u00fcbergriffig wie die Mohammedaner gegen\u00fcber den Deutschen. Da w\u00fcrde die UNO Sanktionen gegen Deutschland verh\u00e4ngen!!<br \/>\nWenn ich mir anschaue, dass sich meine Heimatstadt Saarbr\u00fccken zum &#8222;sicheren Hafen f\u00fcr Fl\u00fcchtlinge&#8220; erkl\u00e4rte, k\u00f6nnte ich ehrlich &#8230;. Diese Stadt wird nie wieder auf die Beine kommen.<br \/>\n18.7.2019, SA<br \/>\n.<br \/>\n<strong>Mehr Rechte f\u00fcr die Polizei<\/strong><br \/>\nSehr unpopul\u00e4re Meinung die jetzt kommt aber: Wir m\u00fcssen \u00dcberlegen der Polizei mehr Rechte zu geben wenn sich Personengruppen gegen die Anordnung der Polizei stellen. Ich wei\u00df das das ein zweischneidiges Blatt ist, insbesondere da man immer davon ausgehen muss das mehr Rechte f\u00fcr die Polizei auch gegen \u201erechts\u201c genutzt werden kann, aber wenn die Polizei mal etwas mehr Gewalt anwenden d\u00fcrfte, mit finaler Konsequenz auch Schusswaffengebrauch, dann k\u00f6nnten die sich eventuell wieder Respekt vor den Migranten\/Fl\u00fcchtlingen\/Asylanten verschaffen.<br \/>\n18.7.2019, ER,<br \/>\n.<br \/>\nAch neeee schon wieder ein Hilferuf. Ist doch alles schon bekannt und die Forderung der Politiker nach noch mehr Fl\u00fcchtlingen ist auch bekannt. Allerdings ist ein Gedanke ganz am Schluss des Textes sehr interessant und der k\u00f6nnte dazu f\u00fchren, dass so einige ( selbst die rechenschwachen Politiker ) ins Gr\u00fcbeln kommen. Dieser Gedanke k\u00f6nnte auch dazu f\u00fchren, dass ein Satz von CO2-Greta ganz effektive Bedeutung bekommt\u2026 \u201eI want you to PANIC!!!\u201c<br \/>\nZitat aus dem Text: \u201eVielleicht sollten sich die Verantwortlichen folgender Tatsache bewusst werden: Die Bundeswehr hat nur etwas \u00fcber 180.000 schlecht ausger\u00fcstete Soldaten. Sollte der schlimmste Fall eintreten, sieht das Zahlenverh\u00e4ltnis gar nicht gut f\u00fcr uns aus. Und es wird mit jedem Jahr schlechter.\u201c<br \/>\nMal ein wenig wirken lassen, dann wird das ganze Ausmass der Katastrophe deutlich, ich bef\u00fcrchte da kann schon etwas Panik aufkommen.<br \/>\n18.7.2019, AN<br \/>\n.<br \/>\n<strong>Gewaltmonopol durch Zuwanderer ausgehebelt<\/strong><br \/>\nZitat: \u201e\u2026Wie das Beispiel Saarlouis zeigt, wurde das Gewaltmonopol des Staates in manchen Gegenden unseres Landes durch die Zuwanderer bereits ausgehebelt: Dort kann die Polizei die B\u00fcrger nicht mehr sch\u00fctzen\u2026.\u201c<br \/>\n\u2026und das ist genauso gewollt und geplant von unserer verbrecherischen Regierung in Berlin. Nichts von all dem passiert \u201enur so\u201c, \u201erein zuf\u00e4llig\u201c. Das ist alles von langer Hand genau so geplant und wird so langsam blutige Realit\u00e4t. Wenn sich eine Mehrheit des dummen Schafsvolkes der Deutschen dar\u00fcber im Klaren w\u00e4re, h\u00e4tte es schon lange eine Revolte gegen die Tyrannei des Merkel-Regimes gegeben und die Verantwortlichen h\u00e4tten bekommen, was sie mehr als verdienen \u2026 Die \u201eSchutzsuchenden\u201c, was f\u00fcr ein grotesk irref\u00fchrender Propagandabegriff, sind nur die Waffe mit der man den V\u00f6lkern Europas und ganz besonders den Deutschen den Garaus machen will. Das ist offenkundig und keine \u201eVerschw\u00f6rungstheorie\u201c. Man muss nur sehenden Auges durch dieses Land gehen, um das zu erkennen.<br \/>\n18.7.2019, MM,<\/p>\n<p>Demmer (angeblich): &#8222;In einem Fall musste die Polizei den ,geordneten R\u00fcckzug\u2019 antreten, da das polizeiliche Gegen\u00fcber derart in der \u00dcberzahl war, dass die Unversehrtheit der Beamtinnen und Beamten gef\u00e4hrdet war. Und das, obwohl die eingesetzten Kr\u00e4fte Angeh\u00f6rige der Operativen Einheit (OpE) waren. &#8230;&#8220;<br \/>\nMUSSTEN? Wer hat das angeordnet? Tragen solche Kr\u00e4fte keine Schusswaffe? Wenn doch, funktionierten die alle nicht? Durften die Schusswaffen nicht benutzt werden? Wer hat das angeordnet?<br \/>\nUND WARUM? Damit wir Deutsche uns noch unsicherer f\u00fchlen, etwa? Macht doch sonst keinen Sinn.<br \/>\nIch will auch nicht noch mehr Polizei, um Ausl\u00e4nder b\u00e4ndigen zu k\u00f6nnen. F\u00fcr uns angestammte Menschen reicht die Polizei, wie sie ist. .. Raus mit illegal hier angesiedelten Einwanderern. Nicht erst seit 2015. Dar\u00fcber muss diskutiert werden.<\/p>\n<p><strong>Polizei hilflos gegen Migranten wie auch Linksradikale<\/strong><br \/>\nDie selbe Hilfslosigkeit zeigt sich auch gegen\u00fcber den Linksradikalen. Im Brennpunkt Rigaer Stra\u00dfe in Berlin werden die Polizeikr\u00e4fte auch regelm\u00e4\u00dfig von den Chaoten angegriffen. Da fliegen nicht nur B\u00f6ller, sondern auch Steine und Flaschen. An eine R\u00e4umung und erst recht nicht konsequente Bestrafung der T\u00e4ter denken die Politiker nicht. Sie wollen mit den Besetzern \u201everhandeln\u201c. Mit Chaoten kann man nicht verhandeln. Teile des Berliner Senats unterst\u00fctzen nicht die Polizei, sondern diese kriminellen Typen. Rot-rot-gr\u00fcn f\u00fchlt sich eben nicht den B\u00fcrgern gegen\u00fcber verantwortlich.<br \/>\n18.7.2019, BB. M.<br \/>\n.<br \/>\n<strong>Saarloius: Preis f\u00fcr Vielfalt<\/strong><br \/>\n<a href=\"https:\/\/www.kreis-saarlouis.de\/81\/Aktuelles\/Preisverleihung-Preis-der-Vielfalt.html\">https:\/\/www.kreis-saarlouis.de\/81\/Aktuelles\/Preisverleihung-Preis-der-Vielfalt.html<\/a><br \/>\nPeter Demmer, Oberb\u00fcrgermeister der Kreis- und Europastadt Saarlouis, zu den Preistr\u00e4gern: &#8222;Sie haben dazu beigetragen, dass Vielfalt nicht als Bedrohung angesehen wird, sondern als Chance unterschiedliche Nationalit\u00e4ten und Kulturen kennenzulernen und voneinander zu profitieren. Yoko Ono, Ehefrau von John Lennon, sagte einmal: Ein Traum, den man alleine tr\u00e4umt ist, nur ein Traum. Ein Traum, den man zusammen tr\u00e4umt, wird Wirklichkeit. In diesem Sinne: Lassen Sie uns gemeinsam tr\u00e4umen und unsere Gemeinschaft leben.&#8220;<br \/>\nAbgedroschen, aber immer wieder zutreffend: geliefert wie bestellt!<br \/>\n23.7.2019, SO<br \/>\nSaarloius: Preis f\u00fcr Vielfalt .<br \/>\n<a href=\"https:\/\/www.kreis-saarlouis.de\/81\/Aktuelles\/Preisverleihung-Preis-der-Vielfalt.html\">https:\/\/www.kreis-saarlouis.de\/81\/Aktuelles\/Preisverleihung-Preis-der-Vielfalt.html<\/a><\/p>\n<p>&#8222;Es kann davon ausgegangen werden, dass seit 2015 ann\u00e4hernd 2 Millionen Zuwanderer ins Land gekommen sind.&#8220;<br \/>\nNein, davon kann mit Sicherheit nicht ausgegangen werden. Wenn man die Kapazit\u00e4ten nach dem \u201eK\u00f6nigsteiner Schl\u00fcssel\u201c zugrunde legt, die Familienzusammenf\u00fchrungen, die \u201erelocation\u201c und das \u201eresettlement\u201c aus \u201ehumanit\u00e4rer Verpflichtung\u201c, das die CDU in ihrem Wahlprogramm in einem Halbsatz ganz hinten im Wahlprogramm versteckt hat, sprich also die Nachtfl\u00fcge, die Kontingentfl\u00fcchtlinge, und die, die g\u00e4nzlich unbekannt hier sind, dann liegt die Quote doch eher bei 8-10 Millionen. Das entspricht auch der Wahrnehmung im \u00f6ffentlichen Raum.<br \/>\n23.7.2019, MAT<br \/>\n.<br \/>\nBisher gab es viele gr\u00fcnrote Vorschl\u00e4ge von unseren Politikern, um die Probleme zu l\u00f6sen:<br \/>\n\u2022 Fl\u00f6te spielen gegen Rechts<br \/>\n\u2022 Stuhlgang gegen Rechts<br \/>\n\u2022 Eine Arml\u00e4nge Abstand<br \/>\nRadau gegen rechte Argumente<br \/>\n\u2022 Kirchenglocken gegen Rechts<br \/>\n\u2022 Licht ausschalten gegen Rechts<br \/>\n\u2022 Verteidigungsgraben rund um Parlament (und Rath\u00e4user) gegen Rechts<br \/>\n\u2022 Mehr Nafris ansiedeln zur Reduktion von Vergewaltigung, gegen Kriminalit\u00e4t und gegen rechten Populismus<br \/>\n\u2022 \u201eAlle rein\u201c gegen Wohnungsnot<br \/>\n\u2022 Noch bunter gegen Rechts<br \/>\nAber wenn ich mir die Aussagen von obigen OB anschaue, haben diese Methoden anscheinend nicht geholfen \u2026 Wie kommt das blo\u00df?<br \/>\n23.7.2019, T.A.<br \/>\n.<br \/>\nDeutschland: Spitzenreiter bei illegaler Einwanderung | Dr. Gottfried Curio<br \/>\n<a href=\"https:\/\/www.youtube.com\/watch?v=IQa7VGVdm0E\">https:\/\/www.youtube.com\/watch?v=IQa7VGVdm0E<\/a><\/p>\n<p><strong>\u201eSicherer Hafen\u201c: Saarbr\u00fccken will so viele Fl\u00fcchtlinge wie m\u00f6glich aufnehmen<\/strong><br \/>\nSaar\u00adbr\u00fc\u00adcken: Die saar\u00adl\u00e4n\u00addi\u00adsche Lan\u00addes\u00adhaupt\u00adstadt soll ein \u201esi\u00adche\u00adrer Hafen f\u00fcr Fl\u00fccht\u00adlin\u00adge\u201c wer\u00adden. Das hat am Mitt\u00adwoch\u00adabend der Stadt\u00adrat mehr\u00adheit\u00adlich be\u00adschlos\u00adsen. Mit der Selbst\u00ader\u00adnen\u00adnung zum \u201esi\u00adche\u00adren Hafen\u201c will die Stadt all ihre M\u00f6g\u00adlich\u00adkei\u00adten nut\u00adzen, um in Not ge\u00adra\u00adte\u00adnen Men\u00adschen zu hel\u00adfen und sie in Saar\u00adbr\u00fc\u00adcken auf\u00adzu\u00adneh\u00admen.<br \/>\n&#8230; Alles vom 4.7.2019 bitte lesen auf<br \/>\n<a href=\"https:\/\/breaking-news-saarland.de\/sicherer-hafen-saarbruecken-will-so-viele-fluechtlinge-wie-moeglich-aufnehmen\/\">https:\/\/breaking-news-saarland.de\/sicherer-hafen-saarbruecken-will-so-viele-fluechtlinge-wie-moeglich-aufnehmen\/<\/a><\/p>\n<p><strong>Dagehen bei mir alle Alarmglocken an<\/strong><br \/>\nSaarlouis Die Polizei ausged\u00fcnnt und gleichzeitig massive Aggression bei Festen und in B\u00e4dern: Die Lage darf nicht entgleiten, warnt der OB von Saarlouis, Peter Demmer, in einem Brief an Innenminister Klaus Bouillon.<br \/>\n&#8230; Alles vom 18.7.2019 bitte lesen auf<br \/>\n<strong>https:\/\/www.saarbruecker-zeitung.de\/saarland\/saarlouis\/saarlouis\/ob-demmer-von-saarlouis-fordert-dringend-mehr-polizei_aid-44142967<\/strong><br \/>\n.<br \/>\n<strong>Saarl\u00e4ndischer B\u00fcrgermeister schl\u00e4gt Alarm: Polizei hilflos gegen aggressive Migranten<\/strong><br \/>\nEin Land kapituliert. Erst in den Gro\u00dfst\u00e4dten, dann an der Peripherie. Eine kleine Stadt im Saarland ruft um Hilfe, die B\u00fcrger k\u00f6nnen nicht mehr gesch\u00fctzt werden. No-Go-Areas in der Provinz, die Spezialeinheiten der Polizei kapitulieren vor gewaltbereiten &#8222;Jugendbanden mit Migrationshintergrund&#8220;. &#8230;.<br \/>\nEin Land kapituliert. Erst in den Herzen der Gro\u00dfst\u00e4dte, dann an der Peripherie. Dort ist das Chaos jetzt also angekommen. Ein kleines ehemals recht behagliches St\u00e4dtchen, das eigentlich um Touristen werben sollte, ruft \u00fcber ihren B\u00fcrgermeister um Hilfe, weil die B\u00fcrger nicht mehr gesch\u00fctzt werden k\u00f6nnen. No-Go-Areas in der Provinz und die zur Hilfe gerufenen Spezialeinheiten der Polizei ziehen sich zur\u00fcck, kapitulieren vor dem Migrantenmob .<br \/>\n&#8230; Alles vom 22.7.2019 bitte lesen auf<br \/>\n<strong>https:\/\/www.tichyseinblick.de\/daili-es-sentials\/saarlouis-saarlaendischer-buergermeister-schlaegt-alarm-polizei-hilflos-gegen-aggressive-migranten\/<\/strong><\/p>\n<p>Einige Kommantare dazu:<br \/>\n<strong>Mehr Polizei ist nur die halbe L\u00f6sung. Sie muss erg\u00e4nzt werden durch Grenzschlie\u00dfung f\u00fcr Migranten<\/strong>, Aufnahmestopp und massenhafte R\u00fcckf\u00fchrung der Leute, die weder asylberechtigt noch sonst aufenthaltsberechtigt sind. Der Tatbestand Duldung muss sofort abgeschafft werden. Kirchenasyl hart bestraft werden, genauso wie Abschiebebehinderung. NGOs, die sich mit dem Import von Migranten besch\u00e4ftigen, m\u00fcssen verboten werden. Private \u201eSeenot\u201crettung durch Gesetze reguliert und unterbunden werden, bis hin zu harter Bestrafung bei Zuwiderhandlung! Es helfen nur noch harte Ma\u00dfnahmen, die, das liegt in der Natur der Sache, viel h\u00e4sslichere Bilder im Herzen unseres Landes verursachen werden, als es die Verhinderung der Grenz\u00fcbertritte damals in 2015 je produziert h\u00e4tte.<br \/>\n23.7.2019, G.M., TO<br \/>\n.<br \/>\n<strong>Bev\u00f6lkerung und Juristen lassen die Polizei im Stich<\/strong><br \/>\nWelchen Sinn soll denn der Ruf nach mehr Polizisten haben? Damit noch mehr Polizisten unentschlossen und z\u00f6gerlich zuschauen und sich einfach nicht trauen, auch nur halbwegs konsequent und, wenn n\u00f6tig, auch h\u00e4rter vorzugehen, weil sie f\u00fcrchten (m\u00fcssen), ihre Existenz aufs Spiel zu setzen? Denn es sind ja nicht nur die respektlosen Krawallmacher, die die Rassismuskeule sofort schwingen, wenn man ihre kriminellen Machenschaften auch nur kritisiert, geschweige denn, bek\u00e4mpft. Die Politik und der \u00fcberwiegende Teil der Bev\u00f6lkerung, lassen die Polizei in ihrer (durch t\u00e4gliche Massenmedien-Gehirnw\u00e4sche konditionierten) Verbl\u00f6dung \u2013 die man inzwischen auch nicht mehr als Naivit\u00e4t verkl\u00e4ren darf \u2013 doch im Stich. Noch schlimmer aber ist, dass ein Gro\u00dfteil der Juristen, wie \u2013 u. a. bei TE schon vielfach berichtet \u2013 oft unglaublich nachsichtige Urteile gegen T\u00e4ter f\u00e4llt \u2013 falls Verfahren \u00fcberhaupt er\u00f6ffnet werden. Dass dabei Respekt vor dem Staat, oder auch nur Angst vor Konsequenzen, auf der Stecke bleiben ist doch logisch. Es kommt nicht auf Quantit\u00e4t sondern Qualit\u00e4t an. Diese m\u00fc\u00dfte aber auch Unterst\u00fctzung finden.<br \/>\n22.7.2019, MAI, TO<br \/>\n.<br \/>\n<strong>Das eigentliche Problem ist\u2026. das Asylrecht<\/strong><br \/>\nWenn man diese mit dem Strafrecht \u201ekoppeln\u201c w\u00fcrde\u2026.sprich: Wer straff\u00e4llig wird, verliert sein Recht auf Asyl\u2026.w\u00e4re das alles halb so schlimm\u2026abgesehen nat\u00fcrlich mit den ungel\u00f6sten Problemen der R\u00fcckf\u00fchrung usw.<br \/>\nAber daran will keiner r\u00fctteln\u2026.wir laufen alle in Europa\u2026sehenden Auges in den Abgrund\u2026.bei mir braucht sich in 20 Jahren keiner zu beschweren\u2026.jeder wusste was passieren w\u00fcrde. Aber \u00e4hnlich wie bei der CO2 Steuer\u2026.wenn die richtigen Leute die richtigen Kn\u00f6pfe dr\u00fccken\u2026.jubelt der Deutsche Michel\u2026sogar bei Steuererh\u00f6hungen.<br \/>\n22.7.2019, FA, TO<br \/>\n.<br \/>\n<strong>&#8230; terrorisieren ist in D m\u00f6glich<\/strong><br \/>\n\u201eLa Purga\u201c an der (noch) ethnischen Mehrheit in deutschen St\u00e4dten d\u00fcrfte nur noch eine Frage der Zeit sein. Erste \u201ekleinen Gruppen randalierender Jugendlicher\u201c haben den Rechtsstaat herausgefordert, erfolgreich getestet und festgestellt, dass sie die Bev\u00f6lkerung ungehindert terrorisieren k\u00f6nnen. In der Folge schlie\u00dfen sich immer mehr Gruppen zusammen. Bei j\u00e4hrlich mindestens 200.000 neuen Zuwanderern und einer bereits jetzt v\u00f6llig unterbesetzten und \u00fcberforderten Polizei ist zu erwarten, dass unsere Soldaten sehr bald statt in Mali und Afghanistan in unseren St\u00e4dten eingesetzt werden m\u00fcssen. Leider zieht auch der B\u00fcrgermeister die falschen Schl\u00fcsse und benennt nicht den eigentlich ersten folgerichtigen Schritt.<br \/>\n22.7.2019, MAL, TO<br \/>\n.<br \/>\n<strong>Kleine Zusatzinformation<\/strong><br \/>\nDer Saarlouiser Landrat Patrik Lauer (SPD), gerade erst wiedergew\u00e4hlt, hat 2013, kurz nachdem er erstmals dieses Amt \u00fcbernommen hatte, den Jungen Falken, einer Untergruppe der Antifa gestattet, sich in den R\u00e4umen des Landratsamtes neu zu konstituieren. <a href=\"https:\/\/www.wir-falken.de\/aktuelles\/meldungen\/6673954.html\">https:\/\/www.wir-falken.de\/aktuelles\/meldungen\/6673954.html<\/a><br \/>\n&#8230;<br \/>\nWas nicht ist, kann wieder werden. In der heutigen Zeit ist nichts mehr unm\u00f6glich. Ich und viele andere mit mir sind seit ein paar Jahren ja auch ganz pl\u00f6tzlich zum \u201eNazi\u201c geworden.<br \/>\n<a href=\"https:\/\/www.wir-falken.de\/aktuelles\/meldungen\/5584002.html\">https:\/\/www.wir-falken.de\/aktuelles\/meldungen\/5584002.html<\/a><br \/>\n22.7.2019, DO, TO<br \/>\n.<br \/>\n.<br \/>\n<strong>Immer mehr kriminelle Migranten: Polizei stellt sich hinter Saarlouis B\u00fcrgermeister<\/strong><br \/>\n&#8222;Polizei kaum mehr handlungsf\u00e4hig, Politik bringt keinen zus\u00e4tzlichen Beamten auf die Stra\u00dfe&#8220;. Harte Kritik der Polizeigewerkschaft (Davod Maa\u00df) an der Saar-Regierung.<br \/>\nDen \u00fcberregionalen deutschen Medien war der aufw\u00fchlende Brief des Oberb\u00fcrgermeisters Tage lang keine Zeile wert, &#8230;.<br \/>\nMaa\u00df fordert jetzt alle anderen B\u00fcrgermeister auf, sich \u00f6ffentlich zu erkl\u00e4ren, wie schon zuvor der Oberb\u00fcrgermeister von Saarlouis. Die sollen jetzt Zeugnis dar\u00fcber ablegen, inwieweit \u201ePolizei auch in deren Kommunen wirklich noch in der Lage ist, die innere Sicherheit in vollem Umfang zu gew\u00e4hrleisten\u201c. Und David Maa\u00df legt noch eine Schippe drauf, wenn er gespannt darauf sei, \u201ewem das Parteibuch wichtiger ist, als die Verantwortung gegen\u00fcber der Polizei und der Bev\u00f6lkerung\u201c.<br \/>\n&#8230; Alles vom 23.7.2019 bitte lesen auf<br \/>\n<a href=\"https:\/\/www.tichyseinblick.de\/kolumnen\/alexander-wallasch-heute\/immer-mehr-kriminelle-migranten-polizei-stellt-sich-hinter-saarlouis-buergermeister\/\">https:\/\/www.tichyseinblick.de\/kolumnen\/alexander-wallasch-heute\/immer-mehr-kriminelle-migranten-polizei-stellt-sich-hinter-saarlouis-buergermeister\/<\/a><\/p>\n<p>Kommentare:<br \/>\n<strong>Ein paar mehr Polizisten w\u00e4ren eher Symbolpolitik<\/strong><br \/>\nVon der Polizei und der Justiz (und \u00fcbergeordnet: Politik und Gesetzen) ist im heutigen Deutschland keine Hilfe zu erwarten (wegen \u201eunserer\u201c Vergangenheit; unsere Gegenwart und Zukunft interessiert dagegen kaum einen). Da m\u00fc\u00dften schon grundlegende Dinge ge\u00e4ndert werden. Ein paar mehr Polizisten w\u00e4ren eher Symbolpolitik; in der Praxis w\u00e4ren dann eben ein paar mehr vermeintliche Helfer hilflos. \u00c4hnliches gilt f\u00fcr die \u00dcberlastung der Justiz. Schnellere Kuschelurteile helfen uns (Einheimischen) auch nicht weiter.<br \/>\n23.7.2019, MMN, TO<br \/>\n.<br \/>\n<strong>Wir, die Eltern der \u201eHeutigen\u201c<\/strong>,<br \/>\nhaben den 196868 angek\u00fcndigten und nun l\u00e4ngst vollendeten \u201eMarsch durch die Institutionen\u201c, haben \u201eSummerhill\u201c, all die \u201eSchulreformen\u201c, all die anderen kleinen \u201eZeichen\u201c, all den \u201enaiven Bl\u00f6dsinn\u201c, all die vielen \u201eSalamischeibchen\u201c der letzten 50 Jahre die \u2013 quasi undercover \u2013 abgeschnibbelt wurden H\u00d6CHST TOLERANT nicht ernst genommen! Bis \u2013 sp\u00e4testens \u2013 zum garnicht guten (vorl\u00e4ufigen) Schluss vor 14 Jahren eine in der DDR sozialisierte und in Marxismus-Leninismus ausgebildete Physikerin die Zeichen der Zeit in ihrem Sinne die \u201eKrone\u201c aufsetzte und den \u201eTrend\u201c erfolgreich ritt! Wenn man die immer weiter erh\u00f6hten Schlagzalen der Medien anschaut, kann man langsam nur noch auf eine Wunder hoffen. Auf das Wunder, dass \u201eschockartig wirkende Ereignisse von aussen\u201c im letzten Moment noch ein Wunder bewirken.<br \/>\n23.7.019, HOR, TO<br \/>\n.<br \/>\n<strong>&#8230;. immerhin: Polizei stellt Kn\u00f6llchen aus<\/strong><br \/>\nHatte j\u00fcngst ein Gespr\u00e4ch mit einer jungen Wissenschaftlerin aus einem Latein- amerikanischen Staat , jetzt mit einem Deutschen verheiratet. Auf meine Frage , was ihr an D.-and gefalle , kam sofort die Antwort: die pers\u00f6nliche Sicherheit. Kein Terror wie von bspw den MARAS. In ihr Geburtsland will sie allerdigs niemals zur\u00fcck. Ihr pers\u00f6nliches Umfeld erstreckt sich allerdings auf Familie und Kollegen Wissenschaftler. Nach den Umtrieben von Saarlouis ,Leipzig und Ellwangen bin ich mir sicher, dass MARA\u2013\u00e4hnliche Strukturen sich bald hier auch etablieren werden.Die Polizei wird zuk\u00fcnftig nur noch zum Ausstellen von Kn\u00f6llchen bef\u00e4higt sein.<br \/>\n23.7.2019, HW, TO<\/p>\n<p><strong>Die Deutschen wollen eben weniger sicher leben<\/strong><br \/>\nErstaunlicherweise finden es 85% der deutschen W\u00e4hler gut, weniger sicher zu leben als fr\u00fcher. Ich frage mich was sich hier in Deutschland f\u00fcr ein kollektiver Irrsinn verbreitet. Kein europ\u00e4isches Volk gibt sich so auf wie die Deutschen. Jeder B\u00fcrgermeister der eingerma\u00dfen ehrlich (auch zu sich selbst) ist m\u00fcsste sich mit seinem Kollegen in Saarlouis umgehend solidarisieren. Das man vom Maa\u00dfm\u00e4nnchen hier nichts erwarten kann ist doch klar. Der schwebt halt schon in h\u00f6heren Sph\u00e4ren des kollektiven Wahnsinns und marschiert tapfer mit seiner unseligen Partei auf die Bedeutungslosigkeit zu. Das eigene Volk ist diesen Leuten schon lange nichts mehr wert.<br \/>\n23.7.2019, P.L., TO<br \/>\n.<br \/>\n<strong>Focus l\u00f6scht den Brandbrief von Saarlouis<\/strong><br \/>\nDer Brandbrief von Demmer (SPD) und die Vorkommnisse in Saarlouis waren gestern Abend bzw. letzte Nacht auf der Startseite von Focus Online zu lesen. Heute morgen war das nicht mehr dort zu finden. Ich vermute, dass man das tags\u00fcber den Usern nicht zumuten kann oder der Redakteur war gestern etwas keck? &#8230;<br \/>\nBei Focus nichts Neues, dort gibt es tats\u00e4chlich hin und wieder erstaunlich kritische Berichte. Diese Artikel sind dann aber genauso schnell wieder verschwunden wie Sie auftauchen. Andere, dem gr\u00fcn-linken Zeitgeist entsprechende , dem Gutmenschtum wohlgesonne und unsere Regierungsvertreter verherrlichende Berichte und das sind die meisten, verbleiben mitunter tagelang lesbar. So geht objektiver Journalismus im Jahr 2019.<br \/>\n23.7.2019, MER<br \/>\n.<br \/>\n<strong>B\u00fcrgerkrieg wird es bei uns nie geben<\/strong><br \/>\nAlso, nochmal ganz deutlich. Mehr Polizisten bringen \u00fcberhaupt nichts. Vollkommen unsinnig. Das Einzige was helfen k\u00f6nnte, ist eine \u201eNulltoleranz- Strategie\u201c und ein konsequentes Durchgreifen bei jedem \u00dcberschreiten eines Gesetzes, oder einer Verordnung oder Anordnung. Und das kann dann auch mal ein ganz hartes Vorgehen mit Gewalt und auch mal den Einsatz einer Waffe mit Folgen, bedeuten. Daf\u00fcr braucht man nicht mehr Polizisten. Aber das ist in Deutschland nicht mehr durchsetzbar.<br \/>\nDaf\u00fcr fehlt die Unterst\u00fctzung der Polizei und es fehlen die Gerichte und die Gef\u00e4ngnisse daf\u00fcr. Diese V\u00f6lkerschaften, die sich so wie angegeben verhalten, kennen keine Achtung gegen\u00fcber dem Mitmenschen, ja sie verachten die Deutschen wegen ihrer Toleranz, die sie f\u00fcr die Migranten an den Tag legen. Unsere Mentalit\u00e4t ist denen vollkommen fremd. Es wird ja bef\u00fcrchtet, da\u00df sich diese Verh\u00e4ltnisse bis zum einem B\u00fcrgerkrieg aufschaukeln k\u00f6nnten. Einen B\u00fcrgerkrieg wird es in Deutschland nicht geben. Zumindest keinen, an dem Deutsche in nennenswerten Umfang beteiligt sind. Den Deutschen ist durch jahrzehntelange def\u00e4tistische Erziehung die F\u00e4higkeit zur Verteidigung ihrer Interessen aberzogen worden. Es fehlen einmal die Gruppierungen, die einen B\u00fcrgerkrieg organisieren wollen und k\u00f6nnen, zum anderen fehlen die Waffen die daf\u00fcr erforderlich sind. Der Deutsche wird sich in sein Privatleben zur\u00fcckziehen und am Ende in Reservaten leben, wie die Indianer in den USA. Der einzige Unterschied wird sein, da\u00df dort hervorragende Arbeitsbedingungen herrschen werden, damit die K\u00f6terrasse die Steuern verdienen kann, um das Karussell in Gang zu halten.<br \/>\n23.7.2019, MEY, TO<br \/>\n.<br \/>\n<strong>Warnzeichen<\/strong><br \/>\nDas Thema ist nicht neu \u2013 Tichys Einblick hatte schon etliche Artikel zum Thema. Aber auch an anderen Stellen sind seit Jahren die Warnzeichen zu sehen:<br \/>\nIn Problemvierteln f\u00fcrchtet sich sogar die Polizei. Der Westen 01.08.2011<br \/>\n<a href=\"https:\/\/www.derwesten.de\/politik\/in-problemvierteln-fuerchtet-sich-sogar-die-polizei-id4926287.html\">https:\/\/www.derwesten.de\/politik\/in-problemvierteln-fuerchtet-sich-sogar-die-polizei-id4926287.html<\/a><br \/>\n&gt;Polizei kapituliert vor kriminellen Fl\u00fcchtlingskindern. Ver\u00f6ffentlicht am 30.11.2014 Welt.de<br \/>\n<a href=\"https:\/\/www.welt.de\/regionales\/hamburg\/article134823100\/Polizei-kapituliert-vor-kriminellen-Fluechtlingskindern.html?config=print\">https:\/\/www.welt.de\/regionales\/hamburg\/article134823100\/Polizei-kapituliert-vor-kriminellen-Fluechtlingskindern.html?config=print<\/a><br \/>\n&gt; Polizei spricht WAHRHEIT \u2013 No-Go Areas, Fl\u00fcchtlinge, etc.. Doku WDR 15.12.2016<br \/>\n<a href=\"https:\/\/www.youtube.com\/watch?v=xU0-V2k9R0Y\">https:\/\/www.youtube.com\/watch?v=xU0-V2k9R0Y<\/a><br \/>\n&gt; Deutschlands Stra\u00dfen versinken in Gesetzlosigkeit Polizei: \u201eWir verlieren die Hoheit auf der Stra\u00dfe\u201c Gatestone 04.11.2016<br \/>\n<a href=\"https:\/\/de.gatestoneinstitute.org\/9259\/deutschland-gesetzlosigkeit\">https:\/\/de.gatestoneinstitute.org\/9259\/deutschland-gesetzlosigkeit<br \/>\n<\/a>\u00a0.<br \/>\nAber wir sind da nicht v\u00f6llig einsam<br \/>\n&gt;Polizeichef von Schweden warnt: Die Regierung hat die Kontrolle \u00fcber das Land verloren. Epochtimes 07.07.2017<br \/>\n<a href=\"https:\/\/www.epochtimes.de\/politik\/europa\/polizeichef-von-schweden-warnt-die-regierung-hat-die-kontrolle-ueber-das-land-verloren-integration-gescheitert-a2156608.html\">https:\/\/www.epochtimes.de\/politik\/europa\/polizeichef-von-schweden-warnt-die-regierung-hat-die-kontrolle-ueber-das-land-verloren-integration-gescheitert-a2156608.html<\/a><br \/>\n&gt; Trotz Protesten: Schwedens Polizei ver\u00f6ffentlicht Bericht \u00fcber \u201eNo-Go-Areas\u201c . Epochtimes 06.06.2019<br \/>\n<a href=\"https:\/\/www.epochtimes.de\/politik\/europa\/trotz-proteste-schwedens-polizei-veroeffentlicht-bericht-ueber-no-go-areas-a2907935.html\">https:\/\/www.epochtimes.de\/politik\/europa\/trotz-proteste-schwedens-polizei-veroeffentlicht-bericht-ueber-no-go-areas-a2907935.html<\/a><br \/>\n23.7.2019, W.T., TO<br \/>\n.<\/p>\n<p><strong>&#8230; Bertold Brecht:<\/strong><br \/>\nGibt es mehr zu sagen als:<br \/>\n\u201eSie s\u00e4gten die \u00c4ste ab, auf denen sie sa\u00dfen<br \/>\nUnd schrieen sich zu ihre Erfahrungen,<br \/>\nWie man schneller s\u00e4gen k\u00f6nnte, und fuhren<br \/>\nMit Krachen in die Tiefe, und die ihnen zusahen,<br \/>\nSch\u00fcttelten die K\u00f6pfe beim S\u00e4gen und<br \/>\nS\u00e4gten weiter.<br \/>\n\u2013 Bertolt Brecht, Exil, III\u201c<br \/>\n22.7.2019, N.G., TO<\/p>\n<p>.<\/p>\n<p><strong>Der Polizei fehlt der Wille?<\/strong><br \/>\n<em>Die Polizei in Saarlouis kapitulierte vor einigen Jugendlichen mit Migrationshintergrund (Nordafrikaner). Sie waren in der \u00dcberzahl, hei\u00dft es in der Mitteilung des Oberb\u00fcrgermeisters, der seine Beamten richtigerweise in Schutz nimmt. Auch in Berlin kam es vor einer Weile zu einem R\u00fcckzug der Polizeikr\u00e4fte, nachdem sich irgendwelche arabischen YouTuber samt geistig herausgeforderter Fans eine Massenschl\u00e4gerei mitten auf dem Alexanderplatz lieferten. Derlei F\u00e4lle h\u00e4ufen sich.<\/em><br \/>\n&#8230;<br \/>\nDie Polizei hat, ich wei\u00df das sehr genau, mehr als genug Wirkmittel, um brutale und aggressive Menschen zur R\u00e4son zu bringen. Sie hat, kann und darf auch, wenn es Politiker und Juristen g\u00e4be, die ihnen den R\u00fccken st\u00e4rken, wie das beispielsweise in Bayern der Fall ist.<br \/>\nDer Grund, warum die Polizei sich hier zur\u00fcckziehen musste, d\u00fcrfte wohl eher der Mangel an Entschlossenheit sein, mit der die vor ihnen liegende Menschengruppe aufgebrochen h\u00e4tte werden k\u00f6nnen. Eine wirklich entschlossene, zur Gewalt bereite Greiftruppe der Polizei, h\u00e4tte schnell aufr\u00e4umen k\u00f6nnen \u2013 auch ohne einen einzigen Schuss abzugeben. Es gibt physische Wirkmittel und man muss den Willen haben, seine Kraft und den eigenen K\u00f6rper zur Niederschlagung des unmittelbaren Gegners einzusetzen. Es muss schnell und besonders brutal, ja abschreckend sein, damit nach den ersten Sekunden die Moral des aufgebrachten Mobs sogleich gebrochen wird. Das lernt man, wei\u00df man eigentlich, wenn man\u00abCrowd and Riot Control\u00bb trainiert hat.<br \/>\nNur wird die bundesdeutsche Polizei in nahezu allen Bundesl\u00e4ndern von Menschen regiert und befehligt, die sich vor dem Einsatz ihrer Kraft f\u00fcrchten. Sie haben das Konzept von \u00abDeeskalation\u00bb falsch verstanden und glauben, dass sie allein damit fast allen Situationen mannhaft begegnen k\u00f6nnen. Dabei beweisen sie vor allem ausl\u00e4ndischen M\u00e4nnergruppen aus archaischen Kulturen nur, dass sie schwach sind. Und diese Menschen respektieren keine Schw\u00e4chlinge. Aber die momentane F\u00fchrung der Polizei hat auch bei den Beamten in den Stiefeln und auf der Stra\u00dfe durch lange Knechtschaft daf\u00fcr gesorgt, dass die Furcht vor der eigenen K\u00f6rperlichkeit und Macht zu gro\u00df ist. Sie k\u00f6nnten wohl, nur der Wille fehlt ihnen.<br \/>\n&#8230; Alles vom 26.7.2019 bitte lesen auf<br \/>\n<a href=\"https:\/\/younggerman.com\/2019\/07\/26\/polizei-es-fehlt-der-wille\/\">https:\/\/younggerman.com\/2019\/07\/26\/polizei-es-fehlt-der-wille\/<\/a><br \/>\n.<br \/>\nDie normalen Polizeibeamten sind i.d.R. genauso emp\u00f6rt \u00fcber die Zust\u00e4nde in Buntland wie viele B\u00fcrger. Die Probleme beginnen 2 Etagen h\u00f6her. Hier hocken die &#8222;Manager&#8220; des h\u00f6heren Dienstes. Sie sind die Polizeif\u00fchrer bei allen Gro\u00dflagen und leiten die Abteilungen innerhalb von Beh\u00f6rden. Diese Leute werden von den jeweiligen L\u00e4nderinnenministern handverlesen. Teil eines Auswahlverfahrens sind Psychotests und das Ausloten der grunds\u00e4tzlichen politischen Einstellung. Seit etlichen Jahren ersetzen diese neuen Beamten die alten, die vielleicht sogar noch konservativ und politisch nicht links waren. Eine \u00fcber Jahre, in einigen Bundesl\u00e4ndern \u00fcber Jahrzehnte, geformte linke Polizeif\u00fchrung wei\u00df, wem sie wie zu dienen hat.<br \/>\nUnd dann gibt es auch noch unsere linksverstrahlte Justiz, die die Polizei bei jeder Gelegenheit mit ihren Urteilen vorf\u00fchrt und demotiviert. Diese beide Probleme zusammen sind meiner Meinung nach haupturs\u00e4chlich f\u00fcr die im Artikel beschriebenen unhaltbaren Zust\u00e4nde.<br \/>\n27.7.2019, SC,<br \/>\n.<br \/>\nDie oberste Pflicht der Regierung ist nunmal der Schutz von Minderheiten, die man selbst eingeladen hat und von denen sie immer noch behauptet das wir das schaffen. Ob wir das \u00fcberhaupt schaffen wollen, werden wir erst gar nicht gefragt. Sie w\u00fcrden bei einer Volksabstimmung zurecht eine herbe Niederlage vermuten. Das die Polizei unter diesen Umst\u00e4nden nur noch erfolgreich im Kampf gegen Rechts eingesetzt wird und der Bundesstaatsanwalt gegen ein paar deutsche M\u00e4nner wegen Gr\u00fcndung einer terroristischen Vereinigung ermittelt die einen Kn\u00fcppel und ein altes Luftgewehr hatten, ist auch der weit nach links gewanderten GroKo zuzuschreiben. Zensur und Denuntiantentum haben wieder, wie ehemals in der DDR Hochkonjunktur<br \/>\n27.7.2019, ZW<br \/>\n.<br \/>\n<strong>Es ist nicht der fehlende Wille der Polizei<\/strong>,<br \/>\nsondern der fehlende Wille im Kanzleramt, keine Kriminellen mehr ins Land zulassen. Wir brauchen erst seit 2015 massenhaft Polizei und Betonpoller . Die Polizei bekommt ihre Weisungen von ganz oben. Wenn 180000 Haftbefehle nicht vollstreckt werden k\u00f6nnen, woran liegt das denn wohl ? Komisch, dass die Sicherheit im Land noch vor Jahren \u00fcberhaupt kein Thema war, aber jetzt t\u00e4glich die Gewalttaten steigen.<br \/>\n27.7.2019, ILL<br \/>\n.<br \/>\n<strong>Gewaltmonopol mu\u00df IMMER durchgesetzt werden<\/strong><br \/>\nDas Gewaltmonopol des Staates ist eben nicht nur ein Recht um Falschparker und GEZ-Verweigerer zu drangsalieren, sondern gleichzeitig eine Pflicht, das Recht zu jeder Zeit an jedem Ort und bei jeder Gelegenheit durchzusetzen. Es ist kein Instrument dessen Anwendung in der Verf\u00fcgungsgewalt des jeweiligen Verantwortlichen liegt. Ist eine Polizeiwache nur mit zwei \u00e4ltlichen Beamten besetzt, so m\u00fcssen auch diese zu einem gemeldeten Bank\u00fcberfall fahren und k\u00f6nnen sich nicht entschliessen dieses mal besser in der Wache zu bleiben. Ein Staat, der sein Gewaltmonopol nicht mehr mit der untrennbaren Verpflichtung, es rechtstaatlich durchzusetzen verbindet, sondern es nur noch praktischerweise f\u00fcr die Regelung eigener Angelegenheiten und politischer Motive (z.B. Kampf gegen Rechts) mi\u00dfbraucht, der hat keinen Anspruch mehr auf dieses Privileg.<br \/>\n27.7.2019, M.S.<br \/>\n.<br \/>\n<strong>Wir brauchen keine Deeskalationsvorgabe<\/strong><br \/>\nWir brauchen kein &#8220; Mehr an Beamten&#8220;, die sich verpr\u00fcgeln lassen m\u00fcssen, weil unsere Politkomiker das so wollen (Deeskalationsvorgabe). Wir brauchen vollen rechtlich abgesicherten Zugriff f\u00fcr Beamte auf ihre gegebenen M\u00f6glichkeiten wie Elektoschocker, Gummikn\u00fcppel und Gescho\u00dfe, Pfefferspray und als Ultimo Ratio den Schu\u00dfwaffengebrauch &#8211; so wie in den USA ! Und zwar ohne, da\u00df so ein gr\u00fcnlinker Penner was von &#8222;Polizeigewalt&#8220; jammert !<br \/>\n27.7.2019, S.R.<br \/>\n.<br \/>\n<strong>Sorry, aber die Darstellung der Polizei in diesem Artikel ist einfach Bl\u00f6dsinn<\/strong>.<br \/>\nIch bezweifele, dass sich Alter und Geschlecht der Polizisten im Saarland wesentlich von dem in NRW unterscheiden, und hierzu kann ich aus eigener Anschauung anmerken: Mittlerweile besteht etwa die H\u00e4lfte der Polizei aus kleinen M\u00e4dchen mit Pferdeschw\u00e4nzen, vielfach mit Piercing und extrem gef\u00e4rbten Haaren. Ihre m\u00e4nnlichen Kollegen sind mittlerweile \u00fcberwiegend Milchreisbubis, die maximal ein Baby vom Topf schubsen k\u00f6nnen, aber bei wirklich Gewaltt\u00e4tigen den Schwanz einziehen.<br \/>\nSelbst bei Fu\u00dfballspielen, wo es oft richtig zur Sache geht, sind die \u201eharten Kerle\u201c bei den eingesetzten Polizisten eher die Ausnahme. Die M\u00e4dchen und J\u00fcngelchen unter ihren Helmen k\u00f6nnen einem da nur Leid tun. Das, was heute bei uns als Polizei unterwegs ist, macht niemandem mehr Angst. Ich habe mal selbst erlebt, wie die franz\u00f6sischen Polizisten in \u00e4hnlichen Situationen \u201eausteilen\u201c. Und ich habe mal erlebt, wie spanische Polizisten in Ibizza ein Urlauberhotel \u201eger\u00e4umt\u201c haben, wo besoffene Engl\u00e4nder ausgerastet waren. Da sieht das schon ganz anders aus. Hier in Deutschland? Aber daf\u00fcr sind jetzt hier alle Polizisten \u201eBachelor\u201c<br \/>\n27.7.2019, IN<\/p>\n","protected":false},"excerpt":{"rendered":"<p>Am 4.7.2019 erkl\u00e4rt der Gemeinderat Saarbr\u00fccken zum &#8222;sicheren Hafen f\u00fcr Fl\u00fcchtlinge&#8222;, d.h. die Stadt (178.000 Einwohner ) m\u00f6chte \u201eso viele Fl\u00fcchtlinge wie m\u00f6glich aufnehmen\u201c. Gut so. Im 25 km entfernten Saarlouis (37.000 Einwohner) geschieht das genaue Gegenteil: Migranten verwandeln die &hellip; <a href=\"https:\/\/www.freiburg-schwarzwald.de\/blog\/polizei-im-geordneten-rueckzug\/\">Weiterlesen <span class=\"meta-nav\">&rarr;<\/span><\/a><\/p>\n","protected":false},"author":2,"featured_media":0,"comment_status":"open","ping_status":"closed","sticky":false,"template":"","format":"standard","meta":{"footnotes":""},"categories":[355,195,210,155,60,80,157,19,172],"tags":[325,633,421,484,678,622,726,405],"class_list":["post-73930","post","type-post","status-publish","format-standard","hentry","category-buergerinitiativen","category-eu","category-gewalt","category-integration","category-jugend","category-medien","category-oeffentlicher-raum","category-religion","category-zukunft","tag-demo","tag-demokratie","tag-islam","tag-kommune","tag-mann","tag-migration","tag-oeffentlicher-raum","tag-polizei"],"_links":{"self":[{"href":"https:\/\/www.freiburg-schwarzwald.de\/blog\/wp-json\/wp\/v2\/posts\/73930","targetHints":{"allow":["GET"]}}],"collection":[{"href":"https:\/\/www.freiburg-schwarzwald.de\/blog\/wp-json\/wp\/v2\/posts"}],"about":[{"href":"https:\/\/www.freiburg-schwarzwald.de\/blog\/wp-json\/wp\/v2\/types\/post"}],"author":[{"embeddable":true,"href":"https:\/\/www.freiburg-schwarzwald.de\/blog\/wp-json\/wp\/v2\/users\/2"}],"replies":[{"embeddable":true,"href":"https:\/\/www.freiburg-schwarzwald.de\/blog\/wp-json\/wp\/v2\/comments?post=73930"}],"version-history":[{"count":0,"href":"https:\/\/www.freiburg-schwarzwald.de\/blog\/wp-json\/wp\/v2\/posts\/73930\/revisions"}],"wp:attachment":[{"href":"https:\/\/www.freiburg-schwarzwald.de\/blog\/wp-json\/wp\/v2\/media?parent=73930"}],"wp:term":[{"taxonomy":"category","embeddable":true,"href":"https:\/\/www.freiburg-schwarzwald.de\/blog\/wp-json\/wp\/v2\/categories?post=73930"},{"taxonomy":"post_tag","embeddable":true,"href":"https:\/\/www.freiburg-schwarzwald.de\/blog\/wp-json\/wp\/v2\/tags?post=73930"}],"curies":[{"name":"wp","href":"https:\/\/api.w.org\/{rel}","templated":true}]}}