{"id":73809,"date":"2019-07-13T22:09:47","date_gmt":"2019-07-13T20:09:47","guid":{"rendered":"https:\/\/www.freiburg-schwarzwald.de\/blog\/?p=73809"},"modified":"2019-07-14T09:10:18","modified_gmt":"2019-07-14T07:10:18","slug":"mittelstand-brief-an-merkel-l","status":"publish","type":"post","link":"https:\/\/www.freiburg-schwarzwald.de\/blog\/mittelstand-brief-an-merkel-l\/","title":{"rendered":"Mittelstand &#8211; Brief an Merkel"},"content":{"rendered":"<p>Guten Tag, Frau <a title=\"Merkelismus\" href=\"https:\/\/www.freiburg-schwarzwald.de\/blog\/engagement\/zukunft\/demokratie\/merkelismus\/\">Bundeskanzlerin<\/a> Dr. Angela Merkel.<br \/>\nIch hei\u00dfe Helmut Markus und bin <a title=\"Mittelstand\" href=\"https:\/\/www.freiburg-schwarzwald.de\/blog\/business\/industrie\/mittelstand\/\">Reifenh\u00e4ndler<\/a>. Mein Leben lang habe ich <a title=\"Arbeit\" href=\"https:\/\/www.freiburg-schwarzwald.de\/blog\/selbsthilfe\/soziales\/arbeit\/\">gearbeitet<\/a>, \u2013 <a title=\"Deutsche-Kultur\" href=\"https:\/\/www.freiburg-schwarzwald.de\/blog\/global\/deutschland\/deutsche-kultur\/\">flei\u00dfig<\/a>, p\u00fcnktlich, diszipliniert. Ich bin ein typisch <a title=\"Deutschland-Hoffnung\" href=\"https:\/\/www.freiburg-schwarzwald.de\/blog\/global\/deutschland\/deutschland-hoffnung\/\">deutscher Malocher<\/a>, sogar ein \u201causgezeichneter\u201d: 2004 wurde ich mit dem hessischen Gr\u00fcnderpreis dekoriert, f\u00fcr \u201eMeistgeschaffene Arbeitspl\u00e4tze\u201c.<!--more--><br \/>\nIch habe Steuern gezahlt und mich sogar in der Politik, besser gesagt 38 Jahre in der CDU engagiert. Er wird es nicht gerne lesen, ich sag\u2019s trotzdem: Der heutige hessische Finanzminister Dr. Thomas Sch\u00e4fer war mal mein Stellvertreter, damals, Ende der Siebziger, als ich noch Vorsitzender der Jungen Union in Biedenkopf war. Das war die Zeit, als Gr\u00fcn noch DKP hie\u00df. Deren sozialistisch-kommunistische Ideologie haben wir damals bek\u00e4mpft und das erkl\u00e4rt, warum ich die Politik der Rauten-Union nicht mittragen kann und will!<\/p>\n<p>\u00dcber 30 Jahre lang habe ich meinen Betrieb aufgebaut um meiner Familie und meinen Mitarbeitern ein gutes und sicheres Leben zu erm\u00f6glichen. Ich versuche ein anst\u00e4ndiger, solidarischer B\u00fcrger zu sein. Doch als mittelst\u00e4ndischer Unternehmer in Deutschland bekommt man sp\u00e4testens jetzt das gro\u00dfe Zittern.<br \/>\nDenn da re(a)giert eine Frau Merkel wie wild vor sich hin, springt \u00fcber jedes Klima-populistische St\u00f6ckchen und zerst\u00f6rt r\u00fccksichtslos meine Existenzgrundlage \u2013 und die meiner Branche. Da meine Kunden wissen sollen, warum sie irgendwann vor verschlossener T\u00fcr stehen, ist dieser Brief an Sie \u00f6ffentlich.<br \/>\nIch bin zu 100% angewiesen auf Kunden des Individualverkehrs, d.h. Menschen mit Autos. Also das, was Sie, Frau Merkel- und die Gr\u00fcnen- abschaffen wollen. Denn was sagten Sie schon 2017: \u201eWir werden in 20 Jahren nur noch mit Sondererlaubnis selbstst\u00e4ndig Auto fahren d\u00fcrfen.\u201cIn Ihren Worten h\u00f6rt sich das nat\u00fcrlich nicht so schlimm an, Sie nennen das ja gerne \u201caussteigen\u201d, das klingt netter, als \u201c<a title=\"Deutschland-kaputt\" href=\"https:\/\/www.freiburg-schwarzwald.de\/blog\/global\/deutschland\/deutschland-kaputt\/\">abschaffen<\/a>\u201d, \u201czerst\u00f6ren\u201d oder \u201cruinieren\u201d.<\/p>\n<p>Wenn Sie eines k\u00f6nnen, dann ist es das Aussteigen! Sie zwingen Deutschland auszusteigen: aus der Kernkraft, aus der Kohle, aus dem Diesel, aus dem Flugverkehr, aus der Bundeswehr, aus der Bildung, aus Verhandlungen und vor allem auch aus der Demokratie. Auch international gesehen ist das Aussteigen Ihr Ding: Deutschland ist in der Welt unbeliebt wie nie und gilt international als das abschreckende Beispiel einer v\u00f6llig verfehlten, ausschlie\u00dflich von deutscher Moral und Emotionen geleiteten Migrationspolitik! Die Bilanz Ihres Negierens, Verneinens, des Verlierens und Stillhaltens ist nach 14 Jahren Kanzlerschaft vernichtend, Frau Merkel!<br \/>\n.<br \/>\nUnd jetzt kommt also der Ausstieg aus dem Verbrennungsmotor und damit der Ausstieg aus dem Individualverkehr. Und nat\u00fcrlich werden die Gr\u00fcnen, die Medien, die von Soros finanzierten NGOs und nicht zuletzt die \u201cDeutsche Umwelthilfe\u201d daf\u00fcr sorgen, dass wir mit den Iren und Skandinaviern gleichziehen. Diese L\u00e4nder haben sich ja verpflichtet, Benzin- und Dieselautos schon ab 2030 zu verbieten.<br \/>\nSie, Frau Merkel, haben sich noch nie durchgesetzt, wenn es um das Wohl Deutschlands ging. Scheint bei ihnen auch nicht wirklich im Vordergrund zu stehen. Sie werden auch diesmal wieder umfallen wie die h\u00e4ssliche, struppige Tanne, vor der Sie Ihre Weihnachtsansprache gehalten haben- Und mich dabei an Kim Jong Un erinnerten.<br \/>\n.<br \/>\nEs ist \u00fcberhaupt nicht so, dass ich will, dass jeder ein, zwei, drei Autos f\u00e4hrt, denen ich Reifen verkaufen kann. Nein, im Gegensatz zu Ihnen habe ich Kinder und bin mir unserer Verantwortung f\u00fcr k\u00fcnftige Generationen sehr bewusst. Und nein, es muss nicht jeder ein Auto fahren \u2013 wenn es denn alternative Mobilit\u00e4tskonzepte g\u00e4be. Doch Fehlanzeige! Da ist nix! Und jetzt kommen Sie mir blo\u00df nicht mit U-Bahn, Bus, Tram, Fahrrad, Elektro-Tretroller, Auto, Taxi, Uber oder sowas wie \u201cRidesharing\u201d an: Das sind alles st\u00e4dtische Mobilit\u00e4tsmodelle, die Sie in Berlin aus Ihrem Limousinenfenster sehen.<br \/>\n<strong><em>Bei uns hier im l\u00e4ndlichen Raum gibt es das schlicht nicht<\/em><\/strong>. Z\u00fcge und Busse in der Fl\u00e4che? Da wo ich in Biedenkopf in Hessen lebe? Fehlanzeige! V\u00f6llige Fehlanzeige! Da scheint das ber\u00fchmte Esel-Taxi der Gr\u00fcnen noch der am ehesten zu realisierende Vorschlag f\u00fcr Mobilit\u00e4t zu sein.<br \/>\nAn der Art, wie dieser Elektro-Scooter, dieses hochgef\u00e4hrliche Fortbewegungsmittel, bejubelt wird, l\u00e4sst sich erkennen, dass Sie keinerlei neue Konzepte haben. Deshalb verweisen Sie und Ihr Wirtschaftsminister so gerne auf das \u201cautonome Fahren\u201d, weil es so wenig greifbar ist, sich schick anh\u00f6rt und Sie genau wissen, dass diese Pl\u00e4ne in einer fernen Zukunft liegen, also erst lange nach Ihrer Amtszeit realisiert werden. Ganz davon abgesehen, dass Sie sich mit diesem Ausblick vollst\u00e4ndig von der Idee der individuellen Freiheit verabschieden: So etwas wie \u201eFreie Fahrt f\u00fcr freie B\u00fcrger\u201c kommt in Ihrer Denke der Bevormundung schlicht nicht vor.<br \/>\n.<br \/>\nNein, es gibt kein fl\u00e4chendeckendes, umweltfreundliches Mobilit\u00e4tskonzept! Auch das ist in Ihrer Amtszeit total in die Binsen gegangen Frau Merkel! Das Schienennetz ist verrottet wie nie und man feiert f\u00f6rmlich, wenn ein Fernzug mal p\u00fcnktlich ist. Apropos Bahn! Was v\u00f6llig absurd, geradezu verlogen ist:<br \/>\nSie fordern Kinder zum Klimahopsen auf, in jedem Ihrer S\u00e4tze taucht das Wort \u201cKlima\u201d auf. Klima hier, Klima da, die Klimarettung muss f\u00fcr alles herhalten, aber die \u00d6sterreicher kotzen ab, weil Deutschland deren gro\u00dfes, klimafreundliches Mobilit\u00e4tsprojekt behindert. Wie bitte passt das mit Ihrer klima-hysterischen Politik zusammen?<br \/>\n.<br \/>\nUm den \u00fcberf\u00fcllten Brenner zu entlasten, bauen Italien und \u00d6sterreich seit zehn Jahren den l\u00e4ngsten Eisenbahntunnel der Welt, den Brennerbasistunnel. Ab 2028 soll der Schwerverkehr per Schiene unterirdisch durch Tirol verlaufen. Es ist ein Milliardenprojekt und Italien und \u00d6sterreich liegen im Zeitplan. Aber da gibt es ja noch das Deutschland von Frau Merkel, wo Milliardenprojekte inzwischen reihenweise floppen. Und siehe da, das umweltfreundliche Tunnelprojekt droht an der Unf\u00e4higkeit Deutschlands zu scheitern! Denn im \u201ef\u00fcrs Klima\u201c hopsenden Deutschland hat man noch nicht mal angefangen, die erforderlichen Eisenbahnzulaufstrecken und Terminals im Inntal zu planen! Vielleicht sollten Sie Ihre \u201eFridayfor Future\u201c Kinder mal f\u00fcr ein Planfeststellungsverfahren hopsen lassen, Frau Merkel, dann geht das sicher so rasant, wie in Deutschland inzwischen Klimanotst\u00e4nde ausgerufen werden.<br \/>\nAber Sie behaupten ja, Sie h\u00e4tten einen Plan \u2013 Frau Merkel, <a title=\"Moral2015\" href=\"https:\/\/www.freiburg-schwarzwald.de\/blog\/global\/deutschland\/moral2015\/\">wie sieht der aus<\/a>? Sie verk\u00fcnden immer wieder gro\u00dfspurig Ziele, ohne ansatzweise zu konkretisieren, wie Sie diese Ziele erreichen wollen. Deutschland soll bis 2050 \u201eklimaneutral\u201c sein, versprachen Sie gerade beim Europ\u00e4ischen Rat und gleich nochmal beim Kirchentag. Ja fein, und wie soll das bitte genau gehen? Per CO2-Ablasszahlungen, mit denen die B\u00fcrger gezielt verarmt werden, damit sie sich das Autofahren schlicht nicht mehr leisten k\u00f6nnen? Ist das Ihr Plan, Frau Kanzlerin?<br \/>\n.<br \/>\nObwohl \u2013 Arbeitspl\u00e4tze haben Sie ja schon reihenweise vernichtet und dann muss ja auch niemand mehr mobil sein, um p\u00fcnktlich zum Dienst zu erscheinen.<br \/>\nDeutschland hat es in der Vergangenheit nicht einmal geschafft, moderate Klimaziele einzuhalten. Was ist es also anderes, als utopisches Geschwafel, wenn Sie verk\u00fcnden, bis 2030 die Emissionen um 55 Prozent reduzieren zu wollen? Oder es ist \u2013 inzwischen halte ich auch das f\u00fcr m\u00f6glich \u2013 schlicht weg geistesgest\u00f6rt?<br \/>\nSeit l\u00e4ngerem frage ich mich n\u00e4mlich, ob Ihre Psyche und Ihr Gesundheitszustand \u00fcberhaupt noch eine verantwortungsvolle Regierungsf\u00fchrung zulassen. Sp\u00e4testens seit Ihren Sch\u00fcttelanf\u00e4llen und mit Blick in Ihr gequollenes Gesicht f\u00fchle ich mich in meinen Zweifeln best\u00e4tigt. Ich denke dabei vor allem an Ihre v\u00f6llig \u00fcberst\u00fcrzte, planlose180-Grad-Wende beim Atomausstieg, den Sie zur gr\u00fcnen Energiewende verkl\u00e4rten und an die vollkommen verantwortungslose, hochgef\u00e4hrliche <a title=\"Grenz\u00f6ffnung2015\" href=\"https:\/\/www.freiburg-schwarzwald.de\/blog\/global\/deutschland\/grenzoeffnung2015\/\">\u00d6ffnung der Grenze am 4. September 2015<\/a>.<br \/>\nEgal ob Atomausstieg, Euro-, Fl\u00fcchtlings- oder jetzt die Klimarettung: Sie scheren sich einen Teufel um \u00f6konomisch realisierbare L\u00f6sungen, Sie sprechen opportunistisch dem vermeintlichen Mainstream nach dem Mund. So agiert jemand, der aus tiefer psychischer Not heraus nach Anerkennung und Liebe lechzt. Die Anbetung Ihrer unterw\u00fcrfigen Jubelperser, die sich von Ihnen auf offener B\u00fchne die Deutschland-Flagge aus der Hand rei\u00dfen lassen und Kritik an Ihrer Politik immer wieder abwehren, scheint Ihnen nicht mehr zu reichen. Ihre neue Spielwieseist ja nun \u201cder Planet\u201d, den Sie umkreisen und z.B. Besuche in Afrika machen, angeblich um \u201cFluchtursachen\u201d zu beseitigen.<br \/>\nDie gr\u00f6\u00dfte Fluchtursache ist unser offenes Sozialsystem, Frau Merkel! Um das f\u00fcr die Planetenbev\u00f6lkerung zu schlie\u00dfen, m\u00fcssen Sie nicht mit zwei Flugzeugen durch die Welt d\u00fcsen und CO2 aussto\u00dfen!<br \/>\n.<br \/>\nUm Schlimmeres zu verhindern, werde ich mir \u00fcberlegen, ob ich beim Amtsgericht Berlin-Mitte einen Antrag auf richterliche Betreuung f\u00fcr Sie stelle. Ich bestehe n\u00e4mlich darauf, dass fach\u00e4rztlich gepr\u00fcft wird, ob Sie noch in der Lage sind, die Realit\u00e4ten richtig einzusch\u00e4tzen. Welche Erkl\u00e4rungsmuster gibt es sonst f\u00fcr Ihre verantwortungslose Politik gegen Deutschland? Handeln Sie in einem Auftrag? Oder leben Sie r\u00fccksichtslos, narzisstisch Ihre zerst\u00f6rerische Seite aus und sagen Sie sich: hab\u2019 eh keine Kinder, nach mir die Sintflut?!<br \/>\nEgal wie, mir reicht es jetzt! Sie, Frau Merkel, zerst\u00f6ren meine Lebensgrundlage und die Zukunft meiner Kinder in Deutschland und ich werde mich nicht weiter f\u00fcr Ihren fatalen, politischen Harakiri-Kurs als Steuersklave ausquetschen lassen.<br \/>\nIm Gegenteil, ich bin kurz davor, selber auszusteigen, so wie es bereits zig Kompetenz- und Leistungstr\u00e4ger getan haben. Ja, aus dem gro\u00dfen Zittern wird die gro\u00dfe Flatter, denn ich bin l\u00e4ngst nicht der Einzige, der inzwischen ernsthaft \u00fcberlegt, hier alles hinzuwerfen und mich aus Deutschland zu verabschieden.<br \/>\nDieser Schritt ist aber oft nicht einfach: Meine Generation kann das noch, viele von uns verf\u00fcgen \u00fcber die n\u00f6tige finanzielle Freiheit, um sich Ihrer zerst\u00f6rerischen Politik zu entziehen. Aber um uns geht es vordergr\u00fcndig nicht \u2013 ich gehe das Risiko dieses \u00f6ffentlichen Briefes ein, weil es mir um die Zukunft f\u00fcr deutsche Kinder geht.<\/p>\n<p>Sie haben noch eine Chance, Frau Bundeskanzlerin: Erkl\u00e4ren Sie sich! Und zwar nicht mit Ihren \u00fcblichen, einschl\u00e4fernden Phrasen:<br \/>\nSagen Sie, welche Ma\u00dfnahmen Sie planen, um Deutschland vor der <a title=\"Rezession\" href=\"https:\/\/www.freiburg-schwarzwald.de\/blog\/business\/rezession\/\">Rezession<\/a> zu bewahren!<br \/>\nErkl\u00e4ren Sie, was Sie gegen die katastrophalen Auswirkungen Ihrer gef\u00fchlsduseligen Open-Border-Politik tun werden! Nennen Sie konkrete Termine: Wann wird gehandelt?<br \/>\nUnd wenn Sie doch nur wieder phrasenhafte Versprechungen auf Lager haben \u2013 dann nehmen Sie endlich Ihren Hut, treten Sie zur\u00fcck, Frau Merkel!<br \/>\nMit traurigen Gr\u00fc\u00dfen,<br \/>\nHelmut Markus, 12.7.2019<br \/>\n.<br \/>\nDieser Offene Brief an die Kanzlerin wurde erstmals im Internet ver\u00f6ffentlicht auf:<br \/>\n<a href=\"https:\/\/www.epochtimes.de\/meinung\/gastkommentar\/frau-dr-merkel-sie-zerstoeren-meine-lebensgrundlage-und-die-zukunft-meiner-kinder-in-deutschland-a2940882.html\">https:\/\/www.epochtimes.de\/meinung\/gastkommentar\/frau-dr-merkel-sie-zerstoeren-meine-lebensgrundlage-und-die-zukunft-meiner-kinder-in-deutschland-a2940882.html<\/a><\/p>\n<p><strong>Dieser Offene Brief wird im Kanzleramt entsorgt werden<\/strong><br \/>\nObwohl ich mich inhaltlich dem Verfasser anschliesse, bin ich der Ansicht, dass dieser Brief im Kanzleramt im Rundordner f\u00fcr Nazis entsorgt wird.<br \/>\nEine pr\u00e4zise Antwort werden wir nie bekommen, nur die Auswirkungen ihrer Politik wie beschrieben erleben.<br \/>\n12.7.2019, ILL, etO<br \/>\nMerkel&#8217;s Gr\u00f6\u00dfenwahn zu Deutschlands 2% CO2-Anzeil weltweit<br \/>\nUnd 2% von diesen 0,00152%, also nur rund 0,00003% emittiert Deutschland!<br \/>\nMit anderen Worten:<br \/>\nWenn wir unseren Anteil am CO2 also um 50% reduzieren, dann ist<br \/>\num 1,5 HUNDERTTAUSENDSTEL % (!) weniger CO2 in der Luft.<br \/>\nGehts noch, ihr Klimaj\u00fcnger ?<br \/>\n12.7.2019, M.M., ETO<br \/>\n.<br \/>\n<strong>&#8230; die braven Menschen wachr\u00fctteln<\/strong><br \/>\nDie Intention des Briefschreibers war sicher nicht, Merkel zu erreichen, so realistisch ist der Reifenh\u00e4ndler. Er will aber als braver Steuermalocher die braven Menschen wachr\u00fctteln, und das gelingt ihm allemal. BRAVO f\u00fcr Ihren Mut, Herr Markus!<br \/>\nIch rufe alle anst\u00e4ndigen B\u00fcrger dazu auf, bei diesem Manne Reifen zu kaufen: https:\/\/reifen-ritter.de<br \/>\n12.7.2019, MA<br \/>\n.<br \/>\nHelmut Markus schreibt: &#8220; &#8230; ich bin kurz davor, selber auszusteigen, so wie es bereits zig Kompetenz- und Leistungstr\u00e4ger getan haben. Ja, aus dem gro\u00dfen Zittern wird die gro\u00dfe Flatter, denn ich bin l\u00e4ngst nicht der Einzige, der inzwischen ernsthaft \u00fcberlegt, hier alles hinzuwerfen und mich aus Deutschland zu verabschieden.&#8220;<br \/>\nEin trauriges, aber wundersch\u00f6nes Lied von &#8222;Zupfgeigenhansel&#8220; kommt dabei in den Sinn: &#8222;Andre, die das Land so sehr nicht liebten&#8220;. Ist im Internet anzuh\u00f6ren.<br \/>\nDer Text stammt von Theodor Kramer, der vor den Nazis fl\u00fcchten musste &#8230;<br \/>\n11..2019, LI<br \/>\n.<br \/>\n<strong>Merkel zerst\u00f6rt den Mittelstand komplett<\/strong><br \/>\nTja, das ist alles richtig was Herr Markus dort in seinem Brief schreibt, aber er steht nicht allein mit seinen Sorgen da, es gibt zig Existenzen im Dt. Mittelstand, die in den n\u00e4chsten Jahre \u00fcber den Jordan gehen werden. Das ist nun mal ein riesiges De-Industrialisierung Programm, dass, als Klimapolitik getarnt, hier betrieben wird, um den Wirtschaftsmotor Deutschland auszul\u00f6schen. Au\u00dferdem habe ich etliche solcher Briefe an Merkel in letzter Zeit von den verschiedensten Personen gelesen&#8230; und hat es irgendetwas gebracht? Hat sich irgendetwas ge\u00e4ndert? Merkel wird weiterhin von ihren Hofberichterstattern wie eine Pop-Queen f\u00fcr ihre Politik gelobt und gefeiert. In Wahrheit ist sie die Flopp-Queen. Sie zeigt weder Reue f\u00fcr ihre Fehler, noch Einf\u00fchlungsverm\u00f6gen f\u00fcr die, die unter miserablen Umst\u00e4nden auch das Geld erwirtschaften m\u00fcssen, was diese Mafia-Clique (auch Regierung genannt) mit vollen H\u00e4nden zum Fenster rausschmei\u00dft. Was k\u00f6nnen wir aus so einer &#8222;Demokratie&#8220; lernen? 1.) Gib niemals Verantwortungs ab, in dem Du Pateien w\u00e4hlst, die f\u00fcr Dich entscheiden 2.) Verla\u00df Dich nie auf andere, nimmt die Dinge selbst in die Hand und schlie\u00dfe Dich mit anderen zusammen und helft Euch gegenseitig 3.) Habe den Mut Dich Deines eigenen Verstandes zu bedienen, sei nicht gutgl\u00e4ubig, sondern hinterfrage alles was man Dir einreden will.<br \/>\n11.7.2019, M.V.<br \/>\n.<br \/>\nHelmut Kramer wei\u00df gewiss, dass Merkel seinen Brief nicht lesen wird; und wenn doch, macht sie sich dar\u00fcber keine Gedanken. Nein, solche offenen Briefe sind f\u00fcr UNS denkende, mitdenkende Menschen. Es sind Mutmach-Briefe, die zeigen, dass wir als Kritiker nicht allein sind.<br \/>\n11.7.2019, LI<br \/>\n.<br \/>\n<strong>Auswandern oder sich gegen Merkel hier wehren<\/strong><br \/>\nDen Deutschen bleibt nur die Wahl zwischen zwei M\u00f6glichkeiten: Gehen oder sich zur Wehr setzen!<br \/>\nAussitzen durch verschanzen in der Wohnung oder sich ducken hinterm Gartenzaun werden die Probleme nicht beheben. Die Willk\u00fcrlichkeit der Politiker nimmt von Tag zu Tag zu, wohl in der derzeit berechtigten Annahme, dass keine Gegenwehr aus dem Volk zu erwarten ist. Siehe die Forderung unseres Au\u00dfenministers, Deutschland werde Vorreiter sein bei einem festen Aufnahmekontingent von Migranten. Unterbindet das Volk nicht die Kreise der immer dreister werdenden Politiker, dann wird es niemand tun. Das Warten auf ein Wunder ist vergebens. Das GG zeigt M\u00f6glichkeiten auf, wie das Demonstrationsrecht. Wer lieber fl\u00fcchten will: Auswandern ist seit 2015 f\u00fcr immer mehr Deutsche ein Thema geworden.<br \/>\nVor der Gro\u00dfinvasion 2015 verlie\u00dfen im selben Jahr 138 273 Bundesb\u00fcrger das Land. Nach dem mehr als zwei Millionen (2 137 000 Quelle: stat. BA) ins Land eingefallen waren, wanderten 2016 schon 281 411 Bundesb\u00fcrger aus. Mehr als das Doppelte als noch ein Jahr zuvor. Auch 2017 war die Auswanderung mit 251 358 Ausgewanderten vergleichsweise hoch. (Quelle: statistisches Bundesamt).<br \/>\nVor allem die gut ausgebildete Mittel- und obere Mittelschicht verlassen seither das Land.<br \/>\nAngesichts der Bildungs- und Qualifikationsdefizite der Eingeschleusten, sprachen manche Medien davon, dass die Falschen kommen, w\u00e4hrend die Richtigen gehen.<br \/>\nAber auch immer mehr Million\u00e4re verlassen samt ihrem finanziellen Wohlstand das Land. Waren es noch bis 2015 im Schnitt eintausend Million\u00e4re, die Deutschland den R\u00fccken kehrten, so verlie\u00dfen 2016 schon 4000 Million\u00e4re das Land. (Quelle: New World Wealth). Tendenz steigend.<br \/>\n11.7.2019, B.V., ETO<br \/>\n.<br \/>\n<strong>Diesen Brief unterschreiben meine Frau und ich!<\/strong><br \/>\nWir sind als \u00c4rzte und meine Frau als Chefin eines Familienunternehmens allerdings vor 1 1\/2 Jahren schon ausgewandert. F\u00fcr mich war das eine Sache der W\u00fcrde, denn es ist nicht einfach, sein Heimatland zu verlieren. Faktisch hatte ich aber keine andere M\u00f6glichkeit, weil mir mein Land und die Menschen in meiner Umgebung in den letzten 10 Jahren so fremd geworden sind, da\u00df es sich nun einfacher hier in der Fremde leben l\u00e4sst.<br \/>\nIch hasse, was Merkel &amp; Co aus Deutschland gemacht haben! Das ist jetzt mal offener Hass, Kahane\/Haldenwang (ihr Appendix der Antifa-Nazis)!<br \/>\n11.7.2019, F.F.<br \/>\n.<br \/>\n<strong>Schon wieder die Deutschen<\/strong><br \/>\nDas sind wohl die Resultate einer funktionierenden Umerziehung der Deutschen. Nicht nachdenken, nichts in Frage stellen&#8230; sch\u00f6n immer dem kollektiven Schuldkult folgend und jetzt kommen die jungen, hirngewaschenen, in ewigem Schuldkuld moralin-sauren Erzogenen an die Oberfl\u00e4che und wollen mit ihrer alles zu vergebenen Moral die Welt erneuern, bzw. vereinnahmen. Schon wieder die Deutschen, die sich jetzt anma\u00dfen, Italien oder andere unwillige Staatsv\u00f6lker, die keine Migranten aufnehmen wollen, zu verurteilen und zu sanktionieren.<br \/>\n11.7.2019, S.N.<\/p>\n","protected":false},"excerpt":{"rendered":"<p>Guten Tag, Frau Bundeskanzlerin Dr. Angela Merkel. Ich hei\u00dfe Helmut Markus und bin Reifenh\u00e4ndler. Mein Leben lang habe ich gearbeitet, \u2013 flei\u00dfig, p\u00fcnktlich, diszipliniert. Ich bin ein typisch deutscher Malocher, sogar ein \u201causgezeichneter\u201d: 2004 wurde ich mit dem hessischen Gr\u00fcnderpreis &hellip; <a href=\"https:\/\/www.freiburg-schwarzwald.de\/blog\/mittelstand-brief-an-merkel-l\/\">Weiterlesen <span class=\"meta-nav\">&rarr;<\/span><\/a><\/p>\n","protected":false},"author":2,"featured_media":0,"comment_status":"open","ping_status":"closed","sticky":false,"template":"","format":"standard","meta":{"footnotes":""},"categories":[4,58,23,40,171,172],"tags":[382,559,633,549,525],"class_list":["post-73809","post","type-post","status-publish","format-standard","hentry","category-branchen","category-familie","category-handel","category-klima","category-verbraucher","category-zukunft","tag-arbeit-working","tag-business","tag-demokratie","tag-gesetz","tag-politik"],"_links":{"self":[{"href":"https:\/\/www.freiburg-schwarzwald.de\/blog\/wp-json\/wp\/v2\/posts\/73809","targetHints":{"allow":["GET"]}}],"collection":[{"href":"https:\/\/www.freiburg-schwarzwald.de\/blog\/wp-json\/wp\/v2\/posts"}],"about":[{"href":"https:\/\/www.freiburg-schwarzwald.de\/blog\/wp-json\/wp\/v2\/types\/post"}],"author":[{"embeddable":true,"href":"https:\/\/www.freiburg-schwarzwald.de\/blog\/wp-json\/wp\/v2\/users\/2"}],"replies":[{"embeddable":true,"href":"https:\/\/www.freiburg-schwarzwald.de\/blog\/wp-json\/wp\/v2\/comments?post=73809"}],"version-history":[{"count":0,"href":"https:\/\/www.freiburg-schwarzwald.de\/blog\/wp-json\/wp\/v2\/posts\/73809\/revisions"}],"wp:attachment":[{"href":"https:\/\/www.freiburg-schwarzwald.de\/blog\/wp-json\/wp\/v2\/media?parent=73809"}],"wp:term":[{"taxonomy":"category","embeddable":true,"href":"https:\/\/www.freiburg-schwarzwald.de\/blog\/wp-json\/wp\/v2\/categories?post=73809"},{"taxonomy":"post_tag","embeddable":true,"href":"https:\/\/www.freiburg-schwarzwald.de\/blog\/wp-json\/wp\/v2\/tags?post=73809"}],"curies":[{"name":"wp","href":"https:\/\/api.w.org\/{rel}","templated":true}]}}