{"id":7375,"date":"2012-07-20T06:45:23","date_gmt":"2012-07-20T06:45:23","guid":{"rendered":"https:\/\/www.freiburg-schwarzwald.de\/blog\/?p=7375"},"modified":"2012-07-20T06:45:23","modified_gmt":"2012-07-20T06:45:23","slug":"st-wilhelm-bei-oberried-neue-kreisstrasse-einweihungsfest","status":"publish","type":"post","link":"https:\/\/www.freiburg-schwarzwald.de\/blog\/st-wilhelm-bei-oberried-neue-kreisstrasse-einweihungsfest\/","title":{"rendered":"St.Wilhelm bei Oberried &#8211; Neue Kreisstrasse &#8211; Einweihungsfest"},"content":{"rendered":"<p>Am kommenden Montag, dem 23. Juli 2012 um 16 Uhr findet in St. Wilhelm im Beisein von Beh\u00f6rden-Vertretern, Kreistag- und Gemeinder\u00e4ten sowie des Ortschaftsrates die offizielle Er\u00f6ffnung der neu ausgebauten Kreisstra\u00dfe 4959 durch die Landr\u00e4tin des Landkreises Breisgau-Hochschwarzwald, Dorothea St\u00f6rr-Ritter und B\u00fcrgermeister Franz-Josef Winterhalter im <a title=\"Oberried\" href=\"https:\/\/www.freiburg-schwarzwald.de\/blog\/regio\/orte\/oberried\/\">Oberrieder<\/a> Ortsteil St. Wilhelm statt. Treffpunkt der Er\u00f6ffnungsfeierlichkeiten ist die Schulhausbr\u00fccke beim Parkplatz oberhalb des Wohngebietes Maierhof. Nach den Er\u00f6ffnungsreden und dem obligatorischen Durchschneiden des Stra\u00dfenbandes findet im benachbarten Sch\u00fctzenhaus ein Fassanstich verbunden mit einem gem\u00fctlichen Beisammensein und dem Luftgewehr-Ehrenscheibenschie\u00dfen statt. <!--more-->F\u00fcr Speisen, Getr\u00e4nke und musikalische Umrahmung ist gesorgt, denn die gesamte Bev\u00f6lkerung, besonders des Ortsteiles St. Wilhelm, ist herzlich eingeladen. Die Einwohner der Gesamtgemeinde Oberried haben die M\u00f6glichkeit, bereits am Freitag, dem 20. Juni 2012 ab 19:30 Uhr auf verkleinerte Abbildungen der speziell zu diesem Anlass handgemalten Ehrenscheibe kostenfrei zu schie\u00dfen. Die drei bestplatzierten Sch\u00fctzen werden auf der Ehrenscheibe, die in der Ortsverwaltung St. Wilhelm ihren Platz findet, namentlich verzeichnet, erhalten nebst Urkunde einen Gastronomie-Gutschein. Es ist pro Teilnehmer nur ein Gl\u00fccksschuss m\u00f6glich. Die Siegerehrung findet dann am Montag, den 23. Juli 2012 gegen 21 Uhr statt.<br \/>\nGerhard L\u00fcck, <a href=\"https:\/\/www.dreisamtaeler.de\">www.dreisamtaeler.de<\/a><\/p>\n","protected":false},"excerpt":{"rendered":"<p>Am kommenden Montag, dem 23. Juli 2012 um 16 Uhr findet in St. Wilhelm im Beisein von Beh\u00f6rden-Vertretern, Kreistag- und Gemeinder\u00e4ten sowie des Ortschaftsrates die offizielle Er\u00f6ffnung der neu ausgebauten Kreisstra\u00dfe 4959 durch die Landr\u00e4tin des Landkreises Breisgau-Hochschwarzwald, Dorothea St\u00f6rr-Ritter &hellip; <a href=\"https:\/\/www.freiburg-schwarzwald.de\/blog\/st-wilhelm-bei-oberried-neue-kreisstrasse-einweihungsfest\/\">Weiterlesen <span class=\"meta-nav\">&rarr;<\/span><\/a><\/p>\n","protected":false},"author":4,"featured_media":0,"comment_status":"closed","ping_status":"closed","sticky":false,"template":"","format":"standard","meta":{"footnotes":""},"categories":[180,118],"tags":[],"class_list":["post-7375","post","type-post","status-publish","format-standard","hentry","category-hochschwarzwald","category-verkehr"],"_links":{"self":[{"href":"https:\/\/www.freiburg-schwarzwald.de\/blog\/wp-json\/wp\/v2\/posts\/7375","targetHints":{"allow":["GET"]}}],"collection":[{"href":"https:\/\/www.freiburg-schwarzwald.de\/blog\/wp-json\/wp\/v2\/posts"}],"about":[{"href":"https:\/\/www.freiburg-schwarzwald.de\/blog\/wp-json\/wp\/v2\/types\/post"}],"author":[{"embeddable":true,"href":"https:\/\/www.freiburg-schwarzwald.de\/blog\/wp-json\/wp\/v2\/users\/4"}],"replies":[{"embeddable":true,"href":"https:\/\/www.freiburg-schwarzwald.de\/blog\/wp-json\/wp\/v2\/comments?post=7375"}],"version-history":[{"count":0,"href":"https:\/\/www.freiburg-schwarzwald.de\/blog\/wp-json\/wp\/v2\/posts\/7375\/revisions"}],"wp:attachment":[{"href":"https:\/\/www.freiburg-schwarzwald.de\/blog\/wp-json\/wp\/v2\/media?parent=7375"}],"wp:term":[{"taxonomy":"category","embeddable":true,"href":"https:\/\/www.freiburg-schwarzwald.de\/blog\/wp-json\/wp\/v2\/categories?post=7375"},{"taxonomy":"post_tag","embeddable":true,"href":"https:\/\/www.freiburg-schwarzwald.de\/blog\/wp-json\/wp\/v2\/tags?post=7375"}],"curies":[{"name":"wp","href":"https:\/\/api.w.org\/{rel}","templated":true}]}}