{"id":73570,"date":"2019-07-03T08:10:58","date_gmt":"2019-07-03T06:10:58","guid":{"rendered":"https:\/\/www.freiburg-schwarzwald.de\/blog\/?p=73570"},"modified":"2019-07-03T18:41:38","modified_gmt":"2019-07-03T16:41:38","slug":"eu-vdl-schwach-lagarde-stark","status":"publish","type":"post","link":"https:\/\/www.freiburg-schwarzwald.de\/blog\/eu-vdl-schwach-lagarde-stark\/","title":{"rendered":"EU: vdL schwach &#8211; Lagarde stark"},"content":{"rendered":"<p>Der Vorschlag von Ursula von der Leyen (vdL) zur EU-Kommissionspr\u00e4sidentin zeigt erneut, wie <a title=\"EU-Reform: AKK versus Macron\" href=\"https:\/\/www.freiburg-schwarzwald.de\/blog\/eu-reform-akk-versus-macron\/\">reformbed\u00fcrftig<\/a> &#8211; weil <a title=\"Demokratie\" href=\"https:\/\/www.freiburg-schwarzwald.de\/blog\/engagement\/zukunft\/demokratie\/\">undemokratisch<\/a> und schwerf\u00e4llig &#8211; die EU ist. Den \u00fcber 400 EU-B\u00fcrgern hat man im <a title=\"Europawahl\" href=\"https:\/\/www.freiburg-schwarzwald.de\/blog\/global\/eu\/europawahl\/\">Wahlkampf<\/a> Personen und Parteib\u00fcndnisse vorgestellt, um danach entt\u00e4uscht feststellen zu m\u00fcssen, dass diese <a title=\"EU-Wahlbeteiligung erfreulich\" href=\"https:\/\/www.freiburg-schwarzwald.de\/blog\/eu-wahlbeteiligung-erfreulich\/\">bei Ihrer Wahl<\/a> \u00fcberhaupt nicht ber\u00fccksichtigt wurden. <!--more-->Wozu dann w\u00e4hlen? So funktioniert Demokratie nicht. Eine rasche <a title=\"EU-Reform\" href=\"https:\/\/www.freiburg-schwarzwald.de\/blog\/global\/eu\/eu-reform\/\">EU-Reform<\/a> ist \u00fcberf\u00e4llig. Aber dazu wird es nicht kommen:<\/p>\n<p>vdL wird als schwache Kommissionspr\u00e4sidentin nun nicht mehr von Bundeswehrlobbyisten (Gorch Fock), sondern von den zahlreichen EU-Lobbyisten beraten.<br \/>\nLagarde hingegen wird als starke EZB-Pr\u00e4sidentin \u00fcber Niedrigzinsen alles f\u00fcr den <a title=\"Euro\" href=\"https:\/\/www.freiburg-schwarzwald.de\/blog\/global\/eu\/euro\/\">Euro<\/a> und Frankreichs Defizitabbau tun &#8211; ein gro\u00dfer Sieg von Macron und der Diplomatie Frankreichs. Eine armselige deutsche Politik. Und eine unehrliche Bundeskanzlerin, die mit Manfred Weber nur zum Schein hofierte.<br \/>\n3.7.2019<\/p>\n<p><strong>Der <a title=\"Europawahl\" href=\"https:\/\/www.freiburg-schwarzwald.de\/blog\/global\/eu\/europawahl\/\">W\u00e4hlerwille<\/a> ist denen in Br\u00fcssel schnuppe<\/strong><br \/>\nDamit sind wir einen gro\u00dfen Schritt zur Abschaffung der EU n\u00e4her. So deutlich wie jetzt, wurde dem W\u00e4hler selten vor Augen gef\u00fchrt, dass der aktuellen politische Clique (mehr ist es nicht), egal ob Deutschland oder Europa, der <a title=\"Manipulation\" href=\"https:\/\/www.freiburg-schwarzwald.de\/blog\/kultur\/medien\/manipulation\/\">W\u00e4hlerwille vollkommen schnuppe<\/a> ist. Warum macht sich der W\u00e4hler auf, opfert seine Zeit und setzt sein Kreuz dorthin, wo er sich am besten vertreten f\u00fchlt? Die vergangene EU-Wahl ist damit vollkommen entwertet worden. Das merkt auch der einfachste B\u00fcrger. Die einzige positive Nachricht ist hier, dass man es geschafft hat, die Sozialdemokraten und die Gr\u00fcnen von wichtigen Posten fern zuhalten. Aber das war\u2019s auch schon&#8230;<br \/>\n3.7.2019 N.M.<br \/>\n.<br \/>\nDie gr\u00f6\u00dften Verlierer sind rund 400 Mio. W\u00e4hler aller Mitgliedsstaaten im Besonderen und die Demokratie im Allgemeinen. Man hat Personen gew\u00e4hlt, die Wahlkampf betrieben und sich den Menschen vorgestellt haben und erkl\u00e4rt bekommen, wen man nicht w\u00e4hlen sollte.<br \/>\nJeder kann f\u00fcr sich selbst entscheiden, ob man es sich k\u00fcnftig \u00fcberhaupt noch lohnt, seine Stimme bei einer Europawahl abzugeben. Ein fassungsloser EU-B\u00fcrger, der mit Europa abgeschlossen hat.<br \/>\n3.7.2019, O.L., WO<br \/>\nDie Briten haben es richtig gemacht und sind aus diesem Affenzirkus ausgestiegen. Wundert sich bei solchen Personalentscheidungen noch jemand, das immer mehr Menschen der EU skeptisch bis negativ gegen\u00fcber stehen?<br \/>\n3.7.2019 H.E., WO<br \/>\nEine ungeheuerische Mauschelei und ich hoffe, dass das EU-Parlament in Strasbourg dies nicht akzeptiert. Erst schickt man Kandidaten auf Tournee und jetzt ist keine\/r mehr im Rennen. Was soll die ganze Abstimmung? Lasst die Menschen direkt w\u00e4hlen oder h\u00f6rt auf. Was jetzt gemacht wird\/wurde, ist nicht die L\u00f6sung<br \/>\n3.7.2019, W.A., WO<\/p>\n<p><strong>von der Leyen und Lagarde &#8211; die doppelte Fehlentscheidung<\/strong><br \/>\nUrsula von der Leyen als Kommissionspr\u00e4sidentin und Christine Lagarde als EZB-Chefin: Das sind zwei Fehlentscheidungen mit Folgewirkungen f\u00fcr die Politik in Europa und den Euro.<br \/>\nDeutschland h\u00e4tte ja dann eine Kommissionspr\u00e4sidentin, die offenkundig unf\u00e4hig ist \u2013 und jetzt eine EZB-Pr\u00e4sidentin, die den Euro und die B\u00fcrger in seinem Einflussbereich teuer zu stehen kommen wird. Damit ist ein geldpolitischer Weg vorgezeichnet, der besagt: Noch niedrigere Zinsen, noch h\u00f6here Belastung der Sparer und Inhaber von Lebensversicherungen, noch weitere Versch\u00e4rfung der l\u00e4ngst bedrohlichen Schieflage deutscher Banken \u2013 alles f\u00fcr den Euro und die Kassen Frankreichs, die damit gep\u00e4ppelt werden k\u00f6nnen. Ich hatte ja erwartet, dass ein gestutzter Jens Weidmann diese Aufgabe \u00fcbernehmen sollte \u2013 mit Lagarde ist der Zugriff gesichert, ohne Risiko, dass sich einer auf die Tradition der Bundesbank bes\u00e4nne.<br \/>\n<em><strong>Damit steht am Ende eine Personalentscheidung, die doppelt falsch ist. Jedes Vorurteil gegen die Postenschacherei, die undurchsichtige Gemengelage, das Demokratiedefizit und die personifizierte Unf\u00e4higkeit des Spitzenpersonals der EU, jedes dieser Vorurteile wurde best\u00e4tigt.<\/strong> <\/em>Die schon gro\u00dfe Zahl der EU-Gegner wird zunehmen. Man kann ihnen nichts mehr entgegenhalten. Es ist ein Intrigantenstadel, nicht mehr. Sorgen um die EU sind jetzt mehr als berechtigt.<br \/>\n&#8230;.. Alles vom 3.7.2019 bitte lesen auf<br \/>\n<a href=\"https:\/\/www.tichyseinblick.de\/tichys-einblick\/lagarde-und-von-der-leyen-die-doppelte-fehlentscheidung-fuer-die-eu\/\">https:\/\/www.tichyseinblick.de\/tichys-einblick\/lagarde-und-von-der-leyen-die-doppelte-fehlentscheidung-fuer-die-eu\/<\/a><\/p>\n<p><strong>&#8230; alte wei\u00dfe Frauen<\/strong><br \/>\nUnd wie titelt die ZEIT: \u201eMit Doppelspitze Ursula von der Leyen und Christine Lagarde stehen f\u00fcr Aufbruch \u2013 Europa kann weiblicher und globaler werden\u201c<br \/>\nhttps:\/\/www.zeit.de\/2019\/28\/eu-kommission-ursula-von-der-leyen-christine-lagarde-europa<br \/>\nRealsatire vom Allerfeinsten, statt alter wei\u00dfer M\u00e4nner alte wei\u00dfe Frauen jenseits des Klimakteriums, so sieht Verj\u00fcngung und \u201eAufbruch\u201c aus. Die EU wird immer mehr zur globalen Lachnummer, wer soll den Klamauk denn noch ernst nehmen? Die Amerikaner? Sicher nicht? Die Chinesen? Ganz sicher auch nicht. Und was der Rest so denkt wenn Uschi auf Reisen geht mag ich mir nicht mal vorstellen.<br \/>\n3.7.2019, RUH, TO<br \/>\n.<br \/>\n.<strong>.. wer nicht h\u00fcpft oder w\u00e4hlt ist Leugner\/Skeptiker\/Hasser\/Hetzer\/Nazi<\/strong><br \/>\nDas hat alles nichts mehr mit Politik oder EU zu tun. Da ist eine Clique an Selbstversorgern und Gaunern am Werk. Ich bin nie davon ausgegangen, das das was gescheites bei raus kommen wird, aber Ursel und Lagarde, das kommt wirklich unerwartet. Was wurde ein Tam Tam gemacht um diese EU Wahl und wie uns verkauft wurde, das es hier quasi um Leben und Tod geht, wer nicht h\u00fcpft oder w\u00e4hlt ist Leugner\/Skeptiker\/Hasser\/Hetzer\/Nazi oder was auch immer, um dann fest zu stellen, alles egal, die Gauner in Br\u00fcssel wollten nur ein Ergebnis bei dem sie ungeniert wieder zugreifen k\u00f6nnen. Und ihren letzten Absatz, Herr Tichy, sehe ich mich erschrecken genauso. Die werden mit aller Kraft und Wucht andere Meinungen unterdr\u00fccken. Dann hoffe ich aber auf europaweite Gelbwesten.<br \/>\n3.7.2019, ES, TO<br \/>\n.<br \/>\n<strong>EU ist, wenn Frankreich Europa mit deutschem Verm\u00f6gen regiert<\/strong><br \/>\nSchr\u00f6der sagte einst sinngem\u00e4\u00df \u00fcber Angela Merkel \u201eSie kann es nicht\u201c. Schr\u00f6der wei\u00df selbst nicht, wie sehr er damit noch untertrieben hatte. Macron hat genau das erreicht, was er wollte.<br \/>\nDie Nachbesetzung des \u201eIschias\u201c spielte f\u00fcr ihn nie eine Rolle, warum auch. Wichtig war es f\u00fcr Frankreich und die anderen S\u00fcdl\u00e4nder lediglich, das die Null-Zins-Politik der EZB -und damit die illegale Finanzierung der EUrop\u00e4ischen Pleitestaaten auf Kosten der deutschen Sparer- fortgef\u00fchrt werden kann. Zu gro\u00df war f\u00fcr die S\u00fcdl\u00e4nder die Gefahr, das der Deutsche Jens Weidmann eventuell den bisherigen, EUrop\u00e4ischen Beauftragen f\u00fcr die systematische Auspl\u00fcnderung Deutschlands, EZB-Chef Draghi, h\u00e4tte abl\u00f6sen k\u00f6nnen. Und Frau Merkel -EUrop\u00e4isch ohnehin geschw\u00e4cht wie ein ausged\u00f6rrter Landvogt- fehlte es gewohnt an Weitsicht und Format, die wahren Absichten Macrons, Weber abzulehnen, zu erkennen. Macron hat Frau Merkel sprichw\u00f6rtlich \u201everarscht\u201c, es gibt kein anderes Wort daf\u00fcr.<br \/>\nUnd weil Frau Merkel sich bis dato in EUropa so beliebt gemacht hatte wie Flinten-Uschi sich bei der Bundeswehr, ist es auch kein Wunder, das die Ost-EUrop\u00e4er dies als Stunde ihrer Rache ansahen um es Merkel mal so richtig heimzahlen zu k\u00f6nnen. Nicht das ich ein Problem damit h\u00e4tte das Merkel endlich bekam was sie verdiente aber als Deutscher Steuerzahler habe ich es endg\u00fcltig satt, das Frankreich \u00fcber diese Alibi-Funktion von einer \u201eEU\u201c auch noch durch Beihilfe unf\u00e4hige deutsche Politiker den alten Vertrag von Versailles fortf\u00fchren, die bedingungslose Auspl\u00fcnderung Deutschlands. Dazu werden wir nicht mehr nur ausgepl\u00fcndert, nein zwischenzeitlich wird auch noch immer mehr nationales Recht durch eine ausl\u00e4ndische Institution namens EUrop\u00e4ischem Gerichtshof au\u00dfer Kraft gesetzt. Und zum Dank bekommen wir dann so eine demokratische Institution, wo EUropa-Wahlen zur Verarsche und Volksbelustigung durchgef\u00fchrt, die zuk\u00fcnftigen Lenker aber in Hinterzimmer zum Wohle Dritter ausgekl\u00fcgelt werden.<br \/>\nDabei heraus kommt dann, dass die EUrop\u00e4ische Union erstmalig eine Gr\u00fc\u00dfaugustine bekommen soll, die zwischenzeitlich selbst mehr oder weniger in Verdacht geriet, eventuell aufgrund zumindest \u201eseltsamer\u201c Beratervertr\u00e4ge (McKinsey) die Grenzen der Legalit\u00e4t ausgetestet zu haben.<br \/>\nUnd im Zweiten kommt dabei heraus, das als oberste W\u00e4hrungsh\u00fcterin der EU zuk\u00fcnftig ebenfalls eine Dame (M\u00e4nner gibt es in der Politik vermutlich bald nicht mehr) eingesetzt werden soll , die noch Am 19. Dezember 2016 durch den Gerichtshof der Republik Frankreich des fahrl\u00e4ssigen Umgangs mit \u00f6ffentlichen Geldern schuldig gesprochen wurde. Um es kurz zu machen, so eine Person w\u00fcrde aufgrund dieser Verurteilung in der freien Wirtschaft nicht einmal mehr einen Posten an einer Supermarkt-Kasse bekommen, Frau Merkel hilft aber dabei, sie im Sinne Frankreichs an die gr\u00f6\u00dfte Kasse EUropas zu setzen. Nun liebe klimarettenden Jungw\u00e4hler, wenn das Eure Vision von \u201eDemokratie\u201c und \u201eAbschaffung der Nationalstaaten zum Wohle der ganzen Welt\u201c sein soll, f\u00fcr die Ihr alle so eifrig zur Wahlurne, Stichwort \u201eSchicksalswahl Europa\u201c gerannt seid, dann w\u00fcnsche ich Euch auch weiterhin viel Vergn\u00fcgen. Ich durfte immerhin noch Jahrzehnte in einer wahren Demokratie leben. Nun freut Euch auf k\u00fcnftige Negativzinsen und saftige Co2-Steuern. Dann werden zu hohe Rentenbeitr\u00e4ge ganz sicher Euer kleinstes Problem werden.<br \/>\n3.7.2019, ALI, TO<br \/>\n.<br \/>\n<strong>Ein grandioser Sieg f\u00fcr Frankreich und die Finanzindustrie; Chapeau<\/strong><br \/>\nLeider ist die EU so verschwurbelt, da\u00df das abermalige (absichtliche?) Versagen der deutschen Politelite wohl kaum zu den Landtagswahlen durchdringen wird\u2026<br \/>\n3.7.2019, M.T., TO<br \/>\n.<br \/>\n<strong>Was tut das EU-Parlament?<\/strong><br \/>\nEs wird interessant sein wie das EU Parlament jetzt agiert. Ist es wirklich der Ort der Gerechtigkeit, des Friedens und der Demokratie- f\u00fcr den es sich selbst h\u00e4lt oder doch nur ein korrupter nach P\u00f6stchen schielender Haufen abgetakelter Politclowns. Einzig die Ablehnung von Frau vdL kann das Gesicht des sogenannten Parlaments noch wahren, aber sowohl die Gr\u00fcnen als auch die SPD werden \u201ezur Verhinderung einer Blockade\u201c die Farce mitspielen- garantiert. Eine vorher abgesprochene Enthaltung wird den Haltungsdemokraten zwar das Gesicht wahren, aber an der Sache nix \u00e4ndern. So sind sie halt unsere Salonsozialisten.<br \/>\n3.7.2019, F.D.<\/p>\n<p>.<br \/>\n<strong>Uschi, die letzte Granate der EU<\/strong><br \/>\nEs k\u00f6nnte immerhin eine gute Nachricht f\u00fcr die deutsche Bundeswehr sein: Ursula von der Leyen wird die neue EU-Kommissionspr\u00e4sidentin. Das hei\u00dft, sie verl\u00e4sst das Verteidigungsministerium und r\u00e4umt den Posten vielleicht f\u00fcr einen f\u00e4higeren Nachfolger. Es w\u00e4re ja nicht schlecht, wenn eine Armee, die den Steuerzahler doch viele, viele Milliarden kostet, wieder einsatzf\u00e4hige Hubschrauber, Flugzeuge, Panzer, Schiffe, U-Boote und Gewehre bek\u00e4me. Aber, ob das so kommt, h\u00e4ngt nat\u00fcrlich wiederum vom Nachfolger ab, und unter den m\u00f6glichen Anw\u00e4rtern sind auch nicht gerade viele Hoffnungstr\u00e4ger zu entdecken. Doch hier sollte am Anfang wenigstens etwas Positives stehen.<br \/>\nAnsonsten wirkt die Personalie, die sich die Staats- und Regierungschefs der EU augekungelt haben, wie eine schlechte Satire. Die so hoch gejubelten Spitzenkandidaten, die vor der \u201eSchicksalswahl f\u00fcr Europa\u201c pr\u00e4sentiert wurden, hatten keine Chance. Einen Manfred Weber wollte der franz\u00f6sische Pr\u00e4sident nicht und Frans Timmermans lehnten die Visegrad-Staaten ab. Ausgerechnet auf Ursula von der Leyen konnten sich alle einigen. Vielleicht wirkte eine Deutsche, die die deutsche Armee in die weitgehende Kampfunf\u00e4higkeit reformiert hat, auf L\u00e4nder, die einst von der deutschen Wehrmacht \u00fcberfallen wurden, irgendwie beruhigend.<br \/>\nWer die EU nicht sonderlich mag, hat vielleicht in dieser Personalie auch eine Garantie f\u00fcr die nachhaltige Schw\u00e4chung des Br\u00fcsseler Apparats gesehen. So ist es vielleicht zu verstehen, wenn beispielsweise die Welt berichtet, dass sich insbesondere Ungarns Ministerpr\u00e4sident Viktor Orban f\u00fcr die Personalie von der Leyen ausgesprochen haben soll. Orbans Sprecher habe demnach beispielsweise gestern getwittert, das neue Personalpaket um von der Leyen \u201egewinne Akzeptanz bei einer wachsenden Zahl von Mitgliedsstaaten\u201c. Auch die EU-skeptische italienische Regierung habe sich zustimmend ge\u00e4u\u00dfert. Aus Sicht von Regierungschef Giuseppe Conte spreche f\u00fcr von der Leyen unter anderem ihre Erfahrung als fr\u00fchere Familienministerin, wird ein EU-Diplomat zitiert. Vielleicht gilt es dort als hilfreich, wenn die Frau die EU-Gremien k\u00fcnftig f\u00fchrt wie eine Kindergartengruppe.<br \/>\n&#8230; Alles vom 3.7.2019 bitte lesen auf<br \/>\n<a href=\"https:\/\/www.achgut.com\/artikel\/uschi_die_letzte_granate_der_eu\">https:\/\/www.achgut.com\/artikel\/uschi_die_letzte_granate_der_eu<br \/>\n<\/a>\u00a0.<br \/>\n<strong>Europawahlkampf eine einzige gro\u00dfe Farce<\/strong><br \/>\nEndlich soll eine Frau auf dem Chefsessel der Europ\u00e4ischen Kommission Platz nehmen. Noch dazu die erste Deutsche, seit Walter Hallstein die Beh\u00f6rde in den 60er-Jahren f\u00fchrte. Das k\u00f6nnte ein Grund zum Feiern sein. Ist es aber nicht. Denn mit der Aufstellung der Spitzenkandidaten Manfred Weber von der CSU f\u00fcr die Konservativen und Frans Timmermans f\u00fcr die Sozialdemokraten hatten die europ\u00e4ischen Parteien den W\u00e4hlern ein Versprechen gegeben, das ihre Regierungschefs nun gebrochen haben.<br \/>\nIn der R\u00fcckschau betrachtet war der Europawahlkampf eine einzige gro\u00dfe Farce, in der sich Weber und Timmermans v\u00f6llig sinnlos abstrampelten, um der Sache etwas W\u00fcrze zu verleihen. Das Argument, dass viele W\u00e4hler die beiden ohnehin nicht kannten, sticht dabei nicht. Wer sich informierte, bevor er sein Kreuzchen machte, musste davon ausgehen, ein Mitspracherecht bei der Wahl des Kommissionspr\u00e4sidenten zu haben.<br \/>\nMachtpolitik hinter verschlossenen T\u00fcren. Seit der ersten Direktwahl 1979 sinkt die Wahlbeteiligung bei Europawahlen stetig. Deshalb verfiel man 2014 darauf, Martin Schulz und Jean-Claude Juncker als Spitzenkandidaten der gro\u00dfen Parteien ins Rennen um das Spitzenamt in Br\u00fcssel zu schicken. F\u00fcnf Jahre sp\u00e4ter haben sich Weber und Timmermans f\u00fcr die europ\u00e4ische Sache ins Zeug gelegt \u2013 die Wahlbeteiligung stieg erstmals wieder an. Doch nun stehen sie und die W\u00e4hler mit leeren H\u00e4nden da.<br \/>\n.. Alles vom 2.7.2019 bitte lesen auf<br \/>\n<a href=\"https:\/\/www.badische-zeitung.de\/versprechen-gebrochen-der-europawahlkampf-war-eine-einzige-grosse-farce\">https:\/\/www.badische-zeitung.de\/versprechen-gebrochen-der-europawahlkampf-war-eine-einzige-grosse-farce<\/a><\/p>\n<p>.<\/p>\n<p><strong>Zwei Fliegen &#8230;<\/strong><br \/>\nIch hoffe die Frau UvdL wird es. Zwei Fliegen mit einer Klappe geschlagen. Die Bundeswehr kann dann neu durchstarten, und die EU ist dadurch schneller an ihr Ende angelangt. Ja die Frau ist die beste Wahl f\u00fcr die EU.<br \/>\n3.7.2019,, V.A.<\/p>\n<p>Ich habe auf DIESE EU \u00fcberhaupt keine Lust mehr. Und niemand von diesen Postenschachern soll die demokratische Grundwerte jemals mehr in den Mund nehmen &#8211; geschweigen denn auf andere L\u00e4nder zeigen. Da sind die Wahlen in Russland oder der T\u00fcrkei wirklich demokratisch dagegen!<br \/>\nL.W.<br \/>\n.<br \/>\nWarum habe ich mich am Wahlsonntag (gro\u00dfe Schicksalswahl) aus dem Bett gequ\u00e4lt um mein Kreuz f\u00fcr eine nominierte Person (Partei) zumachen, wenn nachher eine ganz andere Person aus der Clownskiste springt. Dann ist es sogar noch eine Person gegen die noch ein Ermittlungsverfahren l\u00e4uft.<br \/>\nMan sieht das die Europawahl nur eine Face ist, damit man in der \u00d6ffentlichkeit von demokratische Wahlen schwafeln kann. Jetzt sollten selbst bei den Europabef\u00fcrworter die Augen auf gehen, was die EU in Wirklichkeit ist. Eine Vereinigung f\u00fcr Lobbyisten, der B\u00fcrger an sich spielt dabei absolut keine Rolle, nicht die kleinste Rolle. Nicht nur Deutschland wurde get\u00e4uscht, die ganze EU W\u00e4hler wurden get\u00e4uscht. Die EU hat bei mir Ihren Kredit verspielt, nichts geht mehr.<br \/>\nAber Gl\u00fcckwunsch an Frankreich, der eigentliche Gewinner der EU Wahl, mit einen der Ihren als EZB Chef, sind die weiteren Schulden (das Schulden machen) von Frankreich f\u00fcr die n\u00e4chsten 5 Jahre gesichert. Aber mal man sehen wer f\u00fcr all die Schulden der EU L\u00e4nder, f\u00fcr die eventuelle Schulden Umverteilung (Banken Union) letztendlich auf kommt, ich ahne schlimmes!<br \/>\n3.7.2019, E.P.<br \/>\n.<br \/>\nV.d. Leyen ist die beste Wahl, statt Weber oder noch schlimmer Altmaier. Sie vertritt konservative Positionen, ist Deutsche auch wenn sie in der letzten Zeit kein gl\u00fccklichliches H\u00e4ndchen hatte. Geben wir ihr die ber\u00fchmten 100 Tage und sehen dann mal weiter.<br \/>\n&#8230;Im \u00fcbrigen ist von der Leyen einer hochintelligente Frau, die mich in Interviews immer wieder durch ihr Verst\u00e4ndnis selbst kompliziertester Sachverhalte begeistert hat. Gute Entscheidung des Rats.<br \/>\n3.7.2019, K.T.<br \/>\nGewinner sind auch die Visgr\u00e1d-Staaten, die die beiden untragbaren &#8222;Spitzenkandidaten&#8220; verhindert haben. Weber ist einfach unf\u00e4hig, der Holl\u00e4nder Timmermans hingegen ein Feind der Nationalstaaten und von Mittel-Europa. Gut so!<br \/>\n3.7.2019, A.K.<br \/>\nNach dieser Personalie wird es mich gro\u00dfe \u00dcberwindung kosten, zur n\u00e4chsten EU-Wahl zu gehen. Jeder halbwegs normal denkende Mensch kann jetzt erkennen, dass EU und Demokratie praktisch unvereinbar geworden sind. Wo sind nur die hehren Ziele von damals geblieben in diesem uns\u00e4glichen Kungelhaufen?<br \/>\nJ.H.<br \/>\n88% der EU-B\u00fcrger gehen w\u00e4hlen. Kommissionschefin wird dann eine, deren Nominierung von repr\u00e4sentativen 75% aus dem Herkunftsland eher negativ oder negativ gesehen wird (siehe Umfrage in WO an anderer Stelle) und die nicht der meistgew\u00e4hlten Partei angeh\u00f6rt.<br \/>\nJ.M.<br \/>\nDass die &#8222;Geschlechter-Ausgewogenheit&#8220; gewonnen hat wird die &#8222;Geschlechter-Ausgewogenheit&#8220; pers\u00f6nlich ganz sehr freuen. Da ist die bestimmt ganz happy damit.<br \/>\nSonst niemanden, es geht bei hohen \u00c4mtern an sich um irgendeine Qualifikation, davon ist bei vdL nichts vorhanden.<br \/>\nS.M.<br \/>\nDer wirklich interessante Befund bei all dem ist doch die unerwartete Achse zwischen Macron und Orban. Offenbar ist es beiden &#8211; und eben nicht nur Orban &#8211; wichtig, weiterhin die Rolle der Nationalstaaten zu behaupten.<br \/>\nK.M.<br \/>\nDes einen Freud, des anderen Leid!<br \/>\nDie Bundeswehr freut es, diese unf\u00e4hige Frau an ihrer Spitze endlich loszuwerden. Und man darf gespannt sein, ob sich die Vetterles- und Beraterwirtschaft jetzt auf EU-Ebene weiter fortsetzen wird. Frau v.d.Leyens Sohn soll ja im weiteren Sinnen h\u00fcbsch &#8211; millionenfach &#8211; profitiert haben.<br \/>\nDer Demokratie hat diese Personalentscheidung einen herben Schlag versetzt! Aber so lautet Murphys Gesetz: Nach oben wegloben. Bis zu der Position, wo die Unf\u00e4higkeit offenbar wird. Leider hat man das aber schon in der letzten Position \u00fcberdeutlich sehen k\u00f6nnen! An das, was jetzt kommen k\u00f6nnte, wage ich nicht zu denken.<br \/>\nT.N.<\/p>\n","protected":false},"excerpt":{"rendered":"<p>Der Vorschlag von Ursula von der Leyen (vdL) zur EU-Kommissionspr\u00e4sidentin zeigt erneut, wie reformbed\u00fcrftig &#8211; weil undemokratisch und schwerf\u00e4llig &#8211; die EU ist. Den \u00fcber 400 EU-B\u00fcrgern hat man im Wahlkampf Personen und Parteib\u00fcndnisse vorgestellt, um danach entt\u00e4uscht feststellen zu &hellip; <a href=\"https:\/\/www.freiburg-schwarzwald.de\/blog\/eu-vdl-schwach-lagarde-stark\/\">Weiterlesen <span class=\"meta-nav\">&rarr;<\/span><\/a><\/p>\n","protected":false},"author":2,"featured_media":0,"comment_status":"open","ping_status":"closed","sticky":false,"template":"","format":"standard","meta":{"footnotes":""},"categories":[181,195,186,80,171,172],"tags":[633,489,372,525,631],"class_list":["post-73570","post","type-post","status-publish","format-standard","hentry","category-buergerbeteiligung","category-eu","category-finanzsystem","category-medien","category-verbraucher","category-zukunft","tag-demokratie","tag-european-union","tag-euro","tag-politik","tag-staat"],"_links":{"self":[{"href":"https:\/\/www.freiburg-schwarzwald.de\/blog\/wp-json\/wp\/v2\/posts\/73570","targetHints":{"allow":["GET"]}}],"collection":[{"href":"https:\/\/www.freiburg-schwarzwald.de\/blog\/wp-json\/wp\/v2\/posts"}],"about":[{"href":"https:\/\/www.freiburg-schwarzwald.de\/blog\/wp-json\/wp\/v2\/types\/post"}],"author":[{"embeddable":true,"href":"https:\/\/www.freiburg-schwarzwald.de\/blog\/wp-json\/wp\/v2\/users\/2"}],"replies":[{"embeddable":true,"href":"https:\/\/www.freiburg-schwarzwald.de\/blog\/wp-json\/wp\/v2\/comments?post=73570"}],"version-history":[{"count":0,"href":"https:\/\/www.freiburg-schwarzwald.de\/blog\/wp-json\/wp\/v2\/posts\/73570\/revisions"}],"wp:attachment":[{"href":"https:\/\/www.freiburg-schwarzwald.de\/blog\/wp-json\/wp\/v2\/media?parent=73570"}],"wp:term":[{"taxonomy":"category","embeddable":true,"href":"https:\/\/www.freiburg-schwarzwald.de\/blog\/wp-json\/wp\/v2\/categories?post=73570"},{"taxonomy":"post_tag","embeddable":true,"href":"https:\/\/www.freiburg-schwarzwald.de\/blog\/wp-json\/wp\/v2\/tags?post=73570"}],"curies":[{"name":"wp","href":"https:\/\/api.w.org\/{rel}","templated":true}]}}