{"id":73561,"date":"2019-07-03T10:43:47","date_gmt":"2019-07-03T08:43:47","guid":{"rendered":"https:\/\/www.freiburg-schwarzwald.de\/blog\/?p=73561"},"modified":"2020-01-11T09:18:39","modified_gmt":"2020-01-11T08:18:39","slug":"hoellentalbahn-mit-neuem-zug","status":"publish","type":"post","link":"https:\/\/www.freiburg-schwarzwald.de\/blog\/hoellentalbahn-mit-neuem-zug\/","title":{"rendered":"Hoellentalbahn mit neuem Zug"},"content":{"rendered":"<p>Erstmalig im Bild: Der neue Zug &#8222;Corodia Continental&#8220; im <a title=\"Littenweiler-Bahnhof\" href=\"https:\/\/www.freiburg-schwarzwald.de\/blog\/regio\/freiburg\/littenweiler\/littenweiler-bahnhof\/\">Bahnhof FR-Littenweile<\/a>r, der ab Dezember 2019 auf der <a title=\"Hoellentalbahn\" href=\"https:\/\/www.freiburg-schwarzwald.de\/blog\/regio\/verkehr\/eisenbahn\/hoellentalbahn\/\">H\u00f6llentalbahn<\/a> zwischen Neustadt und <a title=\"Hauptbahnhof\" href=\"https:\/\/www.freiburg-schwarzwald.de\/blog\/regio\/verkehr\/hauptbahnhof\/\">Freiburg<\/a> und sp\u00e4ter bis <a title=\"Breisach\" href=\"https:\/\/www.freiburg-schwarzwald.de\/blog\/regio\/orte\/breisach\/\">Breisach<\/a> fahren wird. Das Land BW hat 26 Z\u00fcge mit jeweils drei Wagen in den Landesfarben gelb-wei\u00df beim franz. Hersteller Alstom bestellt, die im Werk Salzgitter produziert wurden.<br \/>\n.<br \/>\n<!--more-->Jeder Wagen ist 70 m lang, weshalb die <a title=\"Eisenbahn\" href=\"https:\/\/www.freiburg-schwarzwald.de\/blog\/regio\/verkehr\/eisenbahn\/\">Bahnsteige<\/a> auf 210 m <a title=\"Hoellentalbahn Gleise erneuern\" href=\"https:\/\/www.freiburg-schwarzwald.de\/blog\/hoellentalbahn-gleise-erneuern\/\">ausgebaut<\/a> wurden. Die Probefahrt wurde mit einem Zug aus 2 Wagen durchgef\u00fchrt. Die neuen nur ein- statt zweist\u00f6ckigen Z\u00fcge sind zwar l\u00e4nger, aber wesentlich leiser und schneller.\u00a0 Denn an jeder Achse jedes Wagens befindet sich ein Antriebsmotor &#8211; bislang nur E-Lok vorne oder hinten. Der Zugfahrer war sichtlich angetan vom neuen &#8222;Corodia&#8220;: Heller, moderner, leiser und schneller beschleunigend. Ob er auch p\u00fcnktlicher auf der <a title=\"Hoellentalbahn\" href=\"https:\/\/www.freiburg-schwarzwald.de\/blog\/regio\/verkehr\/eisenbahn\/hoellentalbahn\/\">H\u00f6llentalbahn<\/a> unterwegs sein wird und die vielen st\u00f6renden Lautsprecherdurchsagen (bis zu 4 f\u00fcr jede Versp\u00e4tung) entfallen werden? Hoffentlich.<\/p>\n<p><a href=\"https:\/\/www.freiburg-schwarzwald.de\/blog\/hoellentalbahn-mit-neuem-zug\/hoellentalbahn1corodia20190703\/\" rel=\"attachment wp-att-73562\"><img loading=\"lazy\" decoding=\"async\" class=\"alignnone size-thumbnail wp-image-73562\" src=\"https:\/\/www.freiburg-schwarzwald.de\/blog\/wp-content\/uploads\/2019\/07\/hoellentalbahn1corodia20190703-180x101.jpg\" alt=\"hoellentalbahn1corodia20190703\" width=\"180\" height=\"101\" srcset=\"https:\/\/www.freiburg-schwarzwald.de\/blog\/wp-content\/uploads\/2019\/07\/hoellentalbahn1corodia20190703-180x101.jpg 180w, https:\/\/www.freiburg-schwarzwald.de\/blog\/wp-content\/uploads\/2019\/07\/hoellentalbahn1corodia20190703.jpg 640w\" sizes=\"auto, (max-width: 180px) 100vw, 180px\" \/><\/a>\u00a0 \u00a0 \u00a0 \u00a0 \u00a0 \u00a0 \u00a0 \u00a0 \u00a0 \u00a0 \u00a0 \u00a0 \u00a0 \u00a0 \u00a0 \u00a0 \u00a0 \u00a0 \u00a0 \u00a0<a href=\"https:\/\/www.freiburg-schwarzwald.de\/blog\/hoellentalbahn-mit-neuem-zug\/hoellentalbahn2corodia20190703\/\" rel=\"attachment wp-att-73563\"><img loading=\"lazy\" decoding=\"async\" class=\"alignnone size-thumbnail wp-image-73563\" src=\"https:\/\/www.freiburg-schwarzwald.de\/blog\/wp-content\/uploads\/2019\/07\/hoellentalbahn2corodia20190703-180x101.jpg\" alt=\"hoellentalbahn2corodia20190703\" width=\"180\" height=\"101\" srcset=\"https:\/\/www.freiburg-schwarzwald.de\/blog\/wp-content\/uploads\/2019\/07\/hoellentalbahn2corodia20190703-180x101.jpg 180w, https:\/\/www.freiburg-schwarzwald.de\/blog\/wp-content\/uploads\/2019\/07\/hoellentalbahn2corodia20190703.jpg 640w\" sizes=\"auto, (max-width: 180px) 100vw, 180px\" \/><\/a><br \/>\nDer neue Corodia am 3.7.2019 in FR-Littenweiler\u00a0 \u00a0 \u00a0 \u00a0 \u00a0 \u00a0Vorne neu einst\u00f6ckig gelb &#8211; hinten alt 2-st\u00f6ckig rot<\/p>\n<p>Schade, da\u00df die bisherige rote Zugfarbe durch die Landesfarben gelb-wei\u00df ausgetauscht wurden. Prognose: Diese helle Farben werden Fans von Malkunst, Sprayen und Graffiti magisch anziehen, um die Z\u00fcge so zu verunstalten.<br \/>\n3.7.2019<\/p>\n","protected":false},"excerpt":{"rendered":"<p>Erstmalig im Bild: Der neue Zug &#8222;Corodia Continental&#8220; im Bahnhof FR-Littenweiler, der ab Dezember 2019 auf der H\u00f6llentalbahn zwischen Neustadt und Freiburg und sp\u00e4ter bis Breisach fahren wird. Das Land BW hat 26 Z\u00fcge mit jeweils drei Wagen in den &hellip; <a href=\"https:\/\/www.freiburg-schwarzwald.de\/blog\/hoellentalbahn-mit-neuem-zug\/\">Weiterlesen <span class=\"meta-nav\">&rarr;<\/span><\/a><\/p>\n","protected":false},"author":2,"featured_media":0,"comment_status":"open","ping_status":"closed","sticky":false,"template":"","format":"standard","meta":{"footnotes":""},"categories":[273,180,157,11,132,7,118],"tags":[587,510,331,436],"class_list":["post-73561","post","type-post","status-publish","format-standard","hentry","category-einsenbahn","category-hochschwarzwald","category-oeffentlicher-raum","category-regio","category-strom","category-tourismus","category-verkehr","tag-blackforest","tag-opnv","tag-tourist","tag-zug"],"_links":{"self":[{"href":"https:\/\/www.freiburg-schwarzwald.de\/blog\/wp-json\/wp\/v2\/posts\/73561","targetHints":{"allow":["GET"]}}],"collection":[{"href":"https:\/\/www.freiburg-schwarzwald.de\/blog\/wp-json\/wp\/v2\/posts"}],"about":[{"href":"https:\/\/www.freiburg-schwarzwald.de\/blog\/wp-json\/wp\/v2\/types\/post"}],"author":[{"embeddable":true,"href":"https:\/\/www.freiburg-schwarzwald.de\/blog\/wp-json\/wp\/v2\/users\/2"}],"replies":[{"embeddable":true,"href":"https:\/\/www.freiburg-schwarzwald.de\/blog\/wp-json\/wp\/v2\/comments?post=73561"}],"version-history":[{"count":0,"href":"https:\/\/www.freiburg-schwarzwald.de\/blog\/wp-json\/wp\/v2\/posts\/73561\/revisions"}],"wp:attachment":[{"href":"https:\/\/www.freiburg-schwarzwald.de\/blog\/wp-json\/wp\/v2\/media?parent=73561"}],"wp:term":[{"taxonomy":"category","embeddable":true,"href":"https:\/\/www.freiburg-schwarzwald.de\/blog\/wp-json\/wp\/v2\/categories?post=73561"},{"taxonomy":"post_tag","embeddable":true,"href":"https:\/\/www.freiburg-schwarzwald.de\/blog\/wp-json\/wp\/v2\/tags?post=73561"}],"curies":[{"name":"wp","href":"https:\/\/api.w.org\/{rel}","templated":true}]}}