{"id":73534,"date":"2019-07-02T14:20:19","date_gmt":"2019-07-02T12:20:19","guid":{"rendered":"https:\/\/www.freiburg-schwarzwald.de\/blog\/?p=73534"},"modified":"2019-07-02T14:23:43","modified_gmt":"2019-07-02T12:23:43","slug":"debattenkultur-doppelhochzeit","status":"publish","type":"post","link":"https:\/\/www.freiburg-schwarzwald.de\/blog\/debattenkultur-doppelhochzeit\/","title":{"rendered":"Debattenkultur Doppelhochzeit"},"content":{"rendered":"<p>Unsere Tochter Ines mit Schwiegersohn Franz und unser Sohn Theodor mit Schwiegertochter Judith wollen <a title=\"Familie\" href=\"https:\/\/www.freiburg-schwarzwald.de\/blog\/selbsthilfe\/familie\/\">heiraten<\/a>, bez\u00fcglich Klima und Wetter sind die beiden Paare aber unterschiedlicher Meinung. Was tun? Wir werden auf <a title=\"Steinmeier Iran Israel Chemnitz\" href=\"https:\/\/www.freiburg-schwarzwald.de\/blog\/steinmeier-iran-israel-chemnitz\/\">Frank-Walter Steinmeier&#8217;s<\/a> Neujahrsansprache 2018\/19 <a title=\"Steinmeier: Miteinander reden\" href=\"https:\/\/www.freiburg-schwarzwald.de\/blog\/steinmeier-miteinander-reden\/\">&#8222;Miteinander reden&#8220;<\/a> h\u00f6ren und eine Doppelhochzeit zum gemeinsamen Termin vereinbaren.<br \/>\n.<br \/>\n<!--more-->Ines und Franz glauben eher der <a title=\"Klimawandel-natuerlich\" href=\"https:\/\/www.freiburg-schwarzwald.de\/blog\/natur\/klima\/klimawandel-natuerlich\/\">menschengemachten Erderw\u00e4rmung<\/a> und werden <a title=\"Freiheit bedroht \u2013 nicht Klima\" href=\"https:\/\/www.freiburg-schwarzwald.de\/blog\/freiheit-bedroht-nicht-klima\/\">Greta<\/a> samt <a title=\"FridaysForFuture\" href=\"https:\/\/www.freiburg-schwarzwald.de\/blog\/natur\/klima\/fridaysforfuture\/\">Fridays fo Future<\/a> f\u00fcrsprechen. Judith und Theodor hingegen setzen auf die <a title=\"Klima: Ideologie Wissenschaft\" href=\"https:\/\/www.freiburg-schwarzwald.de\/blog\/klima-ideologie-wissenschaft\/\">Wissenschaft<\/a> mit ihrer Skepsis zu unbewiesenen Prognosen des <a title=\"Klima\" href=\"https:\/\/www.freiburg-schwarzwald.de\/blog\/natur\/klima\/\">Klimas<\/a>.<br \/>\n<a title=\"Klimawandel-Religion\" href=\"https:\/\/www.freiburg-schwarzwald.de\/blog\/klimawandel-religion\/\">Glaube<\/a> contra <a title=\"Klimawandel-natuerlich\" href=\"https:\/\/www.freiburg-schwarzwald.de\/blog\/natur\/klima\/klimawandel-natuerlich\/\">Fakten<\/a>, <a title=\"Ideologie\" href=\"https:\/\/www.freiburg-schwarzwald.de\/blog\/engagement\/zukunft\/ideologie\/\">Ideologie<\/a> contra <a title=\"Science\" href=\"https:\/\/www.freiburg-schwarzwald.de\/blog\/bildung\/science\/\">Wissenschaft<\/a>. Zu fortgeschrittener Stunde werden beide Hochzeitspaare samt G\u00e4sten zur Einsicht gelangen, dass wir kleinen Menschlein noch so viele Differentialgleichungen in noch so schnelle Nanocomputer modellieren m\u00f6gen, aber die Komplexit\u00e4t und Langfristigkeit von Klima-Ph\u00e4nomenen werden diese <a title=\"Klima-Forschung\" href=\"https:\/\/www.freiburg-schwarzwald.de\/blog\/natur\/klima\/klima-forschung\/\">math. Modelle<\/a> nicht abbilden k\u00f6nnen.<br \/>\nUnsere gro\u00dfe, in den <a title=\"USA\" href=\"https:\/\/www.freiburg-schwarzwald.de\/blog\/global\/usa\/\">USA<\/a> lebende Verwandtschaft dient als Vorbild, denn sie ist zwar gespalten in Republikaner und Demokraten, pflegt aber eine traditionell demokratische <a title=\"Diskussionskultur\" href=\"https:\/\/www.freiburg-schwarzwald.de\/blog\/kultur\/medien\/diskussionskultur\/\">Streitkultur<\/a>: Sich treffen und zusammen diskutieren, Pro Trump und Contra Trump so heftig, dass die Fetzen fliegen. Dabei aber einander stets zuh\u00f6ren und sich nicht beleidigen. Und kein Argument des Anderen abschneiden mit billigem &#8222;Nazi&#8220; alias &#8222;Indianer-Genozid&#8220; oder &#8222;Ku-klux-Klan&#8220; oder sonst einer historischen Schuldzuweisung. Schlie\u00dflich werden sie die <a title=\"Debatte\" href=\"https:\/\/www.freiburg-schwarzwald.de\/blog\/engagement\/zukunft\/demokratie\/debatte\/\">Debatte<\/a> beenden und zusammensitzen mit French Fries, Burger, Chicken, Heintz Ketchup und viel gutem Chardonnay oder Sauvignon Wine, den Bill und Alton aus California mitgebracht haben.<br \/>\nWir freuen uns auf die Doppelhochzeit, auf <a title=\"Diskussionskultur\" href=\"https:\/\/www.freiburg-schwarzwald.de\/blog\/kultur\/medien\/diskussionskultur\/\">Diskussionskultur<\/a>\u00a0(ohne <a title=\"Smartphone\" href=\"https:\/\/www.freiburg-schwarzwald.de\/blog\/kultur\/medien\/smartphone\/\">Smartphone<\/a>, <a title=\"Manipulation\" href=\"https:\/\/www.freiburg-schwarzwald.de\/blog\/kultur\/medien\/manipulation\/\">Rezo<\/a> und <a title=\"FridaysForFuture\" href=\"https:\/\/www.freiburg-schwarzwald.de\/blog\/natur\/klima\/fridaysforfuture\/\">neverforgetniki<\/a>)\u00a0und auf Badischen Wein.<br \/>\n2.7.2019<\/p>\n","protected":false},"excerpt":{"rendered":"<p>Unsere Tochter Ines mit Schwiegersohn Franz und unser Sohn Theodor mit Schwiegertochter Judith wollen heiraten, bez\u00fcglich Klima und Wetter sind die beiden Paare aber unterschiedlicher Meinung. Was tun? Wir werden auf Frank-Walter Steinmeier&#8217;s Neujahrsansprache 2018\/19 &#8222;Miteinander reden&#8220; h\u00f6ren und eine &hellip; <a href=\"https:\/\/www.freiburg-schwarzwald.de\/blog\/debattenkultur-doppelhochzeit\/\">Weiterlesen <span class=\"meta-nav\">&rarr;<\/span><\/a><\/p>\n","protected":false},"author":2,"featured_media":0,"comment_status":"open","ping_status":"closed","sticky":false,"template":"","format":"standard","meta":{"footnotes":""},"categories":[58,40,13,12],"tags":[638,521,715,386],"class_list":["post-73534","post","type-post","status-publish","format-standard","hentry","category-familie","category-klima","category-kultur","category-natur","tag-event","tag-family","tag-klima","tag-smartphone"],"_links":{"self":[{"href":"https:\/\/www.freiburg-schwarzwald.de\/blog\/wp-json\/wp\/v2\/posts\/73534","targetHints":{"allow":["GET"]}}],"collection":[{"href":"https:\/\/www.freiburg-schwarzwald.de\/blog\/wp-json\/wp\/v2\/posts"}],"about":[{"href":"https:\/\/www.freiburg-schwarzwald.de\/blog\/wp-json\/wp\/v2\/types\/post"}],"author":[{"embeddable":true,"href":"https:\/\/www.freiburg-schwarzwald.de\/blog\/wp-json\/wp\/v2\/users\/2"}],"replies":[{"embeddable":true,"href":"https:\/\/www.freiburg-schwarzwald.de\/blog\/wp-json\/wp\/v2\/comments?post=73534"}],"version-history":[{"count":0,"href":"https:\/\/www.freiburg-schwarzwald.de\/blog\/wp-json\/wp\/v2\/posts\/73534\/revisions"}],"wp:attachment":[{"href":"https:\/\/www.freiburg-schwarzwald.de\/blog\/wp-json\/wp\/v2\/media?parent=73534"}],"wp:term":[{"taxonomy":"category","embeddable":true,"href":"https:\/\/www.freiburg-schwarzwald.de\/blog\/wp-json\/wp\/v2\/categories?post=73534"},{"taxonomy":"post_tag","embeddable":true,"href":"https:\/\/www.freiburg-schwarzwald.de\/blog\/wp-json\/wp\/v2\/tags?post=73534"}],"curies":[{"name":"wp","href":"https:\/\/api.w.org\/{rel}","templated":true}]}}