{"id":7347,"date":"2012-07-19T16:52:14","date_gmt":"2012-07-19T16:52:14","guid":{"rendered":"https:\/\/www.freiburg-schwarzwald.de\/blog\/?p=7347"},"modified":"2012-07-19T17:04:45","modified_gmt":"2012-07-19T17:04:45","slug":"chorfestival-in-freiburger-innenstadt-zu-100-jahre-breisgauer-saengerbund","status":"publish","type":"post","link":"https:\/\/www.freiburg-schwarzwald.de\/blog\/chorfestival-in-freiburger-innenstadt-zu-100-jahre-breisgauer-saengerbund\/","title":{"rendered":"Chorfestival in Freiburger Innenstadt zu 100 Jahre Breisgauer Saengerbund"},"content":{"rendered":"<p>Das Highlight im Jubil\u00e4umsjahr &#8211; in 2012 feiert man 150 Jahre Breisgauer S\u00e4ngerbund &#8211; wird Sie mit einer F\u00fclle von unterschiedlichen musikalischen Programmen begeistern. Auf mehreren B\u00fchnen werden unsere Ch\u00f6re und Ensembles die gesamte Innenstadt von Freiburg zum Klingen bringen. <a title=\"Liedermacher\" href=\"https:\/\/www.freiburg-schwarzwald.de\/blog\/kultur\/dichter\/liedermacher\/\">Chorgesang<\/a> auf dem Rathausplatz und auf verschiedenen Pl\u00e4tzen in der Innenstadt\u00a0<br \/>\nSamstag, den 21.07.12 von 14:00 Uhr bis 19:00 Uhr\u00a0\u00a0<br \/>\nSonntag, den 22.07.12 von 12:00 Uhr bis 17:00 Uhr\u00a0<br \/>\n<a href=\"https:\/\/www.vokal-total-2012.de\">www.vokal-total-2012.de<\/a> mit Programm und Chor-Standpl\u00e4tzen in der Altstadt on Freiburg<br \/>\n<a href=\"https:\/\/www.breisgauer-saengerbund.de\/index.html\">https:\/\/www.breisgauer-saengerbund.de\/index.html<\/a><\/p>\n","protected":false},"excerpt":{"rendered":"<p>Das Highlight im Jubil\u00e4umsjahr &#8211; in 2012 feiert man 150 Jahre Breisgauer S\u00e4ngerbund &#8211; wird Sie mit einer F\u00fclle von unterschiedlichen musikalischen Programmen begeistern. Auf mehreren B\u00fchnen werden unsere Ch\u00f6re und Ensembles die gesamte Innenstadt von Freiburg zum Klingen bringen. &hellip; <a href=\"https:\/\/www.freiburg-schwarzwald.de\/blog\/chorfestival-in-freiburger-innenstadt-zu-100-jahre-breisgauer-saengerbund\/\">Weiterlesen <span class=\"meta-nav\">&rarr;<\/span><\/a><\/p>\n","protected":false},"author":4,"featured_media":0,"comment_status":"closed","ping_status":"closed","sticky":false,"template":"","format":"standard","meta":{"footnotes":""},"categories":[36,49,125],"tags":[300],"class_list":["post-7347","post","type-post","status-publish","format-standard","hentry","category-engagement","category-freiburg","category-musikvereine","tag-chor"],"_links":{"self":[{"href":"https:\/\/www.freiburg-schwarzwald.de\/blog\/wp-json\/wp\/v2\/posts\/7347","targetHints":{"allow":["GET"]}}],"collection":[{"href":"https:\/\/www.freiburg-schwarzwald.de\/blog\/wp-json\/wp\/v2\/posts"}],"about":[{"href":"https:\/\/www.freiburg-schwarzwald.de\/blog\/wp-json\/wp\/v2\/types\/post"}],"author":[{"embeddable":true,"href":"https:\/\/www.freiburg-schwarzwald.de\/blog\/wp-json\/wp\/v2\/users\/4"}],"replies":[{"embeddable":true,"href":"https:\/\/www.freiburg-schwarzwald.de\/blog\/wp-json\/wp\/v2\/comments?post=7347"}],"version-history":[{"count":0,"href":"https:\/\/www.freiburg-schwarzwald.de\/blog\/wp-json\/wp\/v2\/posts\/7347\/revisions"}],"wp:attachment":[{"href":"https:\/\/www.freiburg-schwarzwald.de\/blog\/wp-json\/wp\/v2\/media?parent=7347"}],"wp:term":[{"taxonomy":"category","embeddable":true,"href":"https:\/\/www.freiburg-schwarzwald.de\/blog\/wp-json\/wp\/v2\/categories?post=7347"},{"taxonomy":"post_tag","embeddable":true,"href":"https:\/\/www.freiburg-schwarzwald.de\/blog\/wp-json\/wp\/v2\/tags?post=7347"}],"curies":[{"name":"wp","href":"https:\/\/api.w.org\/{rel}","templated":true}]}}