{"id":73435,"date":"2019-06-27T15:32:12","date_gmt":"2019-06-27T13:32:12","guid":{"rendered":"https:\/\/www.freiburg-schwarzwald.de\/blog\/?p=73435"},"modified":"2019-06-27T15:43:35","modified_gmt":"2019-06-27T13:43:35","slug":"junge-uni-freiburg-klasse-9-12","status":"publish","type":"post","link":"https:\/\/www.freiburg-schwarzwald.de\/blog\/junge-uni-freiburg-klasse-9-12\/","title":{"rendered":"Junge Uni Freiburg &#8211; Klasse 9-12"},"content":{"rendered":"<p>Erstmals ab dem SS 2019 bietet die <a title=\"Universitaet\" href=\"https:\/\/www.freiburg-schwarzwald.de\/blog\/bildung\/hochschulen\/universitaet\/\">Uni Freiburg<\/a> f\u00fcr <a title=\"Gymnasium\" href=\"https:\/\/www.freiburg-schwarzwald.de\/blog\/bildung\/schulen\/gymnasium\/\">Sch\u00fcler*innen<\/a> der Klassen 9-12 ein neues attraktives Format der Wissenschaftsvermittlung an: die Junge Universit\u00e4t Freiburg. Ziel ist, <a title=\"Science\" href=\"https:\/\/www.freiburg-schwarzwald.de\/blog\/bildung\/science\/\">\u201aLust auf Wissenschaft\u2018<\/a> zu wecken im Austausch mit etablierten <a title=\"Hochschulen-Freiheit\" href=\"https:\/\/www.freiburg-schwarzwald.de\/blog\/bildung\/hochschulen-freiheit\/\">Professoren<\/a> und Dozenten. N\u00e4chster Termin: &#8222;When Physics meets Biology&#8220;, am Freitag, 28. Juni 2019 (Termin siehe unten).<!--more-->\u00a0.<br \/>\nAn der Uni Heidelberg gibt es immer mehr Vorlesungen\/\u00dcbungen in <a title=\"Fraunhofer-ISE\" href=\"https:\/\/www.freiburg-schwarzwald.de\/blog\/energie\/solar\/fraunhofer-ise\/\">Physik<\/a>, <a title=\"LOHC\" href=\"https:\/\/www.freiburg-schwarzwald.de\/blog\/energie\/wasserstoff\/lohc\/\">Chemie<\/a>, Biologie und <a title=\"Mathematik macht uns alle reich\" href=\"https:\/\/www.freiburg-schwarzwald.de\/blog\/mathematik-macht-uns-alle-reich\/\">Mathematik<\/a>, an denen weit mehr Ausl\u00e4nder als Deutsche teilnehmen. Besorgniserregend &#8211; nicht wegen der Mehrheit ausl\u00e4ndischer Studierender (auf die ist die Uni HD ganz stolz), sondern wegen dem weiter <a title=\"Deindustrialisierung\" href=\"https:\/\/www.freiburg-schwarzwald.de\/blog\/business\/industrie\/deindustrialisierung\/\">abnehmenden Interesse<\/a> der deutschen Jugendlichen an Physik, Chemie, Biologie, Ingenieurwissenschaften, &#8230;, also an F\u00e4chern, deren Sprache die Mathematik ist. Naturwissenschaften mit Mathematik m\u00fcssen wieder mehr &#8222;in&#8220;, &#8222;cool&#8220;, bzw. &#8222;mega-geil&#8220; werden, so wie z.B. bei der Jugend in <a title=\"Lust auf Innovation in China\" href=\"https:\/\/www.freiburg-schwarzwald.de\/blog\/lust-auf-innovation-in-china\/\">China<\/a> und vielen Schwellenl\u00e4ndern. Dies auch im Hinblick auf die Digitalisierung 2.0 und K\u00fcnstliche Intelligenz (KI). Nichts gegen geisteswissenschaftliche Studieng\u00e4nge, aber nur mit <a title=\"Gender\" href=\"https:\/\/www.freiburg-schwarzwald.de\/blog\/selbsthilfe\/frauen\/gender\/\">Gender<\/a>, Social Media und Global Studies wird &#8222;Made in Germany&#8220; verlieren.<br \/>\n27.6.2019<br \/>\n.<\/p>\n<p><strong>Sprache der Physik ist Mathematik<\/strong><br \/>\n<em>Die Vortragsreihe &#8222;Junge Universit\u00e4t&#8220; geht in ihre n\u00e4chste Runde. Erstmals bietet das Studium generale in diesem Semester 14- bis 18-J\u00e4hrigen Sch\u00fclerinnen und Sch\u00fcler im H\u00f6rsaal einen Einblick in verschiedene wissenschaftliche Themen. Am Freitag erkl\u00e4rt Jens Timmer, wie die Systembiologie funktioniert. Fabian V\u00f6gtle sprach mit dem Physiker vorab \u00fcber das Thema.<\/em><br \/>\nBZ: Wie funktioniert die Sprache der Physik?<br \/>\nTimmer: Die Sprache der Physik ist die Mathematik, insbesondere sogenannte Differentialgleichungen. Diese beschreiben die Dynamik eines Systems. Newton hat sie erfunden, um die Bewegung der Planeten um die Sonne zu verstehen. Hat man die Differentialgleichungen \u2013 also ein mathematisches Modell \u2013 f\u00fcr ein System, kann man es durch mathematische Analyse der Gleichungen besser verstehen und seine zeitliche Entwicklung vorhersagen. F\u00fcr die Planetenbewegung ist dieses die Einsicht, dass Planeten sich auf Ellipsen bewegen, und die F\u00e4higkeit, Mond- und Sonnenfinsternisse auf Jahrhunderte vorherzusagen.<br \/>\n&#8230; Alles vom 27.6.2019 bitte lesen auf<br \/>\n<a href=\"https:\/\/www.badische-zeitung.de\/freiburg\/sprache-der-physik-ist-mathematik--174674548.html\">https:\/\/www.badische-zeitung.de\/freiburg\/sprache-der-physik-ist-mathematik&#8211;174674548.html<\/a><br \/>\n.<br \/>\n<em>&#8222;When Physics meets Biology&#8220;, Vortrag auf Deutsch von Jens Timmer in der Reihe &#8222;Junge Uni&#8220;,<br \/>\nFreitag, 28. Juni, 16-18 Uhr, HS 1010; KG I. Die Pl\u00e4tze sind f\u00fcr Sch\u00fclerinnen und Sch\u00fcler reserviert.<br \/>\nEs gibt jedoch auch f\u00fcr weitere Interessierte einige Pl\u00e4tze.<br \/>\n.<\/em><\/p>\n<p><strong>Junge Universit\u00e4t Freiburg<\/strong><br \/>\nErstmals im Sommersemester 2019 erprobt das Studium generale (gro\u00dfz\u00fcgig unterst\u00fctzt durch die Alumni Freiburg e.V. und gesponsert durch die Sparkasse Freiburg) ein neues, attraktives Format der Wissenschaftsvermittlung: die Junge Universit\u00e4t Freiburg.<br \/>\nAnders als die herk\u00f6mmlichen sog. \u201aKinder-Unis\u2018, die sich an vielen Hochschul-Standorten des deutschsprachigen Raums etabliert haben, richtet sich die Junge Universit\u00e4t Freiburg im Kern an Jugendliche im Alter von 14 bis 18 Jahren und insbesondere an Gymnasiastinnen und Gymnasiasten der 9. bis 12. bzw. 13. Jahrgangsstufe.<br \/>\nAngesprochen werden sollen Sch\u00fclerinnen und Sch\u00fcler als \u201aangehende Studierende\u2018, die sich fragen, welchen Bildungsweg sie nach dem Ende ihrer Schulzeit einschlagen wollen und welche Orientierungen, Chancen und fachlichen Optionen sich ihnen im Einklang mit ihren individuellen Neigungen dabei bieten werden. &#8230;.<br \/>\n<a href=\"https:\/\/www.studiumgenerale.uni-freiburg.de\/faszination-wissenschaft-junge-universitaet-freiburg\">https:\/\/www.studiumgenerale.uni-freiburg.de\/faszination-wissenschaft-junge-universitaet-freiburg<\/a><\/p>\n","protected":false},"excerpt":{"rendered":"<p>Erstmals ab dem SS 2019 bietet die Uni Freiburg f\u00fcr Sch\u00fcler*innen der Klassen 9-12 ein neues attraktives Format der Wissenschaftsvermittlung an: die Junge Universit\u00e4t Freiburg. Ziel ist, \u201aLust auf Wissenschaft\u2018 zu wecken im Austausch mit etablierten Professoren und Dozenten. N\u00e4chster &hellip; <a href=\"https:\/\/www.freiburg-schwarzwald.de\/blog\/junge-uni-freiburg-klasse-9-12\/\">Weiterlesen <span class=\"meta-nav\">&rarr;<\/span><\/a><\/p>\n","protected":false},"author":2,"featured_media":0,"comment_status":"open","ping_status":"closed","sticky":false,"template":"","format":"standard","meta":{"footnotes":""},"categories":[36,49,267,95,172],"tags":[418,341,363,585,29,338],"class_list":["post-73435","post","type-post","status-publish","format-standard","hentry","category-engagement","category-freiburg","category-hochschulen","category-schulen","category-zukunft","tag-beruf","tag-export","tag-lernen","tag-schule","tag-student","tag-uni"],"_links":{"self":[{"href":"https:\/\/www.freiburg-schwarzwald.de\/blog\/wp-json\/wp\/v2\/posts\/73435","targetHints":{"allow":["GET"]}}],"collection":[{"href":"https:\/\/www.freiburg-schwarzwald.de\/blog\/wp-json\/wp\/v2\/posts"}],"about":[{"href":"https:\/\/www.freiburg-schwarzwald.de\/blog\/wp-json\/wp\/v2\/types\/post"}],"author":[{"embeddable":true,"href":"https:\/\/www.freiburg-schwarzwald.de\/blog\/wp-json\/wp\/v2\/users\/2"}],"replies":[{"embeddable":true,"href":"https:\/\/www.freiburg-schwarzwald.de\/blog\/wp-json\/wp\/v2\/comments?post=73435"}],"version-history":[{"count":0,"href":"https:\/\/www.freiburg-schwarzwald.de\/blog\/wp-json\/wp\/v2\/posts\/73435\/revisions"}],"wp:attachment":[{"href":"https:\/\/www.freiburg-schwarzwald.de\/blog\/wp-json\/wp\/v2\/media?parent=73435"}],"wp:term":[{"taxonomy":"category","embeddable":true,"href":"https:\/\/www.freiburg-schwarzwald.de\/blog\/wp-json\/wp\/v2\/categories?post=73435"},{"taxonomy":"post_tag","embeddable":true,"href":"https:\/\/www.freiburg-schwarzwald.de\/blog\/wp-json\/wp\/v2\/tags?post=73435"}],"curies":[{"name":"wp","href":"https:\/\/api.w.org\/{rel}","templated":true}]}}