{"id":73354,"date":"2019-06-23T15:37:31","date_gmt":"2019-06-23T13:37:31","guid":{"rendered":"https:\/\/www.freiburg-schwarzwald.de\/blog\/?p=73354"},"modified":"2019-06-23T15:49:19","modified_gmt":"2019-06-23T13:49:19","slug":"hanf-labyrinth-in-fr-opfingen","status":"publish","type":"post","link":"https:\/\/www.freiburg-schwarzwald.de\/blog\/hanf-labyrinth-in-fr-opfingen\/","title":{"rendered":"Hanf-Labyrinth in FR-Opfingen"},"content":{"rendered":"<p><a title=\"Heilkraeuter\" href=\"https:\/\/www.freiburg-schwarzwald.de\/blog\/business\/gesund\/heilkraeuter\/\">Hanf<\/a> ist eine <a title=\"Saatgut\" href=\"https:\/\/www.freiburg-schwarzwald.de\/blog\/natur\/landwirt\/saatgut\/\">Nutzpflanze<\/a> mit gro\u00dfem Potenzial \u2013 als <a title=\"Nahrungsmittelspekulation\" href=\"https:\/\/www.freiburg-schwarzwald.de\/blog\/natur\/ernaehrung\/nahrungsmittelspekulation\/\">Nahrung<\/a>, <a title=\"Medizin\" href=\"https:\/\/www.freiburg-schwarzwald.de\/blog\/business\/gesund\/medizin\/\">Arznei<\/a>, Genussmittel und Stoff f\u00fcr die Industrie. In Freiburg-Opfingen wird heute, 23. Juni 2019, ein Hanflabyrinth samt Bildungsparcours er\u00f6ffnet, der sich am Beispiel des Hanfs der Frage nach dem guten Leben widmet.\u00a0Nach der Schlie\u00dfung des Labyrinths wird der Hanf von Teikei-Hanf geerntet und zu hochwertigem, kaltgepresstem Hanf\u00f6l weiterverarbeitet (siehe unten).<br \/>\n.<br \/>\n<!--more--><br \/>\nLandwirt Erwin Wagner aus <a title=\"Landfrauen-Markt in Opfingen\" href=\"https:\/\/www.freiburg-schwarzwald.de\/blog\/landfrauen-markt-in-opfingen\/\">Opfingen<\/a> ist immer f\u00fcr Neues zu haben. Vor Jahren schon wagte er sich an den <a title=\"Muenstertal-Teeladen Buddha\" href=\"https:\/\/www.freiburg-schwarzwald.de\/blog\/muenstertal-teeladen-buddha\/\">Teeanbau<\/a> am <a title=\"Tuniberg\" href=\"https:\/\/www.freiburg-schwarzwald.de\/blog\/regio\/tuniberg\/\">Tuniberg<\/a>, mit gro\u00dfem Aufwand und vielen R\u00fcckschl\u00e4gen, leider bislang nur mit m\u00e4\u00dfigem Erfolg. Sehr gut angenommen wird hingegen seit Jahren sein <a title=\"Mais\" href=\"https:\/\/www.freiburg-schwarzwald.de\/blog\/natur\/ernaehrung\/getreide\/mais\/\">Maisfeldlabyrinth<\/a>, in dem Erwachsene und Kinder w\u00e4hrend der Sommermonate ihren Orientierungssinn auf die Probe stellen k\u00f6nnen.<br \/>\nDa er wegen des Maiswurzelbohrers nicht jedes Jahr auf dem gleichen Feld Mais anbauen kann, sondern auf andere Kulturen ausweichen muss, hat er vor einigen Jahren einmal ein kleines Versuchsfeld mit Hanf angelegt \u2013 und ist gescheitert: Bei der Ernte streikte bereits nach wenigen Metern der M\u00e4hdrescher, weil er den rei\u00dffesten Hanffasern nicht gewachsen war, wie Wagner berichtet. \u201eDurch einen Zufall habe ich vor gut eineinhalb Jahren die Leute vom ,<a title=\"EineWelt\" href=\"https:\/\/www.freiburg-schwarzwald.de\/blog\/global\/einewelt\/\">Eine Welt Forum<\/a> Freiburg\u2019 kennengelernt, die ein Hanflabyrinth anlegen wollten, da war schnell klar, dass wir das zusammen machen w\u00fcrden\u201c, sagt der Landwirt.<br \/>\n.<br \/>\nLaura Becker und Jonas Bauschert koordinieren das Projekt als Hauptamtliche,unterst\u00fctzt werden sie dabei von einem Team von bis zu 60 ehrenamtlichen Helfern. Sie haben die sieben Stationen des Bildungsparcours angelegt, der sich mit Nachhaltigkeit besch\u00e4ftigt. \u201eEs geht um die Frage, was ein gutes Leben ausmacht, was wir selbst daf\u00fcr tun k\u00f6nnen und wie es mit unserer Ern\u00e4hrung und unserem Umgang mit Ressourcen zusammenh\u00e4ngt\u201c, erkl\u00e4rt Jonas Bauschert den Ansatz. Neben den sieben Stationen, die zum Nachdenken anregen, gibt es eine B\u00fchne, auf der in der Zeit bis zum 22. September ganz unterschiedliche Veranstaltungen vom Vortrag \u00fcbers Fahrradkino bis zum Mitmachtag mit Verarbeitung der Hanffasern stattfinden werden. Vor einiger Zeit hat sich die Initiative Hanffreunde Freiburg gegr\u00fcndet, um den Hanfmarkt voranzutreiben.<br \/>\nNeben Landwirt Wagner und dem <a title=\"Eine-Welt-Forum\" href=\"https:\/\/www.freiburg-schwarzwald.de\/blog\/global\/einewelt\/eine-welt-forum\/\">\u201eEine Welt Forum\u201c<\/a> geh\u00f6rt auch Gabriele Plappert vom <a title=\"Kunzenhof\" href=\"https:\/\/www.freiburg-schwarzwald.de\/blog\/bildung\/kunzenhof\/\">Lernort Kunzenhof<\/a> dazu und das Unternehmen TeikeiHanf. Anfang Mai hat Wagner den Hanf auf dem bisherigen Maisfeld ges\u00e4t, die Hanffreunde haben sich um die erforderlichen Genehmigungen gek\u00fcmmert, das Saatgut besorgt, die Wege ins Labyrinth geschnitten und die Stationen aufgebaut. <em><strong>\u201eHanf ist eine geniale Pflanze, sie liefert die L\u00f6sung f\u00fcr die Umweltprobleme unserer Zeit und k\u00f6nnte die Nutzpflanze des 21. Jahrhundertswerden\u201c<\/strong><\/em>, schw\u00e4rmt Gabriele Plappert. Sie z\u00e4hlt auf: Hanf bindet viermal mehr Kohlendioxid als eine vergleichbare Fl\u00e4che Wald, er ben\u00f6tigt kaum Wasser, ist aufgrund seiner Widerstandsf\u00e4higkeit auf nahezu allen B\u00f6den anbaubar und sorgt mit seinen bis zu drei Meter tiefen Wurzeln f\u00fcr eine optimale Bodenaufbereitung. Zudem gibt\u00a0er dem Boden mehr N\u00e4hrstoffe, als er ihm entzieht, und kann sich aus eigener Kraft gegen andere Pflanzen durchsetzen, braucht deshalb keinen Pflanzenschutz.<br \/>\n.<br \/>\n\u201eNutzhanf ist vielseitig einsetzbar\u201c, erl\u00e4utert Laura Becker. Aus den Bl\u00e4ttern und Samen werde \u00d6l gewonnen, aus den Fasern entst\u00fcnden Kleidung, Papier oder Seile. \u201eHanf wird als D\u00e4mmstoff verwendet, au\u00dferdem f\u00fcr Formpressteile in der Automobilindustrie und in Biokunststoffen in der Chemieindustrie.\u201c Tats\u00e4chlich ist Hanf eine der \u00e4ltesten Kulturpflanzen der Welt, er wurde in China schon vor \u00fcber 10000 Jahren genutzt. Bis es 1929 verboten wurde, hatman neben Flachs auch in S\u00fcdbaden Nutzhanf angebaut. Erst seit 1996 darf in Deutschland wieder legal Hanf wachsen. \u201eDoch es wird bislang nur wenig Nutzhanf kultiviert, es fehlt die Technik, um ihn zu verarbeiten,<br \/>\n.<br \/>\nHanf hat keine Lobby\u201c, beschreibt Oliver Haury von den Hanffreunden Freiburg das Problem. So gebe es im Umkreis von vielen hundert Kilometern keine Aufschlussanlagen f\u00fcr Hanffasern. Dies mache den Anbau unwirtschaftlich und wegen der langen Transportwege un\u00f6kologisch. Die Erntemaschine,die im Herbst die dann gut vier Meter hohen Pflanzen ernten wird, muss eigens aus dem Allg\u00e4u in den Breisgau fahren. 150000 Euro kostet das Projekt Hanflabyrinth, der Badenova Innovationsfonds f\u00f6rdert es mit 74000 Euro.<\/p>\n<p>.<br \/>\nNach der Schlie\u00dfung des Labyrinths wird der Hanf von Teikei-Hanf geerntet und zu hochwertigem, kaltgepresstem Hanf\u00f6l weiterverarbeitet. \u201eDas \u00d6l wird dann nach dem Prinzip der solidarischen Landwirtschaft verteilt. Die K\u00e4ufer finanzieren die Erntemaschine und die \u00d6lherstellung vor\u201c, erkl\u00e4rt Lea Messmer von TeikiHanf. Ein Liter kaltgepresstes Hanf\u00f6l entspricht dabei einem Ernteanteil. Die Anteile kann man sich \u00fcber die Webseite <a href=\"https:\/\/www.teikei-hanf.de\">www.teikei-hanf.de<\/a> sichern.<br \/>\n23.6.2019, <a title=\"Mobiler H\u00fchnerstall \u2013 Neubau\" href=\"https:\/\/www.freiburg-schwarzwald.de\/blog\/mobiler-huehnerstall-neubau\/\">Gabriele Hennicke<\/a><br \/>\n.<br \/>\nHanflabyrinth, Waldm\u00f6sle 2, Freiburg-Opfingen, <a href=\"https:\/\/www.maisfeld-opfingen.de\">https:\/\/www.maisfeld-opfingen.de<\/a>.<br \/>\nEr\u00f6ffnung heute, 23. Juni, ab 11 Uhr mit Musik der Samba-Percussion-Gruppe Brasilikum. Bis zum 12. Juli ist das Labyrinth von Freitag bis Sonntag ab 11 Uhr ge\u00f6ffnet, ab 12. Juli t\u00e4glich ab 11 Uhr bis Sonnenuntergang. Eintritt: 5 Euro, Kinder von 3 bis 15 Jahren 4 Euro.<br \/>\n.<br \/>\nAm Samstag, 13. Juli 2018, von 13 bis 17 Uhr gro\u00dfer Mitmachtag \u201eHanffasern verarbeiten\u201c. Info zum Veranstaltungsprogramm demn\u00e4chst auf <a href=\"https:\/\/ewf-freiburg.de\">https:\/\/ewf-freiburg.de<\/a>.<br \/>\n<a href=\"https:\/\/ewf-freiburg.de\/hanflabyrinth\/\">https:\/\/ewf-freiburg.de\/hanflabyrinth\/<br \/>\n<\/a>\u00a0.<br \/>\n.<br \/>\nFlachsbearbeitung 28.\/29.Juni 2003,Dorfhock FR-Ebnet<br \/>\nFamilie Eberhardt, Lagerstrasse 23, 72537 Mehrstetten<br \/>\nTel 07381\/2489<br \/>\n<a href=\"https:\/\/www.freiburg-schwarzwald.de\/littenweiler\/ebnet\/dorfhock2003.htm#Erster%20Ebneter%20Dorfhock%20-%20Handwerklich%20gut%20gemacht\">https:\/\/www.freiburg-schwarzwald.de\/littenweiler\/ebnet\/dorfhock2003.htm#Erster%20Ebneter%20Dorfhock%20-%20Handwerklich%20gut%20gemacht<\/a><\/p>\n<p>8.7.2004<br \/>\n<a href=\"https:\/\/www.freiburg-schwarzwald.de\/littenweiler\/kirchzarten1.htm#Seltene%20Pflanzen%20im%20Dreisamtal%20-%20Hanf\">https:\/\/www.freiburg-schwarzwald.de\/littenweiler\/kirchzarten1.htm#Seltene%20Pflanzen%20im%20Dreisamtal%20-%20Hanf<\/a><\/p>\n","protected":false},"excerpt":{"rendered":"<p>Hanf ist eine Nutzpflanze mit gro\u00dfem Potenzial \u2013 als Nahrung, Arznei, Genussmittel und Stoff f\u00fcr die Industrie. In Freiburg-Opfingen wird heute, 23. Juni 2019, ein Hanflabyrinth samt Bildungsparcours er\u00f6ffnet, der sich am Beispiel des Hanfs der Frage nach dem guten &hellip; <a href=\"https:\/\/www.freiburg-schwarzwald.de\/blog\/hanf-labyrinth-in-fr-opfingen\/\">Weiterlesen <span class=\"meta-nav\">&rarr;<\/span><\/a><\/p>\n","protected":false},"author":2,"featured_media":0,"comment_status":"open","ping_status":"closed","sticky":false,"template":"","format":"standard","meta":{"footnotes":""},"categories":[18,131,36,154,22,13,201,141,11,172],"tags":[556,277,716,496,415,301,423,432],"class_list":["post-73354","post","type-post","status-publish","format-standard","hentry","category-bildung","category-biomasse","category-engagement","category-ernaehrung","category-handwerk","category-kultur","category-landwirt","category-nachhaltigkeit","category-regio","category-zukunft","tag-alternativ","tag-bauer","tag-bauernhof","tag-dreiland","tag-ernte","tag-culture","tag-lebensmittel","tag-regional"],"_links":{"self":[{"href":"https:\/\/www.freiburg-schwarzwald.de\/blog\/wp-json\/wp\/v2\/posts\/73354","targetHints":{"allow":["GET"]}}],"collection":[{"href":"https:\/\/www.freiburg-schwarzwald.de\/blog\/wp-json\/wp\/v2\/posts"}],"about":[{"href":"https:\/\/www.freiburg-schwarzwald.de\/blog\/wp-json\/wp\/v2\/types\/post"}],"author":[{"embeddable":true,"href":"https:\/\/www.freiburg-schwarzwald.de\/blog\/wp-json\/wp\/v2\/users\/2"}],"replies":[{"embeddable":true,"href":"https:\/\/www.freiburg-schwarzwald.de\/blog\/wp-json\/wp\/v2\/comments?post=73354"}],"version-history":[{"count":0,"href":"https:\/\/www.freiburg-schwarzwald.de\/blog\/wp-json\/wp\/v2\/posts\/73354\/revisions"}],"wp:attachment":[{"href":"https:\/\/www.freiburg-schwarzwald.de\/blog\/wp-json\/wp\/v2\/media?parent=73354"}],"wp:term":[{"taxonomy":"category","embeddable":true,"href":"https:\/\/www.freiburg-schwarzwald.de\/blog\/wp-json\/wp\/v2\/categories?post=73354"},{"taxonomy":"post_tag","embeddable":true,"href":"https:\/\/www.freiburg-schwarzwald.de\/blog\/wp-json\/wp\/v2\/tags?post=73354"}],"curies":[{"name":"wp","href":"https:\/\/api.w.org\/{rel}","templated":true}]}}