{"id":7315,"date":"2012-07-19T15:26:56","date_gmt":"2012-07-19T15:26:56","guid":{"rendered":"https:\/\/www.freiburg-schwarzwald.de\/blog\/?p=7315"},"modified":"2012-07-19T15:26:56","modified_gmt":"2012-07-19T15:26:56","slug":"zeit-fuer-kinder-initiative-finanziert-ferienfreizeit-fur-migrantenkinder","status":"publish","type":"post","link":"https:\/\/www.freiburg-schwarzwald.de\/blog\/zeit-fuer-kinder-initiative-finanziert-ferienfreizeit-fur-migrantenkinder\/","title":{"rendered":"Zeit fuer Kinder &#8211; Initiative finanziert Ferienfreizeit f\u00fcr Migrantenkinder"},"content":{"rendered":"<p>Der Spendenaufruf der Initiative \u201eZeit f\u00fcr Kinder\u201c und das Engagement des B\u00fcrgervereins Oberwiehre-Waldsee waren ein voller Erfolg. Die Freiburger Turnerschaft von 1844 e.V. (<a title=\"Sportvereine\" href=\"https:\/\/www.freiburg-schwarzwald.de\/blog\/sport\/sportvereine\/\">FT<\/a>) \u00fcbernimmt die Kosten f\u00fcr alle neun Kinder aus dem <a title=\"Fluechtlingswohnheim\" href=\"https:\/\/www.freiburg-schwarzwald.de\/blog\/selbsthilfe\/soziales\/fluechtlingswohnheim\/\">Asylbewerberheim \u201eHammerschmiedstra\u00dfe\u201c<\/a> f\u00fcr die Ferienfreizeit. Hinzu kamen weitere Geldspenden von B\u00fcrgern und einer namhaften Institution in Freiburg, die nun f\u00fcr weitere Aktivit\u00e4ten der PatInnen mit den Migrantenkindern verwendet werden k\u00f6nnen. Au\u00dferdem spendete die Firma Sport-Kiefer spontan einen Kanu-Tag f\u00fcr diese Kinder. <!--more-->Die Sommerferien werden in diesem Jahr f\u00fcr diese 7 bis 12 Jahre alten M\u00e4dchen und Jungen, die alle hier geboren sind, mit einer interessanten und abwechslungsreichen Woche bei der FT mit vielen Spielen zusammen mit anderen Kindern ein Erlebnis werden.<br \/>\nDie FT stellt mit dem Sponsoringpartner Bad D\u00fcrrheimer Mineralbrunnen jedes Jahr einige Pl\u00e4tze ihrer einw\u00f6chigen Ferienfreizeit\u00a0 finanzschwachen Familien zur Verf\u00fcgung und erkl\u00e4rte sich spontan bereit, diese Kinder aus der Hammerschmiedstra\u00dfe in ihre Ferienfreizeitangebote (ganztags mit Mittagessen) mitaufzunehmen. F\u00fcr die FT, so die Aussage des gesch\u00e4ftsf\u00fchrenden Direktors, Walter Hasper, ist diese Spendenaktion eine Gelegenheit zum Einstieg in eine nachhaltige Betrachtung in der Zusammenarbeit mit der Initiative \u201eZeit f\u00fcr Kinder\u201c, aus der perspektivisch auch einmal mehr werden k\u00f6nnte. Judith Rick, die an der PH Erziehungswissenschaften studiert und dieses Ferienprojekt mitbetreut, ist eine von insgesamt 21 PatInnen, die den Kindern bei ihrer pers\u00f6nlichen Entwicklung und ihrer Integration zur Seite stehen. Ein vorbildliches ehrenamtliches Engagement, das nun durch die Solidarit\u00e4t der FT und von anderen Spendern gew\u00fcrdigt wird.<br \/>\nHans-E. Homlicher, 19.7.2012<\/p>\n<div id=\"attachment_7316\" style=\"width: 190px\" class=\"wp-caption alignnone\"><a href=\"https:\/\/www.freiburg-schwarzwald.de\/blog\/2012\/07\/19\/zeit-fuer-kinder-initiative-finanziert-ferienfreizeit-fur-migrantenkinder\/zeit-fuer-kinder1207\/\" rel=\"attachment wp-att-7316\"><img loading=\"lazy\" decoding=\"async\" aria-describedby=\"caption-attachment-7316\" class=\"size-thumbnail wp-image-7316\" title=\"zeit-fuer-kinder1207\" src=\"https:\/\/www.freiburg-schwarzwald.de\/blog\/wp-content\/uploads\/2012\/07\/zeit-fuer-kinder1207-180x135.jpg\" alt=\"\" width=\"180\" height=\"135\" srcset=\"https:\/\/www.freiburg-schwarzwald.de\/blog\/wp-content\/uploads\/2012\/07\/zeit-fuer-kinder1207-180x135.jpg 180w, https:\/\/www.freiburg-schwarzwald.de\/blog\/wp-content\/uploads\/2012\/07\/zeit-fuer-kinder1207.jpg 640w\" sizes=\"auto, (max-width: 180px) 100vw, 180px\" \/><\/a><p id=\"caption-attachment-7316\" class=\"wp-caption-text\">Judith Rick, Patin \u201eZeit f\u00fcr Kinder\u201c, Direktor Walter Hasper, Gesch\u00e4ftsf\u00fchrer und Anja Heer, Leiterin Marketing \/ Veranstaltungen der Freiburger Turnerschaft von 1844 e.V. - Bild Homlicher vlnr<\/p><\/div>\n<p>&nbsp;<\/p>\n<p>&nbsp;<\/p>\n","protected":false},"excerpt":{"rendered":"<p>Der Spendenaufruf der Initiative \u201eZeit f\u00fcr Kinder\u201c und das Engagement des B\u00fcrgervereins Oberwiehre-Waldsee waren ein voller Erfolg. Die Freiburger Turnerschaft von 1844 e.V. (FT) \u00fcbernimmt die Kosten f\u00fcr alle neun Kinder aus dem Asylbewerberheim \u201eHammerschmiedstra\u00dfe\u201c f\u00fcr die Ferienfreizeit. Hinzu kamen &hellip; <a href=\"https:\/\/www.freiburg-schwarzwald.de\/blog\/zeit-fuer-kinder-initiative-finanziert-ferienfreizeit-fur-migrantenkinder\/\">Weiterlesen <span class=\"meta-nav\">&rarr;<\/span><\/a><\/p>\n","protected":false},"author":4,"featured_media":0,"comment_status":"closed","ping_status":"closed","sticky":false,"template":"","format":"standard","meta":{"footnotes":""},"categories":[36,155,95,73],"tags":[725,270],"class_list":["post-7315","post","type-post","status-publish","format-standard","hentry","category-engagement","category-integration","category-schulen","category-sportvereine","tag-integration","tag-gift"],"_links":{"self":[{"href":"https:\/\/www.freiburg-schwarzwald.de\/blog\/wp-json\/wp\/v2\/posts\/7315","targetHints":{"allow":["GET"]}}],"collection":[{"href":"https:\/\/www.freiburg-schwarzwald.de\/blog\/wp-json\/wp\/v2\/posts"}],"about":[{"href":"https:\/\/www.freiburg-schwarzwald.de\/blog\/wp-json\/wp\/v2\/types\/post"}],"author":[{"embeddable":true,"href":"https:\/\/www.freiburg-schwarzwald.de\/blog\/wp-json\/wp\/v2\/users\/4"}],"replies":[{"embeddable":true,"href":"https:\/\/www.freiburg-schwarzwald.de\/blog\/wp-json\/wp\/v2\/comments?post=7315"}],"version-history":[{"count":0,"href":"https:\/\/www.freiburg-schwarzwald.de\/blog\/wp-json\/wp\/v2\/posts\/7315\/revisions"}],"wp:attachment":[{"href":"https:\/\/www.freiburg-schwarzwald.de\/blog\/wp-json\/wp\/v2\/media?parent=7315"}],"wp:term":[{"taxonomy":"category","embeddable":true,"href":"https:\/\/www.freiburg-schwarzwald.de\/blog\/wp-json\/wp\/v2\/categories?post=7315"},{"taxonomy":"post_tag","embeddable":true,"href":"https:\/\/www.freiburg-schwarzwald.de\/blog\/wp-json\/wp\/v2\/tags?post=7315"}],"curies":[{"name":"wp","href":"https:\/\/api.w.org\/{rel}","templated":true}]}}