{"id":73065,"date":"2019-06-11T21:59:33","date_gmt":"2019-06-11T19:59:33","guid":{"rendered":"https:\/\/www.freiburg-schwarzwald.de\/blog\/?p=73065"},"modified":"2019-06-14T22:02:54","modified_gmt":"2019-06-14T20:02:54","slug":"emotionaler-missbrauch","status":"publish","type":"post","link":"https:\/\/www.freiburg-schwarzwald.de\/blog\/emotionaler-missbrauch\/","title":{"rendered":"Emotionaler Missbrauch?"},"content":{"rendered":"<p>Die minderj\u00e4hrige <a title=\"FridaysForFuture\" href=\"https:\/\/www.freiburg-schwarzwald.de\/blog\/natur\/klima\/fridaysforfuture\/\">Greta Thunberg<\/a> ist einem <a title=\"Fanatismus\" href=\"https:\/\/www.freiburg-schwarzwald.de\/blog\/engagement\/zukunft\/demokratie\/fanatismus\/\">unbeschreiblichen<\/a> <a title=\"Fridays For Future\" href=\"https:\/\/www.freiburg-schwarzwald.de\/blog\/fridays-for-future\/\">Hype<\/a> der <a title=\"Klimahype abklingen lassen\" href=\"https:\/\/www.freiburg-schwarzwald.de\/blog\/klimahype-abklingen-lassen\/\">Medien<\/a> ausgesetzt. Angesichts der <a title=\"Klimawandel-Religion\" href=\"https:\/\/www.freiburg-schwarzwald.de\/blog\/klimawandel-religion\/\">Berichte<\/a> von Fernsehen und Demos mag man sich fragen, ob hier nicht psychische Gewalt (emotionale Misshandlung, emotionaler <a title=\"Sexuellermissbrauch\" href=\"https:\/\/www.freiburg-schwarzwald.de\/blog\/selbsthilfe\/krise\/sexuellermissbrauch\/\">Mi\u00dfbrauch<\/a>) vorliegt. Es bleibt zu hoffen, dass Greta\u00a0den <a title=\"Klimawandel\" href=\"https:\/\/www.freiburg-schwarzwald.de\/blog\/natur\/klima\/klimawandel\/\">Klimawande<\/a>l-Rummel unbeschadet \u00fcberstehen wird. <!--more--><br \/>\nGreta Thunberg selbst wei\u00df um ihre eigene Entwicklungsst\u00f6rung:<br \/>\n\u201eThunberg beschreibt, wie sie im Alter von Elf, wenige Jahre nachdem sie das erste Mal \u00fcber das Konzept des Klimawandels erfahren hat, in eine Depression verfiel und krank wurde. \u201aIch h\u00f6rte auf zu reden. Ich h\u00f6rte auf zu essen\u2018, erkl\u00e4rt sie. \u201aIn zwei Monaten verlor ich zehn Kilo Gewicht. Sp\u00e4ter wurde bei mir dann das Asperger-Syndrom, OCD und selektiver Mutismus diagnostiziert \u2013 was grunds\u00e4tzlich hei\u00dft, ich rede nur dann, wenn ich denke, dass es notwendig ist.\u2018\u201c<br \/>\n19.12.2018, CommonDreams (links-liberale US-Website,<br \/>\n<a href=\"https:\/\/www.commondreams.org\/news\/2018\/12\/19\/depressed-and-then-diagnosed-autism-greta-thunberg-explains-why-hope-cannot-save\">https:\/\/www.commondreams.org\/news\/2018\/12\/19\/depressed-and-then-diagnosed-autism-greta-thunberg-explains-why-hope-cannot-save<\/a><br \/>\n.<br \/>\nJunge Menschen mit Asperger-Syndom wie Greta Thunberg sind in besonderem Ma\u00df suizid-gef\u00e4hrdet:<br \/>\n\u201eNur weniger als 1% der Bev\u00f6lkerung haben Autismus und das Asperger-Syndrom. Es ist eine der am meisten fehldiagnostizierten Entwicklungsst\u00f6rungen in der Erwachsenenpsychatrie. Depression ist gemeinhin damit verbunden und es kann so mit Antidepressiva Abhilfe geschaffen werden. Das Selbstmordrisiko ist sehr viel h\u00f6her, als es bislang erkannt worden ist.\u201c &#8230;.<br \/>\n\u201eSelbstmordgedanken sind bei Menschen mit Asperger-Syndrom sehr \u00fcblich. Sie erscheinen besonders h\u00e4ufig in der Pubert\u00e4t und dem fr\u00fchen Erwachsenenleben [\u2026] Von der Zeit der Pubert\u00e4t an werden Selbstmordversuche ziemlich h\u00e4ufig [\u2026] Vollendeter Selbstmord kann ebenso auftreten [\u2026] \u00dcblicherweise haben die Patienten eine chronische Geschichte von Depression, mit nur einer teilweisen Reaktion auf Antidepressiva\u201c<br \/>\n3.2.2007, Michael Fitzgerald, irischer Psychiater, in:<br \/>\n<a href=\"https:\/\/www.researchgate.net\/publication\/266117618_Suicide_and_Asperger's_Syndrome\">https:\/\/www.researchgate.net\/publication\/266117618_Suicide_and_Asperger&#8217;s_Syndrome<\/a><\/p>\n<p>Diese anscheinend doch kranke Greta Thunberg wird von der Bundestagsabgeordneten Katrin G\u00f6ring-Eckardt (Gr\u00fcne) in geradezu besch\u00e4mender Weise glorifiziert:<br \/>\n\u201e<em>Greta Thunberg erinnert mich manchmal an Propheten aus der Bibel.<br \/>\nEs ist, wenn man genauer hinschaut, sogar erstaunlich, wie viele Parallelen es gibt [\u2026]<br \/>\n[Propheten] sind Menschen, die besonders gut in die Gegenwart blicken k\u00f6nnen [\u2026]<br \/>\nGretas Schulstreik erinnert mich an die \u201aprophetischen Zeichenhandlungen\u2018 [\u2026]<br \/>\nPropheten, Prophetinnen sind immer gleicherma\u00dfen bewundert wie angefeindet\u201c<\/em><br \/>\n22.3.2019, Kanzelrede von KGE<br \/>\n<a href=\"https:\/\/www.goering-eckardt.de\/2019\/03\/22\/kanzelrede-im-rahmen-der-duisburger-akzente\/\">https:\/\/www.goering-eckardt.de\/2019\/03\/22\/kanzelrede-im-rahmen-der-duisburger-akzente\/<br \/>\n<\/a>\u00a0.<br \/>\nDa mu\u00df die Frage erlaubt sein, ob die Politik eine junge Heranwachsende, die unter einer tiefgreifenden Entwicklungsst\u00f6rung leidet, nicht <a title=\"Psyche\" href=\"https:\/\/www.freiburg-schwarzwald.de\/blog\/selbsthilfe\/psyche\/\">emotional mi\u00dfbraucht<\/a>, um die eigenen klimapolitischen Ziele zu erreichen.<br \/>\n14.6.2019<br \/>\n.<br \/>\n.<br \/>\n<strong>Emotionaler Mi\u00dfbrauch an Greta Thunberg?<\/strong><br \/>\nEs stellt sich weiter die Frage, ob einem elfj\u00e4hrigen Kinde mit der gro\u00dfen Klimaapokalypse Angst zu machen und es dazu zu treiben, nichts mehr zu essen, nicht bereits den Fall einer konkreten Gef\u00e4hrdung des Kindeswohl zeitigte!? Ein \u201eemotionaler Missbrauch\u201c<br \/>\n<a href=\"https:\/\/www.psychotherapie-golling.de\/glossar\/emotionaler-missbrauch-muenchen\/\">https:\/\/www.psychotherapie-golling.de\/glossar\/emotionaler-missbrauch-muenchen\/<\/a>,<br \/>\nder sich gerade und insbesondere in der psychischen Manipulation (\u201eDie Welt geht unter!\u201c) und emotionalen Erpressung (\u201eDu musst etwas tun!\u201c) manifestiert?<br \/>\nWelche moralischen wie ethischen Pr\u00e4missen legen eigentlich die Apologeten und Auguren der klimapokalyptischen Endzeit bei sich selbst an, wenn sie nicht einmal davor zur\u00fcckschrecken, selbst ein Kind mit einer tiefgreifenden Entwicklungsst\u00f6rung f\u00fcr ihre politische Agenda zu missbrauchen?<br \/>\n&#8230; Alles vom 13.6.019 von Dr. Ermler bitte lesen auf<br \/>\n<a href=\"https:\/\/philosophia-perennis.com\/2019\/06\/11\/der-politische-missbrauch-greta-thunbergs\/\">https:\/\/philosophia-perennis.com\/2019\/06\/11\/der-politische-missbrauch-greta-thunbergs\/<\/a><br \/>\n.<br \/>\n<em>Dr. Dr. Marcus Ermler (Jg. 1983) ist Mathematiker und Informatiker. Bisher hat er v.a. zu den Themenbereichen Junk Science, die politische Linke sowie religi\u00f6sen Fundamentalismus publiziert.<br \/>\n.<\/em><\/p>\n<p><strong>Greta als unangreifbare Ikone<\/strong><br \/>\nJa, gewissenlose Klimagewinnler haben sich mit Greta eine unangreifbare Ikone geschaffen. Wer das arme M\u00e4dchen angreift, wird \u00f6ffentlich und privat vernichtet. Wir leben mal wieder in einem Land, in dem Pers\u00f6nlichkeitsst\u00f6rungen und Panikattacken als unabdingbare Voraussetzung f\u00fcr &#8222;vern\u00fcnftiges Handeln&#8220; betrachtet werden.<br \/>\nFestzuhalten bleibt, es ist in 30 Jahren, trotz milliadenschwerer, keineswegs ergebnisoffener Forschung und einem milliadenschweren UN-Propagandaministerium nicht gelungen, plausibel zu zeigen, wie das b\u00f6se CO2 denn die Erde erw\u00e4rmt. Seit 1989 hat sich jede, tats\u00e4chlich jede einzelne &#8222;Hochrechnung&#8220;, &#8222;Prognose&#8220; und Vorhersage, die je von Klimaalarmisten gemacht wurde als falsch erwiesen.<br \/>\nDas macht die die gesamte Klimabewegung zu einer irrationalen, von jeder Realit\u00e4t abgekoppelten, gef\u00e4hrlichen Endzeitsekte, die einen ganzen Kontinent in den Abgrund rei\u00dft, wenn man sie l\u00e4sst.<br \/>\nZeit f\u00fcr Gretra auch noch &#8222;Don\u00b4t cry for me Argentina&#8220; zu singen bleibt da eigentlich nicht. Wenn es nach den Klimahysterikern geht, dann wird es bald gen\u00fcgend wirklich unschuldige Opfer geben, um die man trauern kann. Dass es so kommt, das gilt es im Moment zu verhindern. &#8230;<br \/>\nIn vieler Hinsicht ist die heutige, klimareligi\u00f6se Endzeitbewegung am Ende der kleinen Eiszeit deutlich irrationaler als die komplement\u00e4re Bewegung im Mittelalter am Beginn der Kleinen Eiszeit. Gab es im Mittelalter mit der Abk\u00fchlung durch Missernten Hungersn\u00f6te und Seuchenz\u00fcge, echte Bedrohungen mit Millionen Toten, gibt es heute mit der nat\u00fcrlichen Temperatursteigerung von ca. 0,7 \u00b0C in einen Jahrhundert nichts als Vorteile f\u00fcr alle, sogar die Sahara wird wieder gr\u00fcner.<br \/>\nDie Gefahren der globalen Erw\u00e4rmung m\u00fcssen genau wie die menschliche Schuld daran herbeigelogen werden, ohne das auch nur ein einziger je zu Schaden gekommen ist. Dass Menschen nach 300 Jahren Aufkl\u00e4rung in Massen noch so dumm sein k\u00f6nnen, macht mir bedauerlicher Weise wirklich Angst.<br \/>\n11.6.2019, P.S.<br \/>\n.<br \/>\nEhrlich gesagt, ich sorge mich weniger um Greta T. , sondern mehr um den geistigen Zustand von Erwachsenen und Institutionen &#8211; gerade den Mainstreammedien -, die solchen infantilen Kapriolen eine B\u00fchne bieten .<br \/>\n11.6.2019, WI<br \/>\n.<br \/>\n<strong>Mischung aus dem Orakel von Delphi und einer Jeanne d&#8217;Arc<\/strong><br \/>\nIrgendwie scheint es so zu sein, als w\u00e4re Greta Thunberg eine Mischung aus dem Orakel von Delphi und einer Jeanne d&#8217;Arc. Und irgendwie passt dieses bedauernswerte M\u00e4del offenbar ganz genau in diese hysterische Zeit des weit verbreiteten kompromi\u00dflosen Schwarz-Wei\u00df-Denkens a l l e r politischen Richtungen.<br \/>\nGreta Thunberg passt in diese Zeit eines irrationalen Romantizismus blinder Heldenverehrung ebenso, wie ein traumt\u00e4nzelnder Gr\u00fcner Robert Habeck, der vielen als Kanzler der Herzen erscheint, im doppelten Sinne des Wortes.<br \/>\nDa\u00df die Linksgr\u00fcnen dringendst einer Ikone bedurften, um ihre Reihen fester zu einigen und zu schlie\u00dfen und sich eine Greta daf\u00fcr anbot, scheint mir folgerichtig der politischen Mode unserer Tage geschuldet. H\u00e4tte es die Gretel nicht gegeben, man h\u00e4tte sie erfinden m\u00fcssen.<br \/>\nIch hoffe f\u00fcr Greta Thunberg, da\u00df sie nach Erledigung ihrer &#8222;Mission&#8220; in beste therapeutische H\u00e4nde kommt, bef\u00fcrchte aber, da\u00df sie weiterhin von Scharlatanen &#8222;betreut&#8220; werden wird, zum Nutzen und Frommen derselben &#8230; &#8222;Der Mensch ist gut, nur die Leut&#8216; sind schlecht.&#8220; &#8211; von unbekannt (Entweder von Nestroy, Valentin oder K\u00e4stner)<br \/>\n11.6.2019, DEM<br \/>\n.<br \/>\n<strong>Ein selbstmordgef\u00e4hrdetes 16-j\u00e4hriges Kind<\/strong>,<br \/>\ndas an klinischer Depression, Zwangsneurose (OCD) und Asperger-Syndrom leidet, wird unter gro\u00dfem PR- und finanziellem Erfolg mit einer apokalyptischen Botschaft in die Welt hinaus geschickt, um sowas zu sagen:<br \/>\n<em>\u201eUnser Haus brennt. Ich bin hier, um zu sagen, unser Haus brennt\u2026<br \/>\nDu sagst, du liebst deine Kinder \u00fcber alles. Und doch stiehlst du ihre Zukunft vor ihren Augen &#8230;<br \/>\nErwachsene sagen immer wieder, dass wir es den jungen Menschen schulden, ihnen Hoffnung zu geben. Aber ich will deine Hoffnung nicht. Ich m\u00f6chte nicht, dass du hoffnungsvoll bist. Ich m\u00f6chte, dass du in Panik ger\u00e4tst. Ich m\u00f6chte, dass du die Angst f\u00fchlst, die ich jeden Tag f\u00fchle\u2026 \u201c<\/em><br \/>\n&#8211; Greta Thunberg am 25.01.2019 in Davos<br \/>\nWenn man ein Kind schon einmal soweit getrieben hat, dann hat man alle moralischen oder ethischen Pr\u00e4missen doch l\u00e4ngst schon hinter sich gelassen.<br \/>\n11.6.2019, GIE<\/p>\n","protected":false},"excerpt":{"rendered":"<p>Die minderj\u00e4hrige Greta Thunberg ist einem unbeschreiblichen Hype der Medien ausgesetzt. Angesichts der Berichte von Fernsehen und Demos mag man sich fragen, ob hier nicht psychische Gewalt (emotionale Misshandlung, emotionaler Mi\u00dfbrauch) vorliegt. Es bleibt zu hoffen, dass Greta\u00a0den Klimawandel-Rummel unbeschadet &hellip; <a href=\"https:\/\/www.freiburg-schwarzwald.de\/blog\/emotionaler-missbrauch\/\">Weiterlesen <span class=\"meta-nav\">&rarr;<\/span><\/a><\/p>\n","protected":false},"author":2,"featured_media":0,"comment_status":"open","ping_status":"closed","sticky":false,"template":"","format":"standard","meta":{"footnotes":""},"categories":[228,60,63,80,64],"tags":[531,568,715,720,399],"class_list":["post-73065","post","type-post","status-publish","format-standard","hentry","category-depression","category-jugend","category-krise","category-medien","category-psyche","tag-handicap","tag-jugend-2","tag-klima","tag-medien","tag-psychology"],"_links":{"self":[{"href":"https:\/\/www.freiburg-schwarzwald.de\/blog\/wp-json\/wp\/v2\/posts\/73065","targetHints":{"allow":["GET"]}}],"collection":[{"href":"https:\/\/www.freiburg-schwarzwald.de\/blog\/wp-json\/wp\/v2\/posts"}],"about":[{"href":"https:\/\/www.freiburg-schwarzwald.de\/blog\/wp-json\/wp\/v2\/types\/post"}],"author":[{"embeddable":true,"href":"https:\/\/www.freiburg-schwarzwald.de\/blog\/wp-json\/wp\/v2\/users\/2"}],"replies":[{"embeddable":true,"href":"https:\/\/www.freiburg-schwarzwald.de\/blog\/wp-json\/wp\/v2\/comments?post=73065"}],"version-history":[{"count":0,"href":"https:\/\/www.freiburg-schwarzwald.de\/blog\/wp-json\/wp\/v2\/posts\/73065\/revisions"}],"wp:attachment":[{"href":"https:\/\/www.freiburg-schwarzwald.de\/blog\/wp-json\/wp\/v2\/media?parent=73065"}],"wp:term":[{"taxonomy":"category","embeddable":true,"href":"https:\/\/www.freiburg-schwarzwald.de\/blog\/wp-json\/wp\/v2\/categories?post=73065"},{"taxonomy":"post_tag","embeddable":true,"href":"https:\/\/www.freiburg-schwarzwald.de\/blog\/wp-json\/wp\/v2\/tags?post=73065"}],"curies":[{"name":"wp","href":"https:\/\/api.w.org\/{rel}","templated":true}]}}