{"id":73031,"date":"2019-06-14T13:39:45","date_gmt":"2019-06-14T11:39:45","guid":{"rendered":"https:\/\/www.freiburg-schwarzwald.de\/blog\/?p=73031"},"modified":"2019-06-14T22:05:59","modified_gmt":"2019-06-14T20:05:59","slug":"gesinnung-verantwortung-ethik","status":"publish","type":"post","link":"https:\/\/www.freiburg-schwarzwald.de\/blog\/gesinnung-verantwortung-ethik\/","title":{"rendered":"Gesinnung Verantwortung Ethik"},"content":{"rendered":"<p><a title=\"Klima\" href=\"https:\/\/www.freiburg-schwarzwald.de\/blog\/natur\/klima\/\">Klima<\/a>, <a title=\"Klimawandel\" href=\"https:\/\/www.freiburg-schwarzwald.de\/blog\/natur\/klima\/klimawandel\/\">Klimawandel<\/a> bis hin zur <a title=\"Klimawandel-Religion\" href=\"https:\/\/www.freiburg-schwarzwald.de\/blog\/klimawandel-religion\/\">Apokalypse<\/a>: die Auseinandersetzungen sind zunehmend <a title=\"Klimawandel- Holocaustleugner\" href=\"https:\/\/www.freiburg-schwarzwald.de\/blog\/klimawandel-holocaustleugner\/\">ideologisch<\/a>, <a title=\"Fanatismus\" href=\"https:\/\/www.freiburg-schwarzwald.de\/blog\/engagement\/zukunft\/demokratie\/fanatismus\/\">fanatisch<\/a> und fast <a title=\"Klimawandel-Religion\" href=\"https:\/\/www.freiburg-schwarzwald.de\/blog\/klimawandel-religion\/\">religi\u00f6s<\/a> aufgeladen. Dabei stehen sich &#8211; jenseits von Rechts und <a title=\"Gruen-Links\" href=\"https:\/\/www.freiburg-schwarzwald.de\/blog\/engagement\/zukunft\/demokratie\/gruen-links\/\">Links<\/a> oder von Somewheres und <a title=\"Somewheres gegen Anywheres\" href=\"https:\/\/www.freiburg-schwarzwald.de\/blog\/somewheres-gegen-anywheres\/\">Anywheres<\/a> &#8211; <a title=\"Gesinnungsethik\" href=\"https:\/\/www.freiburg-schwarzwald.de\/blog\/engagement\/zukunft\/demokratie\/gesinnungsethik\/\">Gesinnungsethiker<\/a> und <a title=\"Ethik\" href=\"https:\/\/www.freiburg-schwarzwald.de\/blog\/religion\/ethik\/\">Verantwortungsethiker<\/a> gegen\u00fcber. Nur wenn diese bereit sind zur gemeinsamen <a title=\"Diskussionskultur\" href=\"https:\/\/www.freiburg-schwarzwald.de\/blog\/kultur\/medien\/diskussionskultur\/\">Diskussion<\/a>, wird es pragmatische L\u00f6sungen geben.<!--more--><br \/>\n<a title=\"Gesinnungsethik\" href=\"https:\/\/www.freiburg-schwarzwald.de\/blog\/engagement\/zukunft\/demokratie\/gesinnungsethik\/\">Gesinnungsethiker<\/a> f\u00fchlen Angst (<a title=\"FridaysForFuture\" href=\"https:\/\/www.freiburg-schwarzwald.de\/blog\/natur\/klima\/fridaysforfuture\/\">Greta<\/a>), vertrauen bestimmten Modellen vom <a title=\"Klimawandel-natuerlich\" href=\"https:\/\/www.freiburg-schwarzwald.de\/blog\/natur\/klima\/klimawandel-natuerlich\/\">menschengemachten Klimawandel<\/a>, nach denen nur durch Senkung der CO2-Emissionen eine fortschreitende Welterw\u00e4rmung zu stoppen ist (Gr\u00fcne) und glauben an ihre Mission, nur so das &#8222;Klima retten&#8220; zu k\u00f6nnen und zu m\u00fcssen (<a title=\"Klima-Religion\" href=\"https:\/\/www.freiburg-schwarzwald.de\/blog\/natur\/klima\/klima-religion\/\">Klima-Religion<\/a>). Gesinnungsethiker halten ethische Prinzipien hoch, die jeder B\u00fcrger befolgen sollte. \u00dcberspitzt also: Motiv gut (Rettung), alles gut &#8211; unabh\u00e4ngig von den realen Folgen der Aktionen (z.B. Stromversorgungssicherheit nach Kohle- und Atomkraftausstieg nicht mehr gew\u00e4hrleistet).<\/p>\n<p><a title=\"Klima-Forschung\" href=\"https:\/\/www.freiburg-schwarzwald.de\/blog\/natur\/klima\/klima-forschung\/\">Verantwortungsethiker<\/a> hingegen beurteilen Aktionen nicht nach dem Motiv, sondern nach den Folgen, und fragen &#8222;Was passiert, wenn Deutschland seine Klimaziele bis 2030 befolgt hat, das Klima aber unbeirrt so weitermacht wie seit hunterttausenden von Jahren auch&#8220;. Sie verweisen auf das Fehlen <a title=\"Klima-Forschung\" href=\"https:\/\/www.freiburg-schwarzwald.de\/blog\/natur\/klima\/klima-forschung\/\">wissenschaftlicher Aussagen<\/a> (auch seitens des IPPC) und stellen fest: Deutschland produziert gerade mal ca. 2,4% des weltweiten menschengemachten <a title=\"CO2\" href=\"https:\/\/www.freiburg-schwarzwald.de\/blog\/natur\/klima\/co2\/\">CO2<\/a>, weshalb sogar eine vollst\u00e4ndige <a title=\"Deindustrialisierung\" href=\"https:\/\/www.freiburg-schwarzwald.de\/blog\/business\/industrie\/deindustrialisierung\/\">Deindustrialisierung<\/a> Deutschlands (zur\u00fcck zu den Pfahlbauten am Bodensee bei Unteruhldingen) einen kaum messbaren Einfluss auf den Welt-CO2-Aussto\u00df bewirken.<br \/>\nAuf der anderen Seite sind die von den Gr\u00fcnen von FridayForFuture \u00fcbernommenen Forderungen nach Einf\u00fchrung einer rigorosen allgemeinen <a title=\"Gesinnungsdiktatur\" href=\"https:\/\/www.freiburg-schwarzwald.de\/blog\/kultur\/medien\/gesinnungsdiktatur\/\">CO2-Steuer purer Populismus<\/a> &#8211; klingen klimarettungsm\u00e4\u00dfig gut, benachteiligen aber in unverantwortlichendem Ma\u00dfe die Bezieher kleiner Einkommen und die auf dem Land lebende Bev\u00f6lkerung.<br \/>\nSo dreschen Gesinnungsethiker und Verantwortungsethiker in den Medien und auf Demos weiter aufeinander ein und reden doch aneinander vorbei, obwohl beide nicht die volle Wahrheit gepachtet haben. Zum Erfolg des Klimaschutzes (incl Erhalt der Biodiversit\u00e4t, usw.) k\u00f6nnen beide beitragen, denn er ist auf eine idealistische Motivation ebenso angewiesen wie auf streng wissenschaftliche Effizienzberechnungen. Darum m\u00fcssen beide mehr miteinander reden.<br \/>\n.<br \/>\n<a title=\"Grundgesetz 70: Freie Meinung\" href=\"https:\/\/www.freiburg-schwarzwald.de\/blog\/grundgesetz-70-freie-meinung\/\">&#8222;Consent of the Goverment&#8220;<\/a>, die \u00dcbereinkunft der Regierten mit der Regierung, ist seit 1776 in der US-Unabh\u00e4ngigkeitserkl\u00e4rung verankert als grundlegend f\u00fcr eine funktionierende Demokratie. Sp\u00e4testens seit Beginn der Migration im Sp\u00e4tssommer 2015 gibt es &#8211; nicht nur aus der Sicht des Historikers <a title=\"Westen\" href=\"https:\/\/www.freiburg-schwarzwald.de\/blog\/engagement\/zukunft\/demokratie\/westen\/\">Heinrich August Winkler<\/a> &#8211; diese \u00dcbereinkunft in Deutschland kaum noch.<br \/>\nSeit Ende 2018 kommt zum Thema &#8222;Migration&#8220; noch der Hype &#8222;Klimawandel&#8220;, dominiert von den Gesinnungsethikern in Politik und Medien. Damit ger\u00e4t die &#8222;Consent of The Goverment&#8220; noch mehr in Bedr\u00e4ngnis. Es ist hohe Zeit, dass Gesinnungsethik und Verantwortungethik zusammenfinden.<br \/>\n13.6.2019<\/p>\n<p><strong>Klimawandel: Mehr Offenheit in der Debatte w\u00fcrde helfen<\/strong><br \/>\nEine offenere Diskussion zwischen Gesinnungsethikern und Verantwortungsethikern \u00fcber die L\u00f6sungen k\u00f6nnte helfen, das Eis zu brechen. Bis anhin wird \u00fcber die Optionen, sich dem Klimawandel entgegenzustellen, nicht umfassend genug gesprochen. <strong><em>Die Menschheit kann nicht allein die Emissionen senken. Die anderen grossen Optionen lauten: Entzug von CO2 aus der Luft; technische Klimak\u00fchlung; Anpassung an den Wandel.<\/em><\/strong><br \/>\nIn Europa wird aber fast ausschliesslich \u00fcber die erste Option geredet. Schaut man genau hin, ist es sogar nur eine kleine Variante dieser Option. Es geht meistens um die Emissionssenkung durch heimischen Ausbau erneuerbarer Energiequellen. Diese Verengung ist unklug. Es ist noch nicht einmal die einzige M\u00f6glichkeit, Emissionen mithilfe staatlicher Aktivit\u00e4t zu verringern.<br \/>\nNutzen bringt zum Beispiel auch der Transfer von Klimaschutztechniken in Schwellenl\u00e4nder. Macht man eine Kosten-Nutzen-Rechnung auf, schneidet diese Massnahme oft besser ab. Alle Seiten profitieren: Werden in einem Schwellenland fossile Kraftwerke modernisiert oder durch ein Kraftwerk mit CO2-neutraler Technologie ersetzt, bessert sich dort die Luft, die Emission von Treibhausgasen sinkt, und der Aussenhandel w\u00e4chst.<br \/>\n&#8230; Ales vom 13.6.2019 bitte lesen auf<br \/>\n<a href=\"https:\/\/www.nzz.ch\/meinung\/klimawandel-mehr-offenheit-in-der-debatte-wuerde-helfen-ld.1488096?mktcid=nled&amp;mktcval=107_2019-06-13&amp;kid=nl107_2019-6-13\">https:\/\/www.nzz.ch\/meinung\/klimawandel-mehr-offenheit-in-der-debatte-wuerde-helfen-ld.1488096?mktcid=nled&amp;mktcval=107_2019-06-13&amp;kid=nl107_2019-6-13<br \/>\n<\/a>.<\/p>\n<p><strong>Klima-Gesinnungsethiker: Die Naturreligion der gehobenen St\u00e4nde<\/strong><br \/>\nEs wird viel \u00fcber den Klimaschutz in den letzten Tagen geredet: \u00fcber Greta Thunberg, \u00fcber \u201eFlugshaming\u201c oder \u00fcber Coffee-to-go-Becher. Richtig in Schwung kommt der Klimaschutz aber mit den Gr\u00fcnen. Mittlerweile einen Prozentpunkt liegen sie vor den Christdemokraten (25 Prozent). Ein richtiger H\u00f6henflug. Und er zeigt: Klimaschutz ist zur \u201eunsichtbaren Hand\u201c \u00e0 la Adam Smith geworden. Der Klimaschutz diktiert die Richtung, ist zu einer Religion par excellence geworden. Was Greta Thunberg f\u00fcr die Fridays-for-Future-Kids ist, sind Annalena Baerbock und Robert Habeck f\u00fcr ihre Eltern. Eigentlich ein schnuckeliges Bild in neutestamentarischem Gewand: die gro\u00dfst\u00e4dtische Jungfrau Annalena, der intellektuelle Zimmermann Habeck und das Jesuskind Greta. Um sie herum die drei heiligen K\u00f6nige, AKK mit Anti-Rezo-Weihrauch, das Dreiergespann Dreyer, Schwesig, Sch\u00e4fer-G\u00fcmbel mit seiner sozialdemokratischen Myrrhe-Schlagkraft und S\u00f6der mit der gl\u00e4nzenden Gold-Selbstgef\u00e4lligkeit der CSU, man erinnere sich nur an das Raketenvorzeigeprogramm \u201eBavaria One\u201c. F\u00fcr die Rollen der Esel und Schafe ist gesorgt, genug \u2013 mehr oder minder \u2013 Freiwillige stehen schon in den Startl\u00f6chern bereit.<br \/>\nSo oder \u00e4hnlich k\u00f6nnte die gr\u00fcne Weihnachtskrippe aussehen. Nicht mehr Gott, sondern dem Klima wird gehuldigt. \u00c4hnlich den Vorsokratikern, die sich von den theologischen Vorstellungen befreiten und nach dem Urstoff suchten, aus dem letztendlich alles entstand: F\u00fcr Thales war es das Wasser, f\u00fcr Anaximenes die Luft und f\u00fcr die Gr\u00fcnen ist es, allumfassend gesprochen, das Klima.<br \/>\n&#8230; Alles von Bertha Stein vom 13,6,2019 bitte lesen auf<br \/>\n<a href=\"https:\/\/www.achgut.com\/artikel\/die_anturreligion_der_gehobenen_staende\">https:\/\/www.achgut.com\/artikel\/die_anturreligion_der_gehobenen_staende<\/a><\/p>\n<p><strong>Gottesbeweis &#8211; Klimawandelbeweis<\/strong><br \/>\nEin Aspekt noch\u2026 : Die mantraaehnlich vorgebrachte Behauptung, der Klimawandel sei menschengemacht, weil 97% der Klimaforscher das so sehen. Anders gesagt: Der Beweis Gottes ist erbracht, weil sogar 100% der Theologen an ihn glauben. Auch Theologen verstehen sich als Wissenschaftler uebrigens. Aber der wichtige Punkt ist der: den so gefuehrten Beweis kann niemand widerlegen. Der gl\u00e4ubige fordert den zweifler also auf, die Existenz Gottes zu widerlegen. Das kann dem zweifler nicht gelingen. Es ist n\u00e4mlich nicht moeglich, die nichtexistenz Gottes zu beweisen, so wenig wie die von nessie, Drachen und Einh\u00f6rner. Das Christentum hat in den kirchenlehrern mithilfe philosophischer Argumentation erkannt, dass Gewissheit nicht nur nicht zu erlangen ist, sondern sogar sch\u00e4dlich. Credo quia absurdum. Weil also nicht trotz. Der Glaube gretas ist in dieser Hinsicht in der Tat ein rueckschritt. Ob nun Animismus oder wie man das auch nennen mag. Eine fortschrittliche Religion laesst den Zweifel nicht nur zu, sie baut darauf auf. Daher auch die hexenverbrennungen nicht aus der Kirche kamen und theologisch nicht gerechtfertigt wurden von ernsthaften Theologen. Die naehe zur Hexenverfolgung wurde schon oft erkannt. Wir steuern in voraufklaerische, ja, sogar vorhellenistische Zeiten. Das vordringen des Islam, der den zweifler mit dem Tode bedroht, gehoert indiesem Kontext. Greta und die zauselbaerte sind Stress demselben Holz geschnitzt.<br \/>\n13.6.2019, A.R., AO<br \/>\n.<br \/>\n<strong>CO2-Steuer als Ablasshandel 2.0<\/strong><br \/>\nWas im Mittelalter das vom Klerus diktierte \u201cChristentum\u201d mit Ablasshandel war, ist heute die Klimareligion mit dem Ablasshandel 2.0, der CO2-Steuer und dem Zwang zur R\u00fcckkehr ins Mittelalter. Von Religionsfreiheit, Demokratie und Rechtsstaatlichkeit hat sich Merkel-Deutschland endg\u00fcltig verabschiedet.<br \/>\n13.6.2019, H.ST<\/p>\n<p>Wieder mal genau auf den Punkt gebracht Herr Stadler. In \u201cZeit online\u201d wird heute eine Rede von Alice Weidel abgedruckt in der sie den \u201cmenschengemachten\u201d Klimawandel bezweifelt, wobei sie einen Klimawandel generell NICHT ablehnt Ausschnitt: \u201cDie gesamte Klimaagenda beruhe auf den Berichten des Weltklimarates. Dieser sei keine naturwissenschaftliche, sondern eine politische Organisation. Es geht um nichts andres als um Lobbypolitik.\u201d Frau Dr. Weidel ist ein kluge Frau.<br \/>\nHerr R\u00fchl, Sie schreiben in Ihrem Leserbrief u.a. \u201d Der Glaube Gretas\u2026..\u201d GENAU das ist das ELEND, das wir ALLE zu glauben haben, wer es nicht tut, w\u00e4re im Mittelalter auf das Rad geflochten wurden, heute bedient man sich \u201celeganterer \u201d Methoden. Diese Greta ist nichts weiter als eine Verbreiterin von Vermutungen, sie hat KEINERLEI Basiswissen und das schlimme, ja fast gef\u00e4hrliche ist daran, da\u00df ihr ganze Scharen hinterherlaufen, vor allem auch viele POLITIKER !! Hat dieses Kind einen UNIABSCHLU\u00df hat sie JAHRELANG GEFORSCHT ?? Ich unterhalte mich mit vielen Menschen, die ich vorher nicht kannte, bis jetzt hat JEDER genau das gleiche gesagt und keiner kann es mit einem gesunden Menschenverstand fassen, was z. Z. abgeht. Da\u00df das Klima sich wandelt ist unbestritten, das macht es schon seit Entstehung der Erde. Ja , anscheinend ist es wirklich nur im Merkeldeutschland m\u00f6glich, da\u00df so ein (f\u00fcr mich) <a title=\"Fanatismus\" href=\"https:\/\/www.freiburg-schwarzwald.de\/blog\/engagement\/zukunft\/demokratie\/fanatismus\/\">Fanatismus<\/a> entstehen kann.<br \/>\nEin Freund von mir besucht gerade die <a title=\"Ukraine\" href=\"https:\/\/www.freiburg-schwarzwald.de\/blog\/global\/ukraine\/\">Ukraine<\/a> und war gestern auch in Tschernobyl, Die meisten Menschen in der Ukraine leben ganz normal, sind ruhig, gelassen, wissensdurstig und lernen mit gro\u00dfem Eifer. Er ist begeistert. Viele Jugendliche sitzen abends auf dem Maidan Platz und diskutieren in aller Ruhe. Die meisten besitzen wenig Geld aber trotzdem (oder gerade deshalb?) sind sie fr\u00f6hlich und entspannt. Ich hoffe, sie k\u00f6nnen sich ihre Nat\u00fcrlichkeit bewahren, jetzt will ja der neue Pr\u00e4sident, da\u00df Merkel Putin in die \u201cMangel\u201d nimmt. Da krieg ich G\u00e4nsehaut !<br \/>\n13.6.2019, K.K., AO<\/p>\n<p><strong>Ablassbrief im Mittelalter<\/strong><br \/>\nIch habe es schon \u00f6fter gesagt: Der heutige Klimahysterismus unserer gut verdienenden Wohlstandsmittelschicht entspricht dem Ablassbrief des Mittelalters. Sie wollen damit Bu\u00dfe tun, dem schlechten Gewissen ihres elit\u00e4ren Lebenswandels geschuldet. Dass sie in ihrem sinnlosem religi\u00f6sem Eifer unsere ganze Gesellschaft mit in den Abgrund ziehen ist denen so etwas von absolut egal. Eigentlich m\u00fcssten CDU und SPD politisch ein gesundes Gegenwicht dazu bilden. Statt dessen laufen sie wie die Lemminge dem gr\u00fcnden Zeitgeist hinterher. DAS entzieht ihnen viele W\u00e4hlerstimmen.<br \/>\n13.6.2019, B.R.<br \/>\n.<br \/>\n<strong>&#8230; wie Zeugen Jehovas<\/strong><br \/>\nEndzeitsekten der christlichen Religion wie die Zeugen Jehovas oder die Neuapostolische Kirche haben den vergleichbaren Antrieb der Gr\u00fcnen: panische Angst vor dem baldigen Weltuntergang motiviert schwache Seelen und f\u00fcgt die Herde im Glauben fest zusammen. Apostel Habeck und seine Gehilfin h\u00e4lt in diesem Sinne Hof im gerundeten K\u00f6nigreichssaal und verspricht allen das gr\u00fcne Paradies. Seine Sicht der Ungl\u00e4ubigen und die Zielsetzung, eine Vielzahl von Sachverhalten auf denkunm\u00f6glich zu stellen (Man lese sein letztes Buch), also keine Zweifel zuzulassen, gleicht fatal der Konzeption des Islam, beide tragen nicht umsonst die gr\u00fcne Farbe der Hoffnung.<br \/>\n13.6.2019, F.H.<br \/>\n.<br \/>\n<strong>Morgenthau-Plan nach 1944<\/strong><br \/>\nDer US-Finanzminister Morgenthau ersann 1944 den Plan, Deutschland zu einem reinen Agrarland zu machen, um zuk\u00fcnftige von Deutschland ausgehende Angriffskriege auf immer und ewig zu verhindern. Der Plan wurde verworfen. Nun &#8211; die Gr\u00fcnen und die ganzen Klimaapokalyptiker sind auf gutem Weg, dass der Plan doch noch Wirkichkeit wird. Bei diesen hysterischen Diskussionen stellt sich ja auch die Frage, was die permanenten und allgegenw\u00e4rtigen Weltuntergangsszenarien eigentlich mit jungen Menschen machen? Die st\u00e4ndige Konfrontation mit der unmittelbar (Friday for futures: in 9 Jahren ist es soweit) bevorstehenden Katastrophe (biblische Sintflut) l\u00f6st mit Sicherheit gro\u00dfe \u00c4ngste aus, die wiederum l\u00e4hmend auf K\u00f6rper, Geist, Seele und Gesellschaft wirken; Angst essen Seele auf. Die Gr\u00fcnen laufen Gefahr, dass ihnen &#8211; wie Goethes Zauberlehrling &#8211; die Klimageister, die sie riefen, vollends aus dem Ruder laufen und eine l\u00e4hmende Angstgesellschaft geb\u00e4hren, derer sie nicht mehr Herr\/Frau werden!<br \/>\n13.6.2019, M.B.<br \/>\n.<br \/>\n<strong>&#8230; psychologischer Krieg mit dem Thema Klima<\/strong><br \/>\n\u201cVon hinten gedacht\u201d (A. Merkel) ist unter UNO-Kuratel die drohende menschengemachte Klimakatastrophe das alternativlos f\u00fchrende Thema geworden, das Demokratie, Wirtschaft und unsere Gesellschaft priorisieren und zerst\u00f6ren wird. Auch knapp 200 Unterzeichnerstaaten des Klimaabkommens k\u00f6nnen irren! Im \u00dcbrigen ist es ohne Belang, wenn sich auch noch der letzte und kleinste failed state bei den UNO-Klimairren einreiht! Treffen soll es den entwickelten Westen, von dem am ehesten Widerstand zu erwarten ist gegen die antidemokratischen und antinationalen NWO-Bem\u00fchungen f\u00fchrender UNO-B\u00fcrokraten, die uns mit ihrem gewaltsamen psychologischen Krieg mit den Themen Klima, Menschenrecht und Migration spalten und als Nation wie Wirtschaftsmacht zermalmen wollen! Das sind Zerst\u00f6rungen, die zuvor nur durch Kriege zu erzielen waren. Eine Klima-Annahme auf t\u00f6nernen F\u00fc\u00dfen soll mit Weltuntergangs\u00e4ngsten und Appellen an Schuld und Gewissen Menschenmassen zur willigen Manipulationsmasse der UNO machen! Wir sehen fassungslos, wie Wissenschaft, Wahrheit und Demokratie abgeschafft werden und die politische Klasse so tut, als f\u00e4nde diese Selbstzerst\u00f6rung im Auftrag kritischer Mehrheiten statt. &#8211; Wenn die Demokratie br\u00f6ckelt, kann das nur im nationalen Rahmen behoben werden! Dar\u00fcber tr\u00f6sten die operettenhaften Inszenierungen des gr\u00fcnen Klimafl\u00fcsterers Habeck und die zum fr\u00f6hlichen Schulschw\u00e4nzen verf\u00fchrten Jugendlichen absolut nicht! Im Gegenteil: Sie simulieren im Auftrag \u00fcbernationaler\/antinationaler Organisationen unter Duldung einer pflichtvergessenen Staatsmacht und einer meineidigen Ministerriege, als w\u00e4re die Unumkehrbarkeit dieser Selbstzerst\u00f6rung demokratisch abgestimmt und mehrheitlich gewollt.<br \/>\n13.6.2019, A.R.<\/p>\n<p><strong>Klima als Ersatzreligion<\/strong><br \/>\n\u201eKlima\u201c ist tats\u00e4chlich ist die Ersatzreligion schlechthin. Ade Yoga, ade Ayurveda et al. Das Heil kommt garantiert, wenn Deutschland die 0,0000471% CO2 einspart, mit denen es bis dato am weltweiten CO2-Auststo\u00df beteiligt ist &#8211; w\u00e4hrend anderswo Kohlekraftwerke zuhauf neu gebaut und in Betrieb genommen werden und der Klima-Gott dort \u00fcberhaupt niemanden juckt.<br \/>\nAber man stelle sich vor, was einem Christen bl\u00fchen w\u00fcrde, der seinen Glauben mit dem gleichen Bohei aus\u00fcben und anderen diktieren w\u00fcrde, wie sie zu leben haben, was sie besitzen d\u00fcrfen und was nicht, was sie konsumieren d\u00fcrfen und was nicht und der ihnen nach und nach die wirtschaftlichen Grundlagen entziehen will und alle Freude am Leben &#8211; au\u00dfer f\u00fcr die eigene Nomenklatura nat\u00fcrlich. Missionierung wurde das fr\u00fcher genannt. Ich wette, so ein Missionar w\u00fcrde auf der Stelle nach allen Regeln der journalistischen Kunst und mit Unterst\u00fctzung von Muslimen und f\u00fchrenden Geistlichen der EKD an den Pranger gestellt, verh\u00f6hnt und in die rechtsextreme Ecke verfrachtet bzw. in eine geschlossene Anstalt.<br \/>\n13.6.2019, Ilona G.G.<\/p>\n","protected":false},"excerpt":{"rendered":"<p>Klima, Klimawandel bis hin zur Apokalypse: die Auseinandersetzungen sind zunehmend ideologisch, fanatisch und fast religi\u00f6s aufgeladen. Dabei stehen sich &#8211; jenseits von Rechts und Links oder von Somewheres und Anywheres &#8211; Gesinnungsethiker und Verantwortungsethiker gegen\u00fcber. Nur wenn diese bereit sind &hellip; <a href=\"https:\/\/www.freiburg-schwarzwald.de\/blog\/gesinnung-verantwortung-ethik\/\">Weiterlesen <span class=\"meta-nav\">&rarr;<\/span><\/a><\/p>\n","protected":false},"author":2,"featured_media":0,"comment_status":"open","ping_status":"closed","sticky":false,"template":"","format":"standard","meta":{"footnotes":""},"categories":[18,181,135,40,80,173,68,172],"tags":[42,239,151,715,41,525],"class_list":["post-73031","post","type-post","status-publish","format-standard","hentry","category-bildung","category-buergerbeteiligung","category-energiepolitik","category-klima","category-medien","category-sparsamkeit","category-umwelt","category-zukunft","tag-co2","tag-energiesparen","tag-erneuerbare-energien","tag-klima","tag-nachhaltig","tag-politik"],"_links":{"self":[{"href":"https:\/\/www.freiburg-schwarzwald.de\/blog\/wp-json\/wp\/v2\/posts\/73031","targetHints":{"allow":["GET"]}}],"collection":[{"href":"https:\/\/www.freiburg-schwarzwald.de\/blog\/wp-json\/wp\/v2\/posts"}],"about":[{"href":"https:\/\/www.freiburg-schwarzwald.de\/blog\/wp-json\/wp\/v2\/types\/post"}],"author":[{"embeddable":true,"href":"https:\/\/www.freiburg-schwarzwald.de\/blog\/wp-json\/wp\/v2\/users\/2"}],"replies":[{"embeddable":true,"href":"https:\/\/www.freiburg-schwarzwald.de\/blog\/wp-json\/wp\/v2\/comments?post=73031"}],"version-history":[{"count":0,"href":"https:\/\/www.freiburg-schwarzwald.de\/blog\/wp-json\/wp\/v2\/posts\/73031\/revisions"}],"wp:attachment":[{"href":"https:\/\/www.freiburg-schwarzwald.de\/blog\/wp-json\/wp\/v2\/media?parent=73031"}],"wp:term":[{"taxonomy":"category","embeddable":true,"href":"https:\/\/www.freiburg-schwarzwald.de\/blog\/wp-json\/wp\/v2\/categories?post=73031"},{"taxonomy":"post_tag","embeddable":true,"href":"https:\/\/www.freiburg-schwarzwald.de\/blog\/wp-json\/wp\/v2\/tags?post=73031"}],"curies":[{"name":"wp","href":"https:\/\/api.w.org\/{rel}","templated":true}]}}