{"id":72914,"date":"2019-06-05T08:52:20","date_gmt":"2019-06-05T06:52:20","guid":{"rendered":"https:\/\/www.freiburg-schwarzwald.de\/blog\/?p=72914"},"modified":"2019-06-05T08:52:20","modified_gmt":"2019-06-05T06:52:20","slug":"b2run-ums-sc-stadion-am-6-6","status":"publish","type":"post","link":"https:\/\/www.freiburg-schwarzwald.de\/blog\/b2run-ums-sc-stadion-am-6-6\/","title":{"rendered":"B2Run ums SC-Stadion am 6.6."},"content":{"rendered":"<p>6500 <a title=\"Laufen\" href=\"https:\/\/www.freiburg-schwarzwald.de\/blog\/sport\/sportlern\/laufen\/\">L\u00e4uferinnen und L\u00e4ufer<\/a> aus 470 <a title=\"Business\" href=\"https:\/\/www.freiburg-schwarzwald.de\/blog\/business\/\">Unternehmen<\/a> und Institutionen der Region gehen am Donnerstag, ab 18.30 Uhr, an den Start des Firmenlaufs <a title=\"Business-Run Freiburg 06-2015\" href=\"https:\/\/www.freiburg-schwarzwald.de\/blog\/business-run-freiburg-06-2015\/\">&#8222;B2Run&#8220;<\/a> rund um das Schwarzwaldstadion des <a title=\"SCfreiburg\" href=\"https:\/\/www.freiburg-schwarzwald.de\/blog\/sport\/sportvereine\/scfreiburg\/\">SC<\/a>. Die 5,2 km lange <a title=\"Business Run Freiburg 5. Juni\" href=\"https:\/\/www.freiburg-schwarzwald.de\/blog\/business-run-freiburg-5-juni\/\">Rundtour<\/a> f\u00fchrt vom Universit\u00e4tsstadion mehrmals an der <a title=\"Dreisam-Renaturierung\" href=\"https:\/\/www.freiburg-schwarzwald.de\/blog\/regio\/fluss\/dreisam\/dreisam-renaturierung\/\">renaturierten<\/a> Dreisam auf dem\u00a0<a title=\"Dreisamuferweg\" href=\"https:\/\/www.freiburg-schwarzwald.de\/blog\/regio\/verkehr\/fahrradwege\/dreisamuferweg\/\">Dreisamuferweg<\/a>\u00a0entlang zum Schwarzwaldstadion. Die Startpl\u00e4tze sind allesamt vergeben, es gibt keine M\u00f6glichkeit mehr, sich anzumelden. <!--more-->Nach dem Lauf findet an 20 Uhr eine After-Run-Party mit Live-Band und Siegerehrung im VIP-Zelt des SC Freiburg beim Schwarzwaldstadion statt.<br \/>\nF\u00fcr den Lauf werden einige Stra\u00dfen zwischen 17 und 20.30 Uhr gesperrt: der Sandfangweg, der Fritz-Horch-Weg (Dreisamuferweg), der Max-M\u00fcller-Steg, Teile des Karl-Hausch-Wegs und der Kart\u00e4userstra\u00dfe (ab Hausnummer 134\/111 in \u00f6stlicher Richtung). Die Fritz-Geiges-Stra\u00dfe zwischen Schwarzwaldstra\u00dfe und Dreisam ist am Donnerstag von 8 bis 24 Uhr gesperrt. Anwohner k\u00f6nnen sich unter Tel \u20050221\/6503670 oder per E-Mail an <a href=\"mailto:info@b2run.de\">info@b2run.de<\/a> \u00fcber die Situation informieren. Die Veranstalter empfehlen, mit \u00f6ffentlichen Verkehrsmitteln anzureisen, die Freiburger Verkehrs-AG stellt zwischen 16 und 23 Uhr zus\u00e4tzliche Stra\u00dfenbahnen bereit, die nach Bedarf fahren.<br \/>\nMehr auf <a href=\"https:\/\/www.b2run.de\">https:\/\/www.b2run.de<\/a><br \/>\n5.6.2019<\/p>\n","protected":false},"excerpt":{"rendered":"<p>6500 L\u00e4uferinnen und L\u00e4ufer aus 470 Unternehmen und Institutionen der Region gehen am Donnerstag, ab 18.30 Uhr, an den Start des Firmenlaufs &#8222;B2Run&#8220; rund um das Schwarzwaldstadion des SC. Die 5,2 km lange Rundtour f\u00fchrt vom Universit\u00e4tsstadion mehrmals an der &hellip; <a href=\"https:\/\/www.freiburg-schwarzwald.de\/blog\/b2run-ums-sc-stadion-am-6-6\/\">Weiterlesen <span class=\"meta-nav\">&rarr;<\/span><\/a><\/p>\n","protected":false},"author":2,"featured_media":0,"comment_status":"open","ping_status":"closed","sticky":false,"template":"","format":"standard","meta":{"footnotes":""},"categories":[4,379,10,72,74,124],"tags":[559,117,70,340],"class_list":["post-72914","post","type-post","status-publish","format-standard","hentry","category-branchen","category-dreisam","category-selbsthilfe","category-sportlern","category-sports","category-sportvereine-vereine","tag-business","tag-dreisamuferweg","tag-jugendsport","tag-laufen"],"_links":{"self":[{"href":"https:\/\/www.freiburg-schwarzwald.de\/blog\/wp-json\/wp\/v2\/posts\/72914","targetHints":{"allow":["GET"]}}],"collection":[{"href":"https:\/\/www.freiburg-schwarzwald.de\/blog\/wp-json\/wp\/v2\/posts"}],"about":[{"href":"https:\/\/www.freiburg-schwarzwald.de\/blog\/wp-json\/wp\/v2\/types\/post"}],"author":[{"embeddable":true,"href":"https:\/\/www.freiburg-schwarzwald.de\/blog\/wp-json\/wp\/v2\/users\/2"}],"replies":[{"embeddable":true,"href":"https:\/\/www.freiburg-schwarzwald.de\/blog\/wp-json\/wp\/v2\/comments?post=72914"}],"version-history":[{"count":0,"href":"https:\/\/www.freiburg-schwarzwald.de\/blog\/wp-json\/wp\/v2\/posts\/72914\/revisions"}],"wp:attachment":[{"href":"https:\/\/www.freiburg-schwarzwald.de\/blog\/wp-json\/wp\/v2\/media?parent=72914"}],"wp:term":[{"taxonomy":"category","embeddable":true,"href":"https:\/\/www.freiburg-schwarzwald.de\/blog\/wp-json\/wp\/v2\/categories?post=72914"},{"taxonomy":"post_tag","embeddable":true,"href":"https:\/\/www.freiburg-schwarzwald.de\/blog\/wp-json\/wp\/v2\/tags?post=72914"}],"curies":[{"name":"wp","href":"https:\/\/api.w.org\/{rel}","templated":true}]}}