{"id":72911,"date":"2019-06-04T21:18:25","date_gmt":"2019-06-04T19:18:25","guid":{"rendered":"https:\/\/www.freiburg-schwarzwald.de\/blog\/?p=72911"},"modified":"2019-06-05T08:55:49","modified_gmt":"2019-06-05T06:55:49","slug":"klimahype-abklingen-lassen","status":"publish","type":"post","link":"https:\/\/www.freiburg-schwarzwald.de\/blog\/klimahype-abklingen-lassen\/","title":{"rendered":"Klimahype abklingen lassen"},"content":{"rendered":"<p>\u201eWarten wir doch, bis der <a title=\"Klima-Religion\" href=\"https:\/\/www.freiburg-schwarzwald.de\/blog\/natur\/klima\/klima-religion\/\">Klimahype<\/a> abgeklungen ist\u201c &#8211; diese Idee von Stefan Aust, Herausgeber der WELT und ehemaliger Chefredakteur des <a title=\"Relotius erfindet gute Stories\" href=\"https:\/\/www.freiburg-schwarzwald.de\/blog\/relotius-erfindet-gute-stories\/\">SPIEGEL<\/a>, steht f\u00fcr deutschen <a title=\"Journalismus\" href=\"https:\/\/www.freiburg-schwarzwald.de\/blog\/kultur\/medien\/journalismus\/\">Qualit\u00e4ts<\/a>&#8211; und <a title=\"Haltungsjournalismus\" href=\"https:\/\/www.freiburg-schwarzwald.de\/blog\/kultur\/medien\/journalismus\/haltungsjournalismus\/\">Haltungsjornalismus<\/a>. Zum\u00a0Warten und Abklingenlassen bei <a title=\"Klimawandel\" href=\"https:\/\/www.freiburg-schwarzwald.de\/blog\/natur\/klima\/klimawandel\/\">Klima<\/a> und <a title=\"Klimawandel-natuerlich\" href=\"https:\/\/www.freiburg-schwarzwald.de\/blog\/natur\/klima\/klimawandel-natuerlich\/\">Klimawandel<\/a> formuliert Aust hinter der Bezahlschranke der WELT die folgenden f\u00fcnf Thesen.<!--more--><\/p>\n<p>(1) \u201eIrgendwann, vielleicht schon bald, wird man <em><strong>\u00fcber den<\/strong> <strong>Windkraftwahn der Deutschen lachen<\/strong><\/em> \u2013 wenn auch nicht in Deutschland. Es d\u00fcrfte \u2013 von Kriegen abgesehen \u2013 das teuerste und nutzloseste Investitionsprogramm aller Zeiten sein.\u201c<br \/>\n.<br \/>\n(2) \u201eWie die vergangenen W\u00e4rmeperioden zur Zeit des r\u00f6mischen Reiches (um das Jahr Null herum) und der Zeit der Besiedelung Gr\u00f6nlands durch die Wikinger (um das Jahr 1000 herum) zustande gekommen sind, ohne dass es Kohlekraftwerke und Diesel-Autos gegeben hat, <em><strong>bleibt dabei eher unklar<\/strong><\/em>. Auch die aus Bohrkernen im Alteis der Arktis und Antarktis ableitbare Beziehung zwischen CO2-Gehalt der Atmosph\u00e4re und den jeweils herrschenden Temperaturen hilft kaum weiter: Immer liegen n\u00e4mlich die Erw\u00e4rmungen vor dem CO2-Anstieg und nicht umgekehrt.\u201c<br \/>\n.<br \/>\n(3) \u201eSolar und Windenergie liefern nur circa ein Prozent der globalen Energieversorgung und werden, obwohl Sonne und Wind kostenlos zur Verf\u00fcgung stehen, pro Jahr mit 129 Milliarden Dollar subventioniert. In Deutschland schaffen knapp 30.000 Windr\u00e4der gerade einmal 3,1 Prozent des Prim\u00e4renergieverbrauches zu decken. Die Windr\u00e4der, im Durchschnitt etwa eines auf zw\u00f6lf Quadratkilometern Bodenfl\u00e4che in Deutschland, sind vor allem <strong><em>rotierende Kircht\u00fcrme des Glaubens an die jetzige Form der Energiewende<\/em><\/strong>. Ihre Effektivit\u00e4t ist alles in allem eher d\u00fcrftig.\u201c<br \/>\n.<br \/>\n(4) \u201eSolar leidet vor allem nachts daran, dass die Sonne nicht scheint. Energiegewinnung aus Biomasse f\u00fchrt zu Maisfeldern bis zum Horizont, getr\u00e4nkt in G\u00fclle. Aber daf\u00fcr steigen wir vorbildlich aus der Kernenergie, der Kohle und der Braunkohle aus. Wenn der Strom knapp wird, kaufen wir bei den weniger sauberen Nachbarn ein. So ist die <strong><em>Energiewende wenigstens eines: verlogen bis zum Geht-nicht-mehr<\/em><\/strong>. Dass die B\u00fcrger ohne Murren bereit sind, die h\u00f6chsten Strompreise Europas zu zahlen, ist das wirkliche Wunder der Wende. Offenbar merken sie nicht, welche Subventionsmonster sie damit am Leben halten. Mit der Klimabedrohung l\u00e4sst sich n\u00e4mlich gut Geld verdienen, von den Windpark-Investoren bis zum Handel mit Klima-Zertifikaten.\u201c<br \/>\n.<br \/>\n(5) \u201eVielleicht ist die Kenntnis \u00fcber das Umfeld Greta Thunbergs in Schweden ein Grund daf\u00fcr, dass die dortigen Gr\u00fcnen bei der Europawahl ziemlich schwach abschnitten. In Deutschland hat <strong><em>Greta den Status einer Heiligen<\/em><\/strong>, so wie die Deutschen ja ohnehin anf\u00e4llig f\u00fcr humanit\u00e4re Schaunummern sind. Vom \u201eRefugees Welcome\u201c des <a title=\"Grenz\u00f6ffnung2015\" href=\"https:\/\/www.freiburg-schwarzwald.de\/blog\/global\/deutschland\/grenzoeffnung2015\/\">Septembers 2015<\/a> bis zum <a title=\"FridaysForFuture\" href=\"https:\/\/www.freiburg-schwarzwald.de\/blog\/natur\/klima\/fridaysforfuture\/\">\u201eGreta-Hype\u201c des Fr\u00fchjahrs 2019<\/a> zieht sich ein moralischer Bogen: die Deutschen als selbst ernanntes Vorbild f\u00fcr die Welt.\u201c<br \/>\n&#8230; Alles von Stefan Aust vom 2.6.2019 bitte lesen auf<br \/>\n<a href=\"https:\/\/www.welt.de\/debatte\/kommentare\/plus194542997\/Klimawandel-Warten-wir-doch-bis-der-Klimahype-abgeklungen-ist-Stefan-Aust.html\">https:\/\/www.welt.de\/debatte\/kommentare\/plus194542997\/Klimawandel-Warten-wir-doch-bis-der-Klimahype-abgeklungen-ist-Stefan-Aust.html<\/a><br \/>\n.<br \/>\nZwei Anmerkungen zu den o.a. f\u00fcnf Thesen:<br \/>\nSind die Thesen zum Klimahype (der also doch keine Erfindung der sog. Klimaleugner ist) von Stefan Aust wirklich ernst gemeint?<br \/>\nWer kommt f\u00fcr die immensen Sch\u00e4den auf, die w\u00e4hrend der von Aust empfohlenen Zeit des &#8222;Abwartens&#8220; entstehen?<br \/>\n4.6.2019<\/p>\n<p><a href=\"https:\/\/www.freiburg-schwarzwald.de\/blog\/klimawandel-religion\/nordpol-eisfrei2007\/\" rel=\"attachment wp-att-72885\"><img loading=\"lazy\" decoding=\"async\" class=\"alignnone size-thumbnail wp-image-72885\" src=\"https:\/\/www.freiburg-schwarzwald.de\/blog\/wp-content\/uploads\/2019\/06\/nordpol-eisfrei2007-97x180.jpg\" alt=\"nordpol-eisfrei2007\" width=\"97\" height=\"180\" srcset=\"https:\/\/www.freiburg-schwarzwald.de\/blog\/wp-content\/uploads\/2019\/06\/nordpol-eisfrei2007-97x180.jpg 97w, https:\/\/www.freiburg-schwarzwald.de\/blog\/wp-content\/uploads\/2019\/06\/nordpol-eisfrei2007.jpg 347w\" sizes=\"auto, (max-width: 97px) 100vw, 97px\" \/><\/a>\u00a0&#8230; diese Falschmeldung verbreitete die WELT im Jahr 2007 zum Thema &#8222;Klimawandel&#8220;<\/p>\n<p>&nbsp;<\/p>\n<p>&nbsp;<\/p>\n<p><strong>CO2-Video<\/strong><br \/>\nHat Aust m\u00f6glicherweise zuvor dieses Video angesehen und sind ihm die Augen ge\u00f6ffnet worden? <a href=\"https:\/\/www.youtube.com\/watch?v=qhBodWEorgY&amp;ytbChannel=null\">https:\/\/www.youtube.com\/watch?v=qhBodWEorgY&amp;ytbChannel=null<\/a><br \/>\n3.6.2019<br \/>\n.<br \/>\n<strong>IPPC: Klimavoraussage nicht m\u00f6glich<\/strong><br \/>\nIPCC, Weltklimarat Originalton, zitiert von Vince Ebert: \u201eKlimamodelle arbeiten mit gekoppelten nichtlinearen chaotischen Systemen; dadurch ist eine langfristige Voraussage des Systems Klima nicht m\u00f6glich\u201c. Eberts Kommentar dazu: \u201eEgal, ob Sie die Welt retten oder eine Versicherung abschlie\u00dfen wollen, lesen Sie vorher das Kleingedruckte!\u201c Diese Relativierung sollten sich die Hysteriker, die so tun als fiele uns der Himmel auf den Kopf, in letzterem gut abspeichern. Prophezeiungen sind schwierig, vor allem , wenn sie die Zukunft betreffen!<br \/>\n&#8230;<br \/>\nDazu m\u00fcssten die 27% Dullen nur mal die 7 Tage Diagramme im Agorameter ansehen ( und ablesen k\u00f6nnen)! Zum Beispiel am 1.6.2019, um 20 Uhr:<br \/>\nLast (Verbrauch) 52,4 GW<br \/>\nErzeugung:<br \/>\nSolar +Wind 3,5 GW<br \/>\nWasserkraft + Biomasse 7,8 GW<br \/>\n\u201eErneuerbare\u201c : 11,3 GW<br \/>\nAtom\/Kohle\/sonstige: 34,0 GW<br \/>\nImport :7,1 GW<br \/>\nGlauben diese &#8230; wirklich, unsere Nachbarn w\u00fcrden f\u00fcr uns f\u00fcr 4-6 Stunden 40 GW Kraftwerkskapazit\u00e4t bereithalten, weil unsere H\u00fcpfdohlen an Klimahysterie leiden?<br \/>\nDer ganze Heckmeck f\u00fcr 0,005 \u2013 0,0006 \u00b0C Einfluss auf die globale Durchschnittstemperatur bei Nullemission! Wenn \u00fcberhaupt, denn der behauptete 95% Konsens der Wissenschaftler zum CAWG (Rezo! ha, ha) ist Nonsens aus einer Studie von Cook und Konsorten!<br \/>\n3.6.2019, ALA<br \/>\n.<br \/>\n<strong>Die Zeit<\/strong><br \/>\nWarten wir mal bis der Hype vor\u00fcber ist. Die Panikmache kann nicht mehr schlimmer werden. Das Szenario des Weltuntergangs ist ausgereizt. Nach dem Hype wird Ern\u00fcchterung eintreten. Die Wahrheit kann man nicht aufhalten. Das Problem ist nur die Zeit, die wir nicht mehr haben. Wenn die Linksgr\u00fcnen, dazu z\u00e4hle ich alle Altparteien, noch l\u00e4nger am Ruder sind wird die Zerst\u00f6rung die sie angerichtet haben unumkehrbar.<br \/>\nSchon jetzt wird die Aufarbeitung Jahrzehnte dauern. Sollte die Ern\u00fcchterung \u00fcber die linksgr\u00fcne Politik noch fr\u00fch genug eintreten, sp\u00e4testens zu den n\u00e4chsten BTW, wird der Absturz der Gr\u00fcnen daf\u00fcr um so st\u00e4rker sein. Mal schauen was die LTW im Osten im Herbst bringen.<br \/>\n2.6.2019, B.P., JO<br \/>\n.<br \/>\n<strong>\u201eWarten wir doch, bis der Klimahype abgeklungen ist\u201c<\/strong><br \/>\nDer wird erst abklingen, wenn das Finanzkartell die CO2-Geldschaufelmaschine installiert hat. $ 20 Billionen(!) \/ Jahr weltweit sind f\u00fcrs erste veranschlagt. Geld zum Errichten der NWO, der endg\u00fcltigen Versklavung der Menschheit. Der Ablasshandel-Papst wird sich im Grabe umdrehen, wenn er erf\u00e4hrt, welch effektive Geldschaufelmaschine das Finanzkartell erfunden hat, und um wieviel effektiver es die Menschen unterdr\u00fcckt.<br \/>\n2.6.2019, A.R., JO<\/p>\n<p><strong>Migration, Euro<\/strong><br \/>\nHaben wir die Zeit, einfach still zu sitzen und abzuwarten, wie es Herr Aust empfiehlt? Der Klima-Hype mit der einhergehenden, v\u00f6llig irrsinnigen Energiepolitik ist doch nur eins der Probleme unserer Gesellschaft! Migration, EU und Euro-Rettung sind Themen, deren Zerst\u00f6rungskraft m.E. noch h\u00f6her anzusetzen ist. Da haben wir keine Zeit, um abzuwarten! Wir m\u00fcssen jetzt Widerstand zu leisten! Keine Frage, dieses Regime muss weg, gefolgt von einer \u201eRunderneuerung\u201c unserer Demokratie!<br \/>\n2.6.2019, RAP<br \/>\n.<br \/>\n<strong>Vertrauen?<\/strong><br \/>\nIch habe keinerlei Vertrauen in die Haus- und Hofpresse von Springer und Co. Wenn denen wirklich daran gelegen w\u00e4re, diese Hysterie zu beenden, h\u00e4tten sie es l\u00e4ngst gemacht!Springer und Aust sind auch nur Spalter, die sich am Unfrieden in der Gesellschaft laben und beiden Seiten ihre H\u00e4ppchen hin werfen.<br \/>\n2.6.2019, RO<br \/>\n.<br \/>\n<strong>Zwei Fragen an die Gr\u00fcnen &#8211; st\u00e4ndig wiederholen!<\/strong><br \/>\nAbwarten w\u00e4re ein gro\u00dfer Fehler zu vergleichen mit einen Schuldeingest\u00e4ndnis \u2014 NEIN die Gr\u00fcnen m\u00fcssen immer und st\u00e4ndig mit 2 Fragen attackiert werden.<br \/>\n1. Wie kann der Strompreis nachvollziehbar\/bemerkbar f\u00fcr ALLE nachhaltig reduziert werden ohne Eingriff in die Rentenkasse oder \u00e4hnliche Aktionen?<br \/>\n2. 64% unserer Energie beruht auf Atom\/Kohlestrom \u2013 wie will man nach dem totalen Ausstieg aus diesen Quellen die Versorgungsgarantie gew\u00e4hrleisten ohne Lieferung von diesen aus dem Ausland zb. wegen fehlender Windkraft oder Sonnenschein ?<br \/>\nDiese Fragen geh\u00f6ren st\u00e4ndig und \u00fcberall auf die Tagesordnung und man wird sehen wie schnell ihr Kartenhaus zusammen bricht !<br \/>\n2.6.2019, E.W., JO<br \/>\n.<br \/>\n<strong>Klimahype dauert an<\/strong><br \/>\nDa t\u00e4uschen Sie sich, lieber Herr Aust! Der Klimahype wird nicht abklingen, weil damit ein immenses Gesch\u00e4ft verbunden ist, das die \u201eAnheizer\u201c bewu\u00dft f\u00f6rdern, um ihre Taschen zu f\u00fcllen. Wenn die Wahrheit ans Tageslicht kommt, wird es schon zu sp\u00e4t sein.<br \/>\n2.6.2019,H.H.<br \/>\n.<br \/>\n<strong>Klimawandel auch bei mir sp\u00fcrbar<\/strong><br \/>\nAuch in meiner unmittelbaren Umgebung ist der Klimawandel sp\u00fcrbar und eine unbestittene Realit\u00e4t, erst neulich als ich meine Kontoausz\u00fcge in meiner Bank ausgedruckt habe, konnte ich pl\u00f6tzlich das sich schnell \u00e4ndernde Klima f\u00fchlen, erst wurde es um mich herum ganz hei\u00df und ich begann vor lauter Hitze zu schwitzen und gleich danach wurde es pl\u00f6tzlich eisig kalt, erst als ich diese Kontoausz\u00fcge aus meiner Hand legte stabilisierte sich das Klima wieder<br \/>\n4.6.2019, W-S<\/p>\n","protected":false},"excerpt":{"rendered":"<p>\u201eWarten wir doch, bis der Klimahype abgeklungen ist\u201c &#8211; diese Idee von Stefan Aust, Herausgeber der WELT und ehemaliger Chefredakteur des SPIEGEL, steht f\u00fcr deutschen Qualit\u00e4ts&#8211; und Haltungsjornalismus. Zum\u00a0Warten und Abklingenlassen bei Klima und Klimawandel formuliert Aust hinter der Bezahlschranke &hellip; <a href=\"https:\/\/www.freiburg-schwarzwald.de\/blog\/klimahype-abklingen-lassen\/\">Weiterlesen <span class=\"meta-nav\">&rarr;<\/span><\/a><\/p>\n","protected":false},"author":2,"featured_media":0,"comment_status":"open","ping_status":"closed","sticky":false,"template":"","format":"standard","meta":{"footnotes":""},"categories":[5,135,40,80,141,19,127,68,171,172],"tags":[],"class_list":["post-72911","post","type-post","status-publish","format-standard","hentry","category-energie","category-energiepolitik","category-klima","category-medien","category-nachhaltigkeit","category-religion","category-solar","category-umwelt","category-verbraucher","category-zukunft"],"_links":{"self":[{"href":"https:\/\/www.freiburg-schwarzwald.de\/blog\/wp-json\/wp\/v2\/posts\/72911","targetHints":{"allow":["GET"]}}],"collection":[{"href":"https:\/\/www.freiburg-schwarzwald.de\/blog\/wp-json\/wp\/v2\/posts"}],"about":[{"href":"https:\/\/www.freiburg-schwarzwald.de\/blog\/wp-json\/wp\/v2\/types\/post"}],"author":[{"embeddable":true,"href":"https:\/\/www.freiburg-schwarzwald.de\/blog\/wp-json\/wp\/v2\/users\/2"}],"replies":[{"embeddable":true,"href":"https:\/\/www.freiburg-schwarzwald.de\/blog\/wp-json\/wp\/v2\/comments?post=72911"}],"version-history":[{"count":0,"href":"https:\/\/www.freiburg-schwarzwald.de\/blog\/wp-json\/wp\/v2\/posts\/72911\/revisions"}],"wp:attachment":[{"href":"https:\/\/www.freiburg-schwarzwald.de\/blog\/wp-json\/wp\/v2\/media?parent=72911"}],"wp:term":[{"taxonomy":"category","embeddable":true,"href":"https:\/\/www.freiburg-schwarzwald.de\/blog\/wp-json\/wp\/v2\/categories?post=72911"},{"taxonomy":"post_tag","embeddable":true,"href":"https:\/\/www.freiburg-schwarzwald.de\/blog\/wp-json\/wp\/v2\/tags?post=72911"}],"curies":[{"name":"wp","href":"https:\/\/api.w.org\/{rel}","templated":true}]}}