{"id":72875,"date":"2019-06-01T08:20:49","date_gmt":"2019-06-01T06:20:49","guid":{"rendered":"https:\/\/www.freiburg-schwarzwald.de\/blog\/?p=72875"},"modified":"2019-06-11T15:19:25","modified_gmt":"2019-06-11T13:19:25","slug":"kein-gruener-bundeskanzler","status":"publish","type":"post","link":"https:\/\/www.freiburg-schwarzwald.de\/blog\/kein-gruener-bundeskanzler\/","title":{"rendered":"Kein gr\u00fcner Bundeskanzler"},"content":{"rendered":"<p>Stellen die <a title=\"Gruene\" href=\"https:\/\/www.freiburg-schwarzwald.de\/blog\/vereine\/partei\/gruene\/\">Gr\u00fcnen<\/a> mit einem gr\u00fcnen <a title=\"Klimawandel\" href=\"https:\/\/www.freiburg-schwarzwald.de\/blog\/natur\/klima\/klimawandel\/\">Klima<\/a>-Kabinett den n\u00e4chsten <a title=\"Gruen-Links\" href=\"https:\/\/www.freiburg-schwarzwald.de\/blog\/engagement\/zukunft\/demokratie\/gruen-links\/\">Bundeskanzler<\/a>? Vier Gr\u00fcnde, warum dies nicht oder nur kurzzeitig m\u00f6glich sein wird:<br \/>\n(1) Das Umsetzen der <a title=\"CO2\" href=\"https:\/\/www.freiburg-schwarzwald.de\/blog\/natur\/klima\/co2\/\">CO2-<\/a>Umweltziele von <a title=\"FridaysForFuture\" href=\"https:\/\/www.freiburg-schwarzwald.de\/blog\/natur\/klima\/fridaysforfuture\/\">FidaysForFuture<\/a> und Gr\u00fcnen kostet jede Familie 600 Euro im Monat &#8211; und das ist nur der Anfang.<br \/>\n<!--more-->(2) <a title=\"Kohle AKW ade \u2013 Sozialstaat ade\" href=\"https:\/\/www.freiburg-schwarzwald.de\/blog\/kohle-akw-ade-sozialstaat-ade\/\">Decarbonisierung<\/a> bis hin zur <a title=\"Deindustrialisierung\" href=\"https:\/\/www.freiburg-schwarzwald.de\/blog\/business\/industrie\/deindustrialisierung\/\">Deindustrialisierung<\/a> f\u00fchren zu <a title=\"Rezession\" href=\"https:\/\/www.freiburg-schwarzwald.de\/blog\/business\/rezession\/\">Rezession<\/a>; und weniger wohlstandsverw\u00f6hnte B\u00fcrger (wie Frankreich&#8217;s <a title=\"Gelbwesten\" href=\"https:\/\/www.freiburg-schwarzwald.de\/blog\/global\/eu\/gelbwesten\/\">Gelbwesten<\/a>) haben andere Sorgen als <a title=\"Klima-Religion\" href=\"https:\/\/www.freiburg-schwarzwald.de\/blog\/natur\/klima\/klima-religion\/\">Weltklimarettung<\/a>.<br \/>\n.<br \/>\n(3) Gr\u00fcne Schule bietet einseitige Indoktrination statt Ein\u00fcben der Argumentationsf\u00e4higkeit: Also Sch\u00fcleraufsatz zu &#8222;Solarmodul A oder B oder C besser?&#8220; anstelle von &#8222;Solar und Kernkraft &#8211; pro und contra?&#8220;. Linksgr\u00fcne Schulpolitik mi\u00dfachtet das Humboldt&#8217;sche Bildungsideal, und dies in einem Land, das nur \u00fcber eine einzige Ressource verf\u00fcgt &#8211; die Bildung. <a title=\"Aufklaerung\" href=\"https:\/\/www.freiburg-schwarzwald.de\/blog\/kultur\/aufklaerung\/\">Sapere aude!<\/a><\/p>\n<p>(4) Weiterhin <a title=\"Kontrollierte-Grenzen\" href=\"https:\/\/www.freiburg-schwarzwald.de\/blog\/global\/migration\/kontrollierte-grenzen\/\">unkontrollierte Grenzen<\/a> plus Familienzsammenf\u00fchrung (auch f\u00fcr <a title=\"UMA\" href=\"https:\/\/www.freiburg-schwarzwald.de\/blog\/global\/integration\/uma\/\">UMA<\/a>) bringen noch mehr gro\u00dfenteils funktionale Analphabeten (kein <a title=\"Rassismus\" href=\"https:\/\/www.freiburg-schwarzwald.de\/blog\/engagement\/rassismus\/\">Rassismus<\/a>, sondern mit Statistik-Zahlen belegt) nach Deutschland, f\u00fcr die Klimaschutz oft ein Fremdwort ist.<br \/>\n1.6.2019<\/p>\n<p><a href=\"https:\/\/www.freiburg-schwarzwald.de\/blog\/kein-gruener-bundeskanzler\/guene-baerbock-kge190526\/\" rel=\"attachment wp-att-72887\"><img loading=\"lazy\" decoding=\"async\" class=\"alignnone size-thumbnail wp-image-72887\" src=\"https:\/\/www.freiburg-schwarzwald.de\/blog\/wp-content\/uploads\/2019\/06\/guene-baerbock-KGE190526-180x176.jpg\" alt=\"guene-baerbock-KGE190526\" width=\"180\" height=\"176\" srcset=\"https:\/\/www.freiburg-schwarzwald.de\/blog\/wp-content\/uploads\/2019\/06\/guene-baerbock-KGE190526-180x176.jpg 180w, https:\/\/www.freiburg-schwarzwald.de\/blog\/wp-content\/uploads\/2019\/06\/guene-baerbock-KGE190526.jpg 421w\" sizes=\"auto, (max-width: 180px) 100vw, 180px\" \/><\/a>\u00a0 \u00a0Baerbock und KGE nach der EU-Wahl am 26.5.2019 &#8211; bald Ministerinnen?<br \/>\n.<br \/>\n.<br \/>\n<strong>Bittere Realit\u00e4t: Die Gr\u00fcne Republik wird niemals kommen<\/strong><br \/>\nWarum hat das Klima-Kabinett keine radikalen Ma\u00dfnahmen beschlossen? Warum geht das nicht voran mit dem \u201eKlimaschutz\u201d? Obwohl doch Fridays For Future so radikale Forderungen stellt und Gr\u00fcne wie CDUSPD sich \u00fcberschlagen in der Zustimmung? Woran liegt das? Vielleicht daran, dass irgendwann doch die Taschenrechner der Familien ins Spiel kommen und die Frage gestellt wird: Was kostet mich all das konkret? Sp\u00e4testens dann werden sich Mehrheiten finden, die dieser Massenhypnose endlich ein Ende setzen. Denn 600 \u20ac pro Familie und Monat sind ja auch ein Wort \u2013 und w\u00e4ren erst der Anfang.<br \/>\n&#8230; Alles vom 2.6.2019 bitte lesen auf<br \/>\n<a href=\"https:\/\/www.tichyseinblick.de\/video\/kommentar\/bittere-realitaet-die-gruene-republik-wird-niemals-kommen\/\">https:\/\/www.tichyseinblick.de\/video\/kommentar\/bittere-realitaet-die-gruene-republik-wird-niemals-kommen\/<\/a><br \/>\n.<br \/>\nZitate von Tichy im o.a. Video:<br \/>\n&#8222;Kinder haben die Freiheit, eine Sache nicht zu Ende denken zu m\u00fcssen&#8220;<br \/>\n&#8222;Die Welt schert sich einen Dreck &#8211; um ein deutsches Klima-Kabinett&#8220;<br \/>\n&#8222;Wird die Decarbonisierung ausgerufen, steht alle 1,5 km ein Windrad&#8220;<br \/>\n&#8222;Die weitere Verteuerung der Energie trifft die armen Haushalte am meisten&#8220;<br \/>\n.<br \/>\n<strong>In einem Land, in dem wir gerne und gut Strom bezahlen<\/strong><br \/>\nAuch Ablassbriefe waren teuer, und doch wurden sie massenhaft gekauft. Und um Einlass zum gr\u00fcnen Klimahimmel zu erhalten, ist der Michel gerne bereit zu leiden. Obzwar wir schon jetzt die h\u00f6chsten Stromtarife der westlichen Welt haben, ist da noch viel Luft nach oben. Wer 50% seines Einkommens f\u00fcr gr\u00fcnen Strom zahlt, kommt garantiert ohne Fegefeuer in den Himmel, was nat\u00fcrlich wieder Heizkosten spart.<br \/>\n3.6.2019, K-H.M., TO<br \/>\n.<br \/>\nDie bitterste Wahrheit ist: Durch den massenhaften Zuzug von Zuvielgeb\u00e4rer*Innen ohne eine Funken Umweltbewusstsein wird es tats\u00e4chlich nie zu einer \u201c Gr\u00fcnen Republik\u201c. Aber klar ist auch: Der Klima-Hype und das einseitige Geschrei dazu soll ja gerade von dieser Tatsache ablenken. Fragt sich nur immer wieder: Wem n\u00fctzt das was?<br \/>\n3.6.2019, GIE, TO<br \/>\n.<br \/>\n<strong>+++ Eilmeldung +++ Das Ende der Welt steht unmittelbar bevor! +++ Eilmeldung +++<\/strong><br \/>\n<a href=\"https:\/\/www.focus.de\/wissen\/klima\/klimawandel-das-passiert-wenn-wir-das-1-5-grad-ziel-nicht-einhalten_id_10779382.html\">https:\/\/www.focus.de\/wissen\/klima\/klimawandel-das-passiert-wenn-wir-das-1-5-grad-ziel-nicht-einhalten_id_10779382.html<br \/>\n<\/a>\u00a0.<br \/>\nLieber Herr Tichy,<br \/>\nbei der Versiebenfachung der Windr\u00e4der bei einer Decarbonisierung und dem daraus resulierenen Abstand von 1,5 km der WKA irren Sie leider. Es ist noch viel schlimmer! Das Bundesumweltamt hat eine Studie erstellt, dass in der BRD \u00fcberhaupt nur 14 % der Fl\u00e4che f\u00fcr WKA zur Verf\u00fcgung steht. Ob die Hoheitsgew\u00e4sser dort mit eingerechnet wurden, entzieht sich meiner Kenntnis. Somit m\u00fcssen wir folgende Rechnung f\u00fcr die noch zur Verf\u00fcgung stehenden Fl\u00e4che aufstellen:<br \/>\nFl\u00e4che BRD: 357.368 qkm<br \/>\n.<br \/>\n<strong>&#8230; etwas\u00a0 Mathematik<br \/>\n<\/strong>Anzahl der Windr\u00e4der aktuell: 30.200<br \/>\nVersiebenfachung der Windr\u00e4der nach einer Decarbonisierung: Laut Studie 211.400<br \/>\nBerechnung: 357.368 qkm x 14% = 50031 qkm<br \/>\n50031 verbleibende qkm : 211.400 WKA = 4,2 WKA aud jeden qkm!<br \/>\nDamit sind wir in der Utopie, zumal die WKA\u00b4s sp\u00e4testens alle 20 Jahre ausgetauscht werden m\u00fcssen.<br \/>\nKosten?<br \/>\nLaut <a href=\"https:\/\/www.erneuerbare-energie-windenergie.de\/windenergie-kosten\">https:\/\/www.erneuerbare-energie-windenergie.de\/windenergie-kosten<\/a> liegt eine 1-MW-Installation bei 890.000 \u20ac<br \/>\nBei der Annahme von modernen nur 2,5 MW-Anlagen rechnen wir 890.000 \u20ac x 2,5 x 211.400 = 470.365.000.000<br \/>\nBrechen wir das auf die bundesdeutschen Haushalte (40,4 Mill.) herunter, ergibt sich eine Belastung pro Haushalt von 11.642 \u20ac in 20 Jahren.<br \/>\nDie Wartung und Reparaturen der Anlagen kommen da noch mal drauf. Zwar zahlen wir nicht die Anlagen, aber wir zahlen mit unseren Steuern die Abschreibungen sowie teuer den Strom, der damit produziert wird. VORAUSGESETZT, DER WIND WEHT!! Wenn wir ersthaft decarbonisieren wollen, k\u00f6nnten wir mit dem Betrag, den wir f\u00fcr WKA\u00b4s ausgeben, in GANZ Europa die 128 AKW\u00b4s mit modernster Technik neu bauen und Europa mit neuen Gaskraftwerken zupflastern. Jeder, der jetzt noch ann\u00e4hungsweise an eine Decarbonierung unseres Landes denkt, lebt im Wahn und sollte schnellstens wegen schwerer Realit\u00e4tsverweigerung einen Psychater aufsuchen. Wir k\u00f6nnen es auch so beschreiben: Jeder, der den Schwachsinn der Gr\u00fcnen glaubt, hatte als Kind seine Schaukel zu nah an der Mauer stehen.<br \/>\n3.6.2019, A.S., TO<\/p>\n<p>.<br \/>\n<strong>Klima ist doch nicht gleich Wetter<\/strong><br \/>\nNa klar, wenn die \u00fcberall rumlaufenden D\u00f6deln endlich mal den Unterschied zwischen Wetter und Klima begreifen w\u00fcrden. Klima ist der zeitlliche (\u00fcber mindestens 30 Jahre) und r\u00e4umliche (von Arktis bis Antaktis) gleitende Mittelwert des Wettergeschehens. Allein die Mittelung der Temperaturen des letzten Sommers, der die Klimahysterie, gesch\u00fcrt von GrunRotSchwarz zu ungeahnten H\u00f6hen gepuscht hat, \u00fcber Europa ergab ein durchaus mittelwertigen sch\u00f6nen Sommer.\u00a0&#8230;<br \/>\nIn den USA gab es einen der k\u00e4ltesten Winter im Ausgleich zu dem hei\u00dfem Sommer in Deutschland. Deshalb spottete Trump \u00fcber die Hei\u00dfzeit. Unsere Medien betrachten immer nur das, was zu ihren Vorstellungen passt. Da wird das Weltklima auf einen Sommer und auf Deutschland zusammengefasst.<br \/>\n3.6.2019, CHR, TO<br \/>\n.<br \/>\n<strong>Gr\u00fcne lieben Meinung bzw. Haltung statt Fakten<\/strong><br \/>\nWas immer wieder auff\u00e4llt in Verbindung mit der GR\u00dcNEN? Politik, ist v\u00f6llige Verleugnung von harten Fakten. Eine Energiewende mit reinem \u00d6kostrom, die Redundant ist oder zumindest tragf\u00e4hig, wird niemals funktionieren Zuwanderung in der momentan bevorzugten Art wird Deutschland sch\u00f6n bunt machen, aber auch d\u00fcmmer, wirtschaftlich weniger leistungsf\u00e4hig und von religi\u00f6ser oder sonstiger Indoktrination gar nicht zu reden Wir haben bereits den teuersten Strom in der Welt (mit D\u00e4nemark, deren Einkommen aber 30 % h\u00f6her ist), sind aber weit entfernt von irgendwelchen Klimazielen Wir haben die teuerste Landwirtschaftliche Nutzfl\u00e4che in der EU, intensiv genutzt mit bekannten Folgen wie Insektensterben, Vogelsterben etc. Der Boden selbst ist belastet mit Nitrat und Mikroplastik, Gew\u00e4sser mit R\u00fcckstanden von Antibiotika und Schwermetallen aus der Massentierhaltung, es gibt fast keinen bioaktiven Humus mehr in der Erdkrume, von Biodiversit\u00e4t ganz zu Schweigen. Was ist noch mal die Kernkompetenz der GR\u00dcNEN\u2026 Vor allem nichts zu sagen bei der der Diskussion \u00fcber Glyphosat, und wahrscheinlich sitzen auch gr\u00fcne in dem Gremium, das Bayer dazu verleitet hat Monsanto zu \u00fcbernehmen\u2026 Ein Wahnsinn, vor allem sch\u00f6n bunt. nur nicht in der Natur.<br \/>\n3.6.2019, M.K., TO<br \/>\n.<br \/>\n<strong>Kinder lernen nicht mehr, selbst zu argumentieren<\/strong><br \/>\nWenn die \u201egr\u00fcne Republik\u201c niemals kommen wird, dann frage ich mich, wieso unser Sohn in dieser Woche eine Deutscharbeit schreiben muss, in der er anhand von Zeitungsartikeln u.a. der \u201eWAZ\u201c (SPD) und ZEIT Online argumentieren muss, warum Windkraft sinnvoll ist. Also nicht etwa eine Abw\u00e4gung pro\/contra, sondern die Sch\u00fcler m\u00fcssen Argumente PRO WINDKRAFT wiedergeben! Wir leben l\u00e4ngst in einer gr\u00fcn ** Republik!<br \/>\n3.6.2019, A.R.,<br \/>\n.<br \/>\n<strong>KINDER NICHT AN DIE MACHT<\/strong><br \/>\nEin gesellschaftlicher Hype, losgetreten von einer geistig behinderten schwedischen Jugendlichen (die vermutlich noch dazu lediglich Marketingobjekt ihrer kalkulierenden [um nicht schlimmere Ausdr\u00fccke zu verwenden] Eltern sein d\u00fcrfte), kann kein Land regieren. Es sind Sachzw\u00e4nge und Realit\u00e4ten, die am Ende bestimmen werden. Auch wenn unsere Gesellschaft in den letzten Jahren hyperinfantilisiert wurde (wohl nur eine weitere Auspr\u00e4gung der Verweiblichung unserer Gesellschaft, denn vor allem Frauen sind ja fixiert auf \u201edie lieben Kleinen\u201c; siehe auch \u201eKindchenschema\u201c [das bei Frauen oft bestimmend ist f\u00fcr den Autokauf \u2013 Kleinwagen sehen eben so aus, wurden bewusst so designt, damit Frauen sie kaufen sollen]), halten kann sich das nicht.<br \/>\nDer gr\u00fcne Hype, er kommt in erster Linie von den Schulen, wo wiederum vor allem Lehrerinnen ihn als willkommenen Verb\u00fcndeten gegen den gehassten \u201ealten wei\u00dfen Mann\u201c sehen. Die ganze Wucht weiblicher Irrationalit\u00e4t (und was das Theater femininer und feministischer Gef\u00fchligkeiten alles ausl\u00f6sen kann hat man ja in den letzten Jahren gesehen) kommt hierin zum Ausdruck. Aber noch die weltfremdeste, am meisten \u00fcberdrehte und verw\u00f6hnteste Lehrerin ist davon abh\u00e4ngig, dass im Winter die Heizung funktioniert, dass es flie\u00dfend Wasser gibt, etc. Und all das kann eben nur der Handwerker, sprich Mann.<br \/>\nWenn man sie erstmal eine Zeit lang im luftleeren Raum h\u00e4ngen l\u00e4sst, dann kommen die auch ganz schnell runter von ihrem Trip. Dann k\u00fchlt der \u00fcberhitzte Kopf flott runter, die Kartenh\u00e4user fliegen weg und die gr\u00fcnen Pharis\u00e4er und Schleimer habe ausgeschxxxen. Der Kosmos mit seinen beinharten Realit\u00e4ten wird schon daf\u00fcr sorgen, dass die B\u00e4ume der nerdigen Couch potato Mutters\u00f6hnchen, der Klima-Queckse, der Warmduscher und br\u00e4sigen Frauenversteher nicht in den Himmel wachsen. Zumindest so lange es nur einen einzigen echten Mann auf der Welt gibt.<br \/>\n3.6.2019. H.CH., TO<\/p>\n<p><strong>Die Gr\u00fcne Republik ist doch l\u00e4ngst schon da<\/strong><br \/>\nH\u00f6chste Strompreise der Welt, keine Gentechnik auf den Feldern, durch \u00dcberregulierung sterbende Industrien, Abschaltung von modernen Kraftwerken, Verspargelung der Landschaften, marode Verkehrsinfrastrukturen etc. pp. Der Bankrott wurde bisher nur durch massives Geldsch\u00f6pfen verhindert.<br \/>\n3.6.2019, H.H.<br \/>\n.<br \/>\n<strong>Apropos Debatten:<\/strong><br \/>\nMeine 11-j\u00e4hrige sollte in der Schule irgendwas zu \u201eFridays for future\u201c schreiben. Da habe ich mich mit meinem T\u00f6chterchen hingesetzt und ein bi\u00dfchen gegoogelt: \u201ePflanzen brauchen CO2 zur Photosynthese\u201c<br \/>\n\u201eNa toll, Papa! Jetzt hassen mich alle!\u201c<br \/>\nIch liebe sie daf\u00fcr umso mehr!<br \/>\n3.6.2019, J.F., TO<br \/>\n.<br \/>\nIch f\u00fcrchte, Herr Tichy , die gr\u00fcne Republik wird kommen. Die Worte von Hr.Gr\u00fcnspan abgewandelt : Die gr\u00fcne Republik wird kommen, aber sie wird keinen Bestand haben. Aber sie wird katastrophalen Schaden hinterlassen, wie der Euro.<br \/>\n3.6.2019, CAE, TO<br \/>\n&#8211;<br \/>\nKann den \u201eOptimismus\u201c aus dem Artikel nicht teilen. Daf\u00fcr ist die links-gr\u00fcne Mentalit\u00e4t nicht nur in der Politik zu weit fortgeschritten ist. Von innen heraus kommt da keine Einsicht mehr. Ohne eine massive inhaltliche Auseinandersetzung wird es meines Erachtens nicht gehen k\u00f6nnen. Aber welche \u201eMehrheiten\u201c sollen diese f\u00fchren?<br \/>\n3.6.2019, HSC,<br \/>\n.<br \/>\n<strong>Weltrettung nur bei Hochkonjunktur m\u00f6glich<\/strong><br \/>\nSie k\u00f6nnten mit dieser Prognose recht behalten, sofern der aktuelle wirtschaftliche Abschwung tief und lang anhaltend sein wird. Denn Menschen ohne Arbeit und Perspektive haben gem\u00e4\u00df Maslow\u2019scher Bed\u00fcrfnisspyramide erst mal andere Sorgen, als das Weltklima zu retten. Weltklimarettung ist etwas f\u00fcr dekadente, saturierte Wohlstandsb\u00fcrger, die gern pers\u00f6nlich in Saus und Braus leben, aber ihr Gr\u00fcnes Gewissen durch achtlose Stimmabgabe beruhigen. Und von diesem bigotten, \u00fcberversorgten Personenkreis gibt es in unserem Umverteilungsstaat aktuell recht viele, was sich aber bei verschlechterter Wirtschaftslage schnell \u00e4ndern d\u00fcrfte. Falls der Abschwung vorerst nicht kommt, k\u00f6nnten es die Gr\u00fcnen allerdings tats\u00e4chlich schaffen, den Kanzler zu stellen, aber dann sicherlich nur ein einziges Mal. Denn die Kapitalflucht + Inflation + Wachstumseinbruch + neue Eurokrise w\u00e4re so dramatisch, dass selbst vertr\u00e4umteste Gr\u00fcnlinge schnell wach w\u00fcrden \u2013 oder sie kleben an der Macht wie Chavez und Maduro. Dann k\u00f6nnte sich der totale Niedergang Deutschlands wie in Venezuela bis zu 10 Jahren hinziehen.<br \/>\n3.6.2019, IJ, TO<br \/>\n.<br \/>\n<strong>CO2-Steuer als neue Kirchensteuer!<\/strong><br \/>\nDer v\u00f6llig irrationale (um nicht zu sagen: \u201eirre\u201c) Klima-Wahn hat jetzt endg\u00fcltig den Status einer Ersatzreligion erreicht! Der Staat k\u00f6nnte nun anfangen diese neue Kirchensteuer einzutreiben, was er vermutlich nur schlecht getarnt als CO2-Steuer auch tun wird.<br \/>\nAll die Gr\u00fcnbewegten W\u00e4hler_*Innen_X folgen v\u00f6llig naiv den Lichtgestalten Robert (Josef), Annalena (Maria) und der Hl. Grete (Messias). Und die ganze Story wird auch genau so verkauft: eine M\u00e4r, die keiner beweisen kann, woran man aber umso fester glauben darf (sorry: muss!). Alles passt wie die Faust auf\u2019s Auge! Und genau wie beim fehlenden Gottesbeweis ist der angebliche Klimawandel auch ein Mythos mit Ewigkeitsanspruch: denn Klimawandel hat es seit Anbeginn aller Tage gegeben, und es wird sie immer geben. Das ist quasi der Normalzustand. Die Gr\u00fcnen_Innen*X haben damit ein Thema f\u00fcr sich gefunden, das nie aus der Mode kommt! Ein geradezu genialer Schachzug!<br \/>\nUnd noch ein ganz wichtiger Tipp f\u00fcr alle Parteien: Die Gr\u00fcnixe haben vorzeigbares Spitzenpersonal! Das \u2013 und ich wiederhole das noch einmal ausdr\u00fccklich \u2013 DAS ist das WICHTIGSTE Mittel zum Erfolg: nette, gut aussehende Menschen, die auch noch sympathisch r\u00fcberkommen! Oder m\u00fctterliche Typen wie Merkel, Dreyer, Kraft, etc., das geht auch immer.<br \/>\nMERKE: Inhalte sind v\u00f6llig irrelevant, eine gute Story und Spitzenpersonal, das nicht aneckt, sind ENTSCHEIDEND! Klingt traurig, ist aber so!<br \/>\n3.6.2019, KM, TO<\/p>\n<p><strong>Umweltpanik: nein &#8211; Sorge um die Verdummung: ja<\/strong><br \/>\n<em>Ich bin nicht allzu \u00bb\u00f6kobesorgt\u00ab, schlicht weil der Westen von weit dr\u00e4ngenderen Gefahren in seiner Existenz bedroht ist, konkret Lernfaulheit, Logikschw\u00e4che und Manipulierbarkeit \u2013 also Faktoren, welche von der Paniklobby gezielt befeuert werden.<\/em><br \/>\n&#8230;.<br \/>\nDeutschland produziert gerade mal ca. 2,4% des weltweiten menschengemachten CO2, und deshalb w\u00fcrde sogar eine vollst\u00e4ndige De-Industrialisierung Deutschlands zur\u00fcck zu Pfeil, Bogen und Faustkeil einen kaum messbaren Einfluss auf den Welt-CO2-Aussto\u00df bewirken \u2013 doch &#8230;: Es gibt ein weit, weit dringenderes Problem! &#8230;<br \/>\nDie Werkzeuge der Menschen, der L\u00e4nder, der Konzerne, der NGOs und sonstigen \u00bbM\u00e4chte\u00ab werden immer m\u00e4chtiger, von Informationswerkzeugen bis hin zu Waffensystemen, doch die geistige Entwicklung der Menschen entwickelt sich nicht weiter \u2013 im Gegenteil! Social-Media und andere Konzerne, kontrollieren den Alltag des Menschen und ver\u00e4ndern \u2013 nachweisbar und messbar! \u2013 den Menschen, von der Hirnstruktur bis hin zu Denkweise, Aufmerksamkeitsspanne und Schlafrhythmus.<br \/>\nPropaganda f\u00e4hrt Kampagnen, die dem Menschen die richtige \u00bbHaltung\u00ab eintrichtern und das <a title=\"Dummheit\" href=\"https:\/\/www.freiburg-schwarzwald.de\/blog\/engagement\/zukunft\/dummheit\/\">eigene, selbstst\u00e4ndige Denken verteufeln<\/a>. Teile der Politik und diverse \u00bbAktivisten\u00ab propagieren allen Ernstes, Sch\u00fcler sollen der Schule fernbleiben, um \u00bbdas Klima zu retten\u00ab; wer heute aufw\u00e4chst, wird in allen seinen Lebensbereichen, den ganzen Tag \u00fcber, dazu trainiert, nicht selbst zu denken, nicht Zusammenh\u00e4nge zu erforschen, sondern zu reagieren und \u00bbHaltung\u00ab zu reproduzieren.<br \/>\n&#8230;. Alles von Dushan Wegner vom 3.6.2019 bitte lesen auf<br \/>\n<a href=\"https:\/\/dushanwegner.com\/umweltpanik\/?mc_cid=3314579c0e&amp;mc_eid=d266be022a\">https:\/\/dushanwegner.com\/umweltpanik\/?mc_cid=3314579c0e&amp;mc_eid=d266be022a<\/a><\/p>\n","protected":false},"excerpt":{"rendered":"<p>Stellen die Gr\u00fcnen mit einem gr\u00fcnen Klima-Kabinett den n\u00e4chsten Bundeskanzler? Vier Gr\u00fcnde, warum dies nicht oder nur kurzzeitig m\u00f6glich sein wird: (1) Das Umsetzen der CO2-Umweltziele von FidaysForFuture und Gr\u00fcnen kostet jede Familie 600 Euro im Monat &#8211; und das &hellip; <a href=\"https:\/\/www.freiburg-schwarzwald.de\/blog\/kein-gruener-bundeskanzler\/\">Weiterlesen <span class=\"meta-nav\">&rarr;<\/span><\/a><\/p>\n","protected":false},"author":2,"featured_media":0,"comment_status":"open","ping_status":"closed","sticky":false,"template":"","format":"standard","meta":{"footnotes":""},"categories":[5,58,155,80,95,127,172],"tags":[382,151,715,626,525],"class_list":["post-72875","post","type-post","status-publish","format-standard","hentry","category-energie","category-familie","category-integration","category-medien","category-schulen","category-solar","category-zukunft","tag-arbeit-working","tag-erneuerbare-energien","tag-klima","tag-partei","tag-politik"],"_links":{"self":[{"href":"https:\/\/www.freiburg-schwarzwald.de\/blog\/wp-json\/wp\/v2\/posts\/72875","targetHints":{"allow":["GET"]}}],"collection":[{"href":"https:\/\/www.freiburg-schwarzwald.de\/blog\/wp-json\/wp\/v2\/posts"}],"about":[{"href":"https:\/\/www.freiburg-schwarzwald.de\/blog\/wp-json\/wp\/v2\/types\/post"}],"author":[{"embeddable":true,"href":"https:\/\/www.freiburg-schwarzwald.de\/blog\/wp-json\/wp\/v2\/users\/2"}],"replies":[{"embeddable":true,"href":"https:\/\/www.freiburg-schwarzwald.de\/blog\/wp-json\/wp\/v2\/comments?post=72875"}],"version-history":[{"count":0,"href":"https:\/\/www.freiburg-schwarzwald.de\/blog\/wp-json\/wp\/v2\/posts\/72875\/revisions"}],"wp:attachment":[{"href":"https:\/\/www.freiburg-schwarzwald.de\/blog\/wp-json\/wp\/v2\/media?parent=72875"}],"wp:term":[{"taxonomy":"category","embeddable":true,"href":"https:\/\/www.freiburg-schwarzwald.de\/blog\/wp-json\/wp\/v2\/categories?post=72875"},{"taxonomy":"post_tag","embeddable":true,"href":"https:\/\/www.freiburg-schwarzwald.de\/blog\/wp-json\/wp\/v2\/tags?post=72875"}],"curies":[{"name":"wp","href":"https:\/\/api.w.org\/{rel}","templated":true}]}}